{"id":51445,"date":"2018-05-18T13:20:44","date_gmt":"2018-05-18T16:20:44","guid":{"rendered":"https:\/\/www.blogsoestado.com\/danielmatos\/?p=51445"},"modified":"2018-05-18T13:20:44","modified_gmt":"2018-05-18T16:20:44","slug":"marcial-lima-comprova-anuencia-do-pen-patriota-para-sua-desfiliacao","status":"publish","type":"post","link":"https:\/\/www.blogsoestado.com\/danielmatos\/marcial-lima-comprova-anuencia-do-pen-patriota-para-sua-desfiliacao\/","title":{"rendered":"Marcial Lima comprova anu\u00eancia do PEN\/Patriota para sua desfilia\u00e7\u00e3o"},"content":{"rendered":"<figure id=\"attachment_46223\" aria-describedby=\"caption-attachment-46223\" style=\"width: 448px\" class=\"wp-caption alignright\"><img fetchpriority=\"high\" decoding=\"async\" class=\"size-full wp-image-46223\" src=\"https:\/\/www.blogsoestado.com\/danielmatos\/files\/2017\/11\/marcial-pra\u00e7as.jpeg\" alt=\"\" width=\"448\" height=\"297\" \/><figcaption id=\"caption-attachment-46223\" class=\"wp-caption-text\">Marcial Lima garante que sua desfilia\u00e7\u00e3o obedeceu tr\u00e2mites legais e atribui ataque a setores da pol\u00edtica inconformados com sua popularidade<\/figcaption><\/figure>\n<p>O vereador de S\u00e3o Lu\u00eds e pr\u00e9-candidato a deputado estadual Marcial Lima (PRTB) apresentou carta de anu\u00eancia de desfilia\u00e7\u00e3o expedida pelo PEN\/Patriotas para comprovar que est\u00e1 isento de qualquer san\u00e7\u00e3o prevista na legisla\u00e7\u00e3o eleitoral por ter deixado a sigla. Ele garante ter cumprido todas as exig\u00eancias legais e frisou que ningu\u00e9m contestou, dentro do prazo legal, a sua mudan\u00e7a partid\u00e1ria.<\/p>\n<p>Marcial Lima atribui o que chama de acusa\u00e7\u00e3o infundada ao fato de sua pr\u00e9-candidatura a deputado estadual ter sido muito bem recebida pelos maranhenses. &#8220;Vamos ganhar a elei\u00e7\u00e3o e isso est\u00e1 incomodando alguns setores da pol\u00edtica inconformados com o nosso trabalho incans\u00e1vel em favor do povo e com a nossa aprova\u00e7\u00e3o popular&#8221;, ressaltou, que al\u00e9m da atua\u00e7\u00e3o na C\u00e2mara Municipal milita no radiojornalismo, apresentando, todas as manh\u00e3s, na R\u00e1dio Mirante AM, o programa &#8220;Acorda, Maranh\u00e3o&#8221;.<\/p>\n<p>O vereador reafirmou que cumpriu todos os prazos legais previstos na janela partid\u00e1ria e lembrou que o principal interessado em reclamar era o PEN e este n\u00e3o fez.\u00a0 &#8220;Demos entrada em toda a documenta\u00e7\u00e3o na Justi\u00e7a Eleitoral dentro do prazo legal. Eventuais contesta\u00e7\u00f5es poderiam ser feitas em 30 dias ap\u00f3s a desfilia\u00e7\u00e3o, mas n\u00e3o houve nenhum questionamento&#8221;, assinalou.<\/p>\n<p>Abaixo, c\u00f3pia da carta de anu\u00eancia de desfilia\u00e7\u00e3o emitida pelo PEN\/Patriotas em favor de Marcial Lima, assinada pela presidente da sigla em S\u00e3o Lu\u00eds, Lindinalva Lindoso Vilela, e pelo presidente regional, deputado estadual Jos\u00e9 Benedito Pinto, o Jota Pinto:<\/p>\n<p><img decoding=\"async\" class=\"aligncenter wp-image-51450\" src=\"https:\/\/www.blogsoestado.com\/danielmatos\/files\/2018\/05\/marcial-lima-prtb.jpg\" alt=\"\" width=\"600\" height=\"761\" \/><\/p>\n","protected":false},"excerpt":{"rendered":"<p>O vereador de S\u00e3o Lu\u00eds e pr\u00e9-candidato a deputado estadual Marcial Lima (PRTB) apresentou carta de anu\u00eancia de desfilia\u00e7\u00e3o expedida [&hellip;]<\/p>\n","protected":false},"author":0,"featured_media":0,"comment_status":"open","ping_status":"open","sticky":false,"template":"","format":"standard","meta":{"site-sidebar-layout":"default","site-content-layout":"","ast-site-content-layout":"default","site-content-style":"default","site-sidebar-style":"default","ast-global-header-display":"","ast-banner-title-visibility":"","ast-main-header-display":"","ast-hfb-above-header-display":"","ast-hfb-below-header-display":"","ast-hfb-mobile-header-display":"","site-post-title":"","ast-breadcrumbs-content":"","ast-featured-img":"","footer-sml-layout":"","ast-disable-related-posts":"","theme-transparent-header-meta":"","adv-header-id-meta":"","stick-header-meta":"","header-above-stick-meta":"","header-main-stick-meta":"","header-below-stick-meta":"","astra-migrate-meta-layouts":"default","ast-page-background-enabled":"default","ast-page-background-meta":{"desktop":{"background-color":"var(--ast-global-color-5)","background-image":"","background-repeat":"repeat","background-position":"center center","background-size":"auto","background-attachment":"scroll","background-type":"","background-media":"","overlay-type":"","overlay-color":"","overlay-opacity":"","overlay-gradient":""},"tablet":{"background-color":"","background-image":"","background-repeat":"repeat","background-position":"center center","background-size":"auto","background-attachment":"scroll","background-type":"","background-media":"","overlay-type":"","overlay-color":"","overlay-opacity":"","overlay-gradient":""},"mobile":{"background-color":"","background-image":"","background-repeat":"repeat","background-position":"center center","background-size":"auto","background-attachment":"scroll","background-type":"","background-media":"","overlay-type":"","overlay-color":"","overlay-opacity":"","overlay-gradient":""}},"ast-content-background-meta":{"desktop":{"background-color":"var(--ast-global-color-4)","background-image":"","background-repeat":"repeat","background-position":"center center","background-size":"auto","background-attachment":"scroll","background-type":"","background-media":"","overlay-type":"","overlay-color":"","overlay-opacity":"","overlay-gradient":""},"tablet":{"background-color":"var(--ast-global-color-4)","background-image":"","background-repeat":"repeat","background-position":"center center","background-size":"auto","background-attachment":"scroll","background-type":"","background-media":"","overlay-type":"","overlay-color":"","overlay-opacity":"","overlay-gradient":""},"mobile":{"background-color":"var(--ast-global-color-4)","background-image":"","background-repeat":"repeat","background-position":"center center","background-size":"auto","background-attachment":"scroll","background-type":"","background-media":"","overlay-type":"","overlay-color":"","overlay-opacity":"","overlay-gradient":""}},"footnotes":""},"categories":[1],"tags":[],"class_list":["post-51445","post","type-post","status-publish","format-standard","hentry","category-sem-categoria"],"yoast_head":"<!-- This site is optimized with the Yoast SEO plugin v26.6 - https:\/\/yoast.com\/wordpress\/plugins\/seo\/ -->\n<title>Marcial Lima comprova anu\u00eancia do PEN\/Patriota para sua desfilia\u00e7\u00e3o - Daniel Matos<\/title>\n<meta name=\"robots\" content=\"index, follow, max-snippet:-1, max-image-preview:large, max-video-preview:-1\" \/>\n<link rel=\"canonical\" href=\"https:\/\/www.blogsoestado.com\/danielmatos\/marcial-lima-comprova-anuencia-do-pen-patriota-para-sua-desfiliacao\/\" \/>\n<meta property=\"og:locale\" content=\"pt_BR\" \/>\n<meta property=\"og:type\" content=\"article\" \/>\n<meta property=\"og:title\" content=\"Marcial Lima comprova anu\u00eancia do PEN\/Patriota para sua desfilia\u00e7\u00e3o - Daniel Matos\" \/>\n<meta property=\"og:description\" content=\"O vereador de S\u00e3o Lu\u00eds e pr\u00e9-candidato a deputado estadual Marcial Lima (PRTB) apresentou carta de anu\u00eancia de desfilia\u00e7\u00e3o expedida [&hellip;]\" \/>\n<meta property=\"og:url\" content=\"https:\/\/www.blogsoestado.com\/danielmatos\/marcial-lima-comprova-anuencia-do-pen-patriota-para-sua-desfiliacao\/\" \/>\n<meta property=\"og:site_name\" content=\"Daniel Matos\" \/>\n<meta property=\"article:published_time\" content=\"2018-05-18T16:20:44+00:00\" \/>\n<meta property=\"og:image\" content=\"https:\/\/www.blogsoestado.com\/danielmatos\/files\/2018\/05\/marcial-lima-prtb.jpg\" \/>\n<meta name=\"twitter:card\" content=\"summary_large_image\" \/>\n<meta name=\"twitter:label1\" content=\"Est. tempo de leitura\" \/>\n\t<meta name=\"twitter:data1\" content=\"1 minuto\" \/>\n<script type=\"application\/ld+json\" class=\"yoast-schema-graph\">{\"@context\":\"https:\/\/schema.org\",\"@graph\":[{\"@type\":\"WebPage\",\"@id\":\"https:\/\/www.blogsoestado.com\/danielmatos\/marcial-lima-comprova-anuencia-do-pen-patriota-para-sua-desfiliacao\/\",\"url\":\"https:\/\/www.blogsoestado.com\/danielmatos\/marcial-lima-comprova-anuencia-do-pen-patriota-para-sua-desfiliacao\/\",\"name\":\"Marcial Lima comprova anu\u00eancia do PEN\/Patriota para sua desfilia\u00e7\u00e3o - Daniel Matos\",\"isPartOf\":{\"@id\":\"https:\/\/www.blogsoestado.com\/danielmatos\/#website\"},\"primaryImageOfPage\":{\"@id\":\"https:\/\/www.blogsoestado.com\/danielmatos\/marcial-lima-comprova-anuencia-do-pen-patriota-para-sua-desfiliacao\/#primaryimage\"},\"image\":{\"@id\":\"https:\/\/www.blogsoestado.com\/danielmatos\/marcial-lima-comprova-anuencia-do-pen-patriota-para-sua-desfiliacao\/#primaryimage\"},\"thumbnailUrl\":\"https:\/\/www.blogsoestado.com\/danielmatos\/files\/2018\/05\/marcial-lima-prtb.jpg\",\"datePublished\":\"2018-05-18T16:20:44+00:00\",\"author\":{\"@id\":\"\"},\"breadcrumb\":{\"@id\":\"https:\/\/www.blogsoestado.com\/danielmatos\/marcial-lima-comprova-anuencia-do-pen-patriota-para-sua-desfiliacao\/#breadcrumb\"},\"inLanguage\":\"pt-BR\",\"potentialAction\":[{\"@type\":\"ReadAction\",\"target\":[\"https:\/\/www.blogsoestado.com\/danielmatos\/marcial-lima-comprova-anuencia-do-pen-patriota-para-sua-desfiliacao\/\"]}]},{\"@type\":\"ImageObject\",\"inLanguage\":\"pt-BR\",\"@id\":\"https:\/\/www.blogsoestado.com\/danielmatos\/marcial-lima-comprova-anuencia-do-pen-patriota-para-sua-desfiliacao\/#primaryimage\",\"url\":\"https:\/\/www.blogsoestado.com\/danielmatos\/files\/2018\/05\/marcial-lima-prtb.jpg\",\"contentUrl\":\"https:\/\/www.blogsoestado.com\/danielmatos\/files\/2018\/05\/marcial-lima-prtb.jpg\"},{\"@type\":\"BreadcrumbList\",\"@id\":\"https:\/\/www.blogsoestado.com\/danielmatos\/marcial-lima-comprova-anuencia-do-pen-patriota-para-sua-desfiliacao\/#breadcrumb\",\"itemListElement\":[{\"@type\":\"ListItem\",\"position\":1,\"name\":\"In\u00edcio\",\"item\":\"https:\/\/www.blogsoestado.com\/danielmatos\/\"},{\"@type\":\"ListItem\",\"position\":2,\"name\":\"Marcial Lima comprova anu\u00eancia do PEN\/Patriota para sua desfilia\u00e7\u00e3o\"}]},{\"@type\":\"WebSite\",\"@id\":\"https:\/\/www.blogsoestado.com\/danielmatos\/#website\",\"url\":\"https:\/\/www.blogsoestado.com\/danielmatos\/\",\"name\":\"Daniel Matos\",\"description\":\"\",\"potentialAction\":[{\"@type\":\"SearchAction\",\"target\":{\"@type\":\"EntryPoint\",\"urlTemplate\":\"https:\/\/www.blogsoestado.com\/danielmatos\/?s={search_term_string}\"},\"query-input\":{\"@type\":\"PropertyValueSpecification\",\"valueRequired\":true,\"valueName\":\"search_term_string\"}}],\"inLanguage\":\"pt-BR\"}]}<\/script>\n<!-- \/ Yoast SEO plugin. -->","yoast_head_json":{"title":"Marcial Lima comprova anu\u00eancia do PEN\/Patriota para sua desfilia\u00e7\u00e3o - Daniel Matos","robots":{"index":"index","follow":"follow","max-snippet":"max-snippet:-1","max-image-preview":"max-image-preview:large","max-video-preview":"max-video-preview:-1"},"canonical":"https:\/\/www.blogsoestado.com\/danielmatos\/marcial-lima-comprova-anuencia-do-pen-patriota-para-sua-desfiliacao\/","og_locale":"pt_BR","og_type":"article","og_title":"Marcial Lima comprova anu\u00eancia do PEN\/Patriota para sua desfilia\u00e7\u00e3o - Daniel Matos","og_description":"O vereador de S\u00e3o Lu\u00eds e pr\u00e9-candidato a deputado estadual Marcial Lima (PRTB) apresentou carta de anu\u00eancia de desfilia\u00e7\u00e3o expedida [&hellip;]","og_url":"https:\/\/www.blogsoestado.com\/danielmatos\/marcial-lima-comprova-anuencia-do-pen-patriota-para-sua-desfiliacao\/","og_site_name":"Daniel Matos","article_published_time":"2018-05-18T16:20:44+00:00","og_image":[{"url":"https:\/\/www.blogsoestado.com\/danielmatos\/files\/2018\/05\/marcial-lima-prtb.jpg","type":"","width":"","height":""}],"twitter_card":"summary_large_image","twitter_misc":{"Est. tempo de leitura":"1 minuto"},"schema":{"@context":"https:\/\/schema.org","@graph":[{"@type":"WebPage","@id":"https:\/\/www.blogsoestado.com\/danielmatos\/marcial-lima-comprova-anuencia-do-pen-patriota-para-sua-desfiliacao\/","url":"https:\/\/www.blogsoestado.com\/danielmatos\/marcial-lima-comprova-anuencia-do-pen-patriota-para-sua-desfiliacao\/","name":"Marcial Lima comprova anu\u00eancia do PEN\/Patriota para sua desfilia\u00e7\u00e3o - Daniel Matos","isPartOf":{"@id":"https:\/\/www.blogsoestado.com\/danielmatos\/#website"},"primaryImageOfPage":{"@id":"https:\/\/www.blogsoestado.com\/danielmatos\/marcial-lima-comprova-anuencia-do-pen-patriota-para-sua-desfiliacao\/#primaryimage"},"image":{"@id":"https:\/\/www.blogsoestado.com\/danielmatos\/marcial-lima-comprova-anuencia-do-pen-patriota-para-sua-desfiliacao\/#primaryimage"},"thumbnailUrl":"https:\/\/www.blogsoestado.com\/danielmatos\/files\/2018\/05\/marcial-lima-prtb.jpg","datePublished":"2018-05-18T16:20:44+00:00","author":{"@id":""},"breadcrumb":{"@id":"https:\/\/www.blogsoestado.com\/danielmatos\/marcial-lima-comprova-anuencia-do-pen-patriota-para-sua-desfiliacao\/#breadcrumb"},"inLanguage":"pt-BR","potentialAction":[{"@type":"ReadAction","target":["https:\/\/www.blogsoestado.com\/danielmatos\/marcial-lima-comprova-anuencia-do-pen-patriota-para-sua-desfiliacao\/"]}]},{"@type":"ImageObject","inLanguage":"pt-BR","@id":"https:\/\/www.blogsoestado.com\/danielmatos\/marcial-lima-comprova-anuencia-do-pen-patriota-para-sua-desfiliacao\/#primaryimage","url":"https:\/\/www.blogsoestado.com\/danielmatos\/files\/2018\/05\/marcial-lima-prtb.jpg","contentUrl":"https:\/\/www.blogsoestado.com\/danielmatos\/files\/2018\/05\/marcial-lima-prtb.jpg"},{"@type":"BreadcrumbList","@id":"https:\/\/www.blogsoestado.com\/danielmatos\/marcial-lima-comprova-anuencia-do-pen-patriota-para-sua-desfiliacao\/#breadcrumb","itemListElement":[{"@type":"ListItem","position":1,"name":"In\u00edcio","item":"https:\/\/www.blogsoestado.com\/danielmatos\/"},{"@type":"ListItem","position":2,"name":"Marcial Lima comprova anu\u00eancia do PEN\/Patriota para sua desfilia\u00e7\u00e3o"}]},{"@type":"WebSite","@id":"https:\/\/www.blogsoestado.com\/danielmatos\/#website","url":"https:\/\/www.blogsoestado.com\/danielmatos\/","name":"Daniel Matos","description":"","potentialAction":[{"@type":"SearchAction","target":{"@type":"EntryPoint","urlTemplate":"https:\/\/www.blogsoestado.com\/danielmatos\/?s={search_term_string}"},"query-input":{"@type":"PropertyValueSpecification","valueRequired":true,"valueName":"search_term_string"}}],"inLanguage":"pt-BR"}]}},"jetpack_featured_media_url":"","_links":{"self":[{"href":"https:\/\/www.blogsoestado.com\/danielmatos\/wp-json\/wp\/v2\/posts\/51445","targetHints":{"allow":["GET"]}}],"collection":[{"href":"https:\/\/www.blogsoestado.com\/danielmatos\/wp-json\/wp\/v2\/posts"}],"about":[{"href":"https:\/\/www.blogsoestado.com\/danielmatos\/wp-json\/wp\/v2\/types\/post"}],"replies":[{"embeddable":true,"href":"https:\/\/www.blogsoestado.com\/danielmatos\/wp-json\/wp\/v2\/comments?post=51445"}],"version-history":[{"count":0,"href":"https:\/\/www.blogsoestado.com\/danielmatos\/wp-json\/wp\/v2\/posts\/51445\/revisions"}],"wp:attachment":[{"href":"https:\/\/www.blogsoestado.com\/danielmatos\/wp-json\/wp\/v2\/media?parent=51445"}],"wp:term":[{"taxonomy":"category","embeddable":true,"href":"https:\/\/www.blogsoestado.com\/danielmatos\/wp-json\/wp\/v2\/categories?post=51445"},{"taxonomy":"post_tag","embeddable":true,"href":"https:\/\/www.blogsoestado.com\/danielmatos\/wp-json\/wp\/v2\/tags?post=51445"}],"curies":[{"name":"wp","href":"https:\/\/api.w.org\/{rel}","templated":true}]}}