{"id":51458,"date":"2018-05-18T15:25:53","date_gmt":"2018-05-18T18:25:53","guid":{"rendered":"https:\/\/www.blogsoestado.com\/danielmatos\/?p=51458"},"modified":"2018-05-18T15:25:53","modified_gmt":"2018-05-18T18:25:53","slug":"mpf-representa-contra-flavio-dino-pela-segunda-vez-por-propaganda-eleitoral-antecipada","status":"publish","type":"post","link":"https:\/\/www.blogsoestado.com\/danielmatos\/mpf-representa-contra-flavio-dino-pela-segunda-vez-por-propaganda-eleitoral-antecipada\/","title":{"rendered":"MPF representa contra Fl\u00e1vio Dino pela segunda vez por propaganda eleitoral antecipada"},"content":{"rendered":"<h2><span style=\"color: #ff0000;\">Para o MP Eleitoral, Fl\u00e1vio Dino de Castro e Costa, atual governador, descumpriu regulamenta\u00e7\u00e3o de propaganda eleitoral antecipada ao pedir votos para o pr\u00e9-candidato a deputado estadual Duarte J\u00fanior, que por sua vez, divulgou not\u00edcias e v\u00eddeos com a fala do governador<\/span><\/h2>\n<figure id=\"attachment_51459\" aria-describedby=\"caption-attachment-51459\" style=\"width: 448px\" class=\"wp-caption alignleft\"><img fetchpriority=\"high\" decoding=\"async\" class=\"size-full wp-image-51459\" src=\"https:\/\/www.blogsoestado.com\/danielmatos\/files\/2018\/05\/flavio-duarte.jpeg\" alt=\"\" width=\"448\" height=\"299\" \/><figcaption id=\"caption-attachment-51459\" class=\"wp-caption-text\">Fl\u00e1vio Dino pode ser punido por ter pedido votos abertamente no lan\u00e7amento da pr\u00e9-candidatura a deputado estadual do seu ex-auxiliar e aliado Duarte J\u00fanior<\/figcaption><\/figure>\n<p>O Minist\u00e9rio P\u00fablico Eleitoral no Maranh\u00e3o protocolou, na \u00faltima quarta-feira (16), no Tribunal Regional Eleitoral do Estado (TRE\/MA), representa\u00e7\u00e3o contra Hild\u00e9lis da Silva Duarte J\u00fanior, pr\u00e9-candidato a deputado estadual e Fl\u00e1vio Dino de Castro e Costa, atual governador do estado e pr\u00e9-candidato \u00e0 reelei\u00e7\u00e3o em 2018, por terem realizado propaganda eleitoral antes do prazo de 16 de agosto, estabelecido no artigo 2\u00ba da Resolu\u00e7\u00e3o TSE n\u00ba 23.551\/2017.<\/p>\n<p>O pr\u00e9-candidato Duarte J\u00fanior publicou na sua p\u00e1gina pessoal e redes sociais, v\u00eddeos e not\u00edcias sobre o evento de lan\u00e7amento da sua pr\u00e9-candidatura ao cargo de deputado estadual pelo partido PCdoB, no dia 28 de abril de 2018, no Rio Poty Hotel. O evento contou com a presen\u00e7a do atual governador Fl\u00e1vio Dino.<\/p>\n<p>Segundo o Minist\u00e9rio P\u00fablico Eleitoral no discurso do governador foi poss\u00edvel constatar manifesta\u00e7\u00e3o que nitidamente configura propaganda eleitoral antecipada, com expl\u00edcito pedido a Duarte J\u00fanior.<\/p>\n<p>O trecho \u201cE eu vim aqui pedir para voc\u00eas fazerem a campanha do Duarte. N\u00e3o \u00e9 s\u00f3 votar, \u00e9 fazer a campanha. E tenho certeza, sob a prote\u00e7\u00e3o de Deus e com a for\u00e7a da popula\u00e7\u00e3o, a gente vai ter umagrande vit\u00f3ria.\u201d, al\u00e9m de ter sido dirigido \u00e0 popula\u00e7\u00e3o em geral que se fazia presente no local e n\u00e3o apenas ao \u00e2mbito intrapartid\u00e1rio, foi divulgado pelo pr\u00f3prio Duarte J\u00fanior em grande escala, na internet.<\/p>\n<p>Segundo o procurador Pedro Henrique Castelo Branco, tais publica\u00e7\u00f5es na rede mundial de computadores, acess\u00edveis a qualquer pessoa (as postagens na rede social facebook s\u00e3o acess\u00edveis at\u00e9 por n\u00e3o usu\u00e1rios da rede social), proporcionam um grande n\u00edvel de exposi\u00e7\u00e3o da propaganda eleitoral antecipada, potencializando seus efeitos danosos sobre o pleito eleitoral.<\/p>\n<p>A partir disso, o Minist\u00e9rio P\u00fablico Eleitoral, requer que sejam retiradas as publica\u00e7\u00f5es no site e na rede social facebook de Duarte J\u00fanior que cont\u00e9m refer\u00eancia ao discurso de Fl\u00e1vio Dino e a aplica\u00e7\u00e3o de multa prevista no art. 2\u00ba, \u00a7 4\u00ba, da Res. TSE n\u00ba 23.551\/2017 (art. 36 \u00a7 3\u00ba da Lei 9.504\/1997) aos dois representados.<\/p>\n<p><strong>Fonte:<\/strong> Minist\u00e9rio P\u00fablico Federal (MPF)<\/p>\n","protected":false},"excerpt":{"rendered":"<p>Para o MP Eleitoral, Fl\u00e1vio Dino de Castro e Costa, atual governador, descumpriu regulamenta\u00e7\u00e3o de propaganda eleitoral antecipada ao pedir [&hellip;]<\/p>\n","protected":false},"author":0,"featured_media":0,"comment_status":"open","ping_status":"open","sticky":false,"template":"","format":"standard","meta":{"site-sidebar-layout":"default","site-content-layout":"","ast-site-content-layout":"default","site-content-style":"default","site-sidebar-style":"default","ast-global-header-display":"","ast-banner-title-visibility":"","ast-main-header-display":"","ast-hfb-above-header-display":"","ast-hfb-below-header-display":"","ast-hfb-mobile-header-display":"","site-post-title":"","ast-breadcrumbs-content":"","ast-featured-img":"","footer-sml-layout":"","ast-disable-related-posts":"","theme-transparent-header-meta":"","adv-header-id-meta":"","stick-header-meta":"","header-above-stick-meta":"","header-main-stick-meta":"","header-below-stick-meta":"","astra-migrate-meta-layouts":"default","ast-page-background-enabled":"default","ast-page-background-meta":{"desktop":{"background-color":"var(--ast-global-color-5)","background-image":"","background-repeat":"repeat","background-position":"center center","background-size":"auto","background-attachment":"scroll","background-type":"","background-media":"","overlay-type":"","overlay-color":"","overlay-opacity":"","overlay-gradient":""},"tablet":{"background-color":"","background-image":"","background-repeat":"repeat","background-position":"center center","background-size":"auto","background-attachment":"scroll","background-type":"","background-media":"","overlay-type":"","overlay-color":"","overlay-opacity":"","overlay-gradient":""},"mobile":{"background-color":"","background-image":"","background-repeat":"repeat","background-position":"center center","background-size":"auto","background-attachment":"scroll","background-type":"","background-media":"","overlay-type":"","overlay-color":"","overlay-opacity":"","overlay-gradient":""}},"ast-content-background-meta":{"desktop":{"background-color":"var(--ast-global-color-4)","background-image":"","background-repeat":"repeat","background-position":"center center","background-size":"auto","background-attachment":"scroll","background-type":"","background-media":"","overlay-type":"","overlay-color":"","overlay-opacity":"","overlay-gradient":""},"tablet":{"background-color":"var(--ast-global-color-4)","background-image":"","background-repeat":"repeat","background-position":"center center","background-size":"auto","background-attachment":"scroll","background-type":"","background-media":"","overlay-type":"","overlay-color":"","overlay-opacity":"","overlay-gradient":""},"mobile":{"background-color":"var(--ast-global-color-4)","background-image":"","background-repeat":"repeat","background-position":"center center","background-size":"auto","background-attachment":"scroll","background-type":"","background-media":"","overlay-type":"","overlay-color":"","overlay-opacity":"","overlay-gradient":""}},"footnotes":""},"categories":[1],"tags":[],"class_list":["post-51458","post","type-post","status-publish","format-standard","hentry","category-sem-categoria"],"yoast_head":"<!-- This site is optimized with the Yoast SEO plugin v26.6 - https:\/\/yoast.com\/wordpress\/plugins\/seo\/ -->\n<title>MPF representa contra Fl\u00e1vio Dino pela segunda vez por propaganda eleitoral antecipada - Daniel Matos<\/title>\n<meta name=\"robots\" content=\"index, follow, max-snippet:-1, max-image-preview:large, max-video-preview:-1\" \/>\n<link rel=\"canonical\" href=\"https:\/\/www.blogsoestado.com\/danielmatos\/mpf-representa-contra-flavio-dino-pela-segunda-vez-por-propaganda-eleitoral-antecipada\/\" \/>\n<meta property=\"og:locale\" content=\"pt_BR\" \/>\n<meta property=\"og:type\" content=\"article\" \/>\n<meta property=\"og:title\" content=\"MPF representa contra Fl\u00e1vio Dino pela segunda vez por propaganda eleitoral antecipada - Daniel Matos\" \/>\n<meta property=\"og:description\" content=\"Para o MP Eleitoral, Fl\u00e1vio Dino de Castro e Costa, atual governador, descumpriu regulamenta\u00e7\u00e3o de propaganda eleitoral antecipada ao pedir [&hellip;]\" \/>\n<meta property=\"og:url\" content=\"https:\/\/www.blogsoestado.com\/danielmatos\/mpf-representa-contra-flavio-dino-pela-segunda-vez-por-propaganda-eleitoral-antecipada\/\" \/>\n<meta property=\"og:site_name\" content=\"Daniel Matos\" \/>\n<meta property=\"article:published_time\" content=\"2018-05-18T18:25:53+00:00\" \/>\n<meta property=\"og:image\" content=\"https:\/\/www.blogsoestado.com\/danielmatos\/files\/2018\/05\/flavio-duarte.jpeg\" \/>\n<meta name=\"twitter:card\" content=\"summary_large_image\" \/>\n<meta name=\"twitter:label1\" content=\"Est. tempo de leitura\" \/>\n\t<meta name=\"twitter:data1\" content=\"2 minutos\" \/>\n<script type=\"application\/ld+json\" class=\"yoast-schema-graph\">{\"@context\":\"https:\/\/schema.org\",\"@graph\":[{\"@type\":\"WebPage\",\"@id\":\"https:\/\/www.blogsoestado.com\/danielmatos\/mpf-representa-contra-flavio-dino-pela-segunda-vez-por-propaganda-eleitoral-antecipada\/\",\"url\":\"https:\/\/www.blogsoestado.com\/danielmatos\/mpf-representa-contra-flavio-dino-pela-segunda-vez-por-propaganda-eleitoral-antecipada\/\",\"name\":\"MPF representa contra Fl\u00e1vio Dino pela segunda vez por propaganda eleitoral antecipada - Daniel Matos\",\"isPartOf\":{\"@id\":\"https:\/\/www.blogsoestado.com\/danielmatos\/#website\"},\"primaryImageOfPage\":{\"@id\":\"https:\/\/www.blogsoestado.com\/danielmatos\/mpf-representa-contra-flavio-dino-pela-segunda-vez-por-propaganda-eleitoral-antecipada\/#primaryimage\"},\"image\":{\"@id\":\"https:\/\/www.blogsoestado.com\/danielmatos\/mpf-representa-contra-flavio-dino-pela-segunda-vez-por-propaganda-eleitoral-antecipada\/#primaryimage\"},\"thumbnailUrl\":\"https:\/\/www.blogsoestado.com\/danielmatos\/files\/2018\/05\/flavio-duarte.jpeg\",\"datePublished\":\"2018-05-18T18:25:53+00:00\",\"author\":{\"@id\":\"\"},\"breadcrumb\":{\"@id\":\"https:\/\/www.blogsoestado.com\/danielmatos\/mpf-representa-contra-flavio-dino-pela-segunda-vez-por-propaganda-eleitoral-antecipada\/#breadcrumb\"},\"inLanguage\":\"pt-BR\",\"potentialAction\":[{\"@type\":\"ReadAction\",\"target\":[\"https:\/\/www.blogsoestado.com\/danielmatos\/mpf-representa-contra-flavio-dino-pela-segunda-vez-por-propaganda-eleitoral-antecipada\/\"]}]},{\"@type\":\"ImageObject\",\"inLanguage\":\"pt-BR\",\"@id\":\"https:\/\/www.blogsoestado.com\/danielmatos\/mpf-representa-contra-flavio-dino-pela-segunda-vez-por-propaganda-eleitoral-antecipada\/#primaryimage\",\"url\":\"https:\/\/www.blogsoestado.com\/danielmatos\/files\/2018\/05\/flavio-duarte.jpeg\",\"contentUrl\":\"https:\/\/www.blogsoestado.com\/danielmatos\/files\/2018\/05\/flavio-duarte.jpeg\"},{\"@type\":\"BreadcrumbList\",\"@id\":\"https:\/\/www.blogsoestado.com\/danielmatos\/mpf-representa-contra-flavio-dino-pela-segunda-vez-por-propaganda-eleitoral-antecipada\/#breadcrumb\",\"itemListElement\":[{\"@type\":\"ListItem\",\"position\":1,\"name\":\"In\u00edcio\",\"item\":\"https:\/\/www.blogsoestado.com\/danielmatos\/\"},{\"@type\":\"ListItem\",\"position\":2,\"name\":\"MPF representa contra Fl\u00e1vio Dino pela segunda vez por propaganda eleitoral antecipada\"}]},{\"@type\":\"WebSite\",\"@id\":\"https:\/\/www.blogsoestado.com\/danielmatos\/#website\",\"url\":\"https:\/\/www.blogsoestado.com\/danielmatos\/\",\"name\":\"Daniel Matos\",\"description\":\"\",\"potentialAction\":[{\"@type\":\"SearchAction\",\"target\":{\"@type\":\"EntryPoint\",\"urlTemplate\":\"https:\/\/www.blogsoestado.com\/danielmatos\/?s={search_term_string}\"},\"query-input\":{\"@type\":\"PropertyValueSpecification\",\"valueRequired\":true,\"valueName\":\"search_term_string\"}}],\"inLanguage\":\"pt-BR\"}]}<\/script>\n<!-- \/ Yoast SEO plugin. -->","yoast_head_json":{"title":"MPF representa contra Fl\u00e1vio Dino pela segunda vez por propaganda eleitoral antecipada - Daniel Matos","robots":{"index":"index","follow":"follow","max-snippet":"max-snippet:-1","max-image-preview":"max-image-preview:large","max-video-preview":"max-video-preview:-1"},"canonical":"https:\/\/www.blogsoestado.com\/danielmatos\/mpf-representa-contra-flavio-dino-pela-segunda-vez-por-propaganda-eleitoral-antecipada\/","og_locale":"pt_BR","og_type":"article","og_title":"MPF representa contra Fl\u00e1vio Dino pela segunda vez por propaganda eleitoral antecipada - Daniel Matos","og_description":"Para o MP Eleitoral, Fl\u00e1vio Dino de Castro e Costa, atual governador, descumpriu regulamenta\u00e7\u00e3o de propaganda eleitoral antecipada ao pedir [&hellip;]","og_url":"https:\/\/www.blogsoestado.com\/danielmatos\/mpf-representa-contra-flavio-dino-pela-segunda-vez-por-propaganda-eleitoral-antecipada\/","og_site_name":"Daniel Matos","article_published_time":"2018-05-18T18:25:53+00:00","og_image":[{"url":"https:\/\/www.blogsoestado.com\/danielmatos\/files\/2018\/05\/flavio-duarte.jpeg","type":"","width":"","height":""}],"twitter_card":"summary_large_image","twitter_misc":{"Est. tempo de leitura":"2 minutos"},"schema":{"@context":"https:\/\/schema.org","@graph":[{"@type":"WebPage","@id":"https:\/\/www.blogsoestado.com\/danielmatos\/mpf-representa-contra-flavio-dino-pela-segunda-vez-por-propaganda-eleitoral-antecipada\/","url":"https:\/\/www.blogsoestado.com\/danielmatos\/mpf-representa-contra-flavio-dino-pela-segunda-vez-por-propaganda-eleitoral-antecipada\/","name":"MPF representa contra Fl\u00e1vio Dino pela segunda vez por propaganda eleitoral antecipada - Daniel Matos","isPartOf":{"@id":"https:\/\/www.blogsoestado.com\/danielmatos\/#website"},"primaryImageOfPage":{"@id":"https:\/\/www.blogsoestado.com\/danielmatos\/mpf-representa-contra-flavio-dino-pela-segunda-vez-por-propaganda-eleitoral-antecipada\/#primaryimage"},"image":{"@id":"https:\/\/www.blogsoestado.com\/danielmatos\/mpf-representa-contra-flavio-dino-pela-segunda-vez-por-propaganda-eleitoral-antecipada\/#primaryimage"},"thumbnailUrl":"https:\/\/www.blogsoestado.com\/danielmatos\/files\/2018\/05\/flavio-duarte.jpeg","datePublished":"2018-05-18T18:25:53+00:00","author":{"@id":""},"breadcrumb":{"@id":"https:\/\/www.blogsoestado.com\/danielmatos\/mpf-representa-contra-flavio-dino-pela-segunda-vez-por-propaganda-eleitoral-antecipada\/#breadcrumb"},"inLanguage":"pt-BR","potentialAction":[{"@type":"ReadAction","target":["https:\/\/www.blogsoestado.com\/danielmatos\/mpf-representa-contra-flavio-dino-pela-segunda-vez-por-propaganda-eleitoral-antecipada\/"]}]},{"@type":"ImageObject","inLanguage":"pt-BR","@id":"https:\/\/www.blogsoestado.com\/danielmatos\/mpf-representa-contra-flavio-dino-pela-segunda-vez-por-propaganda-eleitoral-antecipada\/#primaryimage","url":"https:\/\/www.blogsoestado.com\/danielmatos\/files\/2018\/05\/flavio-duarte.jpeg","contentUrl":"https:\/\/www.blogsoestado.com\/danielmatos\/files\/2018\/05\/flavio-duarte.jpeg"},{"@type":"BreadcrumbList","@id":"https:\/\/www.blogsoestado.com\/danielmatos\/mpf-representa-contra-flavio-dino-pela-segunda-vez-por-propaganda-eleitoral-antecipada\/#breadcrumb","itemListElement":[{"@type":"ListItem","position":1,"name":"In\u00edcio","item":"https:\/\/www.blogsoestado.com\/danielmatos\/"},{"@type":"ListItem","position":2,"name":"MPF representa contra Fl\u00e1vio Dino pela segunda vez por propaganda eleitoral antecipada"}]},{"@type":"WebSite","@id":"https:\/\/www.blogsoestado.com\/danielmatos\/#website","url":"https:\/\/www.blogsoestado.com\/danielmatos\/","name":"Daniel Matos","description":"","potentialAction":[{"@type":"SearchAction","target":{"@type":"EntryPoint","urlTemplate":"https:\/\/www.blogsoestado.com\/danielmatos\/?s={search_term_string}"},"query-input":{"@type":"PropertyValueSpecification","valueRequired":true,"valueName":"search_term_string"}}],"inLanguage":"pt-BR"}]}},"jetpack_featured_media_url":"","_links":{"self":[{"href":"https:\/\/www.blogsoestado.com\/danielmatos\/wp-json\/wp\/v2\/posts\/51458","targetHints":{"allow":["GET"]}}],"collection":[{"href":"https:\/\/www.blogsoestado.com\/danielmatos\/wp-json\/wp\/v2\/posts"}],"about":[{"href":"https:\/\/www.blogsoestado.com\/danielmatos\/wp-json\/wp\/v2\/types\/post"}],"replies":[{"embeddable":true,"href":"https:\/\/www.blogsoestado.com\/danielmatos\/wp-json\/wp\/v2\/comments?post=51458"}],"version-history":[{"count":0,"href":"https:\/\/www.blogsoestado.com\/danielmatos\/wp-json\/wp\/v2\/posts\/51458\/revisions"}],"wp:attachment":[{"href":"https:\/\/www.blogsoestado.com\/danielmatos\/wp-json\/wp\/v2\/media?parent=51458"}],"wp:term":[{"taxonomy":"category","embeddable":true,"href":"https:\/\/www.blogsoestado.com\/danielmatos\/wp-json\/wp\/v2\/categories?post=51458"},{"taxonomy":"post_tag","embeddable":true,"href":"https:\/\/www.blogsoestado.com\/danielmatos\/wp-json\/wp\/v2\/tags?post=51458"}],"curies":[{"name":"wp","href":"https:\/\/api.w.org\/{rel}","templated":true}]}}