{"id":51465,"date":"2018-05-18T17:28:41","date_gmt":"2018-05-18T20:28:41","guid":{"rendered":"https:\/\/www.blogsoestado.com\/danielmatos\/?p=51465"},"modified":"2018-05-18T17:28:41","modified_gmt":"2018-05-18T20:28:41","slug":"ze-inacio-articula-reuniao-entre-sindicato-dos-urbanitarios-e-o-governador-flavio-dino","status":"publish","type":"post","link":"https:\/\/www.blogsoestado.com\/danielmatos\/ze-inacio-articula-reuniao-entre-sindicato-dos-urbanitarios-e-o-governador-flavio-dino\/","title":{"rendered":"Z\u00e9 In\u00e1cio articula reuni\u00e3o entre Sindicato dos Urbanit\u00e1rios e o governador Fl\u00e1vio Dino"},"content":{"rendered":"<figure id=\"attachment_51467\" aria-describedby=\"caption-attachment-51467\" style=\"width: 640px\" class=\"wp-caption aligncenter\"><img fetchpriority=\"high\" decoding=\"async\" class=\"size-full wp-image-51467\" src=\"https:\/\/www.blogsoestado.com\/danielmatos\/files\/2018\/05\/inacio-dino-urbanitarios.jpg\" alt=\"\" width=\"640\" height=\"427\" \/><figcaption id=\"caption-attachment-51467\" class=\"wp-caption-text\">Deputado Z\u00e9 In\u00e1cio intermediou reuni\u00e3o de urbanit\u00e1rios com Fl\u00e1vio Dino para apresenta\u00e7\u00e3o de demandas da categoria<\/figcaption><\/figure>\n<p>Com a articula\u00e7\u00e3o do deputado estadual Z\u00e9 In\u00e1cio (PT), o Sindicato dos Urbanit\u00e1rios participou na tarde desta quinta-feira 17\/05, de uma audi\u00eancia com o governador do Estado Fl\u00e1vio Dino, no Pal\u00e1cio dos Le\u00f5es.<\/p>\n<p>A pauta da categoria foi a gest\u00e3o da Caema, a n\u00e3o privatiza\u00e7\u00e3o da Eletrobr\u00e1s e solu\u00e7\u00f5es aos problemas apresentados pelos sindicalistas.<\/p>\n<p>No di\u00e1logo, o deputado Z\u00e9 In\u00e1cio enfatizou as a\u00e7\u00f5es que j\u00e1 est\u00e3o sendo desenvolvidas para que se chegue a uma melhor presta\u00e7\u00e3o de servi\u00e7o no abastecimento de \u00e1gua \u00e0 popula\u00e7\u00e3o maranhense.<\/p>\n<p>\u201cNestes tr\u00eas anos foi um dos maiores investimentos realizado pelo governo por meio do tesouro estadual na Caema em cerca de mais de 300 milh\u00f5es. Por isso, foi discutido sobre uma gest\u00e3o que venha a otimizar os investimentos que o Governo j\u00e1 disponibilizou, e de forma articulada com o sindicato e a dire\u00e7\u00e3o da Caema esses servi\u00e7os ser\u00e3o ampliados tanto em tratamento de esgoto como no abastecimento de \u00e1gua no Estado\u201d, disse Z\u00e9 In\u00e1cio.<\/p>\n<p>O governador Fl\u00e1vio Dino disse que est\u00e1 aberto ao di\u00e1logo com o sindicato e \u00e9 contra a privatiza\u00e7\u00e3o do sistema Eletrobr\u00e1s. \u201cN\u00e3o \u00e9 o momento e nem a forma para realizar privatiza\u00e7\u00f5es, uma pol\u00edtica estrat\u00e9gica deve ser preservada para o desenvolvimento do pa\u00eds e assinei a carta reiterando novamente que somos contra.Quanto a Caema h\u00e1 um reconhecimento em comum que estamos fazendo investimentos p\u00fablicos desde 2015, para que a Caema possa corrigir problemas acumulados ao longo de d\u00e9cadas, mas j\u00e1 h\u00e1 essa converg\u00eancia plena com a nossa pol\u00edtica praticada e com o que o sindicato pensa\u201d, disse o governador.<\/p>\n<figure id=\"attachment_51468\" aria-describedby=\"caption-attachment-51468\" style=\"width: 640px\" class=\"wp-caption aligncenter\"><img decoding=\"async\" class=\"size-full wp-image-51468\" src=\"https:\/\/www.blogsoestado.com\/danielmatos\/files\/2018\/05\/inacio-dino-urbanitarios2.jpg\" alt=\"\" width=\"640\" height=\"443\" \/><figcaption id=\"caption-attachment-51468\" class=\"wp-caption-text\">Fl\u00e1vio Dino, secret\u00e1rio de Governo, Ant\u00f4nio Nunes, deputado Z\u00e9 In\u00e1cio e comitiva de urbanit\u00e1rios exibem lista com sugest\u00f5es da classe para a melhoria dos servi\u00e7os da Caema<\/figcaption><\/figure>\n<p>Durante a manh\u00e3 a diretoria do Sindicato dos Urbanit\u00e1rios, os trabalhadores da Caema e a diretoria da empresa participaram de uma agenda de trabalho com o apoio do parlamentar na Assembleia Legislativa, que realizou um painel de debates sobre uma gest\u00e3o que venha a proporcionar a reestrutura\u00e7\u00e3o da empresa.<\/p>\n<p>Participaram da audi\u00eancia com o governador os representantes do Sindicato dos Urbanit\u00e1rios: Rodolfo C\u00e9sar Diretor de Saneamento, Vaner Almeida Secret\u00e1rio Geral, Nivaldo Ara\u00fajo representante da Cut, Aline Marques Borges Secret\u00e1ria de Pol\u00edticas Sociais, e o assessor jur\u00eddico do sindicato Guilherme Zagalo.<\/p>\n","protected":false},"excerpt":{"rendered":"<p>Com a articula\u00e7\u00e3o do deputado estadual Z\u00e9 In\u00e1cio (PT), o Sindicato dos Urbanit\u00e1rios participou na tarde desta quinta-feira 17\/05, de [&hellip;]<\/p>\n","protected":false},"author":0,"featured_media":0,"comment_status":"open","ping_status":"open","sticky":false,"template":"","format":"standard","meta":{"site-sidebar-layout":"default","site-content-layout":"","ast-site-content-layout":"default","site-content-style":"default","site-sidebar-style":"default","ast-global-header-display":"","ast-banner-title-visibility":"","ast-main-header-display":"","ast-hfb-above-header-display":"","ast-hfb-below-header-display":"","ast-hfb-mobile-header-display":"","site-post-title":"","ast-breadcrumbs-content":"","ast-featured-img":"","footer-sml-layout":"","ast-disable-related-posts":"","theme-transparent-header-meta":"","adv-header-id-meta":"","stick-header-meta":"","header-above-stick-meta":"","header-main-stick-meta":"","header-below-stick-meta":"","astra-migrate-meta-layouts":"default","ast-page-background-enabled":"default","ast-page-background-meta":{"desktop":{"background-color":"var(--ast-global-color-5)","background-image":"","background-repeat":"repeat","background-position":"center center","background-size":"auto","background-attachment":"scroll","background-type":"","background-media":"","overlay-type":"","overlay-color":"","overlay-opacity":"","overlay-gradient":""},"tablet":{"background-color":"","background-image":"","background-repeat":"repeat","background-position":"center center","background-size":"auto","background-attachment":"scroll","background-type":"","background-media":"","overlay-type":"","overlay-color":"","overlay-opacity":"","overlay-gradient":""},"mobile":{"background-color":"","background-image":"","background-repeat":"repeat","background-position":"center center","background-size":"auto","background-attachment":"scroll","background-type":"","background-media":"","overlay-type":"","overlay-color":"","overlay-opacity":"","overlay-gradient":""}},"ast-content-background-meta":{"desktop":{"background-color":"var(--ast-global-color-4)","background-image":"","background-repeat":"repeat","background-position":"center center","background-size":"auto","background-attachment":"scroll","background-type":"","background-media":"","overlay-type":"","overlay-color":"","overlay-opacity":"","overlay-gradient":""},"tablet":{"background-color":"var(--ast-global-color-4)","background-image":"","background-repeat":"repeat","background-position":"center center","background-size":"auto","background-attachment":"scroll","background-type":"","background-media":"","overlay-type":"","overlay-color":"","overlay-opacity":"","overlay-gradient":""},"mobile":{"background-color":"var(--ast-global-color-4)","background-image":"","background-repeat":"repeat","background-position":"center center","background-size":"auto","background-attachment":"scroll","background-type":"","background-media":"","overlay-type":"","overlay-color":"","overlay-opacity":"","overlay-gradient":""}},"footnotes":""},"categories":[1],"tags":[],"class_list":["post-51465","post","type-post","status-publish","format-standard","hentry","category-sem-categoria"],"yoast_head":"<!-- This site is optimized with the Yoast SEO plugin v26.6 - https:\/\/yoast.com\/wordpress\/plugins\/seo\/ -->\n<title>Z\u00e9 In\u00e1cio articula reuni\u00e3o entre Sindicato dos Urbanit\u00e1rios e o governador Fl\u00e1vio Dino - Daniel Matos<\/title>\n<meta name=\"robots\" content=\"index, follow, max-snippet:-1, max-image-preview:large, max-video-preview:-1\" \/>\n<link rel=\"canonical\" href=\"https:\/\/www.blogsoestado.com\/danielmatos\/ze-inacio-articula-reuniao-entre-sindicato-dos-urbanitarios-e-o-governador-flavio-dino\/\" \/>\n<meta property=\"og:locale\" content=\"pt_BR\" \/>\n<meta property=\"og:type\" content=\"article\" \/>\n<meta property=\"og:title\" content=\"Z\u00e9 In\u00e1cio articula reuni\u00e3o entre Sindicato dos Urbanit\u00e1rios e o governador Fl\u00e1vio Dino - Daniel Matos\" \/>\n<meta property=\"og:description\" content=\"Com a articula\u00e7\u00e3o do deputado estadual Z\u00e9 In\u00e1cio (PT), o Sindicato dos Urbanit\u00e1rios participou na tarde desta quinta-feira 17\/05, de [&hellip;]\" \/>\n<meta property=\"og:url\" content=\"https:\/\/www.blogsoestado.com\/danielmatos\/ze-inacio-articula-reuniao-entre-sindicato-dos-urbanitarios-e-o-governador-flavio-dino\/\" \/>\n<meta property=\"og:site_name\" content=\"Daniel Matos\" \/>\n<meta property=\"article:published_time\" content=\"2018-05-18T20:28:41+00:00\" \/>\n<meta property=\"og:image\" content=\"https:\/\/www.blogsoestado.com\/danielmatos\/files\/2018\/05\/inacio-dino-urbanitarios.jpg\" \/>\n<meta name=\"twitter:card\" content=\"summary_large_image\" \/>\n<meta name=\"twitter:label1\" content=\"Est. tempo de leitura\" \/>\n\t<meta name=\"twitter:data1\" content=\"2 minutos\" \/>\n<script type=\"application\/ld+json\" class=\"yoast-schema-graph\">{\"@context\":\"https:\/\/schema.org\",\"@graph\":[{\"@type\":\"WebPage\",\"@id\":\"https:\/\/www.blogsoestado.com\/danielmatos\/ze-inacio-articula-reuniao-entre-sindicato-dos-urbanitarios-e-o-governador-flavio-dino\/\",\"url\":\"https:\/\/www.blogsoestado.com\/danielmatos\/ze-inacio-articula-reuniao-entre-sindicato-dos-urbanitarios-e-o-governador-flavio-dino\/\",\"name\":\"Z\u00e9 In\u00e1cio articula reuni\u00e3o entre Sindicato dos Urbanit\u00e1rios e o governador Fl\u00e1vio Dino - Daniel Matos\",\"isPartOf\":{\"@id\":\"https:\/\/www.blogsoestado.com\/danielmatos\/#website\"},\"primaryImageOfPage\":{\"@id\":\"https:\/\/www.blogsoestado.com\/danielmatos\/ze-inacio-articula-reuniao-entre-sindicato-dos-urbanitarios-e-o-governador-flavio-dino\/#primaryimage\"},\"image\":{\"@id\":\"https:\/\/www.blogsoestado.com\/danielmatos\/ze-inacio-articula-reuniao-entre-sindicato-dos-urbanitarios-e-o-governador-flavio-dino\/#primaryimage\"},\"thumbnailUrl\":\"https:\/\/www.blogsoestado.com\/danielmatos\/files\/2018\/05\/inacio-dino-urbanitarios.jpg\",\"datePublished\":\"2018-05-18T20:28:41+00:00\",\"author\":{\"@id\":\"\"},\"breadcrumb\":{\"@id\":\"https:\/\/www.blogsoestado.com\/danielmatos\/ze-inacio-articula-reuniao-entre-sindicato-dos-urbanitarios-e-o-governador-flavio-dino\/#breadcrumb\"},\"inLanguage\":\"pt-BR\",\"potentialAction\":[{\"@type\":\"ReadAction\",\"target\":[\"https:\/\/www.blogsoestado.com\/danielmatos\/ze-inacio-articula-reuniao-entre-sindicato-dos-urbanitarios-e-o-governador-flavio-dino\/\"]}]},{\"@type\":\"ImageObject\",\"inLanguage\":\"pt-BR\",\"@id\":\"https:\/\/www.blogsoestado.com\/danielmatos\/ze-inacio-articula-reuniao-entre-sindicato-dos-urbanitarios-e-o-governador-flavio-dino\/#primaryimage\",\"url\":\"https:\/\/www.blogsoestado.com\/danielmatos\/files\/2018\/05\/inacio-dino-urbanitarios.jpg\",\"contentUrl\":\"https:\/\/www.blogsoestado.com\/danielmatos\/files\/2018\/05\/inacio-dino-urbanitarios.jpg\"},{\"@type\":\"BreadcrumbList\",\"@id\":\"https:\/\/www.blogsoestado.com\/danielmatos\/ze-inacio-articula-reuniao-entre-sindicato-dos-urbanitarios-e-o-governador-flavio-dino\/#breadcrumb\",\"itemListElement\":[{\"@type\":\"ListItem\",\"position\":1,\"name\":\"In\u00edcio\",\"item\":\"https:\/\/www.blogsoestado.com\/danielmatos\/\"},{\"@type\":\"ListItem\",\"position\":2,\"name\":\"Z\u00e9 In\u00e1cio articula reuni\u00e3o entre Sindicato dos Urbanit\u00e1rios e o governador Fl\u00e1vio Dino\"}]},{\"@type\":\"WebSite\",\"@id\":\"https:\/\/www.blogsoestado.com\/danielmatos\/#website\",\"url\":\"https:\/\/www.blogsoestado.com\/danielmatos\/\",\"name\":\"Daniel Matos\",\"description\":\"\",\"potentialAction\":[{\"@type\":\"SearchAction\",\"target\":{\"@type\":\"EntryPoint\",\"urlTemplate\":\"https:\/\/www.blogsoestado.com\/danielmatos\/?s={search_term_string}\"},\"query-input\":{\"@type\":\"PropertyValueSpecification\",\"valueRequired\":true,\"valueName\":\"search_term_string\"}}],\"inLanguage\":\"pt-BR\"}]}<\/script>\n<!-- \/ Yoast SEO plugin. -->","yoast_head_json":{"title":"Z\u00e9 In\u00e1cio articula reuni\u00e3o entre Sindicato dos Urbanit\u00e1rios e o governador Fl\u00e1vio Dino - Daniel Matos","robots":{"index":"index","follow":"follow","max-snippet":"max-snippet:-1","max-image-preview":"max-image-preview:large","max-video-preview":"max-video-preview:-1"},"canonical":"https:\/\/www.blogsoestado.com\/danielmatos\/ze-inacio-articula-reuniao-entre-sindicato-dos-urbanitarios-e-o-governador-flavio-dino\/","og_locale":"pt_BR","og_type":"article","og_title":"Z\u00e9 In\u00e1cio articula reuni\u00e3o entre Sindicato dos Urbanit\u00e1rios e o governador Fl\u00e1vio Dino - Daniel Matos","og_description":"Com a articula\u00e7\u00e3o do deputado estadual Z\u00e9 In\u00e1cio (PT), o Sindicato dos Urbanit\u00e1rios participou na tarde desta quinta-feira 17\/05, de [&hellip;]","og_url":"https:\/\/www.blogsoestado.com\/danielmatos\/ze-inacio-articula-reuniao-entre-sindicato-dos-urbanitarios-e-o-governador-flavio-dino\/","og_site_name":"Daniel Matos","article_published_time":"2018-05-18T20:28:41+00:00","og_image":[{"url":"https:\/\/www.blogsoestado.com\/danielmatos\/files\/2018\/05\/inacio-dino-urbanitarios.jpg","type":"","width":"","height":""}],"twitter_card":"summary_large_image","twitter_misc":{"Est. tempo de leitura":"2 minutos"},"schema":{"@context":"https:\/\/schema.org","@graph":[{"@type":"WebPage","@id":"https:\/\/www.blogsoestado.com\/danielmatos\/ze-inacio-articula-reuniao-entre-sindicato-dos-urbanitarios-e-o-governador-flavio-dino\/","url":"https:\/\/www.blogsoestado.com\/danielmatos\/ze-inacio-articula-reuniao-entre-sindicato-dos-urbanitarios-e-o-governador-flavio-dino\/","name":"Z\u00e9 In\u00e1cio articula reuni\u00e3o entre Sindicato dos Urbanit\u00e1rios e o governador Fl\u00e1vio Dino - Daniel Matos","isPartOf":{"@id":"https:\/\/www.blogsoestado.com\/danielmatos\/#website"},"primaryImageOfPage":{"@id":"https:\/\/www.blogsoestado.com\/danielmatos\/ze-inacio-articula-reuniao-entre-sindicato-dos-urbanitarios-e-o-governador-flavio-dino\/#primaryimage"},"image":{"@id":"https:\/\/www.blogsoestado.com\/danielmatos\/ze-inacio-articula-reuniao-entre-sindicato-dos-urbanitarios-e-o-governador-flavio-dino\/#primaryimage"},"thumbnailUrl":"https:\/\/www.blogsoestado.com\/danielmatos\/files\/2018\/05\/inacio-dino-urbanitarios.jpg","datePublished":"2018-05-18T20:28:41+00:00","author":{"@id":""},"breadcrumb":{"@id":"https:\/\/www.blogsoestado.com\/danielmatos\/ze-inacio-articula-reuniao-entre-sindicato-dos-urbanitarios-e-o-governador-flavio-dino\/#breadcrumb"},"inLanguage":"pt-BR","potentialAction":[{"@type":"ReadAction","target":["https:\/\/www.blogsoestado.com\/danielmatos\/ze-inacio-articula-reuniao-entre-sindicato-dos-urbanitarios-e-o-governador-flavio-dino\/"]}]},{"@type":"ImageObject","inLanguage":"pt-BR","@id":"https:\/\/www.blogsoestado.com\/danielmatos\/ze-inacio-articula-reuniao-entre-sindicato-dos-urbanitarios-e-o-governador-flavio-dino\/#primaryimage","url":"https:\/\/www.blogsoestado.com\/danielmatos\/files\/2018\/05\/inacio-dino-urbanitarios.jpg","contentUrl":"https:\/\/www.blogsoestado.com\/danielmatos\/files\/2018\/05\/inacio-dino-urbanitarios.jpg"},{"@type":"BreadcrumbList","@id":"https:\/\/www.blogsoestado.com\/danielmatos\/ze-inacio-articula-reuniao-entre-sindicato-dos-urbanitarios-e-o-governador-flavio-dino\/#breadcrumb","itemListElement":[{"@type":"ListItem","position":1,"name":"In\u00edcio","item":"https:\/\/www.blogsoestado.com\/danielmatos\/"},{"@type":"ListItem","position":2,"name":"Z\u00e9 In\u00e1cio articula reuni\u00e3o entre Sindicato dos Urbanit\u00e1rios e o governador Fl\u00e1vio Dino"}]},{"@type":"WebSite","@id":"https:\/\/www.blogsoestado.com\/danielmatos\/#website","url":"https:\/\/www.blogsoestado.com\/danielmatos\/","name":"Daniel Matos","description":"","potentialAction":[{"@type":"SearchAction","target":{"@type":"EntryPoint","urlTemplate":"https:\/\/www.blogsoestado.com\/danielmatos\/?s={search_term_string}"},"query-input":{"@type":"PropertyValueSpecification","valueRequired":true,"valueName":"search_term_string"}}],"inLanguage":"pt-BR"}]}},"jetpack_featured_media_url":"","_links":{"self":[{"href":"https:\/\/www.blogsoestado.com\/danielmatos\/wp-json\/wp\/v2\/posts\/51465","targetHints":{"allow":["GET"]}}],"collection":[{"href":"https:\/\/www.blogsoestado.com\/danielmatos\/wp-json\/wp\/v2\/posts"}],"about":[{"href":"https:\/\/www.blogsoestado.com\/danielmatos\/wp-json\/wp\/v2\/types\/post"}],"replies":[{"embeddable":true,"href":"https:\/\/www.blogsoestado.com\/danielmatos\/wp-json\/wp\/v2\/comments?post=51465"}],"version-history":[{"count":0,"href":"https:\/\/www.blogsoestado.com\/danielmatos\/wp-json\/wp\/v2\/posts\/51465\/revisions"}],"wp:attachment":[{"href":"https:\/\/www.blogsoestado.com\/danielmatos\/wp-json\/wp\/v2\/media?parent=51465"}],"wp:term":[{"taxonomy":"category","embeddable":true,"href":"https:\/\/www.blogsoestado.com\/danielmatos\/wp-json\/wp\/v2\/categories?post=51465"},{"taxonomy":"post_tag","embeddable":true,"href":"https:\/\/www.blogsoestado.com\/danielmatos\/wp-json\/wp\/v2\/tags?post=51465"}],"curies":[{"name":"wp","href":"https:\/\/api.w.org\/{rel}","templated":true}]}}