{"id":51470,"date":"2018-05-18T19:29:20","date_gmt":"2018-05-18T22:29:20","guid":{"rendered":"https:\/\/www.blogsoestado.com\/danielmatos\/?p=51470"},"modified":"2018-05-18T19:29:20","modified_gmt":"2018-05-18T22:29:20","slug":"em-palestra-a-academicos-da-universidade-ceuma-ministro-do-stf-destaca-avancos-do-brasil-em-30-anos-de-constituicao","status":"publish","type":"post","link":"https:\/\/www.blogsoestado.com\/danielmatos\/em-palestra-a-academicos-da-universidade-ceuma-ministro-do-stf-destaca-avancos-do-brasil-em-30-anos-de-constituicao\/","title":{"rendered":"Em palestra a acad\u00eaminos da Universidade Ceuma, ministro do STF destaca avan\u00e7os do Brasil em 30 anos de Constitui\u00e7\u00e3o"},"content":{"rendered":"<figure id=\"attachment_51476\" aria-describedby=\"caption-attachment-51476\" style=\"width: 448px\" class=\"wp-caption alignright\"><img fetchpriority=\"high\" decoding=\"async\" class=\"size-full wp-image-51476\" src=\"https:\/\/www.blogsoestado.com\/danielmatos\/files\/2018\/05\/barroso-uniceuma2.jpg\" alt=\"\" width=\"448\" height=\"252\" \/><figcaption id=\"caption-attachment-51476\" class=\"wp-caption-text\">Barroso apontou solidez das institui\u00e7\u00f5es, estabilidade monet\u00e1ria e redu\u00e7\u00e3o expressiva da mis\u00e9ria como vetores de uma nova ordem para o Brasil em uma ou duas gera\u00e7\u00f5es<\/figcaption><\/figure>\n<p>Constitucionalista dos mais renomados do pa\u00eds, o ministro do Supremo Tribunal Federal (STF) Lu\u00eds Roberto Barroso deu uma aula de legisla\u00e7\u00e3o e cidadania ao proferir palestra a estudantes e professores do curso de Direito da Universidade Ceuma e convidados em comemora\u00e7\u00e3o aos 28 anos da institui\u00e7\u00e3o de ensino superior e em alus\u00e3o aos 30 anos da Constitui\u00e7\u00e3o Federal. Em cerca de uma hora de confer\u00eancia, no Espa\u00e7o Renascen\u00e7a, o magistrado exp\u00f4s sua vis\u00e3o otimista em rela\u00e7\u00e3o ao futuro pol\u00edtico e social do Brasil e destacou a consolida\u00e7\u00e3o das institui\u00e7\u00f5es como fator crucial para a estabilidade nacional.<\/p>\n<p>Ap\u00f3s a exibi\u00e7\u00e3o de um v\u00eddeo que mostrou os resultados positivos da institui\u00e7\u00e3o de ensino superior em avalia\u00e7\u00f5es do Minist\u00e9rio da Educa\u00e7\u00e3o (MEC) e sua expans\u00e3o acad\u00eamica pelas regi\u00f5es Norte, Nordeste e Centro-Oeste, coube ao presidente do Grupo Ceuma, Cl\u00f3vis Fecury, e ao reitor\u00a0Saulo Henrique Brito Matos Martins recepcionarem o ministro do STF. Em discurso de boas vindas, Saulo Martins agradeceu a presen\u00e7a do magistrado e classificou a palestra como mais um momento marcante na trajet\u00f3ria bem sucedida da institui\u00e7\u00e3o. O reitor lembrou que frequentemente recebe em seu gabinete ex-alunos que o procuram para agradecer pela mudan\u00e7a registrada em suas vidas ap\u00f3s a gradua\u00e7\u00e3o superior.<\/p>\n<p>Tamb\u00e9m compareceram ao evento como convidados de honra o presidente do Tribunal de Justi\u00e7a do Maranh\u00e3o, desembargador Jos\u00e9 Joaquim Figueiredo dos Anjos, e representantes do Governo do Estado, do Minist\u00e9rio P\u00fablico estadual e da seccional maranhense da Ordem dos Advogados do Brasil (OAB-MA).<\/p>\n<p><strong>Palestra<\/strong><\/p>\n<figure id=\"attachment_51477\" aria-describedby=\"caption-attachment-51477\" style=\"width: 640px\" class=\"wp-caption aligncenter\"><img decoding=\"async\" class=\"size-full wp-image-51477\" src=\"https:\/\/www.blogsoestado.com\/danielmatos\/files\/2018\/05\/barroso-uniceuma3.jpg\" alt=\"\" width=\"640\" height=\"360\" \/><figcaption id=\"caption-attachment-51477\" class=\"wp-caption-text\">Ministro Barroso com o presidente do Grupo Ceuma, Cl\u00f3vis Fecury, o reitor Saulo Martins e os representantes do TJ, MP, Governo do Estado e OAB na mesa, antes da palestra<\/figcaption><\/figure>\n<p>Barroso disse que n\u00e3o compartilha a vis\u00e3o pessimista de que o Brasil n\u00e3o tem solu\u00e7\u00e3o diante da corrup\u00e7\u00e3o que se estabeleceu como doen\u00e7a cr\u00f4nica em todas as esferas do setor p\u00fablico. Ele lembrou que o pa\u00eds foi um dos poucos a expor para o mundo, com tamanha coragem, as suas entranhas. &#8220;A hist\u00f3ria da Constitui\u00e7\u00e3o e da democracia brasileiras \u00e9 boa. N\u00e3o concordo com a vis\u00e3o negativa de que a situa\u00e7\u00e3o s\u00f3 tende a piorar&#8221;, declarou.<\/p>\n<p><strong>Transi\u00e7\u00e3o<\/strong><\/p>\n<p>Segundo o ministro, o pa\u00eds vive um momento de transi\u00e7\u00e3o da velha ordem, marcada por epis\u00f3dios lament\u00e1veis na pol\u00edtica e na gest\u00e3o p\u00fablica, para uma nova ordem, ditada pela sociedade e que ser\u00e1 marcada pela probidade, um dos mais importantes vetores para o desenvolvimento. &#8220;N\u00e3o podemos nos deixar contaminar pela fotografia devastadora do momento atual&#8221;, aconselhou. &#8220;A energia da sociedade muda paradigmas. Em uma ou duas gera\u00e7\u00f5es, o Brasil vencer\u00e1 os problemas que tanto travam o seu ingresso em uma realidade mais favor\u00e1vel&#8221;, previu, sem deixar de reconhecer que os adeptos dos m\u00e9todos antigos ainda det\u00eam muito poder.<\/p>\n<p>Na opini\u00e3o do magistrado, o ambiente virtuoso se deve a tr\u00eas conquistas, obtidas nos \u00faltimos 30 anos, per\u00edodo que coincide com a vig\u00eancia da atual Constitui\u00e7\u00e3o. Uma delas \u00e9 a estabilidade institucional, panorama que sucedeu uma \u00e9poca tenebrosa, marcada por golpes de Estado, aquartelamentos, censura e outras situa\u00e7\u00f5es que n\u00e3o encontram lugar no presente.<\/p>\n<figure id=\"attachment_51478\" aria-describedby=\"caption-attachment-51478\" style=\"width: 640px\" class=\"wp-caption aligncenter\"><img decoding=\"async\" class=\"size-full wp-image-51478\" src=\"https:\/\/www.blogsoestado.com\/danielmatos\/files\/2018\/05\/barroso-uniceuma.jpg\" alt=\"\" width=\"640\" height=\"360\" \/><figcaption id=\"caption-attachment-51478\" class=\"wp-caption-text\">Ministro falou para uma plateia lotada por professores, estudantes, gestores de diferentes \u00f3rg\u00e3os e institui\u00e7\u00f5es e convidados<\/figcaption><\/figure>\n<p>Barroso reafirmou que as tr\u00eas d\u00e9cadas de estabilidade institucional devem ser lembradas como vit\u00f3ria da democracia. &#8220;Desde o advento da Constitui\u00e7\u00e3o de 1988, o Brasil enfrentou situa\u00e7\u00f5es de crise extrema, como os esc\u00e2ndalos dos an\u00f5es do or\u00e7amento, mensal\u00e3o, petrol\u00e3o e impeachments de dois presidentes da Rep\u00fablica. Ainda assim, as institui\u00e7\u00f5es foram preservadas e nenhuma medida tomada em cada um desses acontecimentos feriu a legitimidade constitucional&#8221;, recordou.<\/p>\n<p><strong>Estabilidade monet\u00e1ria<\/strong><\/p>\n<p>A estabilidade monet\u00e1ria tamb\u00e9m abriu caminho para a esperan\u00e7a em um Brasil melhor, de acordo com o ministro. Ele lembrou que ap\u00f3s sucessivos planos econ\u00f4micos, em que a infla\u00e7\u00e3o chegou a atingir o patamar estratosf\u00e9rico de 5.000% ao ano, tem-se hoje uma moeda mais s\u00f3lida e uma economia muito menos sujeita a instabilidades. Barroso frisou que a estabilidade monet\u00e1ria fortaleceu o princ\u00edpio da responsabilidade fiscal, ou seja, recha\u00e7ou a pr\u00e1tica nociva de se gastar mais do que se arrecada, algo que quando feito continuamente \u00e9 altamente nocivo para o Estado.<\/p>\n<p>O magistrado atribuiu sua tend\u00eancia otimista tamb\u00e9m \u00e0 inclus\u00e3o social registrada no pa\u00eds nos \u00faltimos 30 anos, quando 30 a 40 milh\u00f5es de pessoas deixaram a linha da pobreza extrema. &#8220;O IDH do Brasil foi o que mais cresceu dentre todos os pa\u00edses da Am\u00e9rica Latina e do Caribe&#8221;, citou. &#8220;Em tr\u00eas d\u00e9cadas, o Brasil venceu a ditadura, a hiperinfla\u00e7\u00e3o e a mis\u00e9ria e agora est\u00e1 pronto para uma nova era&#8221;, disse, refor\u00e7ando seu otimismo.<\/p>\n<p><strong>Sistema pol\u00edtico<\/strong><\/p>\n<figure id=\"attachment_51479\" aria-describedby=\"caption-attachment-51479\" style=\"width: 640px\" class=\"wp-caption aligncenter\"><img loading=\"lazy\" decoding=\"async\" class=\"size-full wp-image-51479\" src=\"https:\/\/www.blogsoestado.com\/danielmatos\/files\/2018\/05\/barroso-uniceuma4.jpg\" alt=\"\" width=\"640\" height=\"360\" \/><figcaption id=\"caption-attachment-51479\" class=\"wp-caption-text\">O presidente do Grupo Ceuma, Cl\u00f3vis Fecury, e o reitor Saulo Martins entregaram ao ministro placa com registro da sua contribui\u00e7\u00e3o para a institui\u00e7\u00e3o<\/figcaption><\/figure>\n<p>Lu\u00eds Roberto Barroso fez cr\u00edticas ao atual sistema pol\u00edtico brasileiro, sobretudo ao modelo de elei\u00e7\u00e3o de vereadores, deputados estaduais e deputados federais, em que o quociente eleitoral determina a vit\u00f3ria nas urnas, o que beneficia apenas os partidos e os fortalece no jogo pol\u00edtico. Ele defendeu altera\u00e7\u00f5es no sistema de escolha dos parlamentares, como forma de favorecer a representatividade e legitimar o voto do cidad\u00e3o.<\/p>\n<p>Ao fim da palestra, o ministro recebeu das m\u00e3os do presidente do Grupo Ceuma, Cl\u00f3vis Fecury, e do reitor Saulo Martins uma placa com registro da sua presen\u00e7a na institui\u00e7\u00e3o, honraria concedida \u00e0s personalidades que contribu\u00edram com seus conhecimentos e saberes para o engrandecimento acad\u00eamico.<\/p>\n","protected":false},"excerpt":{"rendered":"<p>Constitucionalista dos mais renomados do pa\u00eds, o ministro do Supremo Tribunal Federal (STF) Lu\u00eds Roberto Barroso deu uma aula de [&hellip;]<\/p>\n","protected":false},"author":0,"featured_media":0,"comment_status":"open","ping_status":"open","sticky":false,"template":"","format":"standard","meta":{"site-sidebar-layout":"default","site-content-layout":"","ast-site-content-layout":"default","site-content-style":"default","site-sidebar-style":"default","ast-global-header-display":"","ast-banner-title-visibility":"","ast-main-header-display":"","ast-hfb-above-header-display":"","ast-hfb-below-header-display":"","ast-hfb-mobile-header-display":"","site-post-title":"","ast-breadcrumbs-content":"","ast-featured-img":"","footer-sml-layout":"","ast-disable-related-posts":"","theme-transparent-header-meta":"","adv-header-id-meta":"","stick-header-meta":"","header-above-stick-meta":"","header-main-stick-meta":"","header-below-stick-meta":"","astra-migrate-meta-layouts":"default","ast-page-background-enabled":"default","ast-page-background-meta":{"desktop":{"background-color":"var(--ast-global-color-5)","background-image":"","background-repeat":"repeat","background-position":"center center","background-size":"auto","background-attachment":"scroll","background-type":"","background-media":"","overlay-type":"","overlay-color":"","overlay-opacity":"","overlay-gradient":""},"tablet":{"background-color":"","background-image":"","background-repeat":"repeat","background-position":"center center","background-size":"auto","background-attachment":"scroll","background-type":"","background-media":"","overlay-type":"","overlay-color":"","overlay-opacity":"","overlay-gradient":""},"mobile":{"background-color":"","background-image":"","background-repeat":"repeat","background-position":"center center","background-size":"auto","background-attachment":"scroll","background-type":"","background-media":"","overlay-type":"","overlay-color":"","overlay-opacity":"","overlay-gradient":""}},"ast-content-background-meta":{"desktop":{"background-color":"var(--ast-global-color-4)","background-image":"","background-repeat":"repeat","background-position":"center center","background-size":"auto","background-attachment":"scroll","background-type":"","background-media":"","overlay-type":"","overlay-color":"","overlay-opacity":"","overlay-gradient":""},"tablet":{"background-color":"var(--ast-global-color-4)","background-image":"","background-repeat":"repeat","background-position":"center center","background-size":"auto","background-attachment":"scroll","background-type":"","background-media":"","overlay-type":"","overlay-color":"","overlay-opacity":"","overlay-gradient":""},"mobile":{"background-color":"var(--ast-global-color-4)","background-image":"","background-repeat":"repeat","background-position":"center center","background-size":"auto","background-attachment":"scroll","background-type":"","background-media":"","overlay-type":"","overlay-color":"","overlay-opacity":"","overlay-gradient":""}},"footnotes":""},"categories":[1],"tags":[],"class_list":["post-51470","post","type-post","status-publish","format-standard","hentry","category-sem-categoria"],"yoast_head":"<!-- This site is optimized with the Yoast SEO plugin v26.6 - https:\/\/yoast.com\/wordpress\/plugins\/seo\/ -->\n<title>Em palestra a acad\u00eaminos da Universidade Ceuma, ministro do STF destaca avan\u00e7os do Brasil em 30 anos de Constitui\u00e7\u00e3o - Daniel Matos<\/title>\n<meta name=\"robots\" content=\"index, follow, max-snippet:-1, max-image-preview:large, max-video-preview:-1\" \/>\n<link rel=\"canonical\" href=\"https:\/\/www.blogsoestado.com\/danielmatos\/em-palestra-a-academicos-da-universidade-ceuma-ministro-do-stf-destaca-avancos-do-brasil-em-30-anos-de-constituicao\/\" \/>\n<meta property=\"og:locale\" content=\"pt_BR\" \/>\n<meta property=\"og:type\" content=\"article\" \/>\n<meta property=\"og:title\" content=\"Em palestra a acad\u00eaminos da Universidade Ceuma, ministro do STF destaca avan\u00e7os do Brasil em 30 anos de Constitui\u00e7\u00e3o - Daniel Matos\" \/>\n<meta property=\"og:description\" content=\"Constitucionalista dos mais renomados do pa\u00eds, o ministro do Supremo Tribunal Federal (STF) Lu\u00eds Roberto Barroso deu uma aula de [&hellip;]\" \/>\n<meta property=\"og:url\" content=\"https:\/\/www.blogsoestado.com\/danielmatos\/em-palestra-a-academicos-da-universidade-ceuma-ministro-do-stf-destaca-avancos-do-brasil-em-30-anos-de-constituicao\/\" \/>\n<meta property=\"og:site_name\" content=\"Daniel Matos\" \/>\n<meta property=\"article:published_time\" content=\"2018-05-18T22:29:20+00:00\" \/>\n<meta property=\"og:image\" content=\"https:\/\/www.blogsoestado.com\/danielmatos\/files\/2018\/05\/barroso-uniceuma2.jpg\" \/>\n<meta name=\"twitter:card\" content=\"summary_large_image\" \/>\n<meta name=\"twitter:label1\" content=\"Est. tempo de leitura\" \/>\n\t<meta name=\"twitter:data1\" content=\"5 minutos\" \/>\n<script type=\"application\/ld+json\" class=\"yoast-schema-graph\">{\"@context\":\"https:\/\/schema.org\",\"@graph\":[{\"@type\":\"WebPage\",\"@id\":\"https:\/\/www.blogsoestado.com\/danielmatos\/em-palestra-a-academicos-da-universidade-ceuma-ministro-do-stf-destaca-avancos-do-brasil-em-30-anos-de-constituicao\/\",\"url\":\"https:\/\/www.blogsoestado.com\/danielmatos\/em-palestra-a-academicos-da-universidade-ceuma-ministro-do-stf-destaca-avancos-do-brasil-em-30-anos-de-constituicao\/\",\"name\":\"Em palestra a acad\u00eaminos da Universidade Ceuma, ministro do STF destaca avan\u00e7os do Brasil em 30 anos de Constitui\u00e7\u00e3o - Daniel Matos\",\"isPartOf\":{\"@id\":\"https:\/\/www.blogsoestado.com\/danielmatos\/#website\"},\"primaryImageOfPage\":{\"@id\":\"https:\/\/www.blogsoestado.com\/danielmatos\/em-palestra-a-academicos-da-universidade-ceuma-ministro-do-stf-destaca-avancos-do-brasil-em-30-anos-de-constituicao\/#primaryimage\"},\"image\":{\"@id\":\"https:\/\/www.blogsoestado.com\/danielmatos\/em-palestra-a-academicos-da-universidade-ceuma-ministro-do-stf-destaca-avancos-do-brasil-em-30-anos-de-constituicao\/#primaryimage\"},\"thumbnailUrl\":\"https:\/\/www.blogsoestado.com\/danielmatos\/files\/2018\/05\/barroso-uniceuma2.jpg\",\"datePublished\":\"2018-05-18T22:29:20+00:00\",\"author\":{\"@id\":\"\"},\"breadcrumb\":{\"@id\":\"https:\/\/www.blogsoestado.com\/danielmatos\/em-palestra-a-academicos-da-universidade-ceuma-ministro-do-stf-destaca-avancos-do-brasil-em-30-anos-de-constituicao\/#breadcrumb\"},\"inLanguage\":\"pt-BR\",\"potentialAction\":[{\"@type\":\"ReadAction\",\"target\":[\"https:\/\/www.blogsoestado.com\/danielmatos\/em-palestra-a-academicos-da-universidade-ceuma-ministro-do-stf-destaca-avancos-do-brasil-em-30-anos-de-constituicao\/\"]}]},{\"@type\":\"ImageObject\",\"inLanguage\":\"pt-BR\",\"@id\":\"https:\/\/www.blogsoestado.com\/danielmatos\/em-palestra-a-academicos-da-universidade-ceuma-ministro-do-stf-destaca-avancos-do-brasil-em-30-anos-de-constituicao\/#primaryimage\",\"url\":\"https:\/\/www.blogsoestado.com\/danielmatos\/files\/2018\/05\/barroso-uniceuma2.jpg\",\"contentUrl\":\"https:\/\/www.blogsoestado.com\/danielmatos\/files\/2018\/05\/barroso-uniceuma2.jpg\"},{\"@type\":\"BreadcrumbList\",\"@id\":\"https:\/\/www.blogsoestado.com\/danielmatos\/em-palestra-a-academicos-da-universidade-ceuma-ministro-do-stf-destaca-avancos-do-brasil-em-30-anos-de-constituicao\/#breadcrumb\",\"itemListElement\":[{\"@type\":\"ListItem\",\"position\":1,\"name\":\"In\u00edcio\",\"item\":\"https:\/\/www.blogsoestado.com\/danielmatos\/\"},{\"@type\":\"ListItem\",\"position\":2,\"name\":\"Em palestra a acad\u00eaminos da Universidade Ceuma, ministro do STF destaca avan\u00e7os do Brasil em 30 anos de Constitui\u00e7\u00e3o\"}]},{\"@type\":\"WebSite\",\"@id\":\"https:\/\/www.blogsoestado.com\/danielmatos\/#website\",\"url\":\"https:\/\/www.blogsoestado.com\/danielmatos\/\",\"name\":\"Daniel Matos\",\"description\":\"\",\"potentialAction\":[{\"@type\":\"SearchAction\",\"target\":{\"@type\":\"EntryPoint\",\"urlTemplate\":\"https:\/\/www.blogsoestado.com\/danielmatos\/?s={search_term_string}\"},\"query-input\":{\"@type\":\"PropertyValueSpecification\",\"valueRequired\":true,\"valueName\":\"search_term_string\"}}],\"inLanguage\":\"pt-BR\"}]}<\/script>\n<!-- \/ Yoast SEO plugin. -->","yoast_head_json":{"title":"Em palestra a acad\u00eaminos da Universidade Ceuma, ministro do STF destaca avan\u00e7os do Brasil em 30 anos de Constitui\u00e7\u00e3o - Daniel Matos","robots":{"index":"index","follow":"follow","max-snippet":"max-snippet:-1","max-image-preview":"max-image-preview:large","max-video-preview":"max-video-preview:-1"},"canonical":"https:\/\/www.blogsoestado.com\/danielmatos\/em-palestra-a-academicos-da-universidade-ceuma-ministro-do-stf-destaca-avancos-do-brasil-em-30-anos-de-constituicao\/","og_locale":"pt_BR","og_type":"article","og_title":"Em palestra a acad\u00eaminos da Universidade Ceuma, ministro do STF destaca avan\u00e7os do Brasil em 30 anos de Constitui\u00e7\u00e3o - Daniel Matos","og_description":"Constitucionalista dos mais renomados do pa\u00eds, o ministro do Supremo Tribunal Federal (STF) Lu\u00eds Roberto Barroso deu uma aula de [&hellip;]","og_url":"https:\/\/www.blogsoestado.com\/danielmatos\/em-palestra-a-academicos-da-universidade-ceuma-ministro-do-stf-destaca-avancos-do-brasil-em-30-anos-de-constituicao\/","og_site_name":"Daniel Matos","article_published_time":"2018-05-18T22:29:20+00:00","og_image":[{"url":"https:\/\/www.blogsoestado.com\/danielmatos\/files\/2018\/05\/barroso-uniceuma2.jpg","type":"","width":"","height":""}],"twitter_card":"summary_large_image","twitter_misc":{"Est. tempo de leitura":"5 minutos"},"schema":{"@context":"https:\/\/schema.org","@graph":[{"@type":"WebPage","@id":"https:\/\/www.blogsoestado.com\/danielmatos\/em-palestra-a-academicos-da-universidade-ceuma-ministro-do-stf-destaca-avancos-do-brasil-em-30-anos-de-constituicao\/","url":"https:\/\/www.blogsoestado.com\/danielmatos\/em-palestra-a-academicos-da-universidade-ceuma-ministro-do-stf-destaca-avancos-do-brasil-em-30-anos-de-constituicao\/","name":"Em palestra a acad\u00eaminos da Universidade Ceuma, ministro do STF destaca avan\u00e7os do Brasil em 30 anos de Constitui\u00e7\u00e3o - Daniel Matos","isPartOf":{"@id":"https:\/\/www.blogsoestado.com\/danielmatos\/#website"},"primaryImageOfPage":{"@id":"https:\/\/www.blogsoestado.com\/danielmatos\/em-palestra-a-academicos-da-universidade-ceuma-ministro-do-stf-destaca-avancos-do-brasil-em-30-anos-de-constituicao\/#primaryimage"},"image":{"@id":"https:\/\/www.blogsoestado.com\/danielmatos\/em-palestra-a-academicos-da-universidade-ceuma-ministro-do-stf-destaca-avancos-do-brasil-em-30-anos-de-constituicao\/#primaryimage"},"thumbnailUrl":"https:\/\/www.blogsoestado.com\/danielmatos\/files\/2018\/05\/barroso-uniceuma2.jpg","datePublished":"2018-05-18T22:29:20+00:00","author":{"@id":""},"breadcrumb":{"@id":"https:\/\/www.blogsoestado.com\/danielmatos\/em-palestra-a-academicos-da-universidade-ceuma-ministro-do-stf-destaca-avancos-do-brasil-em-30-anos-de-constituicao\/#breadcrumb"},"inLanguage":"pt-BR","potentialAction":[{"@type":"ReadAction","target":["https:\/\/www.blogsoestado.com\/danielmatos\/em-palestra-a-academicos-da-universidade-ceuma-ministro-do-stf-destaca-avancos-do-brasil-em-30-anos-de-constituicao\/"]}]},{"@type":"ImageObject","inLanguage":"pt-BR","@id":"https:\/\/www.blogsoestado.com\/danielmatos\/em-palestra-a-academicos-da-universidade-ceuma-ministro-do-stf-destaca-avancos-do-brasil-em-30-anos-de-constituicao\/#primaryimage","url":"https:\/\/www.blogsoestado.com\/danielmatos\/files\/2018\/05\/barroso-uniceuma2.jpg","contentUrl":"https:\/\/www.blogsoestado.com\/danielmatos\/files\/2018\/05\/barroso-uniceuma2.jpg"},{"@type":"BreadcrumbList","@id":"https:\/\/www.blogsoestado.com\/danielmatos\/em-palestra-a-academicos-da-universidade-ceuma-ministro-do-stf-destaca-avancos-do-brasil-em-30-anos-de-constituicao\/#breadcrumb","itemListElement":[{"@type":"ListItem","position":1,"name":"In\u00edcio","item":"https:\/\/www.blogsoestado.com\/danielmatos\/"},{"@type":"ListItem","position":2,"name":"Em palestra a acad\u00eaminos da Universidade Ceuma, ministro do STF destaca avan\u00e7os do Brasil em 30 anos de Constitui\u00e7\u00e3o"}]},{"@type":"WebSite","@id":"https:\/\/www.blogsoestado.com\/danielmatos\/#website","url":"https:\/\/www.blogsoestado.com\/danielmatos\/","name":"Daniel Matos","description":"","potentialAction":[{"@type":"SearchAction","target":{"@type":"EntryPoint","urlTemplate":"https:\/\/www.blogsoestado.com\/danielmatos\/?s={search_term_string}"},"query-input":{"@type":"PropertyValueSpecification","valueRequired":true,"valueName":"search_term_string"}}],"inLanguage":"pt-BR"}]}},"jetpack_featured_media_url":"","_links":{"self":[{"href":"https:\/\/www.blogsoestado.com\/danielmatos\/wp-json\/wp\/v2\/posts\/51470","targetHints":{"allow":["GET"]}}],"collection":[{"href":"https:\/\/www.blogsoestado.com\/danielmatos\/wp-json\/wp\/v2\/posts"}],"about":[{"href":"https:\/\/www.blogsoestado.com\/danielmatos\/wp-json\/wp\/v2\/types\/post"}],"replies":[{"embeddable":true,"href":"https:\/\/www.blogsoestado.com\/danielmatos\/wp-json\/wp\/v2\/comments?post=51470"}],"version-history":[{"count":0,"href":"https:\/\/www.blogsoestado.com\/danielmatos\/wp-json\/wp\/v2\/posts\/51470\/revisions"}],"wp:attachment":[{"href":"https:\/\/www.blogsoestado.com\/danielmatos\/wp-json\/wp\/v2\/media?parent=51470"}],"wp:term":[{"taxonomy":"category","embeddable":true,"href":"https:\/\/www.blogsoestado.com\/danielmatos\/wp-json\/wp\/v2\/categories?post=51470"},{"taxonomy":"post_tag","embeddable":true,"href":"https:\/\/www.blogsoestado.com\/danielmatos\/wp-json\/wp\/v2\/tags?post=51470"}],"curies":[{"name":"wp","href":"https:\/\/api.w.org\/{rel}","templated":true}]}}