{"id":51473,"date":"2018-05-18T19:30:10","date_gmt":"2018-05-18T22:30:10","guid":{"rendered":"https:\/\/www.blogsoestado.com\/danielmatos\/?p=51473"},"modified":"2018-05-18T19:30:10","modified_gmt":"2018-05-18T22:30:10","slug":"ministro-do-stf-rejeita-acao-da-esposa-de-weverton-contra-roberto-rocha-por-suposta-ofensa-a-honra","status":"publish","type":"post","link":"https:\/\/www.blogsoestado.com\/danielmatos\/ministro-do-stf-rejeita-acao-da-esposa-de-weverton-contra-roberto-rocha-por-suposta-ofensa-a-honra\/","title":{"rendered":"Ministro do STF rejeita a\u00e7\u00e3o da esposa de Weverton contra Roberto Rocha por suposta ofensa \u00e0 honra"},"content":{"rendered":"<p><strong>Da <a href=\"https:\/\/blogs.oglobo.globo.com\/lauro-jardim\/post\/em-reclamacao-de-mulher-de-deputado-fux-diz-nao-ser-ofensa-insinuar-relacao-homossexual.html\">Coluna de Lauro Jardim, em O Globo<\/a><\/strong><\/p>\n<figure id=\"attachment_51474\" aria-describedby=\"caption-attachment-51474\" style=\"width: 300px\" class=\"wp-caption alignright\"><img fetchpriority=\"high\" decoding=\"async\" class=\"wp-image-51474 size-medium\" src=\"https:\/\/www.blogsoestado.com\/danielmatos\/files\/2018\/05\/fux-negou-300x180.jpg\" alt=\"\" width=\"300\" height=\"180\" \/><figcaption id=\"caption-attachment-51474\" class=\"wp-caption-text\">Ministro Fux argumentou que declara\u00e7\u00e3o de Roberto Rocha n\u00e3o foi suficiente para caracterizar ofensa \u00e0 honra familiar do deputado<\/figcaption><\/figure>\n<p>O STF negou nessa semana um pedido no m\u00ednimo inusitado.<\/p>\n<p>S\u00e1mya Lorene de Oliveira, casada com o deputado W\u00e9verton Rocha (PDT-MA), reclamou no STF da seguinte publica\u00e7\u00e3o do senador Roberto Rocha (PSDB-MA) em uma rede social:<\/p>\n<p>\u2014 N\u00e3o entendo o motivo dos constantes ataques que me fazem os pedetistas, Lupi e Weverton. Logo eu que sempre torci pela felicidade do casal.<\/p>\n<p>O senador fazia uma alus\u00e3o a Carlos Lupi, presidente nacional do PDT.<\/p>\n<p>Para S\u00e1mya, a postagem ofende a honra e a reputa\u00e7\u00e3o do deputado, dela e do filho que tem com ele.<\/p>\n<p>O STF n\u00e3o concordou. Luiz Fux argumentou primeiro que a mulher n\u00e3o tem legitimidade para entrar com a a\u00e7\u00e3o, j\u00e1 que a suposta ofensa teria sido direcionada ao marido, n\u00e3o a ela. E acrescentou:<\/p>\n<p>\u2014 O fato de o Querelado ter sugerido, em sua manifesta\u00e7\u00e3o, que o parlamentar manteria rela\u00e7\u00e3o homossexual extraconjugal, n\u00e3o \u00e9 suficiente para caracterizar sua inten\u00e7\u00e3o de ofender a honra da ora Querelante, em nada se distinguindo de outras poss\u00edveis ofensas ou maledic\u00eancias que se irrogassem contra seu marido \u2013 referentes \u00e0 sua honradez, honestidade ou a qualquer outro atributo de sua personalidade.<\/p>\n","protected":false},"excerpt":{"rendered":"<p>Da Coluna de Lauro Jardim, em O Globo O STF negou nessa semana um pedido no m\u00ednimo inusitado. S\u00e1mya Lorene [&hellip;]<\/p>\n","protected":false},"author":0,"featured_media":0,"comment_status":"open","ping_status":"open","sticky":false,"template":"","format":"standard","meta":{"site-sidebar-layout":"default","site-content-layout":"","ast-site-content-layout":"default","site-content-style":"default","site-sidebar-style":"default","ast-global-header-display":"","ast-banner-title-visibility":"","ast-main-header-display":"","ast-hfb-above-header-display":"","ast-hfb-below-header-display":"","ast-hfb-mobile-header-display":"","site-post-title":"","ast-breadcrumbs-content":"","ast-featured-img":"","footer-sml-layout":"","ast-disable-related-posts":"","theme-transparent-header-meta":"","adv-header-id-meta":"","stick-header-meta":"","header-above-stick-meta":"","header-main-stick-meta":"","header-below-stick-meta":"","astra-migrate-meta-layouts":"default","ast-page-background-enabled":"default","ast-page-background-meta":{"desktop":{"background-color":"var(--ast-global-color-5)","background-image":"","background-repeat":"repeat","background-position":"center center","background-size":"auto","background-attachment":"scroll","background-type":"","background-media":"","overlay-type":"","overlay-color":"","overlay-opacity":"","overlay-gradient":""},"tablet":{"background-color":"","background-image":"","background-repeat":"repeat","background-position":"center center","background-size":"auto","background-attachment":"scroll","background-type":"","background-media":"","overlay-type":"","overlay-color":"","overlay-opacity":"","overlay-gradient":""},"mobile":{"background-color":"","background-image":"","background-repeat":"repeat","background-position":"center center","background-size":"auto","background-attachment":"scroll","background-type":"","background-media":"","overlay-type":"","overlay-color":"","overlay-opacity":"","overlay-gradient":""}},"ast-content-background-meta":{"desktop":{"background-color":"var(--ast-global-color-4)","background-image":"","background-repeat":"repeat","background-position":"center center","background-size":"auto","background-attachment":"scroll","background-type":"","background-media":"","overlay-type":"","overlay-color":"","overlay-opacity":"","overlay-gradient":""},"tablet":{"background-color":"var(--ast-global-color-4)","background-image":"","background-repeat":"repeat","background-position":"center center","background-size":"auto","background-attachment":"scroll","background-type":"","background-media":"","overlay-type":"","overlay-color":"","overlay-opacity":"","overlay-gradient":""},"mobile":{"background-color":"var(--ast-global-color-4)","background-image":"","background-repeat":"repeat","background-position":"center center","background-size":"auto","background-attachment":"scroll","background-type":"","background-media":"","overlay-type":"","overlay-color":"","overlay-opacity":"","overlay-gradient":""}},"footnotes":""},"categories":[1],"tags":[],"class_list":["post-51473","post","type-post","status-publish","format-standard","hentry","category-sem-categoria"],"yoast_head":"<!-- This site is optimized with the Yoast SEO plugin v26.6 - https:\/\/yoast.com\/wordpress\/plugins\/seo\/ -->\n<title>Ministro do STF rejeita a\u00e7\u00e3o da esposa de Weverton contra Roberto Rocha por suposta ofensa \u00e0 honra - Daniel Matos<\/title>\n<meta name=\"robots\" content=\"index, follow, max-snippet:-1, max-image-preview:large, max-video-preview:-1\" \/>\n<link rel=\"canonical\" href=\"https:\/\/www.blogsoestado.com\/danielmatos\/ministro-do-stf-rejeita-acao-da-esposa-de-weverton-contra-roberto-rocha-por-suposta-ofensa-a-honra\/\" \/>\n<meta property=\"og:locale\" content=\"pt_BR\" \/>\n<meta property=\"og:type\" content=\"article\" \/>\n<meta property=\"og:title\" content=\"Ministro do STF rejeita a\u00e7\u00e3o da esposa de Weverton contra Roberto Rocha por suposta ofensa \u00e0 honra - Daniel Matos\" \/>\n<meta property=\"og:description\" content=\"Da Coluna de Lauro Jardim, em O Globo O STF negou nessa semana um pedido no m\u00ednimo inusitado. S\u00e1mya Lorene [&hellip;]\" \/>\n<meta property=\"og:url\" content=\"https:\/\/www.blogsoestado.com\/danielmatos\/ministro-do-stf-rejeita-acao-da-esposa-de-weverton-contra-roberto-rocha-por-suposta-ofensa-a-honra\/\" \/>\n<meta property=\"og:site_name\" content=\"Daniel Matos\" \/>\n<meta property=\"article:published_time\" content=\"2018-05-18T22:30:10+00:00\" \/>\n<meta property=\"og:image\" content=\"https:\/\/www.blogsoestado.com\/danielmatos\/files\/2018\/05\/fux-negou-300x180.jpg\" \/>\n<meta name=\"twitter:card\" content=\"summary_large_image\" \/>\n<meta name=\"twitter:label1\" content=\"Est. tempo de leitura\" \/>\n\t<meta name=\"twitter:data1\" content=\"1 minuto\" \/>\n<script type=\"application\/ld+json\" class=\"yoast-schema-graph\">{\"@context\":\"https:\/\/schema.org\",\"@graph\":[{\"@type\":\"WebPage\",\"@id\":\"https:\/\/www.blogsoestado.com\/danielmatos\/ministro-do-stf-rejeita-acao-da-esposa-de-weverton-contra-roberto-rocha-por-suposta-ofensa-a-honra\/\",\"url\":\"https:\/\/www.blogsoestado.com\/danielmatos\/ministro-do-stf-rejeita-acao-da-esposa-de-weverton-contra-roberto-rocha-por-suposta-ofensa-a-honra\/\",\"name\":\"Ministro do STF rejeita a\u00e7\u00e3o da esposa de Weverton contra Roberto Rocha por suposta ofensa \u00e0 honra - Daniel Matos\",\"isPartOf\":{\"@id\":\"https:\/\/www.blogsoestado.com\/danielmatos\/#website\"},\"primaryImageOfPage\":{\"@id\":\"https:\/\/www.blogsoestado.com\/danielmatos\/ministro-do-stf-rejeita-acao-da-esposa-de-weverton-contra-roberto-rocha-por-suposta-ofensa-a-honra\/#primaryimage\"},\"image\":{\"@id\":\"https:\/\/www.blogsoestado.com\/danielmatos\/ministro-do-stf-rejeita-acao-da-esposa-de-weverton-contra-roberto-rocha-por-suposta-ofensa-a-honra\/#primaryimage\"},\"thumbnailUrl\":\"https:\/\/www.blogsoestado.com\/danielmatos\/files\/2018\/05\/fux-negou-300x180.jpg\",\"datePublished\":\"2018-05-18T22:30:10+00:00\",\"author\":{\"@id\":\"\"},\"breadcrumb\":{\"@id\":\"https:\/\/www.blogsoestado.com\/danielmatos\/ministro-do-stf-rejeita-acao-da-esposa-de-weverton-contra-roberto-rocha-por-suposta-ofensa-a-honra\/#breadcrumb\"},\"inLanguage\":\"pt-BR\",\"potentialAction\":[{\"@type\":\"ReadAction\",\"target\":[\"https:\/\/www.blogsoestado.com\/danielmatos\/ministro-do-stf-rejeita-acao-da-esposa-de-weverton-contra-roberto-rocha-por-suposta-ofensa-a-honra\/\"]}]},{\"@type\":\"ImageObject\",\"inLanguage\":\"pt-BR\",\"@id\":\"https:\/\/www.blogsoestado.com\/danielmatos\/ministro-do-stf-rejeita-acao-da-esposa-de-weverton-contra-roberto-rocha-por-suposta-ofensa-a-honra\/#primaryimage\",\"url\":\"https:\/\/www.blogsoestado.com\/danielmatos\/files\/2018\/05\/fux-negou-300x180.jpg\",\"contentUrl\":\"https:\/\/www.blogsoestado.com\/danielmatos\/files\/2018\/05\/fux-negou-300x180.jpg\"},{\"@type\":\"BreadcrumbList\",\"@id\":\"https:\/\/www.blogsoestado.com\/danielmatos\/ministro-do-stf-rejeita-acao-da-esposa-de-weverton-contra-roberto-rocha-por-suposta-ofensa-a-honra\/#breadcrumb\",\"itemListElement\":[{\"@type\":\"ListItem\",\"position\":1,\"name\":\"In\u00edcio\",\"item\":\"https:\/\/www.blogsoestado.com\/danielmatos\/\"},{\"@type\":\"ListItem\",\"position\":2,\"name\":\"Ministro do STF rejeita a\u00e7\u00e3o da esposa de Weverton contra Roberto Rocha por suposta ofensa \u00e0 honra\"}]},{\"@type\":\"WebSite\",\"@id\":\"https:\/\/www.blogsoestado.com\/danielmatos\/#website\",\"url\":\"https:\/\/www.blogsoestado.com\/danielmatos\/\",\"name\":\"Daniel Matos\",\"description\":\"\",\"potentialAction\":[{\"@type\":\"SearchAction\",\"target\":{\"@type\":\"EntryPoint\",\"urlTemplate\":\"https:\/\/www.blogsoestado.com\/danielmatos\/?s={search_term_string}\"},\"query-input\":{\"@type\":\"PropertyValueSpecification\",\"valueRequired\":true,\"valueName\":\"search_term_string\"}}],\"inLanguage\":\"pt-BR\"}]}<\/script>\n<!-- \/ Yoast SEO plugin. -->","yoast_head_json":{"title":"Ministro do STF rejeita a\u00e7\u00e3o da esposa de Weverton contra Roberto Rocha por suposta ofensa \u00e0 honra - Daniel Matos","robots":{"index":"index","follow":"follow","max-snippet":"max-snippet:-1","max-image-preview":"max-image-preview:large","max-video-preview":"max-video-preview:-1"},"canonical":"https:\/\/www.blogsoestado.com\/danielmatos\/ministro-do-stf-rejeita-acao-da-esposa-de-weverton-contra-roberto-rocha-por-suposta-ofensa-a-honra\/","og_locale":"pt_BR","og_type":"article","og_title":"Ministro do STF rejeita a\u00e7\u00e3o da esposa de Weverton contra Roberto Rocha por suposta ofensa \u00e0 honra - Daniel Matos","og_description":"Da Coluna de Lauro Jardim, em O Globo O STF negou nessa semana um pedido no m\u00ednimo inusitado. S\u00e1mya Lorene [&hellip;]","og_url":"https:\/\/www.blogsoestado.com\/danielmatos\/ministro-do-stf-rejeita-acao-da-esposa-de-weverton-contra-roberto-rocha-por-suposta-ofensa-a-honra\/","og_site_name":"Daniel Matos","article_published_time":"2018-05-18T22:30:10+00:00","og_image":[{"url":"https:\/\/www.blogsoestado.com\/danielmatos\/files\/2018\/05\/fux-negou-300x180.jpg","type":"","width":"","height":""}],"twitter_card":"summary_large_image","twitter_misc":{"Est. tempo de leitura":"1 minuto"},"schema":{"@context":"https:\/\/schema.org","@graph":[{"@type":"WebPage","@id":"https:\/\/www.blogsoestado.com\/danielmatos\/ministro-do-stf-rejeita-acao-da-esposa-de-weverton-contra-roberto-rocha-por-suposta-ofensa-a-honra\/","url":"https:\/\/www.blogsoestado.com\/danielmatos\/ministro-do-stf-rejeita-acao-da-esposa-de-weverton-contra-roberto-rocha-por-suposta-ofensa-a-honra\/","name":"Ministro do STF rejeita a\u00e7\u00e3o da esposa de Weverton contra Roberto Rocha por suposta ofensa \u00e0 honra - Daniel Matos","isPartOf":{"@id":"https:\/\/www.blogsoestado.com\/danielmatos\/#website"},"primaryImageOfPage":{"@id":"https:\/\/www.blogsoestado.com\/danielmatos\/ministro-do-stf-rejeita-acao-da-esposa-de-weverton-contra-roberto-rocha-por-suposta-ofensa-a-honra\/#primaryimage"},"image":{"@id":"https:\/\/www.blogsoestado.com\/danielmatos\/ministro-do-stf-rejeita-acao-da-esposa-de-weverton-contra-roberto-rocha-por-suposta-ofensa-a-honra\/#primaryimage"},"thumbnailUrl":"https:\/\/www.blogsoestado.com\/danielmatos\/files\/2018\/05\/fux-negou-300x180.jpg","datePublished":"2018-05-18T22:30:10+00:00","author":{"@id":""},"breadcrumb":{"@id":"https:\/\/www.blogsoestado.com\/danielmatos\/ministro-do-stf-rejeita-acao-da-esposa-de-weverton-contra-roberto-rocha-por-suposta-ofensa-a-honra\/#breadcrumb"},"inLanguage":"pt-BR","potentialAction":[{"@type":"ReadAction","target":["https:\/\/www.blogsoestado.com\/danielmatos\/ministro-do-stf-rejeita-acao-da-esposa-de-weverton-contra-roberto-rocha-por-suposta-ofensa-a-honra\/"]}]},{"@type":"ImageObject","inLanguage":"pt-BR","@id":"https:\/\/www.blogsoestado.com\/danielmatos\/ministro-do-stf-rejeita-acao-da-esposa-de-weverton-contra-roberto-rocha-por-suposta-ofensa-a-honra\/#primaryimage","url":"https:\/\/www.blogsoestado.com\/danielmatos\/files\/2018\/05\/fux-negou-300x180.jpg","contentUrl":"https:\/\/www.blogsoestado.com\/danielmatos\/files\/2018\/05\/fux-negou-300x180.jpg"},{"@type":"BreadcrumbList","@id":"https:\/\/www.blogsoestado.com\/danielmatos\/ministro-do-stf-rejeita-acao-da-esposa-de-weverton-contra-roberto-rocha-por-suposta-ofensa-a-honra\/#breadcrumb","itemListElement":[{"@type":"ListItem","position":1,"name":"In\u00edcio","item":"https:\/\/www.blogsoestado.com\/danielmatos\/"},{"@type":"ListItem","position":2,"name":"Ministro do STF rejeita a\u00e7\u00e3o da esposa de Weverton contra Roberto Rocha por suposta ofensa \u00e0 honra"}]},{"@type":"WebSite","@id":"https:\/\/www.blogsoestado.com\/danielmatos\/#website","url":"https:\/\/www.blogsoestado.com\/danielmatos\/","name":"Daniel Matos","description":"","potentialAction":[{"@type":"SearchAction","target":{"@type":"EntryPoint","urlTemplate":"https:\/\/www.blogsoestado.com\/danielmatos\/?s={search_term_string}"},"query-input":{"@type":"PropertyValueSpecification","valueRequired":true,"valueName":"search_term_string"}}],"inLanguage":"pt-BR"}]}},"jetpack_featured_media_url":"","_links":{"self":[{"href":"https:\/\/www.blogsoestado.com\/danielmatos\/wp-json\/wp\/v2\/posts\/51473","targetHints":{"allow":["GET"]}}],"collection":[{"href":"https:\/\/www.blogsoestado.com\/danielmatos\/wp-json\/wp\/v2\/posts"}],"about":[{"href":"https:\/\/www.blogsoestado.com\/danielmatos\/wp-json\/wp\/v2\/types\/post"}],"replies":[{"embeddable":true,"href":"https:\/\/www.blogsoestado.com\/danielmatos\/wp-json\/wp\/v2\/comments?post=51473"}],"version-history":[{"count":0,"href":"https:\/\/www.blogsoestado.com\/danielmatos\/wp-json\/wp\/v2\/posts\/51473\/revisions"}],"wp:attachment":[{"href":"https:\/\/www.blogsoestado.com\/danielmatos\/wp-json\/wp\/v2\/media?parent=51473"}],"wp:term":[{"taxonomy":"category","embeddable":true,"href":"https:\/\/www.blogsoestado.com\/danielmatos\/wp-json\/wp\/v2\/categories?post=51473"},{"taxonomy":"post_tag","embeddable":true,"href":"https:\/\/www.blogsoestado.com\/danielmatos\/wp-json\/wp\/v2\/tags?post=51473"}],"curies":[{"name":"wp","href":"https:\/\/api.w.org\/{rel}","templated":true}]}}