{"id":51499,"date":"2018-05-20T13:11:08","date_gmt":"2018-05-20T16:11:08","guid":{"rendered":"https:\/\/www.blogsoestado.com\/danielmatos\/?p=51499"},"modified":"2018-05-20T13:11:08","modified_gmt":"2018-05-20T16:11:08","slug":"vereador-marquinhos-participa-de-entrega-de-escolas-dignas-no-polo-turu","status":"publish","type":"post","link":"https:\/\/www.blogsoestado.com\/danielmatos\/vereador-marquinhos-participa-de-entrega-de-escolas-dignas-no-polo-turu\/","title":{"rendered":"Vereador Marquinhos participa de entrega de escolas dignas no p\u00f3lo Turu"},"content":{"rendered":"<figure id=\"attachment_51500\" aria-describedby=\"caption-attachment-51500\" style=\"width: 640px\" class=\"wp-caption aligncenter\"><img fetchpriority=\"high\" decoding=\"async\" class=\"size-full wp-image-51500\" src=\"https:\/\/www.blogsoestado.com\/danielmatos\/files\/2018\/05\/marquinhos-escola.jpg\" alt=\"\" width=\"640\" height=\"480\" \/><figcaption id=\"caption-attachment-51500\" class=\"wp-caption-text\">Vereador Marquinhos agradece ao secret\u00e1rio Felipe Camar\u00e3o por empenho para a melhoria da qualidade do ensino<\/figcaption><\/figure>\n<p>O vereador Ant\u00f4nio Marcos Silva, o Marquinhos (DEM), participou das cerim\u00f4nias de inaugura\u00e7\u00e3o do Centro de Ensino Paulo Freire e do Centro de Ensino em Tempo Integral Estef\u00e2nia Rosa, no Turu, como parte do programa Escola Digna, do Governo do Estado. O representante da C\u00e2mara Municipal destacou a import\u00e2ncia da reestrutura\u00e7\u00e3o f\u00edsicas\u00a0dos pr\u00e9dios para a melhoria da qualidade do ensino aos estudantes matriculados.<\/p>\n<p>As duas escolas do p\u00f3lo Turu foram\u00a0contemplados com investimentos do Governo do Maranh\u00e3o na ordem R$ 6,7 milh\u00f5es, recursos oriundos do Tesouro Estadual, destinados a cinco unidades de ensino cujas reformas foram entregues semana passada. Ao todo, as melhorias beneficiaram 2.681 estudantes de Ensino Fundamental e Ensino M\u00e9dio Regular e Integral.<\/p>\n<figure id=\"attachment_51503\" aria-describedby=\"caption-attachment-51503\" style=\"width: 640px\" class=\"wp-caption aligncenter\"><img decoding=\"async\" class=\"size-full wp-image-51503\" src=\"https:\/\/www.blogsoestado.com\/danielmatos\/files\/2018\/05\/marquinhos-escola3.jpg\" alt=\"\" width=\"640\" height=\"480\" \/><figcaption id=\"caption-attachment-51503\" class=\"wp-caption-text\">Marquinhos, Felipe Camar\u00e3o, alunas e diretora descerram placa de inaugura\u00e7\u00e3o da reforma do Centro de Ensino Paulo Freire<\/figcaption><\/figure>\n<p>Ao fazer uso da palavra na solenidade de entrega do Centro de Ensino Paulo Freire, Marquinhos agradeceu o empenho do secret\u00e1rio de Estado da Educa\u00e7\u00e3o, Felipe Camar\u00e3o, em prol da melhor qualidade do ensino, esfor\u00e7o materializado por meio do programa Escola Digna. Como representante pol\u00edtico da regi\u00e3o do Turu, o vereador conhece bem a realidade da educa\u00e7\u00e3o p\u00fablica na \u00e1rea e afirmou que agora os alunos disp\u00f5em de condi\u00e7\u00f5es adequadas de aprendizado.<\/p>\n<p>Al\u00e9m de alunos, professores, gestores escolares e convidados, dentre os quais o vereador Marquinhos, as solenidades contaram com as presen\u00e7as de gestores de outras escolas, de deputados estaduais, secret\u00e1rios adjuntos, o subsecret\u00e1rio de Educa\u00e7\u00e3o, Danilo Furtado, e o secret\u00e1rio Felipe Camar\u00e3o, que comandou a comitiva por todas as escolas.<\/p>\n<figure id=\"attachment_51501\" aria-describedby=\"caption-attachment-51501\" style=\"width: 640px\" class=\"wp-caption aligncenter\"><img decoding=\"async\" class=\"size-full wp-image-51501\" src=\"https:\/\/www.blogsoestado.com\/danielmatos\/files\/2018\/05\/marquinhos-escola2.jpg\" alt=\"\" width=\"640\" height=\"480\" \/><figcaption id=\"caption-attachment-51501\" class=\"wp-caption-text\">Marquinhos comemora a entrega das escolas com Felipe Camar\u00e3o, estudantes, professores e gestores<\/figcaption><\/figure>\n<p>Melhorias nos telhados, revestimentos, divis\u00f3rias, forros, banheiros, pintura, instala\u00e7\u00f5es el\u00e9tricas e hidr\u00e1ulicas foram algumas das obras realizadas. As escolas, que antes eram ambientes\u00a0 depredados e em condi\u00e7\u00f5es prec\u00e1rias de uso, agora disp\u00f5em de novas salas de aula, cantina, biblioteca e laborat\u00f3rios de inform\u00e1tica.<\/p>\n","protected":false},"excerpt":{"rendered":"<p>O vereador Ant\u00f4nio Marcos Silva, o Marquinhos (DEM), participou das cerim\u00f4nias de inaugura\u00e7\u00e3o do Centro de Ensino Paulo Freire e [&hellip;]<\/p>\n","protected":false},"author":0,"featured_media":0,"comment_status":"open","ping_status":"open","sticky":false,"template":"","format":"standard","meta":{"site-sidebar-layout":"default","site-content-layout":"","ast-site-content-layout":"default","site-content-style":"default","site-sidebar-style":"default","ast-global-header-display":"","ast-banner-title-visibility":"","ast-main-header-display":"","ast-hfb-above-header-display":"","ast-hfb-below-header-display":"","ast-hfb-mobile-header-display":"","site-post-title":"","ast-breadcrumbs-content":"","ast-featured-img":"","footer-sml-layout":"","ast-disable-related-posts":"","theme-transparent-header-meta":"","adv-header-id-meta":"","stick-header-meta":"","header-above-stick-meta":"","header-main-stick-meta":"","header-below-stick-meta":"","astra-migrate-meta-layouts":"default","ast-page-background-enabled":"default","ast-page-background-meta":{"desktop":{"background-color":"var(--ast-global-color-5)","background-image":"","background-repeat":"repeat","background-position":"center center","background-size":"auto","background-attachment":"scroll","background-type":"","background-media":"","overlay-type":"","overlay-color":"","overlay-opacity":"","overlay-gradient":""},"tablet":{"background-color":"","background-image":"","background-repeat":"repeat","background-position":"center center","background-size":"auto","background-attachment":"scroll","background-type":"","background-media":"","overlay-type":"","overlay-color":"","overlay-opacity":"","overlay-gradient":""},"mobile":{"background-color":"","background-image":"","background-repeat":"repeat","background-position":"center center","background-size":"auto","background-attachment":"scroll","background-type":"","background-media":"","overlay-type":"","overlay-color":"","overlay-opacity":"","overlay-gradient":""}},"ast-content-background-meta":{"desktop":{"background-color":"var(--ast-global-color-4)","background-image":"","background-repeat":"repeat","background-position":"center center","background-size":"auto","background-attachment":"scroll","background-type":"","background-media":"","overlay-type":"","overlay-color":"","overlay-opacity":"","overlay-gradient":""},"tablet":{"background-color":"var(--ast-global-color-4)","background-image":"","background-repeat":"repeat","background-position":"center center","background-size":"auto","background-attachment":"scroll","background-type":"","background-media":"","overlay-type":"","overlay-color":"","overlay-opacity":"","overlay-gradient":""},"mobile":{"background-color":"var(--ast-global-color-4)","background-image":"","background-repeat":"repeat","background-position":"center center","background-size":"auto","background-attachment":"scroll","background-type":"","background-media":"","overlay-type":"","overlay-color":"","overlay-opacity":"","overlay-gradient":""}},"footnotes":""},"categories":[1],"tags":[],"class_list":["post-51499","post","type-post","status-publish","format-standard","hentry","category-sem-categoria"],"yoast_head":"<!-- This site is optimized with the Yoast SEO plugin v26.6 - https:\/\/yoast.com\/wordpress\/plugins\/seo\/ -->\n<title>Vereador Marquinhos participa de entrega de escolas dignas no p\u00f3lo Turu - Daniel Matos<\/title>\n<meta name=\"robots\" content=\"index, follow, max-snippet:-1, max-image-preview:large, max-video-preview:-1\" \/>\n<link rel=\"canonical\" href=\"https:\/\/www.blogsoestado.com\/danielmatos\/vereador-marquinhos-participa-de-entrega-de-escolas-dignas-no-polo-turu\/\" \/>\n<meta property=\"og:locale\" content=\"pt_BR\" \/>\n<meta property=\"og:type\" content=\"article\" \/>\n<meta property=\"og:title\" content=\"Vereador Marquinhos participa de entrega de escolas dignas no p\u00f3lo Turu - Daniel Matos\" \/>\n<meta property=\"og:description\" content=\"O vereador Ant\u00f4nio Marcos Silva, o Marquinhos (DEM), participou das cerim\u00f4nias de inaugura\u00e7\u00e3o do Centro de Ensino Paulo Freire e [&hellip;]\" \/>\n<meta property=\"og:url\" content=\"https:\/\/www.blogsoestado.com\/danielmatos\/vereador-marquinhos-participa-de-entrega-de-escolas-dignas-no-polo-turu\/\" \/>\n<meta property=\"og:site_name\" content=\"Daniel Matos\" \/>\n<meta property=\"article:published_time\" content=\"2018-05-20T16:11:08+00:00\" \/>\n<meta property=\"og:image\" content=\"https:\/\/www.blogsoestado.com\/danielmatos\/files\/2018\/05\/marquinhos-escola.jpg\" \/>\n<meta name=\"twitter:card\" content=\"summary_large_image\" \/>\n<meta name=\"twitter:label1\" content=\"Est. tempo de leitura\" \/>\n\t<meta name=\"twitter:data1\" content=\"2 minutos\" \/>\n<script type=\"application\/ld+json\" class=\"yoast-schema-graph\">{\"@context\":\"https:\/\/schema.org\",\"@graph\":[{\"@type\":\"WebPage\",\"@id\":\"https:\/\/www.blogsoestado.com\/danielmatos\/vereador-marquinhos-participa-de-entrega-de-escolas-dignas-no-polo-turu\/\",\"url\":\"https:\/\/www.blogsoestado.com\/danielmatos\/vereador-marquinhos-participa-de-entrega-de-escolas-dignas-no-polo-turu\/\",\"name\":\"Vereador Marquinhos participa de entrega de escolas dignas no p\u00f3lo Turu - Daniel Matos\",\"isPartOf\":{\"@id\":\"https:\/\/www.blogsoestado.com\/danielmatos\/#website\"},\"primaryImageOfPage\":{\"@id\":\"https:\/\/www.blogsoestado.com\/danielmatos\/vereador-marquinhos-participa-de-entrega-de-escolas-dignas-no-polo-turu\/#primaryimage\"},\"image\":{\"@id\":\"https:\/\/www.blogsoestado.com\/danielmatos\/vereador-marquinhos-participa-de-entrega-de-escolas-dignas-no-polo-turu\/#primaryimage\"},\"thumbnailUrl\":\"https:\/\/www.blogsoestado.com\/danielmatos\/files\/2018\/05\/marquinhos-escola.jpg\",\"datePublished\":\"2018-05-20T16:11:08+00:00\",\"author\":{\"@id\":\"\"},\"breadcrumb\":{\"@id\":\"https:\/\/www.blogsoestado.com\/danielmatos\/vereador-marquinhos-participa-de-entrega-de-escolas-dignas-no-polo-turu\/#breadcrumb\"},\"inLanguage\":\"pt-BR\",\"potentialAction\":[{\"@type\":\"ReadAction\",\"target\":[\"https:\/\/www.blogsoestado.com\/danielmatos\/vereador-marquinhos-participa-de-entrega-de-escolas-dignas-no-polo-turu\/\"]}]},{\"@type\":\"ImageObject\",\"inLanguage\":\"pt-BR\",\"@id\":\"https:\/\/www.blogsoestado.com\/danielmatos\/vereador-marquinhos-participa-de-entrega-de-escolas-dignas-no-polo-turu\/#primaryimage\",\"url\":\"https:\/\/www.blogsoestado.com\/danielmatos\/files\/2018\/05\/marquinhos-escola.jpg\",\"contentUrl\":\"https:\/\/www.blogsoestado.com\/danielmatos\/files\/2018\/05\/marquinhos-escola.jpg\"},{\"@type\":\"BreadcrumbList\",\"@id\":\"https:\/\/www.blogsoestado.com\/danielmatos\/vereador-marquinhos-participa-de-entrega-de-escolas-dignas-no-polo-turu\/#breadcrumb\",\"itemListElement\":[{\"@type\":\"ListItem\",\"position\":1,\"name\":\"In\u00edcio\",\"item\":\"https:\/\/www.blogsoestado.com\/danielmatos\/\"},{\"@type\":\"ListItem\",\"position\":2,\"name\":\"Vereador Marquinhos participa de entrega de escolas dignas no p\u00f3lo Turu\"}]},{\"@type\":\"WebSite\",\"@id\":\"https:\/\/www.blogsoestado.com\/danielmatos\/#website\",\"url\":\"https:\/\/www.blogsoestado.com\/danielmatos\/\",\"name\":\"Daniel Matos\",\"description\":\"\",\"potentialAction\":[{\"@type\":\"SearchAction\",\"target\":{\"@type\":\"EntryPoint\",\"urlTemplate\":\"https:\/\/www.blogsoestado.com\/danielmatos\/?s={search_term_string}\"},\"query-input\":{\"@type\":\"PropertyValueSpecification\",\"valueRequired\":true,\"valueName\":\"search_term_string\"}}],\"inLanguage\":\"pt-BR\"}]}<\/script>\n<!-- \/ Yoast SEO plugin. -->","yoast_head_json":{"title":"Vereador Marquinhos participa de entrega de escolas dignas no p\u00f3lo Turu - Daniel Matos","robots":{"index":"index","follow":"follow","max-snippet":"max-snippet:-1","max-image-preview":"max-image-preview:large","max-video-preview":"max-video-preview:-1"},"canonical":"https:\/\/www.blogsoestado.com\/danielmatos\/vereador-marquinhos-participa-de-entrega-de-escolas-dignas-no-polo-turu\/","og_locale":"pt_BR","og_type":"article","og_title":"Vereador Marquinhos participa de entrega de escolas dignas no p\u00f3lo Turu - Daniel Matos","og_description":"O vereador Ant\u00f4nio Marcos Silva, o Marquinhos (DEM), participou das cerim\u00f4nias de inaugura\u00e7\u00e3o do Centro de Ensino Paulo Freire e [&hellip;]","og_url":"https:\/\/www.blogsoestado.com\/danielmatos\/vereador-marquinhos-participa-de-entrega-de-escolas-dignas-no-polo-turu\/","og_site_name":"Daniel Matos","article_published_time":"2018-05-20T16:11:08+00:00","og_image":[{"url":"https:\/\/www.blogsoestado.com\/danielmatos\/files\/2018\/05\/marquinhos-escola.jpg","type":"","width":"","height":""}],"twitter_card":"summary_large_image","twitter_misc":{"Est. tempo de leitura":"2 minutos"},"schema":{"@context":"https:\/\/schema.org","@graph":[{"@type":"WebPage","@id":"https:\/\/www.blogsoestado.com\/danielmatos\/vereador-marquinhos-participa-de-entrega-de-escolas-dignas-no-polo-turu\/","url":"https:\/\/www.blogsoestado.com\/danielmatos\/vereador-marquinhos-participa-de-entrega-de-escolas-dignas-no-polo-turu\/","name":"Vereador Marquinhos participa de entrega de escolas dignas no p\u00f3lo Turu - Daniel Matos","isPartOf":{"@id":"https:\/\/www.blogsoestado.com\/danielmatos\/#website"},"primaryImageOfPage":{"@id":"https:\/\/www.blogsoestado.com\/danielmatos\/vereador-marquinhos-participa-de-entrega-de-escolas-dignas-no-polo-turu\/#primaryimage"},"image":{"@id":"https:\/\/www.blogsoestado.com\/danielmatos\/vereador-marquinhos-participa-de-entrega-de-escolas-dignas-no-polo-turu\/#primaryimage"},"thumbnailUrl":"https:\/\/www.blogsoestado.com\/danielmatos\/files\/2018\/05\/marquinhos-escola.jpg","datePublished":"2018-05-20T16:11:08+00:00","author":{"@id":""},"breadcrumb":{"@id":"https:\/\/www.blogsoestado.com\/danielmatos\/vereador-marquinhos-participa-de-entrega-de-escolas-dignas-no-polo-turu\/#breadcrumb"},"inLanguage":"pt-BR","potentialAction":[{"@type":"ReadAction","target":["https:\/\/www.blogsoestado.com\/danielmatos\/vereador-marquinhos-participa-de-entrega-de-escolas-dignas-no-polo-turu\/"]}]},{"@type":"ImageObject","inLanguage":"pt-BR","@id":"https:\/\/www.blogsoestado.com\/danielmatos\/vereador-marquinhos-participa-de-entrega-de-escolas-dignas-no-polo-turu\/#primaryimage","url":"https:\/\/www.blogsoestado.com\/danielmatos\/files\/2018\/05\/marquinhos-escola.jpg","contentUrl":"https:\/\/www.blogsoestado.com\/danielmatos\/files\/2018\/05\/marquinhos-escola.jpg"},{"@type":"BreadcrumbList","@id":"https:\/\/www.blogsoestado.com\/danielmatos\/vereador-marquinhos-participa-de-entrega-de-escolas-dignas-no-polo-turu\/#breadcrumb","itemListElement":[{"@type":"ListItem","position":1,"name":"In\u00edcio","item":"https:\/\/www.blogsoestado.com\/danielmatos\/"},{"@type":"ListItem","position":2,"name":"Vereador Marquinhos participa de entrega de escolas dignas no p\u00f3lo Turu"}]},{"@type":"WebSite","@id":"https:\/\/www.blogsoestado.com\/danielmatos\/#website","url":"https:\/\/www.blogsoestado.com\/danielmatos\/","name":"Daniel Matos","description":"","potentialAction":[{"@type":"SearchAction","target":{"@type":"EntryPoint","urlTemplate":"https:\/\/www.blogsoestado.com\/danielmatos\/?s={search_term_string}"},"query-input":{"@type":"PropertyValueSpecification","valueRequired":true,"valueName":"search_term_string"}}],"inLanguage":"pt-BR"}]}},"jetpack_featured_media_url":"","_links":{"self":[{"href":"https:\/\/www.blogsoestado.com\/danielmatos\/wp-json\/wp\/v2\/posts\/51499","targetHints":{"allow":["GET"]}}],"collection":[{"href":"https:\/\/www.blogsoestado.com\/danielmatos\/wp-json\/wp\/v2\/posts"}],"about":[{"href":"https:\/\/www.blogsoestado.com\/danielmatos\/wp-json\/wp\/v2\/types\/post"}],"replies":[{"embeddable":true,"href":"https:\/\/www.blogsoestado.com\/danielmatos\/wp-json\/wp\/v2\/comments?post=51499"}],"version-history":[{"count":0,"href":"https:\/\/www.blogsoestado.com\/danielmatos\/wp-json\/wp\/v2\/posts\/51499\/revisions"}],"wp:attachment":[{"href":"https:\/\/www.blogsoestado.com\/danielmatos\/wp-json\/wp\/v2\/media?parent=51499"}],"wp:term":[{"taxonomy":"category","embeddable":true,"href":"https:\/\/www.blogsoestado.com\/danielmatos\/wp-json\/wp\/v2\/categories?post=51499"},{"taxonomy":"post_tag","embeddable":true,"href":"https:\/\/www.blogsoestado.com\/danielmatos\/wp-json\/wp\/v2\/tags?post=51499"}],"curies":[{"name":"wp","href":"https:\/\/api.w.org\/{rel}","templated":true}]}}