{"id":51506,"date":"2018-05-20T14:02:29","date_gmt":"2018-05-20T17:02:29","guid":{"rendered":"https:\/\/www.blogsoestado.com\/danielmatos\/?p=51506"},"modified":"2018-05-20T14:02:29","modified_gmt":"2018-05-20T17:02:29","slug":"barco-com-25-imigrantes-e-dois-brasileiros-deriva-e-resgatado-na-costa-do-maranhao","status":"publish","type":"post","link":"https:\/\/www.blogsoestado.com\/danielmatos\/barco-com-25-imigrantes-e-dois-brasileiros-deriva-e-resgatado-na-costa-do-maranhao\/","title":{"rendered":"Barco com 25 imigrantes e dois brasileiros \u00e0 deriva \u00e9 resgatado na costa do Maranh\u00e3o"},"content":{"rendered":"<p><a href=\"https:\/\/noticias.uol.com.br\/cotidiano\/ultimas-noticias\/2018\/05\/20\/barco-com-25-imigrantes-a-deriva-e-regatado-na-costa-do-maranhao.htm?utm_source=chrome&amp;utm_medium=webalert&amp;utm_campaign=noticias\"><strong>UOL Not\u00edcias<\/strong><\/a><\/p>\n<figure id=\"attachment_51508\" aria-describedby=\"caption-attachment-51508\" style=\"width: 615px\" class=\"wp-caption aligncenter\"><img fetchpriority=\"high\" decoding=\"async\" class=\"size-full wp-image-51508\" src=\"https:\/\/www.blogsoestado.com\/danielmatos\/files\/2018\/05\/a-deriva.jpg\" alt=\"\" width=\"615\" height=\"470\" \/><figcaption id=\"caption-attachment-51508\" class=\"wp-caption-text\">Imigrantes africanos foram resgatados \u00e0 deriva em um barco na costa do Maranh\u00e3o (Foto: Capitania dos Portos do Maranh\u00e3o)<\/figcaption><\/figure>\n<p>Um barco com 25 imigrantes e dois brasileiros foi resgatado \u00e0 deriva na costa do Maranh\u00e3o na noite deste s\u00e1bado (20). De acordo com a Capitania dos Postos do Maranh\u00e3o, a embarca\u00e7\u00e3o possui bandeira do Haiti, mas os imigrantes s\u00e3o africanos.<\/p>\n<p>Eles foram resgatados por pescadores cearenses, e teriam contado que estavam havia pelo menos 35 dias perdidos no mar. O barco em que estavam foi rebocado pelo barco dos pescadores do alto mar para o cais de S\u00e3o Jos\u00e9 de Ribamar, cidade costeira mais pr\u00f3xima do ponto onde foram encontrados, onde chegou por volta das 23h30.<\/p>\n<p>Foram encontrados estrangeiros vindos do Senegal, Nig\u00e9ria, Guin\u00e9, Serra Leoa e Cabo Verde, al\u00e9m dos dois brasileiros, de acordo com o governo do Maranh\u00e3o. A Pol\u00edcia Federal investiga se houve crime no transporte dessas pessoas ao pa\u00eds e vai avaliar a situa\u00e7\u00e3o jur\u00eddica delas no Brasil.<\/p>\n<p>De acordo com a Capitania dos Portos, a Marinha recebeu pela manh\u00e3 de s\u00e1bado a informa\u00e7\u00e3o de que havia uma embarca\u00e7\u00e3o estrangeira \u00e0 deriva no mar a 60 milhas n\u00e1uticas de S\u00e3o Jos\u00e9 de Ribamar, e acionou o CTA (Comando T\u00e1tico A\u00e9reo), da PM do Maranh\u00e3o, a Pol\u00edcia Federal, Anvisa, Corpo de Bombeiros e a EMAP\u00a0(Empresa Maranhense de Administra\u00e7\u00e3o Portu\u00e1ria), para localizar a embarca\u00e7\u00e3o. Foram realizados sobrevoos na \u00e1rea, mas o barco n\u00e3o foi localizado.<\/p>\n<p>Pela tarde, quando a Marinha preparava um plano para enviar navios ao local e localizar o barco \u00e0 deriva, chamado de &#8220;Rossana&#8221;, recebeu um r\u00e1dio informando que o barco pesqueiro &#8220;Tampinha I&#8221; havia localizado o &#8220;Rossana&#8221; e estava rebocando ele at\u00e9 o cais de S\u00e3o Jos\u00e9 de Ribamar.<\/p>\n<p>De acordo com a Capitania dos Portos, o pescador\u00a0Raimundo Lima Patr\u00edcio, que conduzia o barco pesqueiro, afirmou que estava quase sem \u00e1gua e comida para os tripulantes do outro barco que encontrou \u00e0 deriva, e por isso teve de atracar na cidade e n\u00e3o seguiu para o\u00a0Porto do Itaqui, para onde a Marinha havia mandado ele ir. Segundo o pescador, o &#8220;Rossanna&#8221; estava em condi\u00e7\u00f5es prec\u00e1rias e n\u00e3o tinha condi\u00e7\u00f5es de navegar por muito mais tempo.<\/p>\n","protected":false},"excerpt":{"rendered":"<p>UOL Not\u00edcias Um barco com 25 imigrantes e dois brasileiros foi resgatado \u00e0 deriva na costa do Maranh\u00e3o na noite [&hellip;]<\/p>\n","protected":false},"author":0,"featured_media":0,"comment_status":"open","ping_status":"open","sticky":false,"template":"","format":"standard","meta":{"site-sidebar-layout":"default","site-content-layout":"","ast-site-content-layout":"default","site-content-style":"default","site-sidebar-style":"default","ast-global-header-display":"","ast-banner-title-visibility":"","ast-main-header-display":"","ast-hfb-above-header-display":"","ast-hfb-below-header-display":"","ast-hfb-mobile-header-display":"","site-post-title":"","ast-breadcrumbs-content":"","ast-featured-img":"","footer-sml-layout":"","ast-disable-related-posts":"","theme-transparent-header-meta":"","adv-header-id-meta":"","stick-header-meta":"","header-above-stick-meta":"","header-main-stick-meta":"","header-below-stick-meta":"","astra-migrate-meta-layouts":"default","ast-page-background-enabled":"default","ast-page-background-meta":{"desktop":{"background-color":"var(--ast-global-color-5)","background-image":"","background-repeat":"repeat","background-position":"center center","background-size":"auto","background-attachment":"scroll","background-type":"","background-media":"","overlay-type":"","overlay-color":"","overlay-opacity":"","overlay-gradient":""},"tablet":{"background-color":"","background-image":"","background-repeat":"repeat","background-position":"center center","background-size":"auto","background-attachment":"scroll","background-type":"","background-media":"","overlay-type":"","overlay-color":"","overlay-opacity":"","overlay-gradient":""},"mobile":{"background-color":"","background-image":"","background-repeat":"repeat","background-position":"center center","background-size":"auto","background-attachment":"scroll","background-type":"","background-media":"","overlay-type":"","overlay-color":"","overlay-opacity":"","overlay-gradient":""}},"ast-content-background-meta":{"desktop":{"background-color":"var(--ast-global-color-4)","background-image":"","background-repeat":"repeat","background-position":"center center","background-size":"auto","background-attachment":"scroll","background-type":"","background-media":"","overlay-type":"","overlay-color":"","overlay-opacity":"","overlay-gradient":""},"tablet":{"background-color":"var(--ast-global-color-4)","background-image":"","background-repeat":"repeat","background-position":"center center","background-size":"auto","background-attachment":"scroll","background-type":"","background-media":"","overlay-type":"","overlay-color":"","overlay-opacity":"","overlay-gradient":""},"mobile":{"background-color":"var(--ast-global-color-4)","background-image":"","background-repeat":"repeat","background-position":"center center","background-size":"auto","background-attachment":"scroll","background-type":"","background-media":"","overlay-type":"","overlay-color":"","overlay-opacity":"","overlay-gradient":""}},"footnotes":""},"categories":[1],"tags":[],"class_list":["post-51506","post","type-post","status-publish","format-standard","hentry","category-sem-categoria"],"yoast_head":"<!-- This site is optimized with the Yoast SEO plugin v26.6 - https:\/\/yoast.com\/wordpress\/plugins\/seo\/ -->\n<title>Barco com 25 imigrantes e dois brasileiros \u00e0 deriva \u00e9 resgatado na costa do Maranh\u00e3o - Daniel Matos<\/title>\n<meta name=\"robots\" content=\"index, follow, max-snippet:-1, max-image-preview:large, max-video-preview:-1\" \/>\n<link rel=\"canonical\" href=\"https:\/\/www.blogsoestado.com\/danielmatos\/barco-com-25-imigrantes-e-dois-brasileiros-deriva-e-resgatado-na-costa-do-maranhao\/\" \/>\n<meta property=\"og:locale\" content=\"pt_BR\" \/>\n<meta property=\"og:type\" content=\"article\" \/>\n<meta property=\"og:title\" content=\"Barco com 25 imigrantes e dois brasileiros \u00e0 deriva \u00e9 resgatado na costa do Maranh\u00e3o - Daniel Matos\" \/>\n<meta property=\"og:description\" content=\"UOL Not\u00edcias Um barco com 25 imigrantes e dois brasileiros foi resgatado \u00e0 deriva na costa do Maranh\u00e3o na noite [&hellip;]\" \/>\n<meta property=\"og:url\" content=\"https:\/\/www.blogsoestado.com\/danielmatos\/barco-com-25-imigrantes-e-dois-brasileiros-deriva-e-resgatado-na-costa-do-maranhao\/\" \/>\n<meta property=\"og:site_name\" content=\"Daniel Matos\" \/>\n<meta property=\"article:published_time\" content=\"2018-05-20T17:02:29+00:00\" \/>\n<meta property=\"og:image\" content=\"https:\/\/www.blogsoestado.com\/danielmatos\/files\/2018\/05\/a-deriva.jpg\" \/>\n<meta name=\"twitter:card\" content=\"summary_large_image\" \/>\n<meta name=\"twitter:label1\" content=\"Est. tempo de leitura\" \/>\n\t<meta name=\"twitter:data1\" content=\"2 minutos\" \/>\n<script type=\"application\/ld+json\" class=\"yoast-schema-graph\">{\"@context\":\"https:\/\/schema.org\",\"@graph\":[{\"@type\":\"WebPage\",\"@id\":\"https:\/\/www.blogsoestado.com\/danielmatos\/barco-com-25-imigrantes-e-dois-brasileiros-deriva-e-resgatado-na-costa-do-maranhao\/\",\"url\":\"https:\/\/www.blogsoestado.com\/danielmatos\/barco-com-25-imigrantes-e-dois-brasileiros-deriva-e-resgatado-na-costa-do-maranhao\/\",\"name\":\"Barco com 25 imigrantes e dois brasileiros \u00e0 deriva \u00e9 resgatado na costa do Maranh\u00e3o - Daniel Matos\",\"isPartOf\":{\"@id\":\"https:\/\/www.blogsoestado.com\/danielmatos\/#website\"},\"primaryImageOfPage\":{\"@id\":\"https:\/\/www.blogsoestado.com\/danielmatos\/barco-com-25-imigrantes-e-dois-brasileiros-deriva-e-resgatado-na-costa-do-maranhao\/#primaryimage\"},\"image\":{\"@id\":\"https:\/\/www.blogsoestado.com\/danielmatos\/barco-com-25-imigrantes-e-dois-brasileiros-deriva-e-resgatado-na-costa-do-maranhao\/#primaryimage\"},\"thumbnailUrl\":\"https:\/\/www.blogsoestado.com\/danielmatos\/files\/2018\/05\/a-deriva.jpg\",\"datePublished\":\"2018-05-20T17:02:29+00:00\",\"author\":{\"@id\":\"\"},\"breadcrumb\":{\"@id\":\"https:\/\/www.blogsoestado.com\/danielmatos\/barco-com-25-imigrantes-e-dois-brasileiros-deriva-e-resgatado-na-costa-do-maranhao\/#breadcrumb\"},\"inLanguage\":\"pt-BR\",\"potentialAction\":[{\"@type\":\"ReadAction\",\"target\":[\"https:\/\/www.blogsoestado.com\/danielmatos\/barco-com-25-imigrantes-e-dois-brasileiros-deriva-e-resgatado-na-costa-do-maranhao\/\"]}]},{\"@type\":\"ImageObject\",\"inLanguage\":\"pt-BR\",\"@id\":\"https:\/\/www.blogsoestado.com\/danielmatos\/barco-com-25-imigrantes-e-dois-brasileiros-deriva-e-resgatado-na-costa-do-maranhao\/#primaryimage\",\"url\":\"https:\/\/www.blogsoestado.com\/danielmatos\/files\/2018\/05\/a-deriva.jpg\",\"contentUrl\":\"https:\/\/www.blogsoestado.com\/danielmatos\/files\/2018\/05\/a-deriva.jpg\"},{\"@type\":\"BreadcrumbList\",\"@id\":\"https:\/\/www.blogsoestado.com\/danielmatos\/barco-com-25-imigrantes-e-dois-brasileiros-deriva-e-resgatado-na-costa-do-maranhao\/#breadcrumb\",\"itemListElement\":[{\"@type\":\"ListItem\",\"position\":1,\"name\":\"In\u00edcio\",\"item\":\"https:\/\/www.blogsoestado.com\/danielmatos\/\"},{\"@type\":\"ListItem\",\"position\":2,\"name\":\"Barco com 25 imigrantes e dois brasileiros \u00e0 deriva \u00e9 resgatado na costa do Maranh\u00e3o\"}]},{\"@type\":\"WebSite\",\"@id\":\"https:\/\/www.blogsoestado.com\/danielmatos\/#website\",\"url\":\"https:\/\/www.blogsoestado.com\/danielmatos\/\",\"name\":\"Daniel Matos\",\"description\":\"\",\"potentialAction\":[{\"@type\":\"SearchAction\",\"target\":{\"@type\":\"EntryPoint\",\"urlTemplate\":\"https:\/\/www.blogsoestado.com\/danielmatos\/?s={search_term_string}\"},\"query-input\":{\"@type\":\"PropertyValueSpecification\",\"valueRequired\":true,\"valueName\":\"search_term_string\"}}],\"inLanguage\":\"pt-BR\"}]}<\/script>\n<!-- \/ Yoast SEO plugin. -->","yoast_head_json":{"title":"Barco com 25 imigrantes e dois brasileiros \u00e0 deriva \u00e9 resgatado na costa do Maranh\u00e3o - Daniel Matos","robots":{"index":"index","follow":"follow","max-snippet":"max-snippet:-1","max-image-preview":"max-image-preview:large","max-video-preview":"max-video-preview:-1"},"canonical":"https:\/\/www.blogsoestado.com\/danielmatos\/barco-com-25-imigrantes-e-dois-brasileiros-deriva-e-resgatado-na-costa-do-maranhao\/","og_locale":"pt_BR","og_type":"article","og_title":"Barco com 25 imigrantes e dois brasileiros \u00e0 deriva \u00e9 resgatado na costa do Maranh\u00e3o - Daniel Matos","og_description":"UOL Not\u00edcias Um barco com 25 imigrantes e dois brasileiros foi resgatado \u00e0 deriva na costa do Maranh\u00e3o na noite [&hellip;]","og_url":"https:\/\/www.blogsoestado.com\/danielmatos\/barco-com-25-imigrantes-e-dois-brasileiros-deriva-e-resgatado-na-costa-do-maranhao\/","og_site_name":"Daniel Matos","article_published_time":"2018-05-20T17:02:29+00:00","og_image":[{"url":"https:\/\/www.blogsoestado.com\/danielmatos\/files\/2018\/05\/a-deriva.jpg","type":"","width":"","height":""}],"twitter_card":"summary_large_image","twitter_misc":{"Est. tempo de leitura":"2 minutos"},"schema":{"@context":"https:\/\/schema.org","@graph":[{"@type":"WebPage","@id":"https:\/\/www.blogsoestado.com\/danielmatos\/barco-com-25-imigrantes-e-dois-brasileiros-deriva-e-resgatado-na-costa-do-maranhao\/","url":"https:\/\/www.blogsoestado.com\/danielmatos\/barco-com-25-imigrantes-e-dois-brasileiros-deriva-e-resgatado-na-costa-do-maranhao\/","name":"Barco com 25 imigrantes e dois brasileiros \u00e0 deriva \u00e9 resgatado na costa do Maranh\u00e3o - Daniel Matos","isPartOf":{"@id":"https:\/\/www.blogsoestado.com\/danielmatos\/#website"},"primaryImageOfPage":{"@id":"https:\/\/www.blogsoestado.com\/danielmatos\/barco-com-25-imigrantes-e-dois-brasileiros-deriva-e-resgatado-na-costa-do-maranhao\/#primaryimage"},"image":{"@id":"https:\/\/www.blogsoestado.com\/danielmatos\/barco-com-25-imigrantes-e-dois-brasileiros-deriva-e-resgatado-na-costa-do-maranhao\/#primaryimage"},"thumbnailUrl":"https:\/\/www.blogsoestado.com\/danielmatos\/files\/2018\/05\/a-deriva.jpg","datePublished":"2018-05-20T17:02:29+00:00","author":{"@id":""},"breadcrumb":{"@id":"https:\/\/www.blogsoestado.com\/danielmatos\/barco-com-25-imigrantes-e-dois-brasileiros-deriva-e-resgatado-na-costa-do-maranhao\/#breadcrumb"},"inLanguage":"pt-BR","potentialAction":[{"@type":"ReadAction","target":["https:\/\/www.blogsoestado.com\/danielmatos\/barco-com-25-imigrantes-e-dois-brasileiros-deriva-e-resgatado-na-costa-do-maranhao\/"]}]},{"@type":"ImageObject","inLanguage":"pt-BR","@id":"https:\/\/www.blogsoestado.com\/danielmatos\/barco-com-25-imigrantes-e-dois-brasileiros-deriva-e-resgatado-na-costa-do-maranhao\/#primaryimage","url":"https:\/\/www.blogsoestado.com\/danielmatos\/files\/2018\/05\/a-deriva.jpg","contentUrl":"https:\/\/www.blogsoestado.com\/danielmatos\/files\/2018\/05\/a-deriva.jpg"},{"@type":"BreadcrumbList","@id":"https:\/\/www.blogsoestado.com\/danielmatos\/barco-com-25-imigrantes-e-dois-brasileiros-deriva-e-resgatado-na-costa-do-maranhao\/#breadcrumb","itemListElement":[{"@type":"ListItem","position":1,"name":"In\u00edcio","item":"https:\/\/www.blogsoestado.com\/danielmatos\/"},{"@type":"ListItem","position":2,"name":"Barco com 25 imigrantes e dois brasileiros \u00e0 deriva \u00e9 resgatado na costa do Maranh\u00e3o"}]},{"@type":"WebSite","@id":"https:\/\/www.blogsoestado.com\/danielmatos\/#website","url":"https:\/\/www.blogsoestado.com\/danielmatos\/","name":"Daniel Matos","description":"","potentialAction":[{"@type":"SearchAction","target":{"@type":"EntryPoint","urlTemplate":"https:\/\/www.blogsoestado.com\/danielmatos\/?s={search_term_string}"},"query-input":{"@type":"PropertyValueSpecification","valueRequired":true,"valueName":"search_term_string"}}],"inLanguage":"pt-BR"}]}},"jetpack_featured_media_url":"","_links":{"self":[{"href":"https:\/\/www.blogsoestado.com\/danielmatos\/wp-json\/wp\/v2\/posts\/51506","targetHints":{"allow":["GET"]}}],"collection":[{"href":"https:\/\/www.blogsoestado.com\/danielmatos\/wp-json\/wp\/v2\/posts"}],"about":[{"href":"https:\/\/www.blogsoestado.com\/danielmatos\/wp-json\/wp\/v2\/types\/post"}],"replies":[{"embeddable":true,"href":"https:\/\/www.blogsoestado.com\/danielmatos\/wp-json\/wp\/v2\/comments?post=51506"}],"version-history":[{"count":0,"href":"https:\/\/www.blogsoestado.com\/danielmatos\/wp-json\/wp\/v2\/posts\/51506\/revisions"}],"wp:attachment":[{"href":"https:\/\/www.blogsoestado.com\/danielmatos\/wp-json\/wp\/v2\/media?parent=51506"}],"wp:term":[{"taxonomy":"category","embeddable":true,"href":"https:\/\/www.blogsoestado.com\/danielmatos\/wp-json\/wp\/v2\/categories?post=51506"},{"taxonomy":"post_tag","embeddable":true,"href":"https:\/\/www.blogsoestado.com\/danielmatos\/wp-json\/wp\/v2\/tags?post=51506"}],"curies":[{"name":"wp","href":"https:\/\/api.w.org\/{rel}","templated":true}]}}