{"id":51513,"date":"2018-05-20T16:19:36","date_gmt":"2018-05-20T19:19:36","guid":{"rendered":"https:\/\/www.blogsoestado.com\/danielmatos\/?p=51513"},"modified":"2018-05-20T16:19:36","modified_gmt":"2018-05-20T19:19:36","slug":"cezar-bombeiro-diz-que-comemoracao-do-centenario-da-liberdade-vai-integrar-toda-comunidade","status":"publish","type":"post","link":"https:\/\/www.blogsoestado.com\/danielmatos\/cezar-bombeiro-diz-que-comemoracao-do-centenario-da-liberdade-vai-integrar-toda-comunidade\/","title":{"rendered":"C\u00e9zar Bombeiro diz que comemora\u00e7\u00e3o do centen\u00e1rio da Liberdade vai integrar toda a comunidade"},"content":{"rendered":"<figure id=\"attachment_51517\" aria-describedby=\"caption-attachment-51517\" style=\"width: 448px\" class=\"wp-caption alignright\"><img fetchpriority=\"high\" decoding=\"async\" class=\"size-full wp-image-51517\" src=\"https:\/\/www.blogsoestado.com\/danielmatos\/files\/2018\/05\/bombeiro-maioba.jpg\" alt=\"\" width=\"448\" height=\"298\" \/><figcaption id=\"caption-attachment-51517\" class=\"wp-caption-text\">C\u00e9zar Bombeiro com o presidente do Boi da Maioba, Jos\u00e9 Inaldo Ferreira, que confirmou a presen\u00e7a do batalh\u00e3o na festa do centen\u00e1rio da Liberdade<\/figcaption><\/figure>\n<p>Autor da lei municipal que fixou o dia 25 de maio como data do centen\u00e1rio da Liberdade, o vereador C\u00e9zar Bombeiro (PSD) diz que a comemora\u00e7\u00e3o, marcada para o pr\u00f3ximo fim de semana, vai integrar toda a comunidade. Um dos bairros mais antigos de S\u00e3o Lu\u00eds, a Liberdade ter\u00e1 uma programa\u00e7\u00e3o cultural vasta e diversificada, com apresenta\u00e7\u00f5es de grupos folcl\u00f3ricos, para comemorar os seus 100 anos de funda\u00e7\u00e3o.<\/p>\n<p>O centen\u00e1rio da Liberdade ser\u00e1 um dos momentos mais expressivos do calend\u00e1rio de eventos da capital neste m\u00eas de maio. Do dia 25 ao dia 27, os moradores do bairro e visitantes, vindos de diferentes \u00e1reas de S\u00e3o Lu\u00eds, se divertir\u00e3o com o melhor da cultura maranhense.\u00a0Para abrir a programa\u00e7\u00e3o, ser\u00e1 ministrado um culto ecum\u00eanico, em respeito ao sincretismo que sempre marcou a hist\u00f3ria da Liberdade, ambiente onde convivem adeptos de todos os credos e religi\u00f5es.<\/p>\n<p>Um dos destaques da programa\u00e7\u00e3o ser\u00e1 o Boi da Maioba, maior grupo do sotaque de matraca do Maranh\u00e3o. A festa tamb\u00e9m abrir\u00e1 espa\u00e7o para o tambor de crioula e o cacuri\u00e1, como forma de valorizar a tradi\u00e7\u00e3o folcl\u00f3rica local.<\/p>\n<p>Artistas oriundos do bairro tamb\u00e9m participar\u00e3o das festividades, entre eles T\u00e1ssia Campos, Robson Garcia e Mois\u00e9s Dias. Confirmando a diversidade de ritmos, o centen\u00e1rio da Liberdade tamb\u00e9m ser\u00e1 comemorado ao som de seresta (Som Costa e Mano Tropical), reggae e samba, com o grupo Sambacana, do vocalista M\u00e1rcio Negro J\u00f4 e Banda.<\/p>\n<p>C\u00e9zar Bombeiro anuncia, ainda, a realiza\u00e7\u00e3o de uma cerim\u00f4nia na C\u00e2mara Municipal de S\u00e3o Lu\u00eds com artistas oriundos da Liberdade, que ser\u00e1 condecorados com medalhas pela valorosa contribui\u00e7\u00e3o que d\u00e3o \u00e0 cultura. <strong>Assista ao v\u00eddeo:<\/strong><\/p>\n<div class=\"ast-oembed-container \" style=\"height: 100%;\"><iframe title=\"C\u00e9zar Bombeiro comemora centen\u00e1rio da Liberdade\" width=\"500\" height=\"281\" src=\"https:\/\/www.youtube.com\/embed\/NP_VYnsUaug?feature=oembed\" frameborder=\"0\" allow=\"accelerometer; autoplay; clipboard-write; encrypted-media; gyroscope; picture-in-picture; web-share\" referrerpolicy=\"strict-origin-when-cross-origin\" allowfullscreen><\/iframe><\/div>\n","protected":false},"excerpt":{"rendered":"<p>Autor da lei municipal que fixou o dia 25 de maio como data do centen\u00e1rio da Liberdade, o vereador C\u00e9zar [&hellip;]<\/p>\n","protected":false},"author":0,"featured_media":0,"comment_status":"open","ping_status":"open","sticky":false,"template":"","format":"standard","meta":{"site-sidebar-layout":"default","site-content-layout":"","ast-site-content-layout":"default","site-content-style":"default","site-sidebar-style":"default","ast-global-header-display":"","ast-banner-title-visibility":"","ast-main-header-display":"","ast-hfb-above-header-display":"","ast-hfb-below-header-display":"","ast-hfb-mobile-header-display":"","site-post-title":"","ast-breadcrumbs-content":"","ast-featured-img":"","footer-sml-layout":"","ast-disable-related-posts":"","theme-transparent-header-meta":"","adv-header-id-meta":"","stick-header-meta":"","header-above-stick-meta":"","header-main-stick-meta":"","header-below-stick-meta":"","astra-migrate-meta-layouts":"default","ast-page-background-enabled":"default","ast-page-background-meta":{"desktop":{"background-color":"var(--ast-global-color-5)","background-image":"","background-repeat":"repeat","background-position":"center center","background-size":"auto","background-attachment":"scroll","background-type":"","background-media":"","overlay-type":"","overlay-color":"","overlay-opacity":"","overlay-gradient":""},"tablet":{"background-color":"","background-image":"","background-repeat":"repeat","background-position":"center center","background-size":"auto","background-attachment":"scroll","background-type":"","background-media":"","overlay-type":"","overlay-color":"","overlay-opacity":"","overlay-gradient":""},"mobile":{"background-color":"","background-image":"","background-repeat":"repeat","background-position":"center center","background-size":"auto","background-attachment":"scroll","background-type":"","background-media":"","overlay-type":"","overlay-color":"","overlay-opacity":"","overlay-gradient":""}},"ast-content-background-meta":{"desktop":{"background-color":"var(--ast-global-color-4)","background-image":"","background-repeat":"repeat","background-position":"center center","background-size":"auto","background-attachment":"scroll","background-type":"","background-media":"","overlay-type":"","overlay-color":"","overlay-opacity":"","overlay-gradient":""},"tablet":{"background-color":"var(--ast-global-color-4)","background-image":"","background-repeat":"repeat","background-position":"center center","background-size":"auto","background-attachment":"scroll","background-type":"","background-media":"","overlay-type":"","overlay-color":"","overlay-opacity":"","overlay-gradient":""},"mobile":{"background-color":"var(--ast-global-color-4)","background-image":"","background-repeat":"repeat","background-position":"center center","background-size":"auto","background-attachment":"scroll","background-type":"","background-media":"","overlay-type":"","overlay-color":"","overlay-opacity":"","overlay-gradient":""}},"footnotes":""},"categories":[1],"tags":[],"class_list":["post-51513","post","type-post","status-publish","format-standard","hentry","category-sem-categoria"],"yoast_head":"<!-- This site is optimized with the Yoast SEO plugin v26.6 - https:\/\/yoast.com\/wordpress\/plugins\/seo\/ -->\n<title>C\u00e9zar Bombeiro diz que comemora\u00e7\u00e3o do centen\u00e1rio da Liberdade vai integrar toda a comunidade - Daniel Matos<\/title>\n<meta name=\"robots\" content=\"index, follow, max-snippet:-1, max-image-preview:large, max-video-preview:-1\" \/>\n<link rel=\"canonical\" href=\"https:\/\/www.blogsoestado.com\/danielmatos\/cezar-bombeiro-diz-que-comemoracao-do-centenario-da-liberdade-vai-integrar-toda-comunidade\/\" \/>\n<meta property=\"og:locale\" content=\"pt_BR\" \/>\n<meta property=\"og:type\" content=\"article\" \/>\n<meta property=\"og:title\" content=\"C\u00e9zar Bombeiro diz que comemora\u00e7\u00e3o do centen\u00e1rio da Liberdade vai integrar toda a comunidade - Daniel Matos\" \/>\n<meta property=\"og:description\" content=\"Autor da lei municipal que fixou o dia 25 de maio como data do centen\u00e1rio da Liberdade, o vereador C\u00e9zar [&hellip;]\" \/>\n<meta property=\"og:url\" content=\"https:\/\/www.blogsoestado.com\/danielmatos\/cezar-bombeiro-diz-que-comemoracao-do-centenario-da-liberdade-vai-integrar-toda-comunidade\/\" \/>\n<meta property=\"og:site_name\" content=\"Daniel Matos\" \/>\n<meta property=\"article:published_time\" content=\"2018-05-20T19:19:36+00:00\" \/>\n<meta property=\"og:image\" content=\"https:\/\/www.blogsoestado.com\/danielmatos\/files\/2018\/05\/bombeiro-maioba.jpg\" \/>\n<meta name=\"twitter:card\" content=\"summary_large_image\" \/>\n<meta name=\"twitter:label1\" content=\"Est. tempo de leitura\" \/>\n\t<meta name=\"twitter:data1\" content=\"2 minutos\" \/>\n<script type=\"application\/ld+json\" class=\"yoast-schema-graph\">{\"@context\":\"https:\/\/schema.org\",\"@graph\":[{\"@type\":\"WebPage\",\"@id\":\"https:\/\/www.blogsoestado.com\/danielmatos\/cezar-bombeiro-diz-que-comemoracao-do-centenario-da-liberdade-vai-integrar-toda-comunidade\/\",\"url\":\"https:\/\/www.blogsoestado.com\/danielmatos\/cezar-bombeiro-diz-que-comemoracao-do-centenario-da-liberdade-vai-integrar-toda-comunidade\/\",\"name\":\"C\u00e9zar Bombeiro diz que comemora\u00e7\u00e3o do centen\u00e1rio da Liberdade vai integrar toda a comunidade - Daniel Matos\",\"isPartOf\":{\"@id\":\"https:\/\/www.blogsoestado.com\/danielmatos\/#website\"},\"primaryImageOfPage\":{\"@id\":\"https:\/\/www.blogsoestado.com\/danielmatos\/cezar-bombeiro-diz-que-comemoracao-do-centenario-da-liberdade-vai-integrar-toda-comunidade\/#primaryimage\"},\"image\":{\"@id\":\"https:\/\/www.blogsoestado.com\/danielmatos\/cezar-bombeiro-diz-que-comemoracao-do-centenario-da-liberdade-vai-integrar-toda-comunidade\/#primaryimage\"},\"thumbnailUrl\":\"https:\/\/www.blogsoestado.com\/danielmatos\/files\/2018\/05\/bombeiro-maioba.jpg\",\"datePublished\":\"2018-05-20T19:19:36+00:00\",\"author\":{\"@id\":\"\"},\"breadcrumb\":{\"@id\":\"https:\/\/www.blogsoestado.com\/danielmatos\/cezar-bombeiro-diz-que-comemoracao-do-centenario-da-liberdade-vai-integrar-toda-comunidade\/#breadcrumb\"},\"inLanguage\":\"pt-BR\",\"potentialAction\":[{\"@type\":\"ReadAction\",\"target\":[\"https:\/\/www.blogsoestado.com\/danielmatos\/cezar-bombeiro-diz-que-comemoracao-do-centenario-da-liberdade-vai-integrar-toda-comunidade\/\"]}]},{\"@type\":\"ImageObject\",\"inLanguage\":\"pt-BR\",\"@id\":\"https:\/\/www.blogsoestado.com\/danielmatos\/cezar-bombeiro-diz-que-comemoracao-do-centenario-da-liberdade-vai-integrar-toda-comunidade\/#primaryimage\",\"url\":\"https:\/\/www.blogsoestado.com\/danielmatos\/files\/2018\/05\/bombeiro-maioba.jpg\",\"contentUrl\":\"https:\/\/www.blogsoestado.com\/danielmatos\/files\/2018\/05\/bombeiro-maioba.jpg\"},{\"@type\":\"BreadcrumbList\",\"@id\":\"https:\/\/www.blogsoestado.com\/danielmatos\/cezar-bombeiro-diz-que-comemoracao-do-centenario-da-liberdade-vai-integrar-toda-comunidade\/#breadcrumb\",\"itemListElement\":[{\"@type\":\"ListItem\",\"position\":1,\"name\":\"In\u00edcio\",\"item\":\"https:\/\/www.blogsoestado.com\/danielmatos\/\"},{\"@type\":\"ListItem\",\"position\":2,\"name\":\"C\u00e9zar Bombeiro diz que comemora\u00e7\u00e3o do centen\u00e1rio da Liberdade vai integrar toda a comunidade\"}]},{\"@type\":\"WebSite\",\"@id\":\"https:\/\/www.blogsoestado.com\/danielmatos\/#website\",\"url\":\"https:\/\/www.blogsoestado.com\/danielmatos\/\",\"name\":\"Daniel Matos\",\"description\":\"\",\"potentialAction\":[{\"@type\":\"SearchAction\",\"target\":{\"@type\":\"EntryPoint\",\"urlTemplate\":\"https:\/\/www.blogsoestado.com\/danielmatos\/?s={search_term_string}\"},\"query-input\":{\"@type\":\"PropertyValueSpecification\",\"valueRequired\":true,\"valueName\":\"search_term_string\"}}],\"inLanguage\":\"pt-BR\"}]}<\/script>\n<!-- \/ Yoast SEO plugin. -->","yoast_head_json":{"title":"C\u00e9zar Bombeiro diz que comemora\u00e7\u00e3o do centen\u00e1rio da Liberdade vai integrar toda a comunidade - Daniel Matos","robots":{"index":"index","follow":"follow","max-snippet":"max-snippet:-1","max-image-preview":"max-image-preview:large","max-video-preview":"max-video-preview:-1"},"canonical":"https:\/\/www.blogsoestado.com\/danielmatos\/cezar-bombeiro-diz-que-comemoracao-do-centenario-da-liberdade-vai-integrar-toda-comunidade\/","og_locale":"pt_BR","og_type":"article","og_title":"C\u00e9zar Bombeiro diz que comemora\u00e7\u00e3o do centen\u00e1rio da Liberdade vai integrar toda a comunidade - Daniel Matos","og_description":"Autor da lei municipal que fixou o dia 25 de maio como data do centen\u00e1rio da Liberdade, o vereador C\u00e9zar [&hellip;]","og_url":"https:\/\/www.blogsoestado.com\/danielmatos\/cezar-bombeiro-diz-que-comemoracao-do-centenario-da-liberdade-vai-integrar-toda-comunidade\/","og_site_name":"Daniel Matos","article_published_time":"2018-05-20T19:19:36+00:00","og_image":[{"url":"https:\/\/www.blogsoestado.com\/danielmatos\/files\/2018\/05\/bombeiro-maioba.jpg","type":"","width":"","height":""}],"twitter_card":"summary_large_image","twitter_misc":{"Est. tempo de leitura":"2 minutos"},"schema":{"@context":"https:\/\/schema.org","@graph":[{"@type":"WebPage","@id":"https:\/\/www.blogsoestado.com\/danielmatos\/cezar-bombeiro-diz-que-comemoracao-do-centenario-da-liberdade-vai-integrar-toda-comunidade\/","url":"https:\/\/www.blogsoestado.com\/danielmatos\/cezar-bombeiro-diz-que-comemoracao-do-centenario-da-liberdade-vai-integrar-toda-comunidade\/","name":"C\u00e9zar Bombeiro diz que comemora\u00e7\u00e3o do centen\u00e1rio da Liberdade vai integrar toda a comunidade - Daniel Matos","isPartOf":{"@id":"https:\/\/www.blogsoestado.com\/danielmatos\/#website"},"primaryImageOfPage":{"@id":"https:\/\/www.blogsoestado.com\/danielmatos\/cezar-bombeiro-diz-que-comemoracao-do-centenario-da-liberdade-vai-integrar-toda-comunidade\/#primaryimage"},"image":{"@id":"https:\/\/www.blogsoestado.com\/danielmatos\/cezar-bombeiro-diz-que-comemoracao-do-centenario-da-liberdade-vai-integrar-toda-comunidade\/#primaryimage"},"thumbnailUrl":"https:\/\/www.blogsoestado.com\/danielmatos\/files\/2018\/05\/bombeiro-maioba.jpg","datePublished":"2018-05-20T19:19:36+00:00","author":{"@id":""},"breadcrumb":{"@id":"https:\/\/www.blogsoestado.com\/danielmatos\/cezar-bombeiro-diz-que-comemoracao-do-centenario-da-liberdade-vai-integrar-toda-comunidade\/#breadcrumb"},"inLanguage":"pt-BR","potentialAction":[{"@type":"ReadAction","target":["https:\/\/www.blogsoestado.com\/danielmatos\/cezar-bombeiro-diz-que-comemoracao-do-centenario-da-liberdade-vai-integrar-toda-comunidade\/"]}]},{"@type":"ImageObject","inLanguage":"pt-BR","@id":"https:\/\/www.blogsoestado.com\/danielmatos\/cezar-bombeiro-diz-que-comemoracao-do-centenario-da-liberdade-vai-integrar-toda-comunidade\/#primaryimage","url":"https:\/\/www.blogsoestado.com\/danielmatos\/files\/2018\/05\/bombeiro-maioba.jpg","contentUrl":"https:\/\/www.blogsoestado.com\/danielmatos\/files\/2018\/05\/bombeiro-maioba.jpg"},{"@type":"BreadcrumbList","@id":"https:\/\/www.blogsoestado.com\/danielmatos\/cezar-bombeiro-diz-que-comemoracao-do-centenario-da-liberdade-vai-integrar-toda-comunidade\/#breadcrumb","itemListElement":[{"@type":"ListItem","position":1,"name":"In\u00edcio","item":"https:\/\/www.blogsoestado.com\/danielmatos\/"},{"@type":"ListItem","position":2,"name":"C\u00e9zar Bombeiro diz que comemora\u00e7\u00e3o do centen\u00e1rio da Liberdade vai integrar toda a comunidade"}]},{"@type":"WebSite","@id":"https:\/\/www.blogsoestado.com\/danielmatos\/#website","url":"https:\/\/www.blogsoestado.com\/danielmatos\/","name":"Daniel Matos","description":"","potentialAction":[{"@type":"SearchAction","target":{"@type":"EntryPoint","urlTemplate":"https:\/\/www.blogsoestado.com\/danielmatos\/?s={search_term_string}"},"query-input":{"@type":"PropertyValueSpecification","valueRequired":true,"valueName":"search_term_string"}}],"inLanguage":"pt-BR"}]}},"jetpack_featured_media_url":"","_links":{"self":[{"href":"https:\/\/www.blogsoestado.com\/danielmatos\/wp-json\/wp\/v2\/posts\/51513","targetHints":{"allow":["GET"]}}],"collection":[{"href":"https:\/\/www.blogsoestado.com\/danielmatos\/wp-json\/wp\/v2\/posts"}],"about":[{"href":"https:\/\/www.blogsoestado.com\/danielmatos\/wp-json\/wp\/v2\/types\/post"}],"replies":[{"embeddable":true,"href":"https:\/\/www.blogsoestado.com\/danielmatos\/wp-json\/wp\/v2\/comments?post=51513"}],"version-history":[{"count":0,"href":"https:\/\/www.blogsoestado.com\/danielmatos\/wp-json\/wp\/v2\/posts\/51513\/revisions"}],"wp:attachment":[{"href":"https:\/\/www.blogsoestado.com\/danielmatos\/wp-json\/wp\/v2\/media?parent=51513"}],"wp:term":[{"taxonomy":"category","embeddable":true,"href":"https:\/\/www.blogsoestado.com\/danielmatos\/wp-json\/wp\/v2\/categories?post=51513"},{"taxonomy":"post_tag","embeddable":true,"href":"https:\/\/www.blogsoestado.com\/danielmatos\/wp-json\/wp\/v2\/tags?post=51513"}],"curies":[{"name":"wp","href":"https:\/\/api.w.org\/{rel}","templated":true}]}}