{"id":51519,"date":"2018-05-20T18:00:12","date_gmt":"2018-05-20T21:00:12","guid":{"rendered":"https:\/\/www.blogsoestado.com\/danielmatos\/?p=51519"},"modified":"2018-05-20T18:00:12","modified_gmt":"2018-05-20T21:00:12","slug":"astro-de-ogum-osmar-filho-edivaldo-holanda-junior-e-weverton-rocha-reunem-com-governador","status":"publish","type":"post","link":"https:\/\/www.blogsoestado.com\/danielmatos\/astro-de-ogum-osmar-filho-edivaldo-holanda-junior-e-weverton-rocha-reunem-com-governador\/","title":{"rendered":"Astro de Ogum, Osmar Filho, Edivaldo Holanda Junior e Weverton Rocha re\u00fanem com governador"},"content":{"rendered":"<h2><span style=\"color: #ff0000;\">O encontro debateu os principais investimentos para a capital maranhense nos pr\u00f3ximos anos<\/span><\/h2>\n<figure id=\"attachment_51520\" aria-describedby=\"caption-attachment-51520\" style=\"width: 640px\" class=\"wp-caption aligncenter\"><img fetchpriority=\"high\" decoding=\"async\" class=\"size-full wp-image-51520\" src=\"https:\/\/www.blogsoestado.com\/danielmatos\/files\/2018\/05\/osmar-dino.jpg\" alt=\"\" width=\"640\" height=\"427\" \/><figcaption id=\"caption-attachment-51520\" class=\"wp-caption-text\">L\u00edderes pol\u00edticos selaram pacto por S\u00e3o Lu\u00eds em visita ao Pal\u00e1cio dos Le\u00f5es<\/figcaption><\/figure>\n<p>A C\u00e2mara Municipal de S\u00e3o Lu\u00eds, representada pelo presidente atual, vereador Astro de Ogum (PR), e pelo presidente eleito para dirigir o bi\u00eanio 2019-2020, vereador Osmar Filho (PDT), juntamente com o prefeito Edivaldo Holanda Jr (PDT) e o deputado federal Weverton Rocha (PDT), visitaram, na \u00faltima quinta-feira (17), o governador\u00a0 Fl\u00e1vio Dino (PCdoB). O objetivo da visita foi apresentar propostas de infraestrutura para a capital maranhense.<\/p>\n<p>Durante a reuni\u00e3o, foram fechadas parcerias para consolidar os trabalhos dos Tr\u00eas Poderes em favor da popula\u00e7\u00e3o, em beneficio da cidade. O encontro serviu tamb\u00e9m para a gest\u00e3o atual da C\u00e2mara de Vereadores apresentar os cumprimentos \u00e0 nova presid\u00eancia do Legislativo Municipal.<\/p>\n<p>\u201c\u2019Fizemos uma visita institucional ao governador Fl\u00e1vio Dino. Assumirei o comando da Casa a partir de janeiro, e observamos que h\u00e1, de fato, uma harmonia efetiva entre os governos estadual e municipal. Quem se beneficia dessa uni\u00e3o \u00e9 a sociedade, por meio das a\u00e7\u00f5es pautadas por esses poderes\u2019\u2019, enfatizou Osmar.<\/p>\n<p>Na ocasi\u00e3o, Osmar Filho destacou a oportunidade de aproximar a popula\u00e7\u00e3o da representa\u00e7\u00e3o da C\u00e2mara Municipal, com o objetivo de avan\u00e7ar nos trabalhos, despertar o interesse dos cidad\u00e3os em participar das discuss\u00f5es do Legislativo como protagonista dos seus direitos e deveres.<\/p>\n","protected":false},"excerpt":{"rendered":"<p>O encontro debateu os principais investimentos para a capital maranhense nos pr\u00f3ximos anos A C\u00e2mara Municipal de S\u00e3o Lu\u00eds, representada [&hellip;]<\/p>\n","protected":false},"author":0,"featured_media":0,"comment_status":"open","ping_status":"open","sticky":false,"template":"","format":"standard","meta":{"site-sidebar-layout":"default","site-content-layout":"","ast-site-content-layout":"default","site-content-style":"default","site-sidebar-style":"default","ast-global-header-display":"","ast-banner-title-visibility":"","ast-main-header-display":"","ast-hfb-above-header-display":"","ast-hfb-below-header-display":"","ast-hfb-mobile-header-display":"","site-post-title":"","ast-breadcrumbs-content":"","ast-featured-img":"","footer-sml-layout":"","ast-disable-related-posts":"","theme-transparent-header-meta":"","adv-header-id-meta":"","stick-header-meta":"","header-above-stick-meta":"","header-main-stick-meta":"","header-below-stick-meta":"","astra-migrate-meta-layouts":"default","ast-page-background-enabled":"default","ast-page-background-meta":{"desktop":{"background-color":"var(--ast-global-color-5)","background-image":"","background-repeat":"repeat","background-position":"center center","background-size":"auto","background-attachment":"scroll","background-type":"","background-media":"","overlay-type":"","overlay-color":"","overlay-opacity":"","overlay-gradient":""},"tablet":{"background-color":"","background-image":"","background-repeat":"repeat","background-position":"center center","background-size":"auto","background-attachment":"scroll","background-type":"","background-media":"","overlay-type":"","overlay-color":"","overlay-opacity":"","overlay-gradient":""},"mobile":{"background-color":"","background-image":"","background-repeat":"repeat","background-position":"center center","background-size":"auto","background-attachment":"scroll","background-type":"","background-media":"","overlay-type":"","overlay-color":"","overlay-opacity":"","overlay-gradient":""}},"ast-content-background-meta":{"desktop":{"background-color":"var(--ast-global-color-4)","background-image":"","background-repeat":"repeat","background-position":"center center","background-size":"auto","background-attachment":"scroll","background-type":"","background-media":"","overlay-type":"","overlay-color":"","overlay-opacity":"","overlay-gradient":""},"tablet":{"background-color":"var(--ast-global-color-4)","background-image":"","background-repeat":"repeat","background-position":"center center","background-size":"auto","background-attachment":"scroll","background-type":"","background-media":"","overlay-type":"","overlay-color":"","overlay-opacity":"","overlay-gradient":""},"mobile":{"background-color":"var(--ast-global-color-4)","background-image":"","background-repeat":"repeat","background-position":"center center","background-size":"auto","background-attachment":"scroll","background-type":"","background-media":"","overlay-type":"","overlay-color":"","overlay-opacity":"","overlay-gradient":""}},"footnotes":""},"categories":[1],"tags":[],"class_list":["post-51519","post","type-post","status-publish","format-standard","hentry","category-sem-categoria"],"yoast_head":"<!-- This site is optimized with the Yoast SEO plugin v26.6 - https:\/\/yoast.com\/wordpress\/plugins\/seo\/ -->\n<title>Astro de Ogum, Osmar Filho, Edivaldo Holanda Junior e Weverton Rocha re\u00fanem com governador - Daniel Matos<\/title>\n<meta name=\"robots\" content=\"index, follow, max-snippet:-1, max-image-preview:large, max-video-preview:-1\" \/>\n<link rel=\"canonical\" href=\"https:\/\/www.blogsoestado.com\/danielmatos\/astro-de-ogum-osmar-filho-edivaldo-holanda-junior-e-weverton-rocha-reunem-com-governador\/\" \/>\n<meta property=\"og:locale\" content=\"pt_BR\" \/>\n<meta property=\"og:type\" content=\"article\" \/>\n<meta property=\"og:title\" content=\"Astro de Ogum, Osmar Filho, Edivaldo Holanda Junior e Weverton Rocha re\u00fanem com governador - Daniel Matos\" \/>\n<meta property=\"og:description\" content=\"O encontro debateu os principais investimentos para a capital maranhense nos pr\u00f3ximos anos A C\u00e2mara Municipal de S\u00e3o Lu\u00eds, representada [&hellip;]\" \/>\n<meta property=\"og:url\" content=\"https:\/\/www.blogsoestado.com\/danielmatos\/astro-de-ogum-osmar-filho-edivaldo-holanda-junior-e-weverton-rocha-reunem-com-governador\/\" \/>\n<meta property=\"og:site_name\" content=\"Daniel Matos\" \/>\n<meta property=\"article:published_time\" content=\"2018-05-20T21:00:12+00:00\" \/>\n<meta property=\"og:image\" content=\"https:\/\/www.blogsoestado.com\/danielmatos\/files\/2018\/05\/osmar-dino.jpg\" \/>\n<meta name=\"twitter:card\" content=\"summary_large_image\" \/>\n<meta name=\"twitter:label1\" content=\"Est. tempo de leitura\" \/>\n\t<meta name=\"twitter:data1\" content=\"1 minuto\" \/>\n<script type=\"application\/ld+json\" class=\"yoast-schema-graph\">{\"@context\":\"https:\/\/schema.org\",\"@graph\":[{\"@type\":\"WebPage\",\"@id\":\"https:\/\/www.blogsoestado.com\/danielmatos\/astro-de-ogum-osmar-filho-edivaldo-holanda-junior-e-weverton-rocha-reunem-com-governador\/\",\"url\":\"https:\/\/www.blogsoestado.com\/danielmatos\/astro-de-ogum-osmar-filho-edivaldo-holanda-junior-e-weverton-rocha-reunem-com-governador\/\",\"name\":\"Astro de Ogum, Osmar Filho, Edivaldo Holanda Junior e Weverton Rocha re\u00fanem com governador - Daniel Matos\",\"isPartOf\":{\"@id\":\"https:\/\/www.blogsoestado.com\/danielmatos\/#website\"},\"primaryImageOfPage\":{\"@id\":\"https:\/\/www.blogsoestado.com\/danielmatos\/astro-de-ogum-osmar-filho-edivaldo-holanda-junior-e-weverton-rocha-reunem-com-governador\/#primaryimage\"},\"image\":{\"@id\":\"https:\/\/www.blogsoestado.com\/danielmatos\/astro-de-ogum-osmar-filho-edivaldo-holanda-junior-e-weverton-rocha-reunem-com-governador\/#primaryimage\"},\"thumbnailUrl\":\"https:\/\/www.blogsoestado.com\/danielmatos\/files\/2018\/05\/osmar-dino.jpg\",\"datePublished\":\"2018-05-20T21:00:12+00:00\",\"author\":{\"@id\":\"\"},\"breadcrumb\":{\"@id\":\"https:\/\/www.blogsoestado.com\/danielmatos\/astro-de-ogum-osmar-filho-edivaldo-holanda-junior-e-weverton-rocha-reunem-com-governador\/#breadcrumb\"},\"inLanguage\":\"pt-BR\",\"potentialAction\":[{\"@type\":\"ReadAction\",\"target\":[\"https:\/\/www.blogsoestado.com\/danielmatos\/astro-de-ogum-osmar-filho-edivaldo-holanda-junior-e-weverton-rocha-reunem-com-governador\/\"]}]},{\"@type\":\"ImageObject\",\"inLanguage\":\"pt-BR\",\"@id\":\"https:\/\/www.blogsoestado.com\/danielmatos\/astro-de-ogum-osmar-filho-edivaldo-holanda-junior-e-weverton-rocha-reunem-com-governador\/#primaryimage\",\"url\":\"https:\/\/www.blogsoestado.com\/danielmatos\/files\/2018\/05\/osmar-dino.jpg\",\"contentUrl\":\"https:\/\/www.blogsoestado.com\/danielmatos\/files\/2018\/05\/osmar-dino.jpg\"},{\"@type\":\"BreadcrumbList\",\"@id\":\"https:\/\/www.blogsoestado.com\/danielmatos\/astro-de-ogum-osmar-filho-edivaldo-holanda-junior-e-weverton-rocha-reunem-com-governador\/#breadcrumb\",\"itemListElement\":[{\"@type\":\"ListItem\",\"position\":1,\"name\":\"In\u00edcio\",\"item\":\"https:\/\/www.blogsoestado.com\/danielmatos\/\"},{\"@type\":\"ListItem\",\"position\":2,\"name\":\"Astro de Ogum, Osmar Filho, Edivaldo Holanda Junior e Weverton Rocha re\u00fanem com governador\"}]},{\"@type\":\"WebSite\",\"@id\":\"https:\/\/www.blogsoestado.com\/danielmatos\/#website\",\"url\":\"https:\/\/www.blogsoestado.com\/danielmatos\/\",\"name\":\"Daniel Matos\",\"description\":\"\",\"potentialAction\":[{\"@type\":\"SearchAction\",\"target\":{\"@type\":\"EntryPoint\",\"urlTemplate\":\"https:\/\/www.blogsoestado.com\/danielmatos\/?s={search_term_string}\"},\"query-input\":{\"@type\":\"PropertyValueSpecification\",\"valueRequired\":true,\"valueName\":\"search_term_string\"}}],\"inLanguage\":\"pt-BR\"}]}<\/script>\n<!-- \/ Yoast SEO plugin. -->","yoast_head_json":{"title":"Astro de Ogum, Osmar Filho, Edivaldo Holanda Junior e Weverton Rocha re\u00fanem com governador - Daniel Matos","robots":{"index":"index","follow":"follow","max-snippet":"max-snippet:-1","max-image-preview":"max-image-preview:large","max-video-preview":"max-video-preview:-1"},"canonical":"https:\/\/www.blogsoestado.com\/danielmatos\/astro-de-ogum-osmar-filho-edivaldo-holanda-junior-e-weverton-rocha-reunem-com-governador\/","og_locale":"pt_BR","og_type":"article","og_title":"Astro de Ogum, Osmar Filho, Edivaldo Holanda Junior e Weverton Rocha re\u00fanem com governador - Daniel Matos","og_description":"O encontro debateu os principais investimentos para a capital maranhense nos pr\u00f3ximos anos A C\u00e2mara Municipal de S\u00e3o Lu\u00eds, representada [&hellip;]","og_url":"https:\/\/www.blogsoestado.com\/danielmatos\/astro-de-ogum-osmar-filho-edivaldo-holanda-junior-e-weverton-rocha-reunem-com-governador\/","og_site_name":"Daniel Matos","article_published_time":"2018-05-20T21:00:12+00:00","og_image":[{"url":"https:\/\/www.blogsoestado.com\/danielmatos\/files\/2018\/05\/osmar-dino.jpg","type":"","width":"","height":""}],"twitter_card":"summary_large_image","twitter_misc":{"Est. tempo de leitura":"1 minuto"},"schema":{"@context":"https:\/\/schema.org","@graph":[{"@type":"WebPage","@id":"https:\/\/www.blogsoestado.com\/danielmatos\/astro-de-ogum-osmar-filho-edivaldo-holanda-junior-e-weverton-rocha-reunem-com-governador\/","url":"https:\/\/www.blogsoestado.com\/danielmatos\/astro-de-ogum-osmar-filho-edivaldo-holanda-junior-e-weverton-rocha-reunem-com-governador\/","name":"Astro de Ogum, Osmar Filho, Edivaldo Holanda Junior e Weverton Rocha re\u00fanem com governador - Daniel Matos","isPartOf":{"@id":"https:\/\/www.blogsoestado.com\/danielmatos\/#website"},"primaryImageOfPage":{"@id":"https:\/\/www.blogsoestado.com\/danielmatos\/astro-de-ogum-osmar-filho-edivaldo-holanda-junior-e-weverton-rocha-reunem-com-governador\/#primaryimage"},"image":{"@id":"https:\/\/www.blogsoestado.com\/danielmatos\/astro-de-ogum-osmar-filho-edivaldo-holanda-junior-e-weverton-rocha-reunem-com-governador\/#primaryimage"},"thumbnailUrl":"https:\/\/www.blogsoestado.com\/danielmatos\/files\/2018\/05\/osmar-dino.jpg","datePublished":"2018-05-20T21:00:12+00:00","author":{"@id":""},"breadcrumb":{"@id":"https:\/\/www.blogsoestado.com\/danielmatos\/astro-de-ogum-osmar-filho-edivaldo-holanda-junior-e-weverton-rocha-reunem-com-governador\/#breadcrumb"},"inLanguage":"pt-BR","potentialAction":[{"@type":"ReadAction","target":["https:\/\/www.blogsoestado.com\/danielmatos\/astro-de-ogum-osmar-filho-edivaldo-holanda-junior-e-weverton-rocha-reunem-com-governador\/"]}]},{"@type":"ImageObject","inLanguage":"pt-BR","@id":"https:\/\/www.blogsoestado.com\/danielmatos\/astro-de-ogum-osmar-filho-edivaldo-holanda-junior-e-weverton-rocha-reunem-com-governador\/#primaryimage","url":"https:\/\/www.blogsoestado.com\/danielmatos\/files\/2018\/05\/osmar-dino.jpg","contentUrl":"https:\/\/www.blogsoestado.com\/danielmatos\/files\/2018\/05\/osmar-dino.jpg"},{"@type":"BreadcrumbList","@id":"https:\/\/www.blogsoestado.com\/danielmatos\/astro-de-ogum-osmar-filho-edivaldo-holanda-junior-e-weverton-rocha-reunem-com-governador\/#breadcrumb","itemListElement":[{"@type":"ListItem","position":1,"name":"In\u00edcio","item":"https:\/\/www.blogsoestado.com\/danielmatos\/"},{"@type":"ListItem","position":2,"name":"Astro de Ogum, Osmar Filho, Edivaldo Holanda Junior e Weverton Rocha re\u00fanem com governador"}]},{"@type":"WebSite","@id":"https:\/\/www.blogsoestado.com\/danielmatos\/#website","url":"https:\/\/www.blogsoestado.com\/danielmatos\/","name":"Daniel Matos","description":"","potentialAction":[{"@type":"SearchAction","target":{"@type":"EntryPoint","urlTemplate":"https:\/\/www.blogsoestado.com\/danielmatos\/?s={search_term_string}"},"query-input":{"@type":"PropertyValueSpecification","valueRequired":true,"valueName":"search_term_string"}}],"inLanguage":"pt-BR"}]}},"jetpack_featured_media_url":"","_links":{"self":[{"href":"https:\/\/www.blogsoestado.com\/danielmatos\/wp-json\/wp\/v2\/posts\/51519","targetHints":{"allow":["GET"]}}],"collection":[{"href":"https:\/\/www.blogsoestado.com\/danielmatos\/wp-json\/wp\/v2\/posts"}],"about":[{"href":"https:\/\/www.blogsoestado.com\/danielmatos\/wp-json\/wp\/v2\/types\/post"}],"replies":[{"embeddable":true,"href":"https:\/\/www.blogsoestado.com\/danielmatos\/wp-json\/wp\/v2\/comments?post=51519"}],"version-history":[{"count":0,"href":"https:\/\/www.blogsoestado.com\/danielmatos\/wp-json\/wp\/v2\/posts\/51519\/revisions"}],"wp:attachment":[{"href":"https:\/\/www.blogsoestado.com\/danielmatos\/wp-json\/wp\/v2\/media?parent=51519"}],"wp:term":[{"taxonomy":"category","embeddable":true,"href":"https:\/\/www.blogsoestado.com\/danielmatos\/wp-json\/wp\/v2\/categories?post=51519"},{"taxonomy":"post_tag","embeddable":true,"href":"https:\/\/www.blogsoestado.com\/danielmatos\/wp-json\/wp\/v2\/tags?post=51519"}],"curies":[{"name":"wp","href":"https:\/\/api.w.org\/{rel}","templated":true}]}}