{"id":51530,"date":"2018-05-21T11:40:44","date_gmt":"2018-05-21T14:40:44","guid":{"rendered":"https:\/\/www.blogsoestado.com\/danielmatos\/?p=51530"},"modified":"2018-05-21T11:40:44","modified_gmt":"2018-05-21T14:40:44","slug":"video-peca-despenca-de-plataforma-e-por-pouco-nao-causa-tragedia-no-porto-do-itaqui","status":"publish","type":"post","link":"https:\/\/www.blogsoestado.com\/danielmatos\/video-peca-despenca-de-plataforma-e-por-pouco-nao-causa-tragedia-no-porto-do-itaqui\/","title":{"rendered":"V\u00eddeo: pe\u00e7a despenca de plataforma e por pouco n\u00e3o causa trag\u00e9dia no Porto do Itaqui"},"content":{"rendered":"<h2><span style=\"color: #ff0000;\">Empresa \u00e9 acusada por trabalhadores de tentar camuflar acidente e \u00e9 obrigada a adotar medidas de seguran\u00e7a<\/span><\/h2>\n<figure id=\"attachment_51533\" aria-describedby=\"caption-attachment-51533\" style=\"width: 429px\" class=\"wp-caption alignright\"><img fetchpriority=\"high\" decoding=\"async\" class=\"size-full wp-image-51533\" src=\"https:\/\/www.blogsoestado.com\/danielmatos\/files\/2018\/05\/roldana.jpg\" alt=\"\" width=\"429\" height=\"336\" \/><figcaption id=\"caption-attachment-51533\" class=\"wp-caption-text\">Roldana despencou de plataforma e quase atingiu trabalhador portu\u00e1rio<\/figcaption><\/figure>\n<p><img decoding=\"async\" class=\"alignleft size-full wp-image-45089\" src=\"https:\/\/www.blogsoestado.com\/danielmatos\/files\/2017\/09\/exclusivo-C\u00f3pia.jpg\" alt=\"\" width=\"107\" height=\"84\" \/>Uma pe\u00e7a met\u00e1lica despencou, na tarde desse domingo (20), de uma plataforma, no Porto do Itaqui, no momento em que trabalhadores carregavam um navio com celulose e por pouco n\u00e3o provocou uma trag\u00e9dia. Os operadores portu\u00e1rios acusam a empresa G5 Solu\u00e7\u00f5es Log\u00edstica e Transportes LTDA., respons\u00e1vel pela opera\u00e7\u00e3o, de tentar camuflar o acidente. O blog teve acesso ao relat\u00f3rio do acidente produzido pela Empresa Maranhense de Administra\u00e7\u00e3o Portu\u00e1ria (Emap).<\/p>\n<p>Pesando cerca de 15 kg, a pe\u00e7a, uma roldana da ponte rolante usada para levar a carga ao conv\u00e9s do navio Star Fuji, de bandeira norueguesa, atracado no terminal desde o \u00faltimo dia 14, em raz\u00e3o de uma paralisa\u00e7\u00e3o de portu\u00e1rios (<strong>relembre <a href=\"https:\/\/www.blogsoestado.com\/danielmatos\/2018\/05\/15\/paralisacao-no-itaqui-alerta-para-caos-crimes-ambientais-e-mortes-no-porto-que-a-propaganda-comunista-esconde\/\">aqui<\/a><\/strong>), caiu segundos depois da cabine de uma carreta ter passado para posicionar a carga embaixo de um equipamento chamado <em>spreader <\/em>(dispositivo utilizado para levantar cont\u00eaineres e carga unitizada). Por sorte, ningu\u00e9m saiu ferido, mas o acidente acabou interrompendo novamente a opera\u00e7\u00e3o. &#8220;Um acidente que poderia ter sido grave e o encarregado da G5 querendo camuflar e mexer nas pe\u00e7as do acidente&#8221;, relatou o presidente do Sindicato dos Arrumadores,\u00a0Carlos Magno Mais Castro, o Lixa.<\/p>\n<figure id=\"attachment_51536\" aria-describedby=\"caption-attachment-51536\" style=\"width: 169px\" class=\"wp-caption alignleft\"><img decoding=\"async\" class=\"wp-image-51536 size-medium\" src=\"https:\/\/www.blogsoestado.com\/danielmatos\/files\/2018\/05\/porto-plataforma-169x300.jpg\" alt=\"\" width=\"169\" height=\"300\" \/><figcaption id=\"caption-attachment-51536\" class=\"wp-caption-text\">Plataforma de onde a roldana despencou<\/figcaption><\/figure>\n<p>Os operadores portu\u00e1rios est\u00e3o sendo obrigados a carregar o navio por for\u00e7a de uma liminar. A Justi\u00e7a fixou multa de R$ 20 mil, a ser paga pelo sindicato da categoria, em caso de descumprimento da decis\u00e3o. Os trabalhadores denunciam as condi\u00e7\u00f5es inseguras de trabalho e revelam que est\u00e3o executando seus servi\u00e7os com um equipamento danificado.<\/p>\n<p>Ainda segundo eles, um empregado da G5 os amea\u00e7ou, com o intuito de intimid\u00e1-los e evitar que voltem a cruzar os bra\u00e7os. Outra funcion\u00e1ria da empresa teria partido para cima de um operador portu\u00e1rio avulso para agredi-lo com palavras de baixo cal\u00e3o porque o trabalhador se recusou a realizar o servi\u00e7o em condi\u00e7\u00f5es insalubres.<\/p>\n<p>Lixa denuncia, tamb\u00e9m, o que chama de omiss\u00e3o da Emap, que estaria permitindo todo tipo de abuso e arbitrariedade cometido pela Emap. &#8220;N\u00e3o sei por que a Emap n\u00e3o cassa a matr\u00edcula da G5, operadora recordista em n\u00famero de acidentes no Porto do Itaqui&#8221;, questiona o sindicalista.<\/p>\n<p><strong>Empresa \u00e9 obrigada a adotar medidas de seguran\u00e7a ap\u00f3s acidente<\/strong><\/p>\n<p>O relat\u00f3rio de reuni\u00e3o de alinhamento realizada ap\u00f3s o acidente, produzido pela administra\u00e7\u00e3o portu\u00e1ria, confirmou a queda da pe\u00e7a e a nova paralisa\u00e7\u00e3o do carregamento do Star Fuji ap\u00f3s o acidente. No documento, foi registrado que &#8220;a mesma veio a cair sobre a prancha de uma carreta, resvalando para o ch\u00e3o&#8221;.<\/p>\n<p><img loading=\"lazy\" decoding=\"async\" class=\"aligncenter wp-image-51538\" src=\"https:\/\/www.blogsoestado.com\/danielmatos\/files\/2018\/05\/relatorio-emap2.jpg\" alt=\"\" width=\"620\" height=\"890\" \/><\/p>\n<p>&nbsp;<\/p>\n<p>No relat\u00f3rio, a autoridade portu\u00e1ria aponta que foi solicitado ao comando do navio um documento oficial atestando as boas condi\u00e7\u00f5es do equipamento de bordo, que foi repassado in loco e via e-mail pela ag\u00eancia respons\u00e1vel pela embarca\u00e7\u00e3o. A Comiss\u00e3o de Seguran\u00e7a no Trabalho (Coset) da Emap refor\u00e7ou que a empresa armadora e seus representantes do pa\u00eds s\u00e3o os respons\u00e1veis pelas condi\u00e7\u00f5es de seguran\u00e7a dos equipamentos de guindar e acess\u00f3rios de bordo, devendo promover vistoria peri\u00f3dica. Em resposta, a ag\u00eancia informou que a \u00faltima inspe\u00e7\u00e3o dessa natureza foi realizada em 06\/10\/2017.<\/p>\n<p>Na reuni\u00e3o de alinhamento, ficou acordada, como medida de seguran\u00e7a, que a operadora G5 se compromete a instruir e coordenar, at\u00e9 o t\u00e9rmino da opera\u00e7\u00e3o, os trabalhadores portu\u00e1rios avulsos (TPAs) a descer da plataforma durante a movimenta\u00e7\u00e3o da ponte rolante.<\/p>\n<p>Assista ao v\u00eddeo:<\/p>\n<div class=\"ast-oembed-container \" style=\"height: 100%;\"><iframe title=\"Pe\u00e7a despenca de plataforma no Porto do Itaqui\" width=\"500\" height=\"281\" src=\"https:\/\/www.youtube.com\/embed\/OV1n7bFsS54?feature=oembed\" frameborder=\"0\" allow=\"accelerometer; autoplay; clipboard-write; encrypted-media; gyroscope; picture-in-picture; web-share\" referrerpolicy=\"strict-origin-when-cross-origin\" allowfullscreen><\/iframe><\/div>\n","protected":false},"excerpt":{"rendered":"<p>Empresa \u00e9 acusada por trabalhadores de tentar camuflar acidente e \u00e9 obrigada a adotar medidas de seguran\u00e7a Uma pe\u00e7a met\u00e1lica [&hellip;]<\/p>\n","protected":false},"author":0,"featured_media":0,"comment_status":"open","ping_status":"open","sticky":false,"template":"","format":"standard","meta":{"site-sidebar-layout":"default","site-content-layout":"","ast-site-content-layout":"default","site-content-style":"default","site-sidebar-style":"default","ast-global-header-display":"","ast-banner-title-visibility":"","ast-main-header-display":"","ast-hfb-above-header-display":"","ast-hfb-below-header-display":"","ast-hfb-mobile-header-display":"","site-post-title":"","ast-breadcrumbs-content":"","ast-featured-img":"","footer-sml-layout":"","ast-disable-related-posts":"","theme-transparent-header-meta":"","adv-header-id-meta":"","stick-header-meta":"","header-above-stick-meta":"","header-main-stick-meta":"","header-below-stick-meta":"","astra-migrate-meta-layouts":"default","ast-page-background-enabled":"default","ast-page-background-meta":{"desktop":{"background-color":"var(--ast-global-color-5)","background-image":"","background-repeat":"repeat","background-position":"center center","background-size":"auto","background-attachment":"scroll","background-type":"","background-media":"","overlay-type":"","overlay-color":"","overlay-opacity":"","overlay-gradient":""},"tablet":{"background-color":"","background-image":"","background-repeat":"repeat","background-position":"center center","background-size":"auto","background-attachment":"scroll","background-type":"","background-media":"","overlay-type":"","overlay-color":"","overlay-opacity":"","overlay-gradient":""},"mobile":{"background-color":"","background-image":"","background-repeat":"repeat","background-position":"center center","background-size":"auto","background-attachment":"scroll","background-type":"","background-media":"","overlay-type":"","overlay-color":"","overlay-opacity":"","overlay-gradient":""}},"ast-content-background-meta":{"desktop":{"background-color":"var(--ast-global-color-4)","background-image":"","background-repeat":"repeat","background-position":"center center","background-size":"auto","background-attachment":"scroll","background-type":"","background-media":"","overlay-type":"","overlay-color":"","overlay-opacity":"","overlay-gradient":""},"tablet":{"background-color":"var(--ast-global-color-4)","background-image":"","background-repeat":"repeat","background-position":"center center","background-size":"auto","background-attachment":"scroll","background-type":"","background-media":"","overlay-type":"","overlay-color":"","overlay-opacity":"","overlay-gradient":""},"mobile":{"background-color":"var(--ast-global-color-4)","background-image":"","background-repeat":"repeat","background-position":"center center","background-size":"auto","background-attachment":"scroll","background-type":"","background-media":"","overlay-type":"","overlay-color":"","overlay-opacity":"","overlay-gradient":""}},"footnotes":""},"categories":[1],"tags":[],"class_list":["post-51530","post","type-post","status-publish","format-standard","hentry","category-sem-categoria"],"yoast_head":"<!-- This site is optimized with the Yoast SEO plugin v26.6 - https:\/\/yoast.com\/wordpress\/plugins\/seo\/ -->\n<title>V\u00eddeo: pe\u00e7a despenca de plataforma e por pouco n\u00e3o causa trag\u00e9dia no Porto do Itaqui - Daniel Matos<\/title>\n<meta name=\"robots\" content=\"index, follow, max-snippet:-1, max-image-preview:large, max-video-preview:-1\" \/>\n<link rel=\"canonical\" href=\"https:\/\/www.blogsoestado.com\/danielmatos\/video-peca-despenca-de-plataforma-e-por-pouco-nao-causa-tragedia-no-porto-do-itaqui\/\" \/>\n<meta property=\"og:locale\" content=\"pt_BR\" \/>\n<meta property=\"og:type\" content=\"article\" \/>\n<meta property=\"og:title\" content=\"V\u00eddeo: pe\u00e7a despenca de plataforma e por pouco n\u00e3o causa trag\u00e9dia no Porto do Itaqui - Daniel Matos\" \/>\n<meta property=\"og:description\" content=\"Empresa \u00e9 acusada por trabalhadores de tentar camuflar acidente e \u00e9 obrigada a adotar medidas de seguran\u00e7a Uma pe\u00e7a met\u00e1lica [&hellip;]\" \/>\n<meta property=\"og:url\" content=\"https:\/\/www.blogsoestado.com\/danielmatos\/video-peca-despenca-de-plataforma-e-por-pouco-nao-causa-tragedia-no-porto-do-itaqui\/\" \/>\n<meta property=\"og:site_name\" content=\"Daniel Matos\" \/>\n<meta property=\"article:published_time\" content=\"2018-05-21T14:40:44+00:00\" \/>\n<meta property=\"og:image\" content=\"https:\/\/www.blogsoestado.com\/danielmatos\/files\/2018\/05\/roldana.jpg\" \/>\n<meta name=\"twitter:card\" content=\"summary_large_image\" \/>\n<meta name=\"twitter:label1\" content=\"Est. tempo de leitura\" \/>\n\t<meta name=\"twitter:data1\" content=\"3 minutos\" \/>\n<script type=\"application\/ld+json\" class=\"yoast-schema-graph\">{\"@context\":\"https:\/\/schema.org\",\"@graph\":[{\"@type\":\"WebPage\",\"@id\":\"https:\/\/www.blogsoestado.com\/danielmatos\/video-peca-despenca-de-plataforma-e-por-pouco-nao-causa-tragedia-no-porto-do-itaqui\/\",\"url\":\"https:\/\/www.blogsoestado.com\/danielmatos\/video-peca-despenca-de-plataforma-e-por-pouco-nao-causa-tragedia-no-porto-do-itaqui\/\",\"name\":\"V\u00eddeo: pe\u00e7a despenca de plataforma e por pouco n\u00e3o causa trag\u00e9dia no Porto do Itaqui - Daniel Matos\",\"isPartOf\":{\"@id\":\"https:\/\/www.blogsoestado.com\/danielmatos\/#website\"},\"primaryImageOfPage\":{\"@id\":\"https:\/\/www.blogsoestado.com\/danielmatos\/video-peca-despenca-de-plataforma-e-por-pouco-nao-causa-tragedia-no-porto-do-itaqui\/#primaryimage\"},\"image\":{\"@id\":\"https:\/\/www.blogsoestado.com\/danielmatos\/video-peca-despenca-de-plataforma-e-por-pouco-nao-causa-tragedia-no-porto-do-itaqui\/#primaryimage\"},\"thumbnailUrl\":\"https:\/\/www.blogsoestado.com\/danielmatos\/files\/2018\/05\/roldana.jpg\",\"datePublished\":\"2018-05-21T14:40:44+00:00\",\"author\":{\"@id\":\"\"},\"breadcrumb\":{\"@id\":\"https:\/\/www.blogsoestado.com\/danielmatos\/video-peca-despenca-de-plataforma-e-por-pouco-nao-causa-tragedia-no-porto-do-itaqui\/#breadcrumb\"},\"inLanguage\":\"pt-BR\",\"potentialAction\":[{\"@type\":\"ReadAction\",\"target\":[\"https:\/\/www.blogsoestado.com\/danielmatos\/video-peca-despenca-de-plataforma-e-por-pouco-nao-causa-tragedia-no-porto-do-itaqui\/\"]}]},{\"@type\":\"ImageObject\",\"inLanguage\":\"pt-BR\",\"@id\":\"https:\/\/www.blogsoestado.com\/danielmatos\/video-peca-despenca-de-plataforma-e-por-pouco-nao-causa-tragedia-no-porto-do-itaqui\/#primaryimage\",\"url\":\"https:\/\/www.blogsoestado.com\/danielmatos\/files\/2018\/05\/roldana.jpg\",\"contentUrl\":\"https:\/\/www.blogsoestado.com\/danielmatos\/files\/2018\/05\/roldana.jpg\"},{\"@type\":\"BreadcrumbList\",\"@id\":\"https:\/\/www.blogsoestado.com\/danielmatos\/video-peca-despenca-de-plataforma-e-por-pouco-nao-causa-tragedia-no-porto-do-itaqui\/#breadcrumb\",\"itemListElement\":[{\"@type\":\"ListItem\",\"position\":1,\"name\":\"In\u00edcio\",\"item\":\"https:\/\/www.blogsoestado.com\/danielmatos\/\"},{\"@type\":\"ListItem\",\"position\":2,\"name\":\"V\u00eddeo: pe\u00e7a despenca de plataforma e por pouco n\u00e3o causa trag\u00e9dia no Porto do Itaqui\"}]},{\"@type\":\"WebSite\",\"@id\":\"https:\/\/www.blogsoestado.com\/danielmatos\/#website\",\"url\":\"https:\/\/www.blogsoestado.com\/danielmatos\/\",\"name\":\"Daniel Matos\",\"description\":\"\",\"potentialAction\":[{\"@type\":\"SearchAction\",\"target\":{\"@type\":\"EntryPoint\",\"urlTemplate\":\"https:\/\/www.blogsoestado.com\/danielmatos\/?s={search_term_string}\"},\"query-input\":{\"@type\":\"PropertyValueSpecification\",\"valueRequired\":true,\"valueName\":\"search_term_string\"}}],\"inLanguage\":\"pt-BR\"}]}<\/script>\n<!-- \/ Yoast SEO plugin. -->","yoast_head_json":{"title":"V\u00eddeo: pe\u00e7a despenca de plataforma e por pouco n\u00e3o causa trag\u00e9dia no Porto do Itaqui - Daniel Matos","robots":{"index":"index","follow":"follow","max-snippet":"max-snippet:-1","max-image-preview":"max-image-preview:large","max-video-preview":"max-video-preview:-1"},"canonical":"https:\/\/www.blogsoestado.com\/danielmatos\/video-peca-despenca-de-plataforma-e-por-pouco-nao-causa-tragedia-no-porto-do-itaqui\/","og_locale":"pt_BR","og_type":"article","og_title":"V\u00eddeo: pe\u00e7a despenca de plataforma e por pouco n\u00e3o causa trag\u00e9dia no Porto do Itaqui - Daniel Matos","og_description":"Empresa \u00e9 acusada por trabalhadores de tentar camuflar acidente e \u00e9 obrigada a adotar medidas de seguran\u00e7a Uma pe\u00e7a met\u00e1lica [&hellip;]","og_url":"https:\/\/www.blogsoestado.com\/danielmatos\/video-peca-despenca-de-plataforma-e-por-pouco-nao-causa-tragedia-no-porto-do-itaqui\/","og_site_name":"Daniel Matos","article_published_time":"2018-05-21T14:40:44+00:00","og_image":[{"url":"https:\/\/www.blogsoestado.com\/danielmatos\/files\/2018\/05\/roldana.jpg","type":"","width":"","height":""}],"twitter_card":"summary_large_image","twitter_misc":{"Est. tempo de leitura":"3 minutos"},"schema":{"@context":"https:\/\/schema.org","@graph":[{"@type":"WebPage","@id":"https:\/\/www.blogsoestado.com\/danielmatos\/video-peca-despenca-de-plataforma-e-por-pouco-nao-causa-tragedia-no-porto-do-itaqui\/","url":"https:\/\/www.blogsoestado.com\/danielmatos\/video-peca-despenca-de-plataforma-e-por-pouco-nao-causa-tragedia-no-porto-do-itaqui\/","name":"V\u00eddeo: pe\u00e7a despenca de plataforma e por pouco n\u00e3o causa trag\u00e9dia no Porto do Itaqui - Daniel Matos","isPartOf":{"@id":"https:\/\/www.blogsoestado.com\/danielmatos\/#website"},"primaryImageOfPage":{"@id":"https:\/\/www.blogsoestado.com\/danielmatos\/video-peca-despenca-de-plataforma-e-por-pouco-nao-causa-tragedia-no-porto-do-itaqui\/#primaryimage"},"image":{"@id":"https:\/\/www.blogsoestado.com\/danielmatos\/video-peca-despenca-de-plataforma-e-por-pouco-nao-causa-tragedia-no-porto-do-itaqui\/#primaryimage"},"thumbnailUrl":"https:\/\/www.blogsoestado.com\/danielmatos\/files\/2018\/05\/roldana.jpg","datePublished":"2018-05-21T14:40:44+00:00","author":{"@id":""},"breadcrumb":{"@id":"https:\/\/www.blogsoestado.com\/danielmatos\/video-peca-despenca-de-plataforma-e-por-pouco-nao-causa-tragedia-no-porto-do-itaqui\/#breadcrumb"},"inLanguage":"pt-BR","potentialAction":[{"@type":"ReadAction","target":["https:\/\/www.blogsoestado.com\/danielmatos\/video-peca-despenca-de-plataforma-e-por-pouco-nao-causa-tragedia-no-porto-do-itaqui\/"]}]},{"@type":"ImageObject","inLanguage":"pt-BR","@id":"https:\/\/www.blogsoestado.com\/danielmatos\/video-peca-despenca-de-plataforma-e-por-pouco-nao-causa-tragedia-no-porto-do-itaqui\/#primaryimage","url":"https:\/\/www.blogsoestado.com\/danielmatos\/files\/2018\/05\/roldana.jpg","contentUrl":"https:\/\/www.blogsoestado.com\/danielmatos\/files\/2018\/05\/roldana.jpg"},{"@type":"BreadcrumbList","@id":"https:\/\/www.blogsoestado.com\/danielmatos\/video-peca-despenca-de-plataforma-e-por-pouco-nao-causa-tragedia-no-porto-do-itaqui\/#breadcrumb","itemListElement":[{"@type":"ListItem","position":1,"name":"In\u00edcio","item":"https:\/\/www.blogsoestado.com\/danielmatos\/"},{"@type":"ListItem","position":2,"name":"V\u00eddeo: pe\u00e7a despenca de plataforma e por pouco n\u00e3o causa trag\u00e9dia no Porto do Itaqui"}]},{"@type":"WebSite","@id":"https:\/\/www.blogsoestado.com\/danielmatos\/#website","url":"https:\/\/www.blogsoestado.com\/danielmatos\/","name":"Daniel Matos","description":"","potentialAction":[{"@type":"SearchAction","target":{"@type":"EntryPoint","urlTemplate":"https:\/\/www.blogsoestado.com\/danielmatos\/?s={search_term_string}"},"query-input":{"@type":"PropertyValueSpecification","valueRequired":true,"valueName":"search_term_string"}}],"inLanguage":"pt-BR"}]}},"jetpack_featured_media_url":"","_links":{"self":[{"href":"https:\/\/www.blogsoestado.com\/danielmatos\/wp-json\/wp\/v2\/posts\/51530","targetHints":{"allow":["GET"]}}],"collection":[{"href":"https:\/\/www.blogsoestado.com\/danielmatos\/wp-json\/wp\/v2\/posts"}],"about":[{"href":"https:\/\/www.blogsoestado.com\/danielmatos\/wp-json\/wp\/v2\/types\/post"}],"replies":[{"embeddable":true,"href":"https:\/\/www.blogsoestado.com\/danielmatos\/wp-json\/wp\/v2\/comments?post=51530"}],"version-history":[{"count":0,"href":"https:\/\/www.blogsoestado.com\/danielmatos\/wp-json\/wp\/v2\/posts\/51530\/revisions"}],"wp:attachment":[{"href":"https:\/\/www.blogsoestado.com\/danielmatos\/wp-json\/wp\/v2\/media?parent=51530"}],"wp:term":[{"taxonomy":"category","embeddable":true,"href":"https:\/\/www.blogsoestado.com\/danielmatos\/wp-json\/wp\/v2\/categories?post=51530"},{"taxonomy":"post_tag","embeddable":true,"href":"https:\/\/www.blogsoestado.com\/danielmatos\/wp-json\/wp\/v2\/tags?post=51530"}],"curies":[{"name":"wp","href":"https:\/\/api.w.org\/{rel}","templated":true}]}}