{"id":51542,"date":"2018-05-21T13:53:06","date_gmt":"2018-05-21T16:53:06","guid":{"rendered":"https:\/\/www.blogsoestado.com\/danielmatos\/?p=51542"},"modified":"2018-05-21T13:53:06","modified_gmt":"2018-05-21T16:53:06","slug":"valorizar-o-patrimonio-preservar-fe","status":"publish","type":"post","link":"https:\/\/www.blogsoestado.com\/danielmatos\/valorizar-o-patrimonio-preservar-fe\/","title":{"rendered":"Valorizar o patrim\u00f4nio, preservar a f\u00e9"},"content":{"rendered":"<p><strong>Natalino Salgado Filho*<\/strong><\/p>\n<figure id=\"attachment_46533\" aria-describedby=\"caption-attachment-46533\" style=\"width: 448px\" class=\"wp-caption alignright\"><img fetchpriority=\"high\" decoding=\"async\" class=\"size-full wp-image-46533\" src=\"https:\/\/www.blogsoestado.com\/danielmatos\/files\/2017\/11\/natalino-baixada.jpg\" alt=\"\" width=\"448\" height=\"298\" \/><figcaption id=\"caption-attachment-46533\" class=\"wp-caption-text\">Natalino Salgado lembra que, al\u00e9m de lugar de devo\u00e7\u00e3o, algumas dessas centen\u00e1rias igrejas abrigam os restos mortais daqueles que um dia integraram as fam\u00edlias mais nobres do Maranh\u00e3o<\/figcaption><\/figure>\n<p>Hist\u00f3ria. Cultura. Arte. E acima de tudo, a religi\u00e3o. A edi\u00e7\u00e3o do dia 28 de abril do Rep\u00f3rter Mirante trouxe uma interessante reportagem sobre as igrejas de S\u00e3o Lu\u00eds, revelando aspectos curiosos sobre seu passado. Com o aux\u00edlio do padre e pesquisador Jo\u00e3o Dias Resende Filho, do historiador e turism\u00f3logo Antonio Noberto e do historiador e advogado Diogo Gualhardo, a rep\u00f3rter Regina Sousa enumera uma s\u00e9rie de detalhes poucos conhecidos do grande p\u00fablico.<\/p>\n<p>A rep\u00f3rter Regina Sousa revelou que a Igreja de Santo Ant\u00f4nio, por exemplo, constru\u00e7\u00e3o de 1867, guarda consigo um outro patrim\u00f4nio hist\u00f3rico, qual seja, a Capela de Bom Jesus dos Navegantes, constru\u00e7\u00e3o que data do in\u00edcio do s\u00e9culo 17. No local, sabe-se, a partir da reportagem, que se deu a constru\u00e7\u00e3o do primeiro convento capuchinho e que h\u00e1 registro hist\u00f3rico do primeiro sepultamento de um europeu em solo maranhense, qual seja o Frei Ambr\u00f3sio, que veio a S\u00e3o Lu\u00eds acompanhando Daniel de La Touche. No p\u00falpito dessa Capela, tamb\u00e9m foi proferido o mais famoso serm\u00e3o do Padre Ant\u00f4nio Vieira, que recebeu o nome de Serm\u00e3o aos Peixes.<\/p>\n<p>Outro epis\u00f3dio interessante narrado no programa foi o da reconstru\u00e7\u00e3o da Igreja de S\u00e3o Joao Batista, em 1665, erguida como cumprimento de uma promessa surgida a partir de uma penit\u00eancia para expiar uma culpa de um pecado; e o fato curioso de ter sido aquele santu\u00e1rio o local de dep\u00f3sito dos restos mortais daquele que passou para a hist\u00f3ria como um dos maiores traidores, qual seja, Joaquim Silv\u00e9rio dos Reis, que no Maranh\u00e3o veio se refugiar.<\/p>\n<p>A Igreja de Nossa Senhora do Ros\u00e1rio dos Homens Pretos, \u00fanica igreja de devo\u00e7\u00e3o dos negros que, impedidos de acompanhar a missa nas igrejas onde seus senhores brancos frequentavam, restou-lhes a constru\u00e7\u00e3o de um lugar exclusivo. Ao seu lado, a Capela de Nossa Senhora da Anuncia\u00e7\u00e3o e recolhimento de Nossa Senhora dos Rem\u00e9dios, constru\u00edda em 1751, pelo Frei Gabriel Malagrida. O local abriga a imagem de Nossa Senhora das Miss\u00f5es e Nossa Senhora de La Guarda.<\/p>\n<p>J\u00e1 a Igreja de S\u00e3o Pantale\u00e3o \u2013 dedicada a S\u00e3o Jos\u00e9 \u2013 recebeu aquele nome por causa do senhor que a mandou construir, por nome Pantale\u00e3o, onde funcionou por muito tempo a roda dos expostos, onde eram colocados os filhos indesejados, abandonados por sua fam\u00edlia, costume iniciado no Maranh\u00e3o, em 1829. A Capela de S\u00e3o Jos\u00e9 das Laranjeiras \u00e9 outra integrante do rico patrim\u00f4nio art\u00edstico-hist\u00f3rico do Maranh\u00e3o, constru\u00edda em 1814 pelo Comendador Jos\u00e9 Gon\u00e7alves da Silva, conhecido como \u201cO barateiro\u201d, um dos homens mais ricos e influentes da \u00e9poca. Tratava-se de uma capela particular aberta ao p\u00fablico, onde se encontra sepultado o corpo do comendador que a construiu.<\/p>\n<p>Acerca desse detalhe, interessante \u00e9 saber que para al\u00e9m de lugar de devo\u00e7\u00e3o, algumas dessas centen\u00e1rias igrejas abrigam os restos mortais daqueles que um dia integraram as fam\u00edlias mais nobres de nosso Estado. S\u00e3o os chamados ossu\u00e1rios, sendo a Igreja de Nossa Senhora do Ros\u00e1rio dos Homens Pretos a que conserva o maior cemit\u00e9rio sob o solo de um templo no Maranh\u00e3o, fato constatado ap\u00f3s a restaura\u00e7\u00e3o pela qual o local passou.<\/p>\n<p>Tamb\u00e9m h\u00e1, ao lado da Capela de Bom Jesus dos Navegantes, local que concentra num menor espa\u00e7o o maior n\u00famero de jazigos \u2013 mais de trezentos \u2013 e onde, inclusive, est\u00e3o os restos mortais do historiador Barbosa de Godois, autor do Hino do Maranh\u00e3o e onde se sup\u00f5e que tamb\u00e9m esteja enterrada Dona Ana Jansen. Na Capela de Nossa Senhora da Anuncia\u00e7\u00e3o e recolhimento de Nossa Senhora dos Rem\u00e9dios, o ossu\u00e1rio \u00e9 denominado Sala dos Mortos, onde est\u00e1 enterrado Hor\u00e1cio Tribuzi, que pintou aquela igreja.<\/p>\n<p>A reportagem trouxe para mim algumas reflex\u00f5es acerca da necessidade que temos de preservar e valorizar nosso patrim\u00f4nio, a exemplo do que j\u00e1 fizeram alguns pa\u00edses europeus que tornaram o turismo religioso fonte de gera\u00e7\u00e3o de emprego e renda, sem nos esquecermos, no entanto, como afirmou o Padre Jo\u00e3o Dias Resende Filho, que a igreja \u00e9 esse lugar encantador, onde as pessoas buscavam e ainda buscam a presen\u00e7a de Deus.<\/p>\n<p><strong>*Professor Titular de Medicina da UFMA<\/strong><br \/>\n<strong>Chefe do Servi\u00e7o de Nefrologia do Hospital Universit\u00e1rio da UFMA<\/strong><br \/>\n<strong>Coordenador da Pesquisa Clinica em Nefrologia do HUUFMA<\/strong><br \/>\n<strong>Coordenador da Liga de Afec\u00e7\u00f5es Renais do HUUFMA<\/strong><\/p>\n","protected":false},"excerpt":{"rendered":"<p>Natalino Salgado Filho* Hist\u00f3ria. Cultura. Arte. E acima de tudo, a religi\u00e3o. A edi\u00e7\u00e3o do dia 28 de abril do [&hellip;]<\/p>\n","protected":false},"author":0,"featured_media":0,"comment_status":"open","ping_status":"open","sticky":false,"template":"","format":"standard","meta":{"site-sidebar-layout":"default","site-content-layout":"","ast-site-content-layout":"default","site-content-style":"default","site-sidebar-style":"default","ast-global-header-display":"","ast-banner-title-visibility":"","ast-main-header-display":"","ast-hfb-above-header-display":"","ast-hfb-below-header-display":"","ast-hfb-mobile-header-display":"","site-post-title":"","ast-breadcrumbs-content":"","ast-featured-img":"","footer-sml-layout":"","ast-disable-related-posts":"","theme-transparent-header-meta":"","adv-header-id-meta":"","stick-header-meta":"","header-above-stick-meta":"","header-main-stick-meta":"","header-below-stick-meta":"","astra-migrate-meta-layouts":"default","ast-page-background-enabled":"default","ast-page-background-meta":{"desktop":{"background-color":"var(--ast-global-color-5)","background-image":"","background-repeat":"repeat","background-position":"center center","background-size":"auto","background-attachment":"scroll","background-type":"","background-media":"","overlay-type":"","overlay-color":"","overlay-opacity":"","overlay-gradient":""},"tablet":{"background-color":"","background-image":"","background-repeat":"repeat","background-position":"center center","background-size":"auto","background-attachment":"scroll","background-type":"","background-media":"","overlay-type":"","overlay-color":"","overlay-opacity":"","overlay-gradient":""},"mobile":{"background-color":"","background-image":"","background-repeat":"repeat","background-position":"center center","background-size":"auto","background-attachment":"scroll","background-type":"","background-media":"","overlay-type":"","overlay-color":"","overlay-opacity":"","overlay-gradient":""}},"ast-content-background-meta":{"desktop":{"background-color":"var(--ast-global-color-4)","background-image":"","background-repeat":"repeat","background-position":"center center","background-size":"auto","background-attachment":"scroll","background-type":"","background-media":"","overlay-type":"","overlay-color":"","overlay-opacity":"","overlay-gradient":""},"tablet":{"background-color":"var(--ast-global-color-4)","background-image":"","background-repeat":"repeat","background-position":"center center","background-size":"auto","background-attachment":"scroll","background-type":"","background-media":"","overlay-type":"","overlay-color":"","overlay-opacity":"","overlay-gradient":""},"mobile":{"background-color":"var(--ast-global-color-4)","background-image":"","background-repeat":"repeat","background-position":"center center","background-size":"auto","background-attachment":"scroll","background-type":"","background-media":"","overlay-type":"","overlay-color":"","overlay-opacity":"","overlay-gradient":""}},"footnotes":""},"categories":[1],"tags":[],"class_list":["post-51542","post","type-post","status-publish","format-standard","hentry","category-sem-categoria"],"yoast_head":"<!-- This site is optimized with the Yoast SEO plugin v26.6 - https:\/\/yoast.com\/wordpress\/plugins\/seo\/ -->\n<title>Valorizar o patrim\u00f4nio, preservar a f\u00e9 - Daniel Matos<\/title>\n<meta name=\"robots\" content=\"index, follow, max-snippet:-1, max-image-preview:large, max-video-preview:-1\" \/>\n<link rel=\"canonical\" href=\"https:\/\/www.blogsoestado.com\/danielmatos\/valorizar-o-patrimonio-preservar-fe\/\" \/>\n<meta property=\"og:locale\" content=\"pt_BR\" \/>\n<meta property=\"og:type\" content=\"article\" \/>\n<meta property=\"og:title\" content=\"Valorizar o patrim\u00f4nio, preservar a f\u00e9 - Daniel Matos\" \/>\n<meta property=\"og:description\" content=\"Natalino Salgado Filho* Hist\u00f3ria. Cultura. Arte. E acima de tudo, a religi\u00e3o. A edi\u00e7\u00e3o do dia 28 de abril do [&hellip;]\" \/>\n<meta property=\"og:url\" content=\"https:\/\/www.blogsoestado.com\/danielmatos\/valorizar-o-patrimonio-preservar-fe\/\" \/>\n<meta property=\"og:site_name\" content=\"Daniel Matos\" \/>\n<meta property=\"article:published_time\" content=\"2018-05-21T16:53:06+00:00\" \/>\n<meta property=\"og:image\" content=\"https:\/\/www.blogsoestado.com\/danielmatos\/files\/2017\/11\/natalino-baixada.jpg\" \/>\n<meta name=\"twitter:card\" content=\"summary_large_image\" \/>\n<meta name=\"twitter:label1\" content=\"Est. tempo de leitura\" \/>\n\t<meta name=\"twitter:data1\" content=\"4 minutos\" \/>\n<script type=\"application\/ld+json\" class=\"yoast-schema-graph\">{\"@context\":\"https:\/\/schema.org\",\"@graph\":[{\"@type\":\"WebPage\",\"@id\":\"https:\/\/www.blogsoestado.com\/danielmatos\/valorizar-o-patrimonio-preservar-fe\/\",\"url\":\"https:\/\/www.blogsoestado.com\/danielmatos\/valorizar-o-patrimonio-preservar-fe\/\",\"name\":\"Valorizar o patrim\u00f4nio, preservar a f\u00e9 - Daniel Matos\",\"isPartOf\":{\"@id\":\"https:\/\/www.blogsoestado.com\/danielmatos\/#website\"},\"primaryImageOfPage\":{\"@id\":\"https:\/\/www.blogsoestado.com\/danielmatos\/valorizar-o-patrimonio-preservar-fe\/#primaryimage\"},\"image\":{\"@id\":\"https:\/\/www.blogsoestado.com\/danielmatos\/valorizar-o-patrimonio-preservar-fe\/#primaryimage\"},\"thumbnailUrl\":\"https:\/\/www.blogsoestado.com\/danielmatos\/files\/2017\/11\/natalino-baixada.jpg\",\"datePublished\":\"2018-05-21T16:53:06+00:00\",\"author\":{\"@id\":\"\"},\"breadcrumb\":{\"@id\":\"https:\/\/www.blogsoestado.com\/danielmatos\/valorizar-o-patrimonio-preservar-fe\/#breadcrumb\"},\"inLanguage\":\"pt-BR\",\"potentialAction\":[{\"@type\":\"ReadAction\",\"target\":[\"https:\/\/www.blogsoestado.com\/danielmatos\/valorizar-o-patrimonio-preservar-fe\/\"]}]},{\"@type\":\"ImageObject\",\"inLanguage\":\"pt-BR\",\"@id\":\"https:\/\/www.blogsoestado.com\/danielmatos\/valorizar-o-patrimonio-preservar-fe\/#primaryimage\",\"url\":\"https:\/\/www.blogsoestado.com\/danielmatos\/files\/2017\/11\/natalino-baixada.jpg\",\"contentUrl\":\"https:\/\/www.blogsoestado.com\/danielmatos\/files\/2017\/11\/natalino-baixada.jpg\"},{\"@type\":\"BreadcrumbList\",\"@id\":\"https:\/\/www.blogsoestado.com\/danielmatos\/valorizar-o-patrimonio-preservar-fe\/#breadcrumb\",\"itemListElement\":[{\"@type\":\"ListItem\",\"position\":1,\"name\":\"In\u00edcio\",\"item\":\"https:\/\/www.blogsoestado.com\/danielmatos\/\"},{\"@type\":\"ListItem\",\"position\":2,\"name\":\"Valorizar o patrim\u00f4nio, preservar a f\u00e9\"}]},{\"@type\":\"WebSite\",\"@id\":\"https:\/\/www.blogsoestado.com\/danielmatos\/#website\",\"url\":\"https:\/\/www.blogsoestado.com\/danielmatos\/\",\"name\":\"Daniel Matos\",\"description\":\"\",\"potentialAction\":[{\"@type\":\"SearchAction\",\"target\":{\"@type\":\"EntryPoint\",\"urlTemplate\":\"https:\/\/www.blogsoestado.com\/danielmatos\/?s={search_term_string}\"},\"query-input\":{\"@type\":\"PropertyValueSpecification\",\"valueRequired\":true,\"valueName\":\"search_term_string\"}}],\"inLanguage\":\"pt-BR\"}]}<\/script>\n<!-- \/ Yoast SEO plugin. -->","yoast_head_json":{"title":"Valorizar o patrim\u00f4nio, preservar a f\u00e9 - Daniel Matos","robots":{"index":"index","follow":"follow","max-snippet":"max-snippet:-1","max-image-preview":"max-image-preview:large","max-video-preview":"max-video-preview:-1"},"canonical":"https:\/\/www.blogsoestado.com\/danielmatos\/valorizar-o-patrimonio-preservar-fe\/","og_locale":"pt_BR","og_type":"article","og_title":"Valorizar o patrim\u00f4nio, preservar a f\u00e9 - Daniel Matos","og_description":"Natalino Salgado Filho* Hist\u00f3ria. Cultura. Arte. E acima de tudo, a religi\u00e3o. A edi\u00e7\u00e3o do dia 28 de abril do [&hellip;]","og_url":"https:\/\/www.blogsoestado.com\/danielmatos\/valorizar-o-patrimonio-preservar-fe\/","og_site_name":"Daniel Matos","article_published_time":"2018-05-21T16:53:06+00:00","og_image":[{"url":"https:\/\/www.blogsoestado.com\/danielmatos\/files\/2017\/11\/natalino-baixada.jpg","type":"","width":"","height":""}],"twitter_card":"summary_large_image","twitter_misc":{"Est. tempo de leitura":"4 minutos"},"schema":{"@context":"https:\/\/schema.org","@graph":[{"@type":"WebPage","@id":"https:\/\/www.blogsoestado.com\/danielmatos\/valorizar-o-patrimonio-preservar-fe\/","url":"https:\/\/www.blogsoestado.com\/danielmatos\/valorizar-o-patrimonio-preservar-fe\/","name":"Valorizar o patrim\u00f4nio, preservar a f\u00e9 - Daniel Matos","isPartOf":{"@id":"https:\/\/www.blogsoestado.com\/danielmatos\/#website"},"primaryImageOfPage":{"@id":"https:\/\/www.blogsoestado.com\/danielmatos\/valorizar-o-patrimonio-preservar-fe\/#primaryimage"},"image":{"@id":"https:\/\/www.blogsoestado.com\/danielmatos\/valorizar-o-patrimonio-preservar-fe\/#primaryimage"},"thumbnailUrl":"https:\/\/www.blogsoestado.com\/danielmatos\/files\/2017\/11\/natalino-baixada.jpg","datePublished":"2018-05-21T16:53:06+00:00","author":{"@id":""},"breadcrumb":{"@id":"https:\/\/www.blogsoestado.com\/danielmatos\/valorizar-o-patrimonio-preservar-fe\/#breadcrumb"},"inLanguage":"pt-BR","potentialAction":[{"@type":"ReadAction","target":["https:\/\/www.blogsoestado.com\/danielmatos\/valorizar-o-patrimonio-preservar-fe\/"]}]},{"@type":"ImageObject","inLanguage":"pt-BR","@id":"https:\/\/www.blogsoestado.com\/danielmatos\/valorizar-o-patrimonio-preservar-fe\/#primaryimage","url":"https:\/\/www.blogsoestado.com\/danielmatos\/files\/2017\/11\/natalino-baixada.jpg","contentUrl":"https:\/\/www.blogsoestado.com\/danielmatos\/files\/2017\/11\/natalino-baixada.jpg"},{"@type":"BreadcrumbList","@id":"https:\/\/www.blogsoestado.com\/danielmatos\/valorizar-o-patrimonio-preservar-fe\/#breadcrumb","itemListElement":[{"@type":"ListItem","position":1,"name":"In\u00edcio","item":"https:\/\/www.blogsoestado.com\/danielmatos\/"},{"@type":"ListItem","position":2,"name":"Valorizar o patrim\u00f4nio, preservar a f\u00e9"}]},{"@type":"WebSite","@id":"https:\/\/www.blogsoestado.com\/danielmatos\/#website","url":"https:\/\/www.blogsoestado.com\/danielmatos\/","name":"Daniel Matos","description":"","potentialAction":[{"@type":"SearchAction","target":{"@type":"EntryPoint","urlTemplate":"https:\/\/www.blogsoestado.com\/danielmatos\/?s={search_term_string}"},"query-input":{"@type":"PropertyValueSpecification","valueRequired":true,"valueName":"search_term_string"}}],"inLanguage":"pt-BR"}]}},"jetpack_featured_media_url":"","_links":{"self":[{"href":"https:\/\/www.blogsoestado.com\/danielmatos\/wp-json\/wp\/v2\/posts\/51542","targetHints":{"allow":["GET"]}}],"collection":[{"href":"https:\/\/www.blogsoestado.com\/danielmatos\/wp-json\/wp\/v2\/posts"}],"about":[{"href":"https:\/\/www.blogsoestado.com\/danielmatos\/wp-json\/wp\/v2\/types\/post"}],"replies":[{"embeddable":true,"href":"https:\/\/www.blogsoestado.com\/danielmatos\/wp-json\/wp\/v2\/comments?post=51542"}],"version-history":[{"count":0,"href":"https:\/\/www.blogsoestado.com\/danielmatos\/wp-json\/wp\/v2\/posts\/51542\/revisions"}],"wp:attachment":[{"href":"https:\/\/www.blogsoestado.com\/danielmatos\/wp-json\/wp\/v2\/media?parent=51542"}],"wp:term":[{"taxonomy":"category","embeddable":true,"href":"https:\/\/www.blogsoestado.com\/danielmatos\/wp-json\/wp\/v2\/categories?post=51542"},{"taxonomy":"post_tag","embeddable":true,"href":"https:\/\/www.blogsoestado.com\/danielmatos\/wp-json\/wp\/v2\/tags?post=51542"}],"curies":[{"name":"wp","href":"https:\/\/api.w.org\/{rel}","templated":true}]}}