{"id":51544,"date":"2018-05-21T14:45:28","date_gmt":"2018-05-21T17:45:28","guid":{"rendered":"https:\/\/www.blogsoestado.com\/danielmatos\/?p=51544"},"modified":"2018-05-21T14:45:28","modified_gmt":"2018-05-21T17:45:28","slug":"honraria-presidente-e-membros-do-judiciario-recebem-titulo-de-doutor-honoris-causa","status":"publish","type":"post","link":"https:\/\/www.blogsoestado.com\/danielmatos\/honraria-presidente-e-membros-do-judiciario-recebem-titulo-de-doutor-honoris-causa\/","title":{"rendered":"Honraria: presidente e membros do Judici\u00e1rio recebem t\u00edtulo de &#8220;Doutor Honoris Causa&#8221;"},"content":{"rendered":"<figure id=\"attachment_51545\" aria-describedby=\"caption-attachment-51545\" style=\"width: 640px\" class=\"wp-caption aligncenter\"><img fetchpriority=\"high\" decoding=\"async\" class=\"size-full wp-image-51545\" src=\"https:\/\/www.blogsoestado.com\/danielmatos\/files\/2018\/05\/honraria-jj.jpg\" alt=\"\" width=\"640\" height=\"461\" \/><figcaption id=\"caption-attachment-51545\" class=\"wp-caption-text\">Presidente Jos\u00e9 Joaquim Figueiredo dos Anjos, juiz Jos\u00e9 Am\u00e9rico Abreu Costa, desembargador Cleones Cunha e o diretor-geral do TJMA. M\u00e1rio Lob\u00e3o, receberam t\u00edtulo de &#8220;Doutor Honoris Causa&#8221;<\/figcaption><\/figure>\n<p>Os desembargadores Joaquim Figueiredo (presidente do Tribunal de Justi\u00e7a do Maranh\u00e3o) e Cleones Cunha (ex-presidente do TJMA), o juiz Jos\u00e9 Am\u00e9rico Costa e o diretor-geral do Tribunal, M\u00e1rio Lob\u00e3o, foram homenageados com o t\u00edtulo de \u2018Doutor Honoris Causa\u2019 pela Universidade Emill Brunner, em cerim\u00f4nia realizada no audit\u00f3rio do Conselho Regional de Medicina, na noite desse \u00faltimo domingo (20).<\/p>\n<p>A distinta honraria \u00e9 a mais relevante oferecida pelas institui\u00e7\u00f5es de ensino superior. \u00c9 um reconhecimento pela dedica\u00e7\u00e3o ao trabalho e pelas contribui\u00e7\u00f5es sociais e acad\u00eamicas, concedido a grandes personalidades.<\/p>\n<p>A titula\u00e7\u00e3o honor\u00edfica foi entregue pelo reitor da Universidade Emill Brunner, \u00cdtalu Colares, que exaltou a extraordin\u00e1ria capacidade intelectual dos magistrados, que receberam a distin\u00e7\u00e3o pela relevante contribui\u00e7\u00e3o \u00e0 Ci\u00eancia Jur\u00eddica.<\/p>\n<p>A entrega do t\u00edtulo foi prestigiada por membros da comunidade jur\u00eddica maranhense e familiares dos homenageados. A noite reservou, ainda, homenagens a profissionais das \u00e1reas da sa\u00fade, educa\u00e7\u00e3o, economia, administra\u00e7\u00e3o e outras.<\/p>\n<p>A cerim\u00f4nia teve como orador oficial o presidente do Tribunal de Justi\u00e7a do Maranh\u00e3o, desembargador Joaquim Figueiredo.<\/p>\n<p>\u201cO t\u00edtulo n\u00e3o apenas contempla quem o recebe. A outorga vai muito al\u00e9m da honraria, sendo uma maneira reflexa que enriquece, de forma bastante generosa, as pr\u00f3prias institui\u00e7\u00f5es a que pertencemos e onde exercemos nossas atividades profissionais, uma vez que quem est\u00e1 concedendo a honraria \u00e9 uma institui\u00e7\u00e3o que se afirma como um dos pilares da produ\u00e7\u00e3o de conhecimento no Brasil\u201d, enfatizou.<\/p>\n<p>De acordo com o presidente do TJMA, a honraria vem aumentar o entusiasmo dos homenageados pelas suas profiss\u00f5es.<\/p>\n<p>\u201cA palavra entusiasmo, que nos foi legada pelos gregos no dizer do genial Pasteur, significa um &#8220;Deus Interior&#8221;. Assim, devemos manter conosco o mesmo entusiasmo de anos atr\u00e1s, ensinando e aprendendo, inclusive com v\u00e1rios a que ensinamos, pois aprender n\u00e3o \u00e9 um ato findo e, ao contr\u00e1rio, \u00e9 um exerc\u00edcio constante de renova\u00e7\u00e3o\u201d, assinalou.<\/p>\n<p>De acordo com o desembargador, ao conceder o t\u00edtulo, a Universidade Brunner reconhece que os homenageados t\u00eam dedicado a sua preciosa vida aos encantos da produ\u00e7\u00e3o e dissemina\u00e7\u00e3o do saber, demonstrando o valor e a grandeza da vida profissional dos homenageados que se sentem enriquecidos e honrados com a concess\u00e3o da honraria.<\/p>\n<p>\u201cEstamos extremamente honrados em receber este galard\u00e3o do mais alto valor! Somos gratos pelo t\u00edtulo conferido! Ele nos enobrece por ser um gesto de grandeza a entronizar-se nos nossos cora\u00e7\u00f5es!\u201d, assinalou.<\/p>\n<p><strong>Reconhecimento<\/strong><\/p>\n<p>O presidente do TJMA, desembargador Joaquim Figueiredo, disse em seu pronunciamento que o t\u00edtulo de \u2018Doutor Honoris Causa\u2019 \u00e9 fruto do reconhecimento de uma comunidade acad\u00eamica e aprovado por Doutos de uma Institui\u00e7\u00e3o conceituada, reconhecendo o retorno dado para a sociedade.<\/p>\n<p>Ap\u00f3s dirigir palavras de agradecimento ao reitor da Emill Brunner, o presidente do TJMA pontuou que o verdadeiro papel das Universidades \u00e9 produzir saberes e difundi-los, com o objetivo prec\u00edpuo de contribuir para o aprimoramento da vida social contextualizada.<\/p>\n<p>Segundo ele, cabe \u00e0s Universidades o papel de reconhecer o trabalho de quantos dedicam as suas vidas \u00e0 produ\u00e7\u00e3o do conhecimento. Assim, elas agraciam aqueles que, por m\u00e9rito, debru\u00e7am-se sobre os seus afazeres cotidianos para solidificar conhecimentos e transmiti-los, visando \u00e0 transforma\u00e7\u00e3o da vida social em todos os seus poss\u00edveis termos\u201d.<\/p>\n<p>\u201cCom essa distin\u00e7\u00e3o e manifesta\u00e7\u00e3o honrosa, a Emill Brunner passa a ser agora tamb\u00e9m a nossa Universidade, a nossa casa. Aqui, deixamos o nosso reconhecimento!\u201d, frisou.<\/p>\n<p><strong>Distin\u00e7\u00e3o<\/strong><\/p>\n<p>O t\u00edtulo de \u2018Doutor Honoris Causa\u2019 \u00e9 concedido \u00e0 personalidade que tenha se distinguido pelo saber ou pela atua\u00e7\u00e3o em prol das ci\u00eancias.<\/p>\n<p>Trata-se da distin\u00e7\u00e3o honor\u00edfica de maior reconhecimento acad\u00eamico de uma universidade, outorgado a quem reconhecidamente re\u00fane tantas virtudes.<\/p>\n<p><strong>Fonte:<\/strong> Tribunal de Justi\u00e7a do Maranh\u00e3o<\/p>\n","protected":false},"excerpt":{"rendered":"<p>Os desembargadores Joaquim Figueiredo (presidente do Tribunal de Justi\u00e7a do Maranh\u00e3o) e Cleones Cunha (ex-presidente do TJMA), o juiz Jos\u00e9 [&hellip;]<\/p>\n","protected":false},"author":0,"featured_media":0,"comment_status":"open","ping_status":"open","sticky":false,"template":"","format":"standard","meta":{"site-sidebar-layout":"default","site-content-layout":"","ast-site-content-layout":"default","site-content-style":"default","site-sidebar-style":"default","ast-global-header-display":"","ast-banner-title-visibility":"","ast-main-header-display":"","ast-hfb-above-header-display":"","ast-hfb-below-header-display":"","ast-hfb-mobile-header-display":"","site-post-title":"","ast-breadcrumbs-content":"","ast-featured-img":"","footer-sml-layout":"","ast-disable-related-posts":"","theme-transparent-header-meta":"","adv-header-id-meta":"","stick-header-meta":"","header-above-stick-meta":"","header-main-stick-meta":"","header-below-stick-meta":"","astra-migrate-meta-layouts":"default","ast-page-background-enabled":"default","ast-page-background-meta":{"desktop":{"background-color":"var(--ast-global-color-5)","background-image":"","background-repeat":"repeat","background-position":"center center","background-size":"auto","background-attachment":"scroll","background-type":"","background-media":"","overlay-type":"","overlay-color":"","overlay-opacity":"","overlay-gradient":""},"tablet":{"background-color":"","background-image":"","background-repeat":"repeat","background-position":"center center","background-size":"auto","background-attachment":"scroll","background-type":"","background-media":"","overlay-type":"","overlay-color":"","overlay-opacity":"","overlay-gradient":""},"mobile":{"background-color":"","background-image":"","background-repeat":"repeat","background-position":"center center","background-size":"auto","background-attachment":"scroll","background-type":"","background-media":"","overlay-type":"","overlay-color":"","overlay-opacity":"","overlay-gradient":""}},"ast-content-background-meta":{"desktop":{"background-color":"var(--ast-global-color-4)","background-image":"","background-repeat":"repeat","background-position":"center center","background-size":"auto","background-attachment":"scroll","background-type":"","background-media":"","overlay-type":"","overlay-color":"","overlay-opacity":"","overlay-gradient":""},"tablet":{"background-color":"var(--ast-global-color-4)","background-image":"","background-repeat":"repeat","background-position":"center center","background-size":"auto","background-attachment":"scroll","background-type":"","background-media":"","overlay-type":"","overlay-color":"","overlay-opacity":"","overlay-gradient":""},"mobile":{"background-color":"var(--ast-global-color-4)","background-image":"","background-repeat":"repeat","background-position":"center center","background-size":"auto","background-attachment":"scroll","background-type":"","background-media":"","overlay-type":"","overlay-color":"","overlay-opacity":"","overlay-gradient":""}},"footnotes":""},"categories":[1],"tags":[],"class_list":["post-51544","post","type-post","status-publish","format-standard","hentry","category-sem-categoria"],"yoast_head":"<!-- This site is optimized with the Yoast SEO plugin v26.6 - https:\/\/yoast.com\/wordpress\/plugins\/seo\/ -->\n<title>Honraria: presidente e membros do Judici\u00e1rio recebem t\u00edtulo de &quot;Doutor Honoris Causa&quot; - Daniel Matos<\/title>\n<meta name=\"robots\" content=\"index, follow, max-snippet:-1, max-image-preview:large, max-video-preview:-1\" \/>\n<link rel=\"canonical\" href=\"https:\/\/www.blogsoestado.com\/danielmatos\/honraria-presidente-e-membros-do-judiciario-recebem-titulo-de-doutor-honoris-causa\/\" \/>\n<meta property=\"og:locale\" content=\"pt_BR\" \/>\n<meta property=\"og:type\" content=\"article\" \/>\n<meta property=\"og:title\" content=\"Honraria: presidente e membros do Judici\u00e1rio recebem t\u00edtulo de &quot;Doutor Honoris Causa&quot; - Daniel Matos\" \/>\n<meta property=\"og:description\" content=\"Os desembargadores Joaquim Figueiredo (presidente do Tribunal de Justi\u00e7a do Maranh\u00e3o) e Cleones Cunha (ex-presidente do TJMA), o juiz Jos\u00e9 [&hellip;]\" \/>\n<meta property=\"og:url\" content=\"https:\/\/www.blogsoestado.com\/danielmatos\/honraria-presidente-e-membros-do-judiciario-recebem-titulo-de-doutor-honoris-causa\/\" \/>\n<meta property=\"og:site_name\" content=\"Daniel Matos\" \/>\n<meta property=\"article:published_time\" content=\"2018-05-21T17:45:28+00:00\" \/>\n<meta property=\"og:image\" content=\"https:\/\/www.blogsoestado.com\/danielmatos\/files\/2018\/05\/honraria-jj.jpg\" \/>\n<meta name=\"twitter:card\" content=\"summary_large_image\" \/>\n<meta name=\"twitter:label1\" content=\"Est. tempo de leitura\" \/>\n\t<meta name=\"twitter:data1\" content=\"3 minutos\" \/>\n<script type=\"application\/ld+json\" class=\"yoast-schema-graph\">{\"@context\":\"https:\/\/schema.org\",\"@graph\":[{\"@type\":\"WebPage\",\"@id\":\"https:\/\/www.blogsoestado.com\/danielmatos\/honraria-presidente-e-membros-do-judiciario-recebem-titulo-de-doutor-honoris-causa\/\",\"url\":\"https:\/\/www.blogsoestado.com\/danielmatos\/honraria-presidente-e-membros-do-judiciario-recebem-titulo-de-doutor-honoris-causa\/\",\"name\":\"Honraria: presidente e membros do Judici\u00e1rio recebem t\u00edtulo de \\\"Doutor Honoris Causa\\\" - Daniel Matos\",\"isPartOf\":{\"@id\":\"https:\/\/www.blogsoestado.com\/danielmatos\/#website\"},\"primaryImageOfPage\":{\"@id\":\"https:\/\/www.blogsoestado.com\/danielmatos\/honraria-presidente-e-membros-do-judiciario-recebem-titulo-de-doutor-honoris-causa\/#primaryimage\"},\"image\":{\"@id\":\"https:\/\/www.blogsoestado.com\/danielmatos\/honraria-presidente-e-membros-do-judiciario-recebem-titulo-de-doutor-honoris-causa\/#primaryimage\"},\"thumbnailUrl\":\"https:\/\/www.blogsoestado.com\/danielmatos\/files\/2018\/05\/honraria-jj.jpg\",\"datePublished\":\"2018-05-21T17:45:28+00:00\",\"author\":{\"@id\":\"\"},\"breadcrumb\":{\"@id\":\"https:\/\/www.blogsoestado.com\/danielmatos\/honraria-presidente-e-membros-do-judiciario-recebem-titulo-de-doutor-honoris-causa\/#breadcrumb\"},\"inLanguage\":\"pt-BR\",\"potentialAction\":[{\"@type\":\"ReadAction\",\"target\":[\"https:\/\/www.blogsoestado.com\/danielmatos\/honraria-presidente-e-membros-do-judiciario-recebem-titulo-de-doutor-honoris-causa\/\"]}]},{\"@type\":\"ImageObject\",\"inLanguage\":\"pt-BR\",\"@id\":\"https:\/\/www.blogsoestado.com\/danielmatos\/honraria-presidente-e-membros-do-judiciario-recebem-titulo-de-doutor-honoris-causa\/#primaryimage\",\"url\":\"https:\/\/www.blogsoestado.com\/danielmatos\/files\/2018\/05\/honraria-jj.jpg\",\"contentUrl\":\"https:\/\/www.blogsoestado.com\/danielmatos\/files\/2018\/05\/honraria-jj.jpg\"},{\"@type\":\"BreadcrumbList\",\"@id\":\"https:\/\/www.blogsoestado.com\/danielmatos\/honraria-presidente-e-membros-do-judiciario-recebem-titulo-de-doutor-honoris-causa\/#breadcrumb\",\"itemListElement\":[{\"@type\":\"ListItem\",\"position\":1,\"name\":\"In\u00edcio\",\"item\":\"https:\/\/www.blogsoestado.com\/danielmatos\/\"},{\"@type\":\"ListItem\",\"position\":2,\"name\":\"Honraria: presidente e membros do Judici\u00e1rio recebem t\u00edtulo de &#8220;Doutor Honoris Causa&#8221;\"}]},{\"@type\":\"WebSite\",\"@id\":\"https:\/\/www.blogsoestado.com\/danielmatos\/#website\",\"url\":\"https:\/\/www.blogsoestado.com\/danielmatos\/\",\"name\":\"Daniel Matos\",\"description\":\"\",\"potentialAction\":[{\"@type\":\"SearchAction\",\"target\":{\"@type\":\"EntryPoint\",\"urlTemplate\":\"https:\/\/www.blogsoestado.com\/danielmatos\/?s={search_term_string}\"},\"query-input\":{\"@type\":\"PropertyValueSpecification\",\"valueRequired\":true,\"valueName\":\"search_term_string\"}}],\"inLanguage\":\"pt-BR\"}]}<\/script>\n<!-- \/ Yoast SEO plugin. -->","yoast_head_json":{"title":"Honraria: presidente e membros do Judici\u00e1rio recebem t\u00edtulo de \"Doutor Honoris Causa\" - Daniel Matos","robots":{"index":"index","follow":"follow","max-snippet":"max-snippet:-1","max-image-preview":"max-image-preview:large","max-video-preview":"max-video-preview:-1"},"canonical":"https:\/\/www.blogsoestado.com\/danielmatos\/honraria-presidente-e-membros-do-judiciario-recebem-titulo-de-doutor-honoris-causa\/","og_locale":"pt_BR","og_type":"article","og_title":"Honraria: presidente e membros do Judici\u00e1rio recebem t\u00edtulo de \"Doutor Honoris Causa\" - Daniel Matos","og_description":"Os desembargadores Joaquim Figueiredo (presidente do Tribunal de Justi\u00e7a do Maranh\u00e3o) e Cleones Cunha (ex-presidente do TJMA), o juiz Jos\u00e9 [&hellip;]","og_url":"https:\/\/www.blogsoestado.com\/danielmatos\/honraria-presidente-e-membros-do-judiciario-recebem-titulo-de-doutor-honoris-causa\/","og_site_name":"Daniel Matos","article_published_time":"2018-05-21T17:45:28+00:00","og_image":[{"url":"https:\/\/www.blogsoestado.com\/danielmatos\/files\/2018\/05\/honraria-jj.jpg","type":"","width":"","height":""}],"twitter_card":"summary_large_image","twitter_misc":{"Est. tempo de leitura":"3 minutos"},"schema":{"@context":"https:\/\/schema.org","@graph":[{"@type":"WebPage","@id":"https:\/\/www.blogsoestado.com\/danielmatos\/honraria-presidente-e-membros-do-judiciario-recebem-titulo-de-doutor-honoris-causa\/","url":"https:\/\/www.blogsoestado.com\/danielmatos\/honraria-presidente-e-membros-do-judiciario-recebem-titulo-de-doutor-honoris-causa\/","name":"Honraria: presidente e membros do Judici\u00e1rio recebem t\u00edtulo de \"Doutor Honoris Causa\" - Daniel Matos","isPartOf":{"@id":"https:\/\/www.blogsoestado.com\/danielmatos\/#website"},"primaryImageOfPage":{"@id":"https:\/\/www.blogsoestado.com\/danielmatos\/honraria-presidente-e-membros-do-judiciario-recebem-titulo-de-doutor-honoris-causa\/#primaryimage"},"image":{"@id":"https:\/\/www.blogsoestado.com\/danielmatos\/honraria-presidente-e-membros-do-judiciario-recebem-titulo-de-doutor-honoris-causa\/#primaryimage"},"thumbnailUrl":"https:\/\/www.blogsoestado.com\/danielmatos\/files\/2018\/05\/honraria-jj.jpg","datePublished":"2018-05-21T17:45:28+00:00","author":{"@id":""},"breadcrumb":{"@id":"https:\/\/www.blogsoestado.com\/danielmatos\/honraria-presidente-e-membros-do-judiciario-recebem-titulo-de-doutor-honoris-causa\/#breadcrumb"},"inLanguage":"pt-BR","potentialAction":[{"@type":"ReadAction","target":["https:\/\/www.blogsoestado.com\/danielmatos\/honraria-presidente-e-membros-do-judiciario-recebem-titulo-de-doutor-honoris-causa\/"]}]},{"@type":"ImageObject","inLanguage":"pt-BR","@id":"https:\/\/www.blogsoestado.com\/danielmatos\/honraria-presidente-e-membros-do-judiciario-recebem-titulo-de-doutor-honoris-causa\/#primaryimage","url":"https:\/\/www.blogsoestado.com\/danielmatos\/files\/2018\/05\/honraria-jj.jpg","contentUrl":"https:\/\/www.blogsoestado.com\/danielmatos\/files\/2018\/05\/honraria-jj.jpg"},{"@type":"BreadcrumbList","@id":"https:\/\/www.blogsoestado.com\/danielmatos\/honraria-presidente-e-membros-do-judiciario-recebem-titulo-de-doutor-honoris-causa\/#breadcrumb","itemListElement":[{"@type":"ListItem","position":1,"name":"In\u00edcio","item":"https:\/\/www.blogsoestado.com\/danielmatos\/"},{"@type":"ListItem","position":2,"name":"Honraria: presidente e membros do Judici\u00e1rio recebem t\u00edtulo de &#8220;Doutor Honoris Causa&#8221;"}]},{"@type":"WebSite","@id":"https:\/\/www.blogsoestado.com\/danielmatos\/#website","url":"https:\/\/www.blogsoestado.com\/danielmatos\/","name":"Daniel Matos","description":"","potentialAction":[{"@type":"SearchAction","target":{"@type":"EntryPoint","urlTemplate":"https:\/\/www.blogsoestado.com\/danielmatos\/?s={search_term_string}"},"query-input":{"@type":"PropertyValueSpecification","valueRequired":true,"valueName":"search_term_string"}}],"inLanguage":"pt-BR"}]}},"jetpack_featured_media_url":"","_links":{"self":[{"href":"https:\/\/www.blogsoestado.com\/danielmatos\/wp-json\/wp\/v2\/posts\/51544","targetHints":{"allow":["GET"]}}],"collection":[{"href":"https:\/\/www.blogsoestado.com\/danielmatos\/wp-json\/wp\/v2\/posts"}],"about":[{"href":"https:\/\/www.blogsoestado.com\/danielmatos\/wp-json\/wp\/v2\/types\/post"}],"replies":[{"embeddable":true,"href":"https:\/\/www.blogsoestado.com\/danielmatos\/wp-json\/wp\/v2\/comments?post=51544"}],"version-history":[{"count":0,"href":"https:\/\/www.blogsoestado.com\/danielmatos\/wp-json\/wp\/v2\/posts\/51544\/revisions"}],"wp:attachment":[{"href":"https:\/\/www.blogsoestado.com\/danielmatos\/wp-json\/wp\/v2\/media?parent=51544"}],"wp:term":[{"taxonomy":"category","embeddable":true,"href":"https:\/\/www.blogsoestado.com\/danielmatos\/wp-json\/wp\/v2\/categories?post=51544"},{"taxonomy":"post_tag","embeddable":true,"href":"https:\/\/www.blogsoestado.com\/danielmatos\/wp-json\/wp\/v2\/tags?post=51544"}],"curies":[{"name":"wp","href":"https:\/\/api.w.org\/{rel}","templated":true}]}}