{"id":51547,"date":"2018-05-21T16:20:45","date_gmt":"2018-05-21T19:20:45","guid":{"rendered":"https:\/\/www.blogsoestado.com\/danielmatos\/?p=51547"},"modified":"2018-05-21T16:20:45","modified_gmt":"2018-05-21T19:20:45","slug":"roseana-diz-que-entrara-na-campanha-para-vencer-e-afirma-que-flavio-dino-e-rejeitado-em-todo-o-maranhao","status":"publish","type":"post","link":"https:\/\/www.blogsoestado.com\/danielmatos\/roseana-diz-que-entrara-na-campanha-para-vencer-e-afirma-que-flavio-dino-e-rejeitado-em-todo-o-maranhao\/","title":{"rendered":"Roseana diz que entrar\u00e1 na campanha para vencer e afirma que Fl\u00e1vio Dino \u00e9 rejeitado em todo o Maranh\u00e3o"},"content":{"rendered":"<figure id=\"attachment_51549\" aria-describedby=\"caption-attachment-51549\" style=\"width: 640px\" class=\"wp-caption aligncenter\"><img fetchpriority=\"high\" decoding=\"async\" class=\"size-full wp-image-51549\" src=\"https:\/\/www.blogsoestado.com\/danielmatos\/files\/2018\/05\/rose-confirma.jpg\" alt=\"\" width=\"640\" height=\"427\" \/><figcaption id=\"caption-attachment-51549\" class=\"wp-caption-text\">Roseana garantiu que entrar\u00e1 na disputa para vencer mais uma vez (<strong>Fotos:<\/strong> Paulo Soares\/<strong>O Estado<\/strong>)<\/figcaption><\/figure>\n<p>Em reuni\u00e3o em sua resid\u00eancia, no Calhau, a ex-governadora Roseana Sarney (MDB), confirmou que disputar\u00e1 pela quinta vez a sucess\u00e3o estadual e fez duras cr\u00edticas ao governador Fl\u00e1vio Dino (PCdoB), que tentar\u00e1 a reelei\u00e7\u00e3o, mesmo amargando forte rejei\u00e7\u00e3o, em todas as regi\u00f5es do Maranh\u00e3o. Participaram do encontro com Roseana\u00a0 deputados estaduais e federais, senadores, prefeitos e dezenas de outros aliados pol\u00edticos da capital e do interior.<\/p>\n<p>Ao discursar para o grupo numeroso de correligion\u00e1rios, Roseana deixou claro que entrar\u00e1 na disputa para vencer. A emedebista condenou a gest\u00e3o de Fl\u00e1vio Dino e afirmou que o Maranh\u00e3o parou no tempo desde o in\u00edcio do mandato do comunista, em 1\u00ba de janeiro de 2018.<\/p>\n<figure id=\"attachment_51550\" aria-describedby=\"caption-attachment-51550\" style=\"width: 640px\" class=\"wp-caption aligncenter\"><img decoding=\"async\" class=\"size-full wp-image-51550\" src=\"https:\/\/www.blogsoestado.com\/danielmatos\/files\/2018\/05\/rose-confirma2.jpg\" alt=\"\" width=\"640\" height=\"427\" \/><figcaption id=\"caption-attachment-51550\" class=\"wp-caption-text\">Acompanhada de Sarney Filho, Arnaldo Melo, Edil\u00e1zio J\u00fanior e demais pol\u00edticos seu grupo, Roseana reuniu dezenas de correligion\u00e1rios<\/figcaption><\/figure>\n<p>Roseana n\u00e3o poupou cr\u00edticas a Fl\u00e1vio Dino, a quem chamou, entre outros adjetivos negativos. A emedebista disse, ainda que o fraco desempenho da gest\u00e3o comunista a motivos a concorrer novamente ao Pal\u00e1cio dos Le\u00f5es. &#8220;Temos que garantir empregos aos maranhenses e obras, para que o estado volte a crescer&#8221;, declarou, para aplausos dos aliados.<\/p>\n<p>Roseana Sarney tamb\u00e9m destacou a import\u00e2ncia de o seu grupo eleger bom n\u00famero de deputados estaduais e federais, de modo a construir uma base pol\u00edtica s\u00f3lida. Ela tamb\u00e9m considerou fundamental elei\u00e7\u00e3o\u00a0de Sarney Filho (PV) e Edison Lob\u00e3o (MDB) ao Senado, o que coroaria de \u00eaxito o projeto pol\u00edtico do grupo por ela liderado.<\/p>\n<p><strong>Assista ao v\u00eddeo:<\/strong><\/p>\n<div class=\"ast-oembed-container \" style=\"height: 100%;\"><iframe title=\"Roseana anuncia pr\u00e9-candidatura ao governo do Maranh\u00e3o\" width=\"500\" height=\"281\" src=\"https:\/\/www.youtube.com\/embed\/zkyMgn-mJpY?feature=oembed\" frameborder=\"0\" allow=\"accelerometer; autoplay; clipboard-write; encrypted-media; gyroscope; picture-in-picture; web-share\" referrerpolicy=\"strict-origin-when-cross-origin\" allowfullscreen><\/iframe><\/div>\n","protected":false},"excerpt":{"rendered":"<p>Em reuni\u00e3o em sua resid\u00eancia, no Calhau, a ex-governadora Roseana Sarney (MDB), confirmou que disputar\u00e1 pela quinta vez a sucess\u00e3o [&hellip;]<\/p>\n","protected":false},"author":0,"featured_media":0,"comment_status":"open","ping_status":"open","sticky":false,"template":"","format":"standard","meta":{"site-sidebar-layout":"default","site-content-layout":"","ast-site-content-layout":"default","site-content-style":"default","site-sidebar-style":"default","ast-global-header-display":"","ast-banner-title-visibility":"","ast-main-header-display":"","ast-hfb-above-header-display":"","ast-hfb-below-header-display":"","ast-hfb-mobile-header-display":"","site-post-title":"","ast-breadcrumbs-content":"","ast-featured-img":"","footer-sml-layout":"","ast-disable-related-posts":"","theme-transparent-header-meta":"","adv-header-id-meta":"","stick-header-meta":"","header-above-stick-meta":"","header-main-stick-meta":"","header-below-stick-meta":"","astra-migrate-meta-layouts":"default","ast-page-background-enabled":"default","ast-page-background-meta":{"desktop":{"background-color":"var(--ast-global-color-5)","background-image":"","background-repeat":"repeat","background-position":"center center","background-size":"auto","background-attachment":"scroll","background-type":"","background-media":"","overlay-type":"","overlay-color":"","overlay-opacity":"","overlay-gradient":""},"tablet":{"background-color":"","background-image":"","background-repeat":"repeat","background-position":"center center","background-size":"auto","background-attachment":"scroll","background-type":"","background-media":"","overlay-type":"","overlay-color":"","overlay-opacity":"","overlay-gradient":""},"mobile":{"background-color":"","background-image":"","background-repeat":"repeat","background-position":"center center","background-size":"auto","background-attachment":"scroll","background-type":"","background-media":"","overlay-type":"","overlay-color":"","overlay-opacity":"","overlay-gradient":""}},"ast-content-background-meta":{"desktop":{"background-color":"var(--ast-global-color-4)","background-image":"","background-repeat":"repeat","background-position":"center center","background-size":"auto","background-attachment":"scroll","background-type":"","background-media":"","overlay-type":"","overlay-color":"","overlay-opacity":"","overlay-gradient":""},"tablet":{"background-color":"var(--ast-global-color-4)","background-image":"","background-repeat":"repeat","background-position":"center center","background-size":"auto","background-attachment":"scroll","background-type":"","background-media":"","overlay-type":"","overlay-color":"","overlay-opacity":"","overlay-gradient":""},"mobile":{"background-color":"var(--ast-global-color-4)","background-image":"","background-repeat":"repeat","background-position":"center center","background-size":"auto","background-attachment":"scroll","background-type":"","background-media":"","overlay-type":"","overlay-color":"","overlay-opacity":"","overlay-gradient":""}},"footnotes":""},"categories":[1],"tags":[],"class_list":["post-51547","post","type-post","status-publish","format-standard","hentry","category-sem-categoria"],"yoast_head":"<!-- This site is optimized with the Yoast SEO plugin v26.6 - https:\/\/yoast.com\/wordpress\/plugins\/seo\/ -->\n<title>Roseana diz que entrar\u00e1 na campanha para vencer e afirma que Fl\u00e1vio Dino \u00e9 rejeitado em todo o Maranh\u00e3o - Daniel Matos<\/title>\n<meta name=\"robots\" content=\"index, follow, max-snippet:-1, max-image-preview:large, max-video-preview:-1\" \/>\n<link rel=\"canonical\" href=\"https:\/\/www.blogsoestado.com\/danielmatos\/roseana-diz-que-entrara-na-campanha-para-vencer-e-afirma-que-flavio-dino-e-rejeitado-em-todo-o-maranhao\/\" \/>\n<meta property=\"og:locale\" content=\"pt_BR\" \/>\n<meta property=\"og:type\" content=\"article\" \/>\n<meta property=\"og:title\" content=\"Roseana diz que entrar\u00e1 na campanha para vencer e afirma que Fl\u00e1vio Dino \u00e9 rejeitado em todo o Maranh\u00e3o - Daniel Matos\" \/>\n<meta property=\"og:description\" content=\"Em reuni\u00e3o em sua resid\u00eancia, no Calhau, a ex-governadora Roseana Sarney (MDB), confirmou que disputar\u00e1 pela quinta vez a sucess\u00e3o [&hellip;]\" \/>\n<meta property=\"og:url\" content=\"https:\/\/www.blogsoestado.com\/danielmatos\/roseana-diz-que-entrara-na-campanha-para-vencer-e-afirma-que-flavio-dino-e-rejeitado-em-todo-o-maranhao\/\" \/>\n<meta property=\"og:site_name\" content=\"Daniel Matos\" \/>\n<meta property=\"article:published_time\" content=\"2018-05-21T19:20:45+00:00\" \/>\n<meta property=\"og:image\" content=\"https:\/\/www.blogsoestado.com\/danielmatos\/files\/2018\/05\/rose-confirma.jpg\" \/>\n<meta name=\"twitter:card\" content=\"summary_large_image\" \/>\n<meta name=\"twitter:label1\" content=\"Est. tempo de leitura\" \/>\n\t<meta name=\"twitter:data1\" content=\"2 minutos\" \/>\n<script type=\"application\/ld+json\" class=\"yoast-schema-graph\">{\"@context\":\"https:\/\/schema.org\",\"@graph\":[{\"@type\":\"WebPage\",\"@id\":\"https:\/\/www.blogsoestado.com\/danielmatos\/roseana-diz-que-entrara-na-campanha-para-vencer-e-afirma-que-flavio-dino-e-rejeitado-em-todo-o-maranhao\/\",\"url\":\"https:\/\/www.blogsoestado.com\/danielmatos\/roseana-diz-que-entrara-na-campanha-para-vencer-e-afirma-que-flavio-dino-e-rejeitado-em-todo-o-maranhao\/\",\"name\":\"Roseana diz que entrar\u00e1 na campanha para vencer e afirma que Fl\u00e1vio Dino \u00e9 rejeitado em todo o Maranh\u00e3o - Daniel Matos\",\"isPartOf\":{\"@id\":\"https:\/\/www.blogsoestado.com\/danielmatos\/#website\"},\"primaryImageOfPage\":{\"@id\":\"https:\/\/www.blogsoestado.com\/danielmatos\/roseana-diz-que-entrara-na-campanha-para-vencer-e-afirma-que-flavio-dino-e-rejeitado-em-todo-o-maranhao\/#primaryimage\"},\"image\":{\"@id\":\"https:\/\/www.blogsoestado.com\/danielmatos\/roseana-diz-que-entrara-na-campanha-para-vencer-e-afirma-que-flavio-dino-e-rejeitado-em-todo-o-maranhao\/#primaryimage\"},\"thumbnailUrl\":\"https:\/\/www.blogsoestado.com\/danielmatos\/files\/2018\/05\/rose-confirma.jpg\",\"datePublished\":\"2018-05-21T19:20:45+00:00\",\"author\":{\"@id\":\"\"},\"breadcrumb\":{\"@id\":\"https:\/\/www.blogsoestado.com\/danielmatos\/roseana-diz-que-entrara-na-campanha-para-vencer-e-afirma-que-flavio-dino-e-rejeitado-em-todo-o-maranhao\/#breadcrumb\"},\"inLanguage\":\"pt-BR\",\"potentialAction\":[{\"@type\":\"ReadAction\",\"target\":[\"https:\/\/www.blogsoestado.com\/danielmatos\/roseana-diz-que-entrara-na-campanha-para-vencer-e-afirma-que-flavio-dino-e-rejeitado-em-todo-o-maranhao\/\"]}]},{\"@type\":\"ImageObject\",\"inLanguage\":\"pt-BR\",\"@id\":\"https:\/\/www.blogsoestado.com\/danielmatos\/roseana-diz-que-entrara-na-campanha-para-vencer-e-afirma-que-flavio-dino-e-rejeitado-em-todo-o-maranhao\/#primaryimage\",\"url\":\"https:\/\/www.blogsoestado.com\/danielmatos\/files\/2018\/05\/rose-confirma.jpg\",\"contentUrl\":\"https:\/\/www.blogsoestado.com\/danielmatos\/files\/2018\/05\/rose-confirma.jpg\"},{\"@type\":\"BreadcrumbList\",\"@id\":\"https:\/\/www.blogsoestado.com\/danielmatos\/roseana-diz-que-entrara-na-campanha-para-vencer-e-afirma-que-flavio-dino-e-rejeitado-em-todo-o-maranhao\/#breadcrumb\",\"itemListElement\":[{\"@type\":\"ListItem\",\"position\":1,\"name\":\"In\u00edcio\",\"item\":\"https:\/\/www.blogsoestado.com\/danielmatos\/\"},{\"@type\":\"ListItem\",\"position\":2,\"name\":\"Roseana diz que entrar\u00e1 na campanha para vencer e afirma que Fl\u00e1vio Dino \u00e9 rejeitado em todo o Maranh\u00e3o\"}]},{\"@type\":\"WebSite\",\"@id\":\"https:\/\/www.blogsoestado.com\/danielmatos\/#website\",\"url\":\"https:\/\/www.blogsoestado.com\/danielmatos\/\",\"name\":\"Daniel Matos\",\"description\":\"\",\"potentialAction\":[{\"@type\":\"SearchAction\",\"target\":{\"@type\":\"EntryPoint\",\"urlTemplate\":\"https:\/\/www.blogsoestado.com\/danielmatos\/?s={search_term_string}\"},\"query-input\":{\"@type\":\"PropertyValueSpecification\",\"valueRequired\":true,\"valueName\":\"search_term_string\"}}],\"inLanguage\":\"pt-BR\"}]}<\/script>\n<!-- \/ Yoast SEO plugin. -->","yoast_head_json":{"title":"Roseana diz que entrar\u00e1 na campanha para vencer e afirma que Fl\u00e1vio Dino \u00e9 rejeitado em todo o Maranh\u00e3o - Daniel Matos","robots":{"index":"index","follow":"follow","max-snippet":"max-snippet:-1","max-image-preview":"max-image-preview:large","max-video-preview":"max-video-preview:-1"},"canonical":"https:\/\/www.blogsoestado.com\/danielmatos\/roseana-diz-que-entrara-na-campanha-para-vencer-e-afirma-que-flavio-dino-e-rejeitado-em-todo-o-maranhao\/","og_locale":"pt_BR","og_type":"article","og_title":"Roseana diz que entrar\u00e1 na campanha para vencer e afirma que Fl\u00e1vio Dino \u00e9 rejeitado em todo o Maranh\u00e3o - Daniel Matos","og_description":"Em reuni\u00e3o em sua resid\u00eancia, no Calhau, a ex-governadora Roseana Sarney (MDB), confirmou que disputar\u00e1 pela quinta vez a sucess\u00e3o [&hellip;]","og_url":"https:\/\/www.blogsoestado.com\/danielmatos\/roseana-diz-que-entrara-na-campanha-para-vencer-e-afirma-que-flavio-dino-e-rejeitado-em-todo-o-maranhao\/","og_site_name":"Daniel Matos","article_published_time":"2018-05-21T19:20:45+00:00","og_image":[{"url":"https:\/\/www.blogsoestado.com\/danielmatos\/files\/2018\/05\/rose-confirma.jpg","type":"","width":"","height":""}],"twitter_card":"summary_large_image","twitter_misc":{"Est. tempo de leitura":"2 minutos"},"schema":{"@context":"https:\/\/schema.org","@graph":[{"@type":"WebPage","@id":"https:\/\/www.blogsoestado.com\/danielmatos\/roseana-diz-que-entrara-na-campanha-para-vencer-e-afirma-que-flavio-dino-e-rejeitado-em-todo-o-maranhao\/","url":"https:\/\/www.blogsoestado.com\/danielmatos\/roseana-diz-que-entrara-na-campanha-para-vencer-e-afirma-que-flavio-dino-e-rejeitado-em-todo-o-maranhao\/","name":"Roseana diz que entrar\u00e1 na campanha para vencer e afirma que Fl\u00e1vio Dino \u00e9 rejeitado em todo o Maranh\u00e3o - Daniel Matos","isPartOf":{"@id":"https:\/\/www.blogsoestado.com\/danielmatos\/#website"},"primaryImageOfPage":{"@id":"https:\/\/www.blogsoestado.com\/danielmatos\/roseana-diz-que-entrara-na-campanha-para-vencer-e-afirma-que-flavio-dino-e-rejeitado-em-todo-o-maranhao\/#primaryimage"},"image":{"@id":"https:\/\/www.blogsoestado.com\/danielmatos\/roseana-diz-que-entrara-na-campanha-para-vencer-e-afirma-que-flavio-dino-e-rejeitado-em-todo-o-maranhao\/#primaryimage"},"thumbnailUrl":"https:\/\/www.blogsoestado.com\/danielmatos\/files\/2018\/05\/rose-confirma.jpg","datePublished":"2018-05-21T19:20:45+00:00","author":{"@id":""},"breadcrumb":{"@id":"https:\/\/www.blogsoestado.com\/danielmatos\/roseana-diz-que-entrara-na-campanha-para-vencer-e-afirma-que-flavio-dino-e-rejeitado-em-todo-o-maranhao\/#breadcrumb"},"inLanguage":"pt-BR","potentialAction":[{"@type":"ReadAction","target":["https:\/\/www.blogsoestado.com\/danielmatos\/roseana-diz-que-entrara-na-campanha-para-vencer-e-afirma-que-flavio-dino-e-rejeitado-em-todo-o-maranhao\/"]}]},{"@type":"ImageObject","inLanguage":"pt-BR","@id":"https:\/\/www.blogsoestado.com\/danielmatos\/roseana-diz-que-entrara-na-campanha-para-vencer-e-afirma-que-flavio-dino-e-rejeitado-em-todo-o-maranhao\/#primaryimage","url":"https:\/\/www.blogsoestado.com\/danielmatos\/files\/2018\/05\/rose-confirma.jpg","contentUrl":"https:\/\/www.blogsoestado.com\/danielmatos\/files\/2018\/05\/rose-confirma.jpg"},{"@type":"BreadcrumbList","@id":"https:\/\/www.blogsoestado.com\/danielmatos\/roseana-diz-que-entrara-na-campanha-para-vencer-e-afirma-que-flavio-dino-e-rejeitado-em-todo-o-maranhao\/#breadcrumb","itemListElement":[{"@type":"ListItem","position":1,"name":"In\u00edcio","item":"https:\/\/www.blogsoestado.com\/danielmatos\/"},{"@type":"ListItem","position":2,"name":"Roseana diz que entrar\u00e1 na campanha para vencer e afirma que Fl\u00e1vio Dino \u00e9 rejeitado em todo o Maranh\u00e3o"}]},{"@type":"WebSite","@id":"https:\/\/www.blogsoestado.com\/danielmatos\/#website","url":"https:\/\/www.blogsoestado.com\/danielmatos\/","name":"Daniel Matos","description":"","potentialAction":[{"@type":"SearchAction","target":{"@type":"EntryPoint","urlTemplate":"https:\/\/www.blogsoestado.com\/danielmatos\/?s={search_term_string}"},"query-input":{"@type":"PropertyValueSpecification","valueRequired":true,"valueName":"search_term_string"}}],"inLanguage":"pt-BR"}]}},"jetpack_featured_media_url":"","_links":{"self":[{"href":"https:\/\/www.blogsoestado.com\/danielmatos\/wp-json\/wp\/v2\/posts\/51547","targetHints":{"allow":["GET"]}}],"collection":[{"href":"https:\/\/www.blogsoestado.com\/danielmatos\/wp-json\/wp\/v2\/posts"}],"about":[{"href":"https:\/\/www.blogsoestado.com\/danielmatos\/wp-json\/wp\/v2\/types\/post"}],"replies":[{"embeddable":true,"href":"https:\/\/www.blogsoestado.com\/danielmatos\/wp-json\/wp\/v2\/comments?post=51547"}],"version-history":[{"count":0,"href":"https:\/\/www.blogsoestado.com\/danielmatos\/wp-json\/wp\/v2\/posts\/51547\/revisions"}],"wp:attachment":[{"href":"https:\/\/www.blogsoestado.com\/danielmatos\/wp-json\/wp\/v2\/media?parent=51547"}],"wp:term":[{"taxonomy":"category","embeddable":true,"href":"https:\/\/www.blogsoestado.com\/danielmatos\/wp-json\/wp\/v2\/categories?post=51547"},{"taxonomy":"post_tag","embeddable":true,"href":"https:\/\/www.blogsoestado.com\/danielmatos\/wp-json\/wp\/v2\/tags?post=51547"}],"curies":[{"name":"wp","href":"https:\/\/api.w.org\/{rel}","templated":true}]}}