{"id":51560,"date":"2018-05-22T09:56:40","date_gmt":"2018-05-22T12:56:40","guid":{"rendered":"https:\/\/www.blogsoestado.com\/danielmatos\/?p=51560"},"modified":"2018-05-22T09:56:40","modified_gmt":"2018-05-22T12:56:40","slug":"prefeitos-maranhenses-irao-participar-da-xxi-marcha-em-defesa-dos-municipios","status":"publish","type":"post","link":"https:\/\/www.blogsoestado.com\/danielmatos\/prefeitos-maranhenses-irao-participar-da-xxi-marcha-em-defesa-dos-municipios\/","title":{"rendered":"Prefeitos maranhenses ir\u00e3o participar da XXI Marcha em Defesa dos Munic\u00edpios"},"content":{"rendered":"<figure id=\"attachment_51561\" aria-describedby=\"caption-attachment-51561\" style=\"width: 448px\" class=\"wp-caption alignleft\"><img fetchpriority=\"high\" decoding=\"async\" class=\"size-full wp-image-51561\" src=\"https:\/\/www.blogsoestado.com\/danielmatos\/files\/2018\/05\/tema-marcha.jpg\" alt=\"\" width=\"448\" height=\"257\" \/><figcaption id=\"caption-attachment-51561\" class=\"wp-caption-text\">Presidente da Famem, Cleomar Tema, coordena a caravana maranhense<\/figcaption><\/figure>\n<p>Uma caravana formada por dezenas de prefeitos e prefeitas do Maranh\u00e3o participa, esta semana, da XXI Marcha \u00e0 Bras\u00edlia em Defesa dos Munic\u00edpios.<\/p>\n<p>O evento municipalista, o maior do pa\u00eds, acontece no Centro Internacional de Conven\u00e7\u00f5es do Brasil (CICB), na capital federal, e, este ano, tem como tema \u201cCompromisso com o Brasil\u201d.<\/p>\n<p>A caravana maranhense \u00e9 coordenada pelo presidente da Federa\u00e7\u00e3o dos Munic\u00edpios do Estado do Maranh\u00e3o (FAMEM) e prefeito de Tuntum, Cleomar Tema.<\/p>\n<p>A solenidade de abertura ser\u00e1 realizada nesta ter\u00e7a-feira (22), a partir das 8h, e contar\u00e1 com a presen\u00e7a do presidente Michel Temer.<\/p>\n<p>Os gestores do Maranh\u00e3o participar\u00e3o de uma vasta programa\u00e7\u00e3o, que ter\u00e1 prosseguimento at\u00e9 quinta-feira (24), na qual ser\u00e3o abordados temas de interesse da municipalidade, tais como decis\u00e3o imediata sobre a divis\u00e3o dos royalties do petr\u00f3leo; pagamento aos munic\u00edpios dos cr\u00e9ditos do Imposto Sobre Servi\u00e7os de Qualquer Natureza (ISS); aumento de 1% do Fundo de Participa\u00e7\u00e3o dos Munic\u00edpios (FPM).<\/p>\n<p>Tamb\u00e9m ser\u00e1 realizada a tradicional reuni\u00e3o dos gestores com os membros da Bancada Maranhense em Bras\u00edlia.<\/p>\n<p>Um dos pontos altos da Marcha ser\u00e1 o debate com os presidenci\u00e1veis Alvaro Dias, Ciro Gomes, Marina Silva, Manuela D\u00b4Avila, Jair Bolsonaro, Afif Domingos, Geraldo Alckmin e Henrique Meirelles.<\/p>\n<p>A programa\u00e7\u00e3o completa do evento est\u00e1 dispon\u00edvel no <a href=\"http:\/\/www.cnm.org.br\">www.cnm.org.br<\/a> ou no <a href=\"http:\/\/www.famem.org.br\">www.famem.org.br<\/a><\/p>\n","protected":false},"excerpt":{"rendered":"<p>Uma caravana formada por dezenas de prefeitos e prefeitas do Maranh\u00e3o participa, esta semana, da XXI Marcha \u00e0 Bras\u00edlia em [&hellip;]<\/p>\n","protected":false},"author":0,"featured_media":0,"comment_status":"open","ping_status":"open","sticky":false,"template":"","format":"standard","meta":{"site-sidebar-layout":"default","site-content-layout":"","ast-site-content-layout":"default","site-content-style":"default","site-sidebar-style":"default","ast-global-header-display":"","ast-banner-title-visibility":"","ast-main-header-display":"","ast-hfb-above-header-display":"","ast-hfb-below-header-display":"","ast-hfb-mobile-header-display":"","site-post-title":"","ast-breadcrumbs-content":"","ast-featured-img":"","footer-sml-layout":"","ast-disable-related-posts":"","theme-transparent-header-meta":"","adv-header-id-meta":"","stick-header-meta":"","header-above-stick-meta":"","header-main-stick-meta":"","header-below-stick-meta":"","astra-migrate-meta-layouts":"default","ast-page-background-enabled":"default","ast-page-background-meta":{"desktop":{"background-color":"var(--ast-global-color-5)","background-image":"","background-repeat":"repeat","background-position":"center center","background-size":"auto","background-attachment":"scroll","background-type":"","background-media":"","overlay-type":"","overlay-color":"","overlay-opacity":"","overlay-gradient":""},"tablet":{"background-color":"","background-image":"","background-repeat":"repeat","background-position":"center center","background-size":"auto","background-attachment":"scroll","background-type":"","background-media":"","overlay-type":"","overlay-color":"","overlay-opacity":"","overlay-gradient":""},"mobile":{"background-color":"","background-image":"","background-repeat":"repeat","background-position":"center center","background-size":"auto","background-attachment":"scroll","background-type":"","background-media":"","overlay-type":"","overlay-color":"","overlay-opacity":"","overlay-gradient":""}},"ast-content-background-meta":{"desktop":{"background-color":"var(--ast-global-color-4)","background-image":"","background-repeat":"repeat","background-position":"center center","background-size":"auto","background-attachment":"scroll","background-type":"","background-media":"","overlay-type":"","overlay-color":"","overlay-opacity":"","overlay-gradient":""},"tablet":{"background-color":"var(--ast-global-color-4)","background-image":"","background-repeat":"repeat","background-position":"center center","background-size":"auto","background-attachment":"scroll","background-type":"","background-media":"","overlay-type":"","overlay-color":"","overlay-opacity":"","overlay-gradient":""},"mobile":{"background-color":"var(--ast-global-color-4)","background-image":"","background-repeat":"repeat","background-position":"center center","background-size":"auto","background-attachment":"scroll","background-type":"","background-media":"","overlay-type":"","overlay-color":"","overlay-opacity":"","overlay-gradient":""}},"footnotes":""},"categories":[1],"tags":[],"class_list":["post-51560","post","type-post","status-publish","format-standard","hentry","category-sem-categoria"],"yoast_head":"<!-- This site is optimized with the Yoast SEO plugin v26.6 - https:\/\/yoast.com\/wordpress\/plugins\/seo\/ -->\n<title>Prefeitos maranhenses ir\u00e3o participar da XXI Marcha em Defesa dos Munic\u00edpios - Daniel Matos<\/title>\n<meta name=\"robots\" content=\"index, follow, max-snippet:-1, max-image-preview:large, max-video-preview:-1\" \/>\n<link rel=\"canonical\" href=\"https:\/\/www.blogsoestado.com\/danielmatos\/prefeitos-maranhenses-irao-participar-da-xxi-marcha-em-defesa-dos-municipios\/\" \/>\n<meta property=\"og:locale\" content=\"pt_BR\" \/>\n<meta property=\"og:type\" content=\"article\" \/>\n<meta property=\"og:title\" content=\"Prefeitos maranhenses ir\u00e3o participar da XXI Marcha em Defesa dos Munic\u00edpios - Daniel Matos\" \/>\n<meta property=\"og:description\" content=\"Uma caravana formada por dezenas de prefeitos e prefeitas do Maranh\u00e3o participa, esta semana, da XXI Marcha \u00e0 Bras\u00edlia em [&hellip;]\" \/>\n<meta property=\"og:url\" content=\"https:\/\/www.blogsoestado.com\/danielmatos\/prefeitos-maranhenses-irao-participar-da-xxi-marcha-em-defesa-dos-municipios\/\" \/>\n<meta property=\"og:site_name\" content=\"Daniel Matos\" \/>\n<meta property=\"article:published_time\" content=\"2018-05-22T12:56:40+00:00\" \/>\n<meta property=\"og:image\" content=\"https:\/\/www.blogsoestado.com\/danielmatos\/files\/2018\/05\/tema-marcha.jpg\" \/>\n<meta name=\"twitter:card\" content=\"summary_large_image\" \/>\n<meta name=\"twitter:label1\" content=\"Est. tempo de leitura\" \/>\n\t<meta name=\"twitter:data1\" content=\"1 minuto\" \/>\n<script type=\"application\/ld+json\" class=\"yoast-schema-graph\">{\"@context\":\"https:\/\/schema.org\",\"@graph\":[{\"@type\":\"WebPage\",\"@id\":\"https:\/\/www.blogsoestado.com\/danielmatos\/prefeitos-maranhenses-irao-participar-da-xxi-marcha-em-defesa-dos-municipios\/\",\"url\":\"https:\/\/www.blogsoestado.com\/danielmatos\/prefeitos-maranhenses-irao-participar-da-xxi-marcha-em-defesa-dos-municipios\/\",\"name\":\"Prefeitos maranhenses ir\u00e3o participar da XXI Marcha em Defesa dos Munic\u00edpios - Daniel Matos\",\"isPartOf\":{\"@id\":\"https:\/\/www.blogsoestado.com\/danielmatos\/#website\"},\"primaryImageOfPage\":{\"@id\":\"https:\/\/www.blogsoestado.com\/danielmatos\/prefeitos-maranhenses-irao-participar-da-xxi-marcha-em-defesa-dos-municipios\/#primaryimage\"},\"image\":{\"@id\":\"https:\/\/www.blogsoestado.com\/danielmatos\/prefeitos-maranhenses-irao-participar-da-xxi-marcha-em-defesa-dos-municipios\/#primaryimage\"},\"thumbnailUrl\":\"https:\/\/www.blogsoestado.com\/danielmatos\/files\/2018\/05\/tema-marcha.jpg\",\"datePublished\":\"2018-05-22T12:56:40+00:00\",\"author\":{\"@id\":\"\"},\"breadcrumb\":{\"@id\":\"https:\/\/www.blogsoestado.com\/danielmatos\/prefeitos-maranhenses-irao-participar-da-xxi-marcha-em-defesa-dos-municipios\/#breadcrumb\"},\"inLanguage\":\"pt-BR\",\"potentialAction\":[{\"@type\":\"ReadAction\",\"target\":[\"https:\/\/www.blogsoestado.com\/danielmatos\/prefeitos-maranhenses-irao-participar-da-xxi-marcha-em-defesa-dos-municipios\/\"]}]},{\"@type\":\"ImageObject\",\"inLanguage\":\"pt-BR\",\"@id\":\"https:\/\/www.blogsoestado.com\/danielmatos\/prefeitos-maranhenses-irao-participar-da-xxi-marcha-em-defesa-dos-municipios\/#primaryimage\",\"url\":\"https:\/\/www.blogsoestado.com\/danielmatos\/files\/2018\/05\/tema-marcha.jpg\",\"contentUrl\":\"https:\/\/www.blogsoestado.com\/danielmatos\/files\/2018\/05\/tema-marcha.jpg\"},{\"@type\":\"BreadcrumbList\",\"@id\":\"https:\/\/www.blogsoestado.com\/danielmatos\/prefeitos-maranhenses-irao-participar-da-xxi-marcha-em-defesa-dos-municipios\/#breadcrumb\",\"itemListElement\":[{\"@type\":\"ListItem\",\"position\":1,\"name\":\"In\u00edcio\",\"item\":\"https:\/\/www.blogsoestado.com\/danielmatos\/\"},{\"@type\":\"ListItem\",\"position\":2,\"name\":\"Prefeitos maranhenses ir\u00e3o participar da XXI Marcha em Defesa dos Munic\u00edpios\"}]},{\"@type\":\"WebSite\",\"@id\":\"https:\/\/www.blogsoestado.com\/danielmatos\/#website\",\"url\":\"https:\/\/www.blogsoestado.com\/danielmatos\/\",\"name\":\"Daniel Matos\",\"description\":\"\",\"potentialAction\":[{\"@type\":\"SearchAction\",\"target\":{\"@type\":\"EntryPoint\",\"urlTemplate\":\"https:\/\/www.blogsoestado.com\/danielmatos\/?s={search_term_string}\"},\"query-input\":{\"@type\":\"PropertyValueSpecification\",\"valueRequired\":true,\"valueName\":\"search_term_string\"}}],\"inLanguage\":\"pt-BR\"}]}<\/script>\n<!-- \/ Yoast SEO plugin. -->","yoast_head_json":{"title":"Prefeitos maranhenses ir\u00e3o participar da XXI Marcha em Defesa dos Munic\u00edpios - Daniel Matos","robots":{"index":"index","follow":"follow","max-snippet":"max-snippet:-1","max-image-preview":"max-image-preview:large","max-video-preview":"max-video-preview:-1"},"canonical":"https:\/\/www.blogsoestado.com\/danielmatos\/prefeitos-maranhenses-irao-participar-da-xxi-marcha-em-defesa-dos-municipios\/","og_locale":"pt_BR","og_type":"article","og_title":"Prefeitos maranhenses ir\u00e3o participar da XXI Marcha em Defesa dos Munic\u00edpios - Daniel Matos","og_description":"Uma caravana formada por dezenas de prefeitos e prefeitas do Maranh\u00e3o participa, esta semana, da XXI Marcha \u00e0 Bras\u00edlia em [&hellip;]","og_url":"https:\/\/www.blogsoestado.com\/danielmatos\/prefeitos-maranhenses-irao-participar-da-xxi-marcha-em-defesa-dos-municipios\/","og_site_name":"Daniel Matos","article_published_time":"2018-05-22T12:56:40+00:00","og_image":[{"url":"https:\/\/www.blogsoestado.com\/danielmatos\/files\/2018\/05\/tema-marcha.jpg","type":"","width":"","height":""}],"twitter_card":"summary_large_image","twitter_misc":{"Est. tempo de leitura":"1 minuto"},"schema":{"@context":"https:\/\/schema.org","@graph":[{"@type":"WebPage","@id":"https:\/\/www.blogsoestado.com\/danielmatos\/prefeitos-maranhenses-irao-participar-da-xxi-marcha-em-defesa-dos-municipios\/","url":"https:\/\/www.blogsoestado.com\/danielmatos\/prefeitos-maranhenses-irao-participar-da-xxi-marcha-em-defesa-dos-municipios\/","name":"Prefeitos maranhenses ir\u00e3o participar da XXI Marcha em Defesa dos Munic\u00edpios - Daniel Matos","isPartOf":{"@id":"https:\/\/www.blogsoestado.com\/danielmatos\/#website"},"primaryImageOfPage":{"@id":"https:\/\/www.blogsoestado.com\/danielmatos\/prefeitos-maranhenses-irao-participar-da-xxi-marcha-em-defesa-dos-municipios\/#primaryimage"},"image":{"@id":"https:\/\/www.blogsoestado.com\/danielmatos\/prefeitos-maranhenses-irao-participar-da-xxi-marcha-em-defesa-dos-municipios\/#primaryimage"},"thumbnailUrl":"https:\/\/www.blogsoestado.com\/danielmatos\/files\/2018\/05\/tema-marcha.jpg","datePublished":"2018-05-22T12:56:40+00:00","author":{"@id":""},"breadcrumb":{"@id":"https:\/\/www.blogsoestado.com\/danielmatos\/prefeitos-maranhenses-irao-participar-da-xxi-marcha-em-defesa-dos-municipios\/#breadcrumb"},"inLanguage":"pt-BR","potentialAction":[{"@type":"ReadAction","target":["https:\/\/www.blogsoestado.com\/danielmatos\/prefeitos-maranhenses-irao-participar-da-xxi-marcha-em-defesa-dos-municipios\/"]}]},{"@type":"ImageObject","inLanguage":"pt-BR","@id":"https:\/\/www.blogsoestado.com\/danielmatos\/prefeitos-maranhenses-irao-participar-da-xxi-marcha-em-defesa-dos-municipios\/#primaryimage","url":"https:\/\/www.blogsoestado.com\/danielmatos\/files\/2018\/05\/tema-marcha.jpg","contentUrl":"https:\/\/www.blogsoestado.com\/danielmatos\/files\/2018\/05\/tema-marcha.jpg"},{"@type":"BreadcrumbList","@id":"https:\/\/www.blogsoestado.com\/danielmatos\/prefeitos-maranhenses-irao-participar-da-xxi-marcha-em-defesa-dos-municipios\/#breadcrumb","itemListElement":[{"@type":"ListItem","position":1,"name":"In\u00edcio","item":"https:\/\/www.blogsoestado.com\/danielmatos\/"},{"@type":"ListItem","position":2,"name":"Prefeitos maranhenses ir\u00e3o participar da XXI Marcha em Defesa dos Munic\u00edpios"}]},{"@type":"WebSite","@id":"https:\/\/www.blogsoestado.com\/danielmatos\/#website","url":"https:\/\/www.blogsoestado.com\/danielmatos\/","name":"Daniel Matos","description":"","potentialAction":[{"@type":"SearchAction","target":{"@type":"EntryPoint","urlTemplate":"https:\/\/www.blogsoestado.com\/danielmatos\/?s={search_term_string}"},"query-input":{"@type":"PropertyValueSpecification","valueRequired":true,"valueName":"search_term_string"}}],"inLanguage":"pt-BR"}]}},"jetpack_featured_media_url":"","_links":{"self":[{"href":"https:\/\/www.blogsoestado.com\/danielmatos\/wp-json\/wp\/v2\/posts\/51560","targetHints":{"allow":["GET"]}}],"collection":[{"href":"https:\/\/www.blogsoestado.com\/danielmatos\/wp-json\/wp\/v2\/posts"}],"about":[{"href":"https:\/\/www.blogsoestado.com\/danielmatos\/wp-json\/wp\/v2\/types\/post"}],"replies":[{"embeddable":true,"href":"https:\/\/www.blogsoestado.com\/danielmatos\/wp-json\/wp\/v2\/comments?post=51560"}],"version-history":[{"count":0,"href":"https:\/\/www.blogsoestado.com\/danielmatos\/wp-json\/wp\/v2\/posts\/51560\/revisions"}],"wp:attachment":[{"href":"https:\/\/www.blogsoestado.com\/danielmatos\/wp-json\/wp\/v2\/media?parent=51560"}],"wp:term":[{"taxonomy":"category","embeddable":true,"href":"https:\/\/www.blogsoestado.com\/danielmatos\/wp-json\/wp\/v2\/categories?post=51560"},{"taxonomy":"post_tag","embeddable":true,"href":"https:\/\/www.blogsoestado.com\/danielmatos\/wp-json\/wp\/v2\/tags?post=51560"}],"curies":[{"name":"wp","href":"https:\/\/api.w.org\/{rel}","templated":true}]}}