{"id":51569,"date":"2018-05-22T16:26:07","date_gmt":"2018-05-22T19:26:07","guid":{"rendered":"https:\/\/www.blogsoestado.com\/danielmatos\/?p=51569"},"modified":"2018-05-22T16:26:07","modified_gmt":"2018-05-22T19:26:07","slug":"vereador-marquinhos-promove-festa-do-dia-das-maes-na-regiao-turu","status":"publish","type":"post","link":"https:\/\/www.blogsoestado.com\/danielmatos\/vereador-marquinhos-promove-festa-do-dia-das-maes-na-regiao-turu\/","title":{"rendered":"Vereador Marquinhos promove Festa do Dia das M\u00e3es na regi\u00e3o Turu"},"content":{"rendered":"<h2><span style=\"color: #ff0000;\">Evento realizado na noite do \u00faltimo s\u00e1bado reuniu quase 3 mil pessoas<\/span><\/h2>\n<figure id=\"attachment_51585\" aria-describedby=\"caption-attachment-51585\" style=\"width: 600px\" class=\"wp-caption aligncenter\"><img fetchpriority=\"high\" decoding=\"async\" class=\"wp-image-51585\" src=\"https:\/\/www.blogsoestado.com\/danielmatos\/files\/2018\/05\/marquinhos-mae5.jpg\" alt=\"\" width=\"600\" height=\"450\" \/><figcaption id=\"caption-attachment-51585\" class=\"wp-caption-text\">Vereador Marquinhos entrega geladeira a uma das m\u00e3es do p\u00f3lo Turu contempladas no evento<\/figcaption><\/figure>\n<p>Aconteceu na noite do \u00faltimo s\u00e1bado (19), a festa em comemora\u00e7\u00e3o ao Dia das M\u00e3es, realizada no Espa\u00e7o Viva Bem Mais, no bairro Divin\u00e9ia. O evento denominado \u201cM\u00e3e: Amor Eterno\u201d, foi organizado pelo Grupo GARP, Instituto Viva Bem Mais e CENSODOCA, com o apoio incondicional do vereador Ant\u00f4nio Marcos Silva, o Marquinhos (DEM).<\/p>\n<p>A programa\u00e7\u00e3o que foi marcada por muita m\u00fasica, dan\u00e7a, comida e sorteio de brindes, contou com a presen\u00e7a de aproximadamente 2,5 mil m\u00e3es dos bairros Divin\u00e9ia, Vila Luiz\u00e3o, Sol e Mar, Planalto Turu, Mat\u00f5es, Brisa do Mar, Alonso Costa, Habitacional Turu, dentre outros.<\/p>\n<figure id=\"attachment_51586\" aria-describedby=\"caption-attachment-51586\" style=\"width: 600px\" class=\"wp-caption aligncenter\"><img decoding=\"async\" class=\"wp-image-51586\" src=\"https:\/\/www.blogsoestado.com\/danielmatos\/files\/2018\/05\/marquinhos-mae8.jpg\" alt=\"\" width=\"600\" height=\"450\" \/><figcaption id=\"caption-attachment-51586\" class=\"wp-caption-text\">Evento alusivo ao Dia das M\u00e3es realizado por Marquinhos teve farta distribui\u00e7\u00e3o de presentes<\/figcaption><\/figure>\n<p>Entre os mais de 300 pr\u00eamios, foram sorteados geladeiras, fog\u00f5es, tvs, micro-ondas, maquinas de lavar, kits de beleza, cestas b\u00e1sicas e v\u00e1rios utens\u00edlios do lar. Al\u00e9m disso, contou tamb\u00e9m com varias atra\u00e7\u00f5es culturais como os cantores, M\u00e1rio Fernando, Jacymario e Mayana Barros e banda, que alegraram a todos, deixando o evento com gostinho de quero mais.<\/p>\n<p>De acordo com o vereador, a festa foi um momento de grande alegria para quem compareceu e muitas m\u00e3es da grande Turu participaram do evento.<\/p>\n<figure id=\"attachment_51587\" aria-describedby=\"caption-attachment-51587\" style=\"width: 600px\" class=\"wp-caption aligncenter\"><img decoding=\"async\" class=\"wp-image-51587\" src=\"https:\/\/www.blogsoestado.com\/danielmatos\/files\/2018\/05\/marquinhos-mae3.jpg\" alt=\"\" width=\"600\" height=\"450\" \/><figcaption id=\"caption-attachment-51587\" class=\"wp-caption-text\">Vereador entrega fog\u00e3o a m\u00e3e sorteada na festa, preparada com extremo carinho<\/figcaption><\/figure>\n<p>&#8220;A minha felicidade e satisfa\u00e7\u00e3o, n\u00e3o cabem em mim, todas as vezes que vejo essa multid\u00e3o feliz, fico imensamente agradecido a Deus, por ter me dado condi\u00e7\u00f5es de proporcionar o sorriso nas m\u00e3es da minha regi\u00e3o\u201d, disse Marquinhos.<\/p>\n<p>O parlamentar democrata falou ainda que estava triste por n\u00e3o ter condi\u00e7\u00f5es de levar o evento para outras comunidades da capital maranhense.<\/p>\n<p>\u201cS\u00f3 n\u00e3o estou mais feliz, porque n\u00e3o posso reproduzir esse evento para todas as m\u00e3es da minha querida S\u00e3o Lu\u00eds\u201d, completou.<\/p>\n<figure id=\"attachment_51588\" aria-describedby=\"caption-attachment-51588\" style=\"width: 600px\" class=\"wp-caption aligncenter\"><img loading=\"lazy\" decoding=\"async\" class=\"wp-image-51588\" src=\"https:\/\/www.blogsoestado.com\/danielmatos\/files\/2018\/05\/marquinhos-mae7.jpg\" alt=\"\" width=\"600\" height=\"450\" \/><figcaption id=\"caption-attachment-51588\" class=\"wp-caption-text\">Centenas de m\u00e3es participaram da festa promovida por Marquinhos e foram muito bem recebidas no Instituto Viva Bem Mais<\/figcaption><\/figure>\n<p>M\u00e3es que prestigiaram o evento destacaram as a\u00e7\u00f5es realizadas pelo Instituto Viva Bem Mais. Para dona Maria Jos\u00e9, moradora da Vila Luiz\u00e3o, as a\u00e7\u00f5es que a entidade oferece para a popula\u00e7\u00e3o carente de sua regi\u00e3o fazem a diferen\u00e7a.<\/p>\n<p>\u201cAqui se constr\u00f3i um legado encabe\u00e7ado pelo nosso vereador Marquinhos, e no futuro vai fazer a diferen\u00e7a nas vidas das nossas crian\u00e7as\u201d, afirmou.<\/p>\n<p>Al\u00e9m das m\u00e3es, quem esteve presente ao evento foi o tamb\u00e9m vereador Pedro Lucas Fernandes (PTB) e o secret\u00e1rio de Sa\u00fade de S\u00e3o Lu\u00eds, Lula Filho, que esteve representando o prefeito Edivaldo Holanda Junior.<\/p>\n<figure id=\"attachment_51589\" aria-describedby=\"caption-attachment-51589\" style=\"width: 600px\" class=\"wp-caption aligncenter\"><img loading=\"lazy\" decoding=\"async\" class=\"wp-image-51589\" src=\"https:\/\/www.blogsoestado.com\/danielmatos\/files\/2018\/05\/marquinhos-mae9.jpg\" alt=\"\" width=\"600\" height=\"450\" \/><figcaption id=\"caption-attachment-51589\" class=\"wp-caption-text\">Vereador entrega mais um presente a uma das m\u00e3es contempladas pelo Instituto Viva Bem Mais<\/figcaption><\/figure>\n<p>O Instituto Viva Bem Mais tem sido refer\u00eancia em atendimento \u00e0 comunidade da regi\u00e3o do Turu e sempre conta com o apoio de Marquinhos em suas a\u00e7\u00f5es. No local s\u00e3o oferecidas aulas de Jiu-Jitsu para crian\u00e7as, atendimento com fisioterapeuta, aulas de zumba e muitas outras atividades.<\/p>\n","protected":false},"excerpt":{"rendered":"<p>Evento realizado na noite do \u00faltimo s\u00e1bado reuniu quase 3 mil pessoas Aconteceu na noite do \u00faltimo s\u00e1bado (19), a [&hellip;]<\/p>\n","protected":false},"author":0,"featured_media":0,"comment_status":"open","ping_status":"open","sticky":false,"template":"","format":"standard","meta":{"site-sidebar-layout":"default","site-content-layout":"","ast-site-content-layout":"default","site-content-style":"default","site-sidebar-style":"default","ast-global-header-display":"","ast-banner-title-visibility":"","ast-main-header-display":"","ast-hfb-above-header-display":"","ast-hfb-below-header-display":"","ast-hfb-mobile-header-display":"","site-post-title":"","ast-breadcrumbs-content":"","ast-featured-img":"","footer-sml-layout":"","ast-disable-related-posts":"","theme-transparent-header-meta":"","adv-header-id-meta":"","stick-header-meta":"","header-above-stick-meta":"","header-main-stick-meta":"","header-below-stick-meta":"","astra-migrate-meta-layouts":"default","ast-page-background-enabled":"default","ast-page-background-meta":{"desktop":{"background-color":"var(--ast-global-color-5)","background-image":"","background-repeat":"repeat","background-position":"center center","background-size":"auto","background-attachment":"scroll","background-type":"","background-media":"","overlay-type":"","overlay-color":"","overlay-opacity":"","overlay-gradient":""},"tablet":{"background-color":"","background-image":"","background-repeat":"repeat","background-position":"center center","background-size":"auto","background-attachment":"scroll","background-type":"","background-media":"","overlay-type":"","overlay-color":"","overlay-opacity":"","overlay-gradient":""},"mobile":{"background-color":"","background-image":"","background-repeat":"repeat","background-position":"center center","background-size":"auto","background-attachment":"scroll","background-type":"","background-media":"","overlay-type":"","overlay-color":"","overlay-opacity":"","overlay-gradient":""}},"ast-content-background-meta":{"desktop":{"background-color":"var(--ast-global-color-4)","background-image":"","background-repeat":"repeat","background-position":"center center","background-size":"auto","background-attachment":"scroll","background-type":"","background-media":"","overlay-type":"","overlay-color":"","overlay-opacity":"","overlay-gradient":""},"tablet":{"background-color":"var(--ast-global-color-4)","background-image":"","background-repeat":"repeat","background-position":"center center","background-size":"auto","background-attachment":"scroll","background-type":"","background-media":"","overlay-type":"","overlay-color":"","overlay-opacity":"","overlay-gradient":""},"mobile":{"background-color":"var(--ast-global-color-4)","background-image":"","background-repeat":"repeat","background-position":"center center","background-size":"auto","background-attachment":"scroll","background-type":"","background-media":"","overlay-type":"","overlay-color":"","overlay-opacity":"","overlay-gradient":""}},"footnotes":""},"categories":[1],"tags":[],"class_list":["post-51569","post","type-post","status-publish","format-standard","hentry","category-sem-categoria"],"yoast_head":"<!-- This site is optimized with the Yoast SEO plugin v26.6 - https:\/\/yoast.com\/wordpress\/plugins\/seo\/ -->\n<title>Vereador Marquinhos promove Festa do Dia das M\u00e3es na regi\u00e3o Turu - Daniel Matos<\/title>\n<meta name=\"robots\" content=\"index, follow, max-snippet:-1, max-image-preview:large, max-video-preview:-1\" \/>\n<link rel=\"canonical\" href=\"https:\/\/www.blogsoestado.com\/danielmatos\/vereador-marquinhos-promove-festa-do-dia-das-maes-na-regiao-turu\/\" \/>\n<meta property=\"og:locale\" content=\"pt_BR\" \/>\n<meta property=\"og:type\" content=\"article\" \/>\n<meta property=\"og:title\" content=\"Vereador Marquinhos promove Festa do Dia das M\u00e3es na regi\u00e3o Turu - Daniel Matos\" \/>\n<meta property=\"og:description\" content=\"Evento realizado na noite do \u00faltimo s\u00e1bado reuniu quase 3 mil pessoas Aconteceu na noite do \u00faltimo s\u00e1bado (19), a [&hellip;]\" \/>\n<meta property=\"og:url\" content=\"https:\/\/www.blogsoestado.com\/danielmatos\/vereador-marquinhos-promove-festa-do-dia-das-maes-na-regiao-turu\/\" \/>\n<meta property=\"og:site_name\" content=\"Daniel Matos\" \/>\n<meta property=\"article:published_time\" content=\"2018-05-22T19:26:07+00:00\" \/>\n<meta property=\"og:image\" content=\"https:\/\/www.blogsoestado.com\/danielmatos\/files\/2018\/05\/marquinhos-mae5.jpg\" \/>\n<meta name=\"twitter:card\" content=\"summary_large_image\" \/>\n<meta name=\"twitter:label1\" content=\"Est. tempo de leitura\" \/>\n\t<meta name=\"twitter:data1\" content=\"3 minutos\" \/>\n<script type=\"application\/ld+json\" class=\"yoast-schema-graph\">{\"@context\":\"https:\/\/schema.org\",\"@graph\":[{\"@type\":\"WebPage\",\"@id\":\"https:\/\/www.blogsoestado.com\/danielmatos\/vereador-marquinhos-promove-festa-do-dia-das-maes-na-regiao-turu\/\",\"url\":\"https:\/\/www.blogsoestado.com\/danielmatos\/vereador-marquinhos-promove-festa-do-dia-das-maes-na-regiao-turu\/\",\"name\":\"Vereador Marquinhos promove Festa do Dia das M\u00e3es na regi\u00e3o Turu - Daniel Matos\",\"isPartOf\":{\"@id\":\"https:\/\/www.blogsoestado.com\/danielmatos\/#website\"},\"primaryImageOfPage\":{\"@id\":\"https:\/\/www.blogsoestado.com\/danielmatos\/vereador-marquinhos-promove-festa-do-dia-das-maes-na-regiao-turu\/#primaryimage\"},\"image\":{\"@id\":\"https:\/\/www.blogsoestado.com\/danielmatos\/vereador-marquinhos-promove-festa-do-dia-das-maes-na-regiao-turu\/#primaryimage\"},\"thumbnailUrl\":\"https:\/\/www.blogsoestado.com\/danielmatos\/files\/2018\/05\/marquinhos-mae5.jpg\",\"datePublished\":\"2018-05-22T19:26:07+00:00\",\"author\":{\"@id\":\"\"},\"breadcrumb\":{\"@id\":\"https:\/\/www.blogsoestado.com\/danielmatos\/vereador-marquinhos-promove-festa-do-dia-das-maes-na-regiao-turu\/#breadcrumb\"},\"inLanguage\":\"pt-BR\",\"potentialAction\":[{\"@type\":\"ReadAction\",\"target\":[\"https:\/\/www.blogsoestado.com\/danielmatos\/vereador-marquinhos-promove-festa-do-dia-das-maes-na-regiao-turu\/\"]}]},{\"@type\":\"ImageObject\",\"inLanguage\":\"pt-BR\",\"@id\":\"https:\/\/www.blogsoestado.com\/danielmatos\/vereador-marquinhos-promove-festa-do-dia-das-maes-na-regiao-turu\/#primaryimage\",\"url\":\"https:\/\/www.blogsoestado.com\/danielmatos\/files\/2018\/05\/marquinhos-mae5.jpg\",\"contentUrl\":\"https:\/\/www.blogsoestado.com\/danielmatos\/files\/2018\/05\/marquinhos-mae5.jpg\"},{\"@type\":\"BreadcrumbList\",\"@id\":\"https:\/\/www.blogsoestado.com\/danielmatos\/vereador-marquinhos-promove-festa-do-dia-das-maes-na-regiao-turu\/#breadcrumb\",\"itemListElement\":[{\"@type\":\"ListItem\",\"position\":1,\"name\":\"In\u00edcio\",\"item\":\"https:\/\/www.blogsoestado.com\/danielmatos\/\"},{\"@type\":\"ListItem\",\"position\":2,\"name\":\"Vereador Marquinhos promove Festa do Dia das M\u00e3es na regi\u00e3o Turu\"}]},{\"@type\":\"WebSite\",\"@id\":\"https:\/\/www.blogsoestado.com\/danielmatos\/#website\",\"url\":\"https:\/\/www.blogsoestado.com\/danielmatos\/\",\"name\":\"Daniel Matos\",\"description\":\"\",\"potentialAction\":[{\"@type\":\"SearchAction\",\"target\":{\"@type\":\"EntryPoint\",\"urlTemplate\":\"https:\/\/www.blogsoestado.com\/danielmatos\/?s={search_term_string}\"},\"query-input\":{\"@type\":\"PropertyValueSpecification\",\"valueRequired\":true,\"valueName\":\"search_term_string\"}}],\"inLanguage\":\"pt-BR\"}]}<\/script>\n<!-- \/ Yoast SEO plugin. -->","yoast_head_json":{"title":"Vereador Marquinhos promove Festa do Dia das M\u00e3es na regi\u00e3o Turu - Daniel Matos","robots":{"index":"index","follow":"follow","max-snippet":"max-snippet:-1","max-image-preview":"max-image-preview:large","max-video-preview":"max-video-preview:-1"},"canonical":"https:\/\/www.blogsoestado.com\/danielmatos\/vereador-marquinhos-promove-festa-do-dia-das-maes-na-regiao-turu\/","og_locale":"pt_BR","og_type":"article","og_title":"Vereador Marquinhos promove Festa do Dia das M\u00e3es na regi\u00e3o Turu - Daniel Matos","og_description":"Evento realizado na noite do \u00faltimo s\u00e1bado reuniu quase 3 mil pessoas Aconteceu na noite do \u00faltimo s\u00e1bado (19), a [&hellip;]","og_url":"https:\/\/www.blogsoestado.com\/danielmatos\/vereador-marquinhos-promove-festa-do-dia-das-maes-na-regiao-turu\/","og_site_name":"Daniel Matos","article_published_time":"2018-05-22T19:26:07+00:00","og_image":[{"url":"https:\/\/www.blogsoestado.com\/danielmatos\/files\/2018\/05\/marquinhos-mae5.jpg","type":"","width":"","height":""}],"twitter_card":"summary_large_image","twitter_misc":{"Est. tempo de leitura":"3 minutos"},"schema":{"@context":"https:\/\/schema.org","@graph":[{"@type":"WebPage","@id":"https:\/\/www.blogsoestado.com\/danielmatos\/vereador-marquinhos-promove-festa-do-dia-das-maes-na-regiao-turu\/","url":"https:\/\/www.blogsoestado.com\/danielmatos\/vereador-marquinhos-promove-festa-do-dia-das-maes-na-regiao-turu\/","name":"Vereador Marquinhos promove Festa do Dia das M\u00e3es na regi\u00e3o Turu - Daniel Matos","isPartOf":{"@id":"https:\/\/www.blogsoestado.com\/danielmatos\/#website"},"primaryImageOfPage":{"@id":"https:\/\/www.blogsoestado.com\/danielmatos\/vereador-marquinhos-promove-festa-do-dia-das-maes-na-regiao-turu\/#primaryimage"},"image":{"@id":"https:\/\/www.blogsoestado.com\/danielmatos\/vereador-marquinhos-promove-festa-do-dia-das-maes-na-regiao-turu\/#primaryimage"},"thumbnailUrl":"https:\/\/www.blogsoestado.com\/danielmatos\/files\/2018\/05\/marquinhos-mae5.jpg","datePublished":"2018-05-22T19:26:07+00:00","author":{"@id":""},"breadcrumb":{"@id":"https:\/\/www.blogsoestado.com\/danielmatos\/vereador-marquinhos-promove-festa-do-dia-das-maes-na-regiao-turu\/#breadcrumb"},"inLanguage":"pt-BR","potentialAction":[{"@type":"ReadAction","target":["https:\/\/www.blogsoestado.com\/danielmatos\/vereador-marquinhos-promove-festa-do-dia-das-maes-na-regiao-turu\/"]}]},{"@type":"ImageObject","inLanguage":"pt-BR","@id":"https:\/\/www.blogsoestado.com\/danielmatos\/vereador-marquinhos-promove-festa-do-dia-das-maes-na-regiao-turu\/#primaryimage","url":"https:\/\/www.blogsoestado.com\/danielmatos\/files\/2018\/05\/marquinhos-mae5.jpg","contentUrl":"https:\/\/www.blogsoestado.com\/danielmatos\/files\/2018\/05\/marquinhos-mae5.jpg"},{"@type":"BreadcrumbList","@id":"https:\/\/www.blogsoestado.com\/danielmatos\/vereador-marquinhos-promove-festa-do-dia-das-maes-na-regiao-turu\/#breadcrumb","itemListElement":[{"@type":"ListItem","position":1,"name":"In\u00edcio","item":"https:\/\/www.blogsoestado.com\/danielmatos\/"},{"@type":"ListItem","position":2,"name":"Vereador Marquinhos promove Festa do Dia das M\u00e3es na regi\u00e3o Turu"}]},{"@type":"WebSite","@id":"https:\/\/www.blogsoestado.com\/danielmatos\/#website","url":"https:\/\/www.blogsoestado.com\/danielmatos\/","name":"Daniel Matos","description":"","potentialAction":[{"@type":"SearchAction","target":{"@type":"EntryPoint","urlTemplate":"https:\/\/www.blogsoestado.com\/danielmatos\/?s={search_term_string}"},"query-input":{"@type":"PropertyValueSpecification","valueRequired":true,"valueName":"search_term_string"}}],"inLanguage":"pt-BR"}]}},"jetpack_featured_media_url":"","_links":{"self":[{"href":"https:\/\/www.blogsoestado.com\/danielmatos\/wp-json\/wp\/v2\/posts\/51569","targetHints":{"allow":["GET"]}}],"collection":[{"href":"https:\/\/www.blogsoestado.com\/danielmatos\/wp-json\/wp\/v2\/posts"}],"about":[{"href":"https:\/\/www.blogsoestado.com\/danielmatos\/wp-json\/wp\/v2\/types\/post"}],"replies":[{"embeddable":true,"href":"https:\/\/www.blogsoestado.com\/danielmatos\/wp-json\/wp\/v2\/comments?post=51569"}],"version-history":[{"count":0,"href":"https:\/\/www.blogsoestado.com\/danielmatos\/wp-json\/wp\/v2\/posts\/51569\/revisions"}],"wp:attachment":[{"href":"https:\/\/www.blogsoestado.com\/danielmatos\/wp-json\/wp\/v2\/media?parent=51569"}],"wp:term":[{"taxonomy":"category","embeddable":true,"href":"https:\/\/www.blogsoestado.com\/danielmatos\/wp-json\/wp\/v2\/categories?post=51569"},{"taxonomy":"post_tag","embeddable":true,"href":"https:\/\/www.blogsoestado.com\/danielmatos\/wp-json\/wp\/v2\/tags?post=51569"}],"curies":[{"name":"wp","href":"https:\/\/api.w.org\/{rel}","templated":true}]}}