{"id":51571,"date":"2018-05-22T12:39:04","date_gmt":"2018-05-22T15:39:04","guid":{"rendered":"https:\/\/www.blogsoestado.com\/danielmatos\/?p=51571"},"modified":"2018-05-22T12:39:04","modified_gmt":"2018-05-22T15:39:04","slug":"homem-denuncia-restricao-de-acesso-ao-hospital-do-servidor-do-estado-para-acompanhar-o-pai","status":"publish","type":"post","link":"https:\/\/www.blogsoestado.com\/danielmatos\/homem-denuncia-restricao-de-acesso-ao-hospital-do-servidor-do-estado-para-acompanhar-o-pai\/","title":{"rendered":"Homem denuncia restri\u00e7\u00e3o de acesso ao Hospital do Servidor do Estado para acompanhar o pai"},"content":{"rendered":"<figure id=\"attachment_51572\" aria-describedby=\"caption-attachment-51572\" style=\"width: 448px\" class=\"wp-caption alignright\"><img fetchpriority=\"high\" decoding=\"async\" class=\"size-full wp-image-51572\" src=\"https:\/\/www.blogsoestado.com\/danielmatos\/files\/2018\/05\/hospital-servidor-ma.jpg\" alt=\"\" width=\"448\" height=\"247\" \/><figcaption id=\"caption-attachment-51572\" class=\"wp-caption-text\">Idoso estaria sendo v\u00edtima de maus tratos no Hospital do Servidor do Estado<\/figcaption><\/figure>\n<p>O radialista Gilson Jos\u00e9 Cavalcante procurou a Reda\u00e7\u00e3o de <a href=\"http:\/\/www.oestadoma.com.br\">O Estado<\/a> para denunciar uma medida adotada contra sua pessoa pela dire\u00e7\u00e3o do Hospital do Servidor do Estado, localizado na Cidade Oper\u00e1ria. Ele conta que foi proibido pela gest\u00e3o da unidade de sa\u00fade de continuar acompanhando o pr\u00f3prio pai, de 84 anos, no leito onde o anci\u00e3o tenta se recuperar ap\u00f3s sofrer um Acidente Vascular Cerebral (AVC), que o deixou inconsciente.<\/p>\n<p>Gilson Cavalcante contou que na noite do \u00faltimo s\u00e1bado, quando fazia companhia ao pai, Jos\u00e9 Ribamar Cavalcante, no quarto onde ele est\u00e1 internado, percebeu a rispidez com que uma t\u00e9cnica de enfermagem atendia seu genitor, transferido de Turia\u00e7u para S\u00e3o Lu\u00eds, em estado grave.<\/p>\n<p>Incomodado com a falta de trato da profissional de sa\u00fade, ele a abordou, reclamando, sem esbo\u00e7ar qualquer tipo de altera\u00e7\u00e3o, que n\u00e3o era daquela forma que se tratava um doente. Segundo Gilson, a t\u00e9cnica de enfermagem reagiu com grosseria, sendo logo defendida por um colega identificado como J\u00falio. \u201cFoi um ato de vis\u00edvel corporativismo\u201d, denunciou.<\/p>\n<p>Na manh\u00e3 de ontem, j\u00e1 programado para voltar ao Hospital do Servidor, para substituir uma cuidadora particular que tem se revezado com ele no acompanhamento do idoso, Gilson foi surpreendido com a informa\u00e7\u00e3o de que foi emitida uma ordem para que ele n\u00e3o tivesse mais acesso ao setor onde o pai est\u00e1 internado.<br \/>\nRevoltado e, aos prantos, ele procurou a imprensa para expor o que ele chama de arbitrariedade, tamanho o cerceamento do qual est\u00e1 sendo v\u00edtima.<\/p>\n","protected":false},"excerpt":{"rendered":"<p>O radialista Gilson Jos\u00e9 Cavalcante procurou a Reda\u00e7\u00e3o de O Estado para denunciar uma medida adotada contra sua pessoa pela [&hellip;]<\/p>\n","protected":false},"author":0,"featured_media":0,"comment_status":"open","ping_status":"open","sticky":false,"template":"","format":"standard","meta":{"site-sidebar-layout":"default","site-content-layout":"","ast-site-content-layout":"default","site-content-style":"default","site-sidebar-style":"default","ast-global-header-display":"","ast-banner-title-visibility":"","ast-main-header-display":"","ast-hfb-above-header-display":"","ast-hfb-below-header-display":"","ast-hfb-mobile-header-display":"","site-post-title":"","ast-breadcrumbs-content":"","ast-featured-img":"","footer-sml-layout":"","ast-disable-related-posts":"","theme-transparent-header-meta":"","adv-header-id-meta":"","stick-header-meta":"","header-above-stick-meta":"","header-main-stick-meta":"","header-below-stick-meta":"","astra-migrate-meta-layouts":"default","ast-page-background-enabled":"default","ast-page-background-meta":{"desktop":{"background-color":"var(--ast-global-color-5)","background-image":"","background-repeat":"repeat","background-position":"center center","background-size":"auto","background-attachment":"scroll","background-type":"","background-media":"","overlay-type":"","overlay-color":"","overlay-opacity":"","overlay-gradient":""},"tablet":{"background-color":"","background-image":"","background-repeat":"repeat","background-position":"center center","background-size":"auto","background-attachment":"scroll","background-type":"","background-media":"","overlay-type":"","overlay-color":"","overlay-opacity":"","overlay-gradient":""},"mobile":{"background-color":"","background-image":"","background-repeat":"repeat","background-position":"center center","background-size":"auto","background-attachment":"scroll","background-type":"","background-media":"","overlay-type":"","overlay-color":"","overlay-opacity":"","overlay-gradient":""}},"ast-content-background-meta":{"desktop":{"background-color":"var(--ast-global-color-4)","background-image":"","background-repeat":"repeat","background-position":"center center","background-size":"auto","background-attachment":"scroll","background-type":"","background-media":"","overlay-type":"","overlay-color":"","overlay-opacity":"","overlay-gradient":""},"tablet":{"background-color":"var(--ast-global-color-4)","background-image":"","background-repeat":"repeat","background-position":"center center","background-size":"auto","background-attachment":"scroll","background-type":"","background-media":"","overlay-type":"","overlay-color":"","overlay-opacity":"","overlay-gradient":""},"mobile":{"background-color":"var(--ast-global-color-4)","background-image":"","background-repeat":"repeat","background-position":"center center","background-size":"auto","background-attachment":"scroll","background-type":"","background-media":"","overlay-type":"","overlay-color":"","overlay-opacity":"","overlay-gradient":""}},"footnotes":""},"categories":[1],"tags":[],"class_list":["post-51571","post","type-post","status-publish","format-standard","hentry","category-sem-categoria"],"yoast_head":"<!-- This site is optimized with the Yoast SEO plugin v26.6 - https:\/\/yoast.com\/wordpress\/plugins\/seo\/ -->\n<title>Homem denuncia restri\u00e7\u00e3o de acesso ao Hospital do Servidor do Estado para acompanhar o pai - Daniel Matos<\/title>\n<meta name=\"robots\" content=\"index, follow, max-snippet:-1, max-image-preview:large, max-video-preview:-1\" \/>\n<link rel=\"canonical\" href=\"https:\/\/www.blogsoestado.com\/danielmatos\/homem-denuncia-restricao-de-acesso-ao-hospital-do-servidor-do-estado-para-acompanhar-o-pai\/\" \/>\n<meta property=\"og:locale\" content=\"pt_BR\" \/>\n<meta property=\"og:type\" content=\"article\" \/>\n<meta property=\"og:title\" content=\"Homem denuncia restri\u00e7\u00e3o de acesso ao Hospital do Servidor do Estado para acompanhar o pai - Daniel Matos\" \/>\n<meta property=\"og:description\" content=\"O radialista Gilson Jos\u00e9 Cavalcante procurou a Reda\u00e7\u00e3o de O Estado para denunciar uma medida adotada contra sua pessoa pela [&hellip;]\" \/>\n<meta property=\"og:url\" content=\"https:\/\/www.blogsoestado.com\/danielmatos\/homem-denuncia-restricao-de-acesso-ao-hospital-do-servidor-do-estado-para-acompanhar-o-pai\/\" \/>\n<meta property=\"og:site_name\" content=\"Daniel Matos\" \/>\n<meta property=\"article:published_time\" content=\"2018-05-22T15:39:04+00:00\" \/>\n<meta property=\"og:image\" content=\"https:\/\/www.blogsoestado.com\/danielmatos\/files\/2018\/05\/hospital-servidor-ma.jpg\" \/>\n<meta name=\"twitter:card\" content=\"summary_large_image\" \/>\n<meta name=\"twitter:label1\" content=\"Est. tempo de leitura\" \/>\n\t<meta name=\"twitter:data1\" content=\"1 minuto\" \/>\n<script type=\"application\/ld+json\" class=\"yoast-schema-graph\">{\"@context\":\"https:\/\/schema.org\",\"@graph\":[{\"@type\":\"WebPage\",\"@id\":\"https:\/\/www.blogsoestado.com\/danielmatos\/homem-denuncia-restricao-de-acesso-ao-hospital-do-servidor-do-estado-para-acompanhar-o-pai\/\",\"url\":\"https:\/\/www.blogsoestado.com\/danielmatos\/homem-denuncia-restricao-de-acesso-ao-hospital-do-servidor-do-estado-para-acompanhar-o-pai\/\",\"name\":\"Homem denuncia restri\u00e7\u00e3o de acesso ao Hospital do Servidor do Estado para acompanhar o pai - Daniel Matos\",\"isPartOf\":{\"@id\":\"https:\/\/www.blogsoestado.com\/danielmatos\/#website\"},\"primaryImageOfPage\":{\"@id\":\"https:\/\/www.blogsoestado.com\/danielmatos\/homem-denuncia-restricao-de-acesso-ao-hospital-do-servidor-do-estado-para-acompanhar-o-pai\/#primaryimage\"},\"image\":{\"@id\":\"https:\/\/www.blogsoestado.com\/danielmatos\/homem-denuncia-restricao-de-acesso-ao-hospital-do-servidor-do-estado-para-acompanhar-o-pai\/#primaryimage\"},\"thumbnailUrl\":\"https:\/\/www.blogsoestado.com\/danielmatos\/files\/2018\/05\/hospital-servidor-ma.jpg\",\"datePublished\":\"2018-05-22T15:39:04+00:00\",\"author\":{\"@id\":\"\"},\"breadcrumb\":{\"@id\":\"https:\/\/www.blogsoestado.com\/danielmatos\/homem-denuncia-restricao-de-acesso-ao-hospital-do-servidor-do-estado-para-acompanhar-o-pai\/#breadcrumb\"},\"inLanguage\":\"pt-BR\",\"potentialAction\":[{\"@type\":\"ReadAction\",\"target\":[\"https:\/\/www.blogsoestado.com\/danielmatos\/homem-denuncia-restricao-de-acesso-ao-hospital-do-servidor-do-estado-para-acompanhar-o-pai\/\"]}]},{\"@type\":\"ImageObject\",\"inLanguage\":\"pt-BR\",\"@id\":\"https:\/\/www.blogsoestado.com\/danielmatos\/homem-denuncia-restricao-de-acesso-ao-hospital-do-servidor-do-estado-para-acompanhar-o-pai\/#primaryimage\",\"url\":\"https:\/\/www.blogsoestado.com\/danielmatos\/files\/2018\/05\/hospital-servidor-ma.jpg\",\"contentUrl\":\"https:\/\/www.blogsoestado.com\/danielmatos\/files\/2018\/05\/hospital-servidor-ma.jpg\"},{\"@type\":\"BreadcrumbList\",\"@id\":\"https:\/\/www.blogsoestado.com\/danielmatos\/homem-denuncia-restricao-de-acesso-ao-hospital-do-servidor-do-estado-para-acompanhar-o-pai\/#breadcrumb\",\"itemListElement\":[{\"@type\":\"ListItem\",\"position\":1,\"name\":\"In\u00edcio\",\"item\":\"https:\/\/www.blogsoestado.com\/danielmatos\/\"},{\"@type\":\"ListItem\",\"position\":2,\"name\":\"Homem denuncia restri\u00e7\u00e3o de acesso ao Hospital do Servidor do Estado para acompanhar o pai\"}]},{\"@type\":\"WebSite\",\"@id\":\"https:\/\/www.blogsoestado.com\/danielmatos\/#website\",\"url\":\"https:\/\/www.blogsoestado.com\/danielmatos\/\",\"name\":\"Daniel Matos\",\"description\":\"\",\"potentialAction\":[{\"@type\":\"SearchAction\",\"target\":{\"@type\":\"EntryPoint\",\"urlTemplate\":\"https:\/\/www.blogsoestado.com\/danielmatos\/?s={search_term_string}\"},\"query-input\":{\"@type\":\"PropertyValueSpecification\",\"valueRequired\":true,\"valueName\":\"search_term_string\"}}],\"inLanguage\":\"pt-BR\"}]}<\/script>\n<!-- \/ Yoast SEO plugin. -->","yoast_head_json":{"title":"Homem denuncia restri\u00e7\u00e3o de acesso ao Hospital do Servidor do Estado para acompanhar o pai - Daniel Matos","robots":{"index":"index","follow":"follow","max-snippet":"max-snippet:-1","max-image-preview":"max-image-preview:large","max-video-preview":"max-video-preview:-1"},"canonical":"https:\/\/www.blogsoestado.com\/danielmatos\/homem-denuncia-restricao-de-acesso-ao-hospital-do-servidor-do-estado-para-acompanhar-o-pai\/","og_locale":"pt_BR","og_type":"article","og_title":"Homem denuncia restri\u00e7\u00e3o de acesso ao Hospital do Servidor do Estado para acompanhar o pai - Daniel Matos","og_description":"O radialista Gilson Jos\u00e9 Cavalcante procurou a Reda\u00e7\u00e3o de O Estado para denunciar uma medida adotada contra sua pessoa pela [&hellip;]","og_url":"https:\/\/www.blogsoestado.com\/danielmatos\/homem-denuncia-restricao-de-acesso-ao-hospital-do-servidor-do-estado-para-acompanhar-o-pai\/","og_site_name":"Daniel Matos","article_published_time":"2018-05-22T15:39:04+00:00","og_image":[{"url":"https:\/\/www.blogsoestado.com\/danielmatos\/files\/2018\/05\/hospital-servidor-ma.jpg","type":"","width":"","height":""}],"twitter_card":"summary_large_image","twitter_misc":{"Est. tempo de leitura":"1 minuto"},"schema":{"@context":"https:\/\/schema.org","@graph":[{"@type":"WebPage","@id":"https:\/\/www.blogsoestado.com\/danielmatos\/homem-denuncia-restricao-de-acesso-ao-hospital-do-servidor-do-estado-para-acompanhar-o-pai\/","url":"https:\/\/www.blogsoestado.com\/danielmatos\/homem-denuncia-restricao-de-acesso-ao-hospital-do-servidor-do-estado-para-acompanhar-o-pai\/","name":"Homem denuncia restri\u00e7\u00e3o de acesso ao Hospital do Servidor do Estado para acompanhar o pai - Daniel Matos","isPartOf":{"@id":"https:\/\/www.blogsoestado.com\/danielmatos\/#website"},"primaryImageOfPage":{"@id":"https:\/\/www.blogsoestado.com\/danielmatos\/homem-denuncia-restricao-de-acesso-ao-hospital-do-servidor-do-estado-para-acompanhar-o-pai\/#primaryimage"},"image":{"@id":"https:\/\/www.blogsoestado.com\/danielmatos\/homem-denuncia-restricao-de-acesso-ao-hospital-do-servidor-do-estado-para-acompanhar-o-pai\/#primaryimage"},"thumbnailUrl":"https:\/\/www.blogsoestado.com\/danielmatos\/files\/2018\/05\/hospital-servidor-ma.jpg","datePublished":"2018-05-22T15:39:04+00:00","author":{"@id":""},"breadcrumb":{"@id":"https:\/\/www.blogsoestado.com\/danielmatos\/homem-denuncia-restricao-de-acesso-ao-hospital-do-servidor-do-estado-para-acompanhar-o-pai\/#breadcrumb"},"inLanguage":"pt-BR","potentialAction":[{"@type":"ReadAction","target":["https:\/\/www.blogsoestado.com\/danielmatos\/homem-denuncia-restricao-de-acesso-ao-hospital-do-servidor-do-estado-para-acompanhar-o-pai\/"]}]},{"@type":"ImageObject","inLanguage":"pt-BR","@id":"https:\/\/www.blogsoestado.com\/danielmatos\/homem-denuncia-restricao-de-acesso-ao-hospital-do-servidor-do-estado-para-acompanhar-o-pai\/#primaryimage","url":"https:\/\/www.blogsoestado.com\/danielmatos\/files\/2018\/05\/hospital-servidor-ma.jpg","contentUrl":"https:\/\/www.blogsoestado.com\/danielmatos\/files\/2018\/05\/hospital-servidor-ma.jpg"},{"@type":"BreadcrumbList","@id":"https:\/\/www.blogsoestado.com\/danielmatos\/homem-denuncia-restricao-de-acesso-ao-hospital-do-servidor-do-estado-para-acompanhar-o-pai\/#breadcrumb","itemListElement":[{"@type":"ListItem","position":1,"name":"In\u00edcio","item":"https:\/\/www.blogsoestado.com\/danielmatos\/"},{"@type":"ListItem","position":2,"name":"Homem denuncia restri\u00e7\u00e3o de acesso ao Hospital do Servidor do Estado para acompanhar o pai"}]},{"@type":"WebSite","@id":"https:\/\/www.blogsoestado.com\/danielmatos\/#website","url":"https:\/\/www.blogsoestado.com\/danielmatos\/","name":"Daniel Matos","description":"","potentialAction":[{"@type":"SearchAction","target":{"@type":"EntryPoint","urlTemplate":"https:\/\/www.blogsoestado.com\/danielmatos\/?s={search_term_string}"},"query-input":{"@type":"PropertyValueSpecification","valueRequired":true,"valueName":"search_term_string"}}],"inLanguage":"pt-BR"}]}},"jetpack_featured_media_url":"","_links":{"self":[{"href":"https:\/\/www.blogsoestado.com\/danielmatos\/wp-json\/wp\/v2\/posts\/51571","targetHints":{"allow":["GET"]}}],"collection":[{"href":"https:\/\/www.blogsoestado.com\/danielmatos\/wp-json\/wp\/v2\/posts"}],"about":[{"href":"https:\/\/www.blogsoestado.com\/danielmatos\/wp-json\/wp\/v2\/types\/post"}],"replies":[{"embeddable":true,"href":"https:\/\/www.blogsoestado.com\/danielmatos\/wp-json\/wp\/v2\/comments?post=51571"}],"version-history":[{"count":0,"href":"https:\/\/www.blogsoestado.com\/danielmatos\/wp-json\/wp\/v2\/posts\/51571\/revisions"}],"wp:attachment":[{"href":"https:\/\/www.blogsoestado.com\/danielmatos\/wp-json\/wp\/v2\/media?parent=51571"}],"wp:term":[{"taxonomy":"category","embeddable":true,"href":"https:\/\/www.blogsoestado.com\/danielmatos\/wp-json\/wp\/v2\/categories?post=51571"},{"taxonomy":"post_tag","embeddable":true,"href":"https:\/\/www.blogsoestado.com\/danielmatos\/wp-json\/wp\/v2\/tags?post=51571"}],"curies":[{"name":"wp","href":"https:\/\/api.w.org\/{rel}","templated":true}]}}