{"id":51579,"date":"2018-05-22T14:49:50","date_gmt":"2018-05-22T17:49:50","guid":{"rendered":"https:\/\/www.blogsoestado.com\/danielmatos\/?p=51579"},"modified":"2018-05-22T14:49:50","modified_gmt":"2018-05-22T17:49:50","slug":"fogo-amigo-possivel-desistencia-de-cleide-coutinho-causa-mal-estar-entre-aliados","status":"publish","type":"post","link":"https:\/\/www.blogsoestado.com\/danielmatos\/fogo-amigo-possivel-desistencia-de-cleide-coutinho-causa-mal-estar-entre-aliados\/","title":{"rendered":"Fogo Amigo: poss\u00edvel desist\u00eancia de Cleide Coutinho causa mal-estar entre aliados"},"content":{"rendered":"<figure id=\"attachment_51580\" aria-describedby=\"caption-attachment-51580\" style=\"width: 300px\" class=\"wp-caption alignleft\"><img fetchpriority=\"high\" decoding=\"async\" class=\"size-full wp-image-51580\" src=\"https:\/\/www.blogsoestado.com\/danielmatos\/files\/2018\/05\/cleide-fogo-amigo.jpg\" alt=\"\" width=\"300\" height=\"448\" \/><figcaption id=\"caption-attachment-51580\" class=\"wp-caption-text\">Boatos sobre desist\u00eancia de Cleide Coutinho de disputar elei\u00e7\u00e3o \u00e0 Assembleia teriam partido de aliados<\/figcaption><\/figure>\n<p>A indefini\u00e7\u00e3o de quem realmente ser\u00e1 o pr\u00e9-candidato dos Coutinhos \u00e0 Assembl\u00e9ia Legislativa nas elei\u00e7\u00f5es de outubro deste ano e um suposto &#8220;fogo amigo&#8221;, que teria sido respons\u00e1vel por plantar boatos, ou n\u00e3o, sobre a poss\u00edvel desist\u00eancia de Dr\u00aa Cleide Coutinho em favor do sobrinho, o ex-prefeito de Caxias, L\u00e9o Coutinho, causou mal estar \u00e0 fam\u00edlia e entre aliados mais pr\u00f3ximos.<\/p>\n<p>Pessoas que t\u00eam tr\u00e2nsito livre entre os Coutinhos afirmaram que a fam\u00edlia tenta encontrar um culpado pela situa\u00e7\u00e3o de instabilidade pol\u00edtica gerada no grupo e o \u2018tra\u00edra\u2019 seria o ex-secret\u00e1rio de Estado de Agricultura Familiar, Adelmo Soares, tamb\u00e9m pr\u00e9-candidato a deputado estadual, e que poderia ser favorecido pelas circunst\u00e2ncias do enfraquecimento da pr\u00e9-candidatura da opositora ao mesmo cargo.<\/p>\n<p>Adelmo e Cleide disputam a tapa os eleitores \u201c\u00f3rf\u00e3os\u201d do saudoso Humberto Coutinho, que sempre propunha uma articula\u00e7\u00e3o caudalosamente financeira para manter as bases, principalmente em Caxias e regi\u00e3o, que representa mais de 30% do eleitorado maranhense.<\/p>\n<p>Outro assunto que tem causado estranheza entre os grupos em quest\u00e3o s\u00e3o as futuras composi\u00e7\u00f5es de alian\u00e7as com os pr\u00e9-candidatos \u00e0 C\u00e2mara dos Deputados. Cansado de bater contin\u00eancia aos indicados pelos Coutinhos, Adelmo Soares estaria disposto a fazer dobradinha com o estreante Magno Chaves e n\u00e3o mais com Rubens Jr., o queridinho de Cleide Coutinho.<\/p>\n<p>Insatisfeito com essa postura de Soares, Rubens Jr., filho do atual diretor de Rela\u00e7\u00f5es Institucionais da Assembleia Legislativa, Rubens Pereira, j\u00e1 teria ido at\u00e9 o governador Fl\u00e1vio Dino sugerir uma reuni\u00e3o de consenso para amenizar a crise.<\/p>\n<p>Quanto \u00e0 manuten\u00e7\u00e3o da pr\u00e9-candidatura de Cleide Coutinho ou a substitui\u00e7\u00e3o da mesma pela op\u00e7\u00e3o mais vi\u00e1vel, o sobrinho L\u00e9o Coutinho, n\u00e3o h\u00e1 garantias. Ela chegou a conceder entrevista \u00e0 emissora de TV que at\u00e9 h\u00e1 bem pouco tempo era de sua propriedade, e ao lado de Rubens Jr. tentou desmentir a informa\u00e7\u00e3o, classificando-a de fake news (not\u00edcias falsas). Mas h\u00e1 quem diga que ela tem apenas mantido as apar\u00eancias.<\/p>\n","protected":false},"excerpt":{"rendered":"<p>A indefini\u00e7\u00e3o de quem realmente ser\u00e1 o pr\u00e9-candidato dos Coutinhos \u00e0 Assembl\u00e9ia Legislativa nas elei\u00e7\u00f5es de outubro deste ano e [&hellip;]<\/p>\n","protected":false},"author":0,"featured_media":0,"comment_status":"open","ping_status":"open","sticky":false,"template":"","format":"standard","meta":{"site-sidebar-layout":"default","site-content-layout":"","ast-site-content-layout":"default","site-content-style":"default","site-sidebar-style":"default","ast-global-header-display":"","ast-banner-title-visibility":"","ast-main-header-display":"","ast-hfb-above-header-display":"","ast-hfb-below-header-display":"","ast-hfb-mobile-header-display":"","site-post-title":"","ast-breadcrumbs-content":"","ast-featured-img":"","footer-sml-layout":"","ast-disable-related-posts":"","theme-transparent-header-meta":"","adv-header-id-meta":"","stick-header-meta":"","header-above-stick-meta":"","header-main-stick-meta":"","header-below-stick-meta":"","astra-migrate-meta-layouts":"default","ast-page-background-enabled":"default","ast-page-background-meta":{"desktop":{"background-color":"var(--ast-global-color-5)","background-image":"","background-repeat":"repeat","background-position":"center center","background-size":"auto","background-attachment":"scroll","background-type":"","background-media":"","overlay-type":"","overlay-color":"","overlay-opacity":"","overlay-gradient":""},"tablet":{"background-color":"","background-image":"","background-repeat":"repeat","background-position":"center center","background-size":"auto","background-attachment":"scroll","background-type":"","background-media":"","overlay-type":"","overlay-color":"","overlay-opacity":"","overlay-gradient":""},"mobile":{"background-color":"","background-image":"","background-repeat":"repeat","background-position":"center center","background-size":"auto","background-attachment":"scroll","background-type":"","background-media":"","overlay-type":"","overlay-color":"","overlay-opacity":"","overlay-gradient":""}},"ast-content-background-meta":{"desktop":{"background-color":"var(--ast-global-color-4)","background-image":"","background-repeat":"repeat","background-position":"center center","background-size":"auto","background-attachment":"scroll","background-type":"","background-media":"","overlay-type":"","overlay-color":"","overlay-opacity":"","overlay-gradient":""},"tablet":{"background-color":"var(--ast-global-color-4)","background-image":"","background-repeat":"repeat","background-position":"center center","background-size":"auto","background-attachment":"scroll","background-type":"","background-media":"","overlay-type":"","overlay-color":"","overlay-opacity":"","overlay-gradient":""},"mobile":{"background-color":"var(--ast-global-color-4)","background-image":"","background-repeat":"repeat","background-position":"center center","background-size":"auto","background-attachment":"scroll","background-type":"","background-media":"","overlay-type":"","overlay-color":"","overlay-opacity":"","overlay-gradient":""}},"footnotes":""},"categories":[1],"tags":[],"class_list":["post-51579","post","type-post","status-publish","format-standard","hentry","category-sem-categoria"],"yoast_head":"<!-- This site is optimized with the Yoast SEO plugin v26.6 - https:\/\/yoast.com\/wordpress\/plugins\/seo\/ -->\n<title>Fogo Amigo: poss\u00edvel desist\u00eancia de Cleide Coutinho causa mal-estar entre aliados - Daniel Matos<\/title>\n<meta name=\"robots\" content=\"index, follow, max-snippet:-1, max-image-preview:large, max-video-preview:-1\" \/>\n<link rel=\"canonical\" href=\"https:\/\/www.blogsoestado.com\/danielmatos\/fogo-amigo-possivel-desistencia-de-cleide-coutinho-causa-mal-estar-entre-aliados\/\" \/>\n<meta property=\"og:locale\" content=\"pt_BR\" \/>\n<meta property=\"og:type\" content=\"article\" \/>\n<meta property=\"og:title\" content=\"Fogo Amigo: poss\u00edvel desist\u00eancia de Cleide Coutinho causa mal-estar entre aliados - Daniel Matos\" \/>\n<meta property=\"og:description\" content=\"A indefini\u00e7\u00e3o de quem realmente ser\u00e1 o pr\u00e9-candidato dos Coutinhos \u00e0 Assembl\u00e9ia Legislativa nas elei\u00e7\u00f5es de outubro deste ano e [&hellip;]\" \/>\n<meta property=\"og:url\" content=\"https:\/\/www.blogsoestado.com\/danielmatos\/fogo-amigo-possivel-desistencia-de-cleide-coutinho-causa-mal-estar-entre-aliados\/\" \/>\n<meta property=\"og:site_name\" content=\"Daniel Matos\" \/>\n<meta property=\"article:published_time\" content=\"2018-05-22T17:49:50+00:00\" \/>\n<meta property=\"og:image\" content=\"https:\/\/www.blogsoestado.com\/danielmatos\/files\/2018\/05\/cleide-fogo-amigo.jpg\" \/>\n<meta name=\"twitter:card\" content=\"summary_large_image\" \/>\n<meta name=\"twitter:label1\" content=\"Est. tempo de leitura\" \/>\n\t<meta name=\"twitter:data1\" content=\"2 minutos\" \/>\n<script type=\"application\/ld+json\" class=\"yoast-schema-graph\">{\"@context\":\"https:\/\/schema.org\",\"@graph\":[{\"@type\":\"WebPage\",\"@id\":\"https:\/\/www.blogsoestado.com\/danielmatos\/fogo-amigo-possivel-desistencia-de-cleide-coutinho-causa-mal-estar-entre-aliados\/\",\"url\":\"https:\/\/www.blogsoestado.com\/danielmatos\/fogo-amigo-possivel-desistencia-de-cleide-coutinho-causa-mal-estar-entre-aliados\/\",\"name\":\"Fogo Amigo: poss\u00edvel desist\u00eancia de Cleide Coutinho causa mal-estar entre aliados - Daniel Matos\",\"isPartOf\":{\"@id\":\"https:\/\/www.blogsoestado.com\/danielmatos\/#website\"},\"primaryImageOfPage\":{\"@id\":\"https:\/\/www.blogsoestado.com\/danielmatos\/fogo-amigo-possivel-desistencia-de-cleide-coutinho-causa-mal-estar-entre-aliados\/#primaryimage\"},\"image\":{\"@id\":\"https:\/\/www.blogsoestado.com\/danielmatos\/fogo-amigo-possivel-desistencia-de-cleide-coutinho-causa-mal-estar-entre-aliados\/#primaryimage\"},\"thumbnailUrl\":\"https:\/\/www.blogsoestado.com\/danielmatos\/files\/2018\/05\/cleide-fogo-amigo.jpg\",\"datePublished\":\"2018-05-22T17:49:50+00:00\",\"author\":{\"@id\":\"\"},\"breadcrumb\":{\"@id\":\"https:\/\/www.blogsoestado.com\/danielmatos\/fogo-amigo-possivel-desistencia-de-cleide-coutinho-causa-mal-estar-entre-aliados\/#breadcrumb\"},\"inLanguage\":\"pt-BR\",\"potentialAction\":[{\"@type\":\"ReadAction\",\"target\":[\"https:\/\/www.blogsoestado.com\/danielmatos\/fogo-amigo-possivel-desistencia-de-cleide-coutinho-causa-mal-estar-entre-aliados\/\"]}]},{\"@type\":\"ImageObject\",\"inLanguage\":\"pt-BR\",\"@id\":\"https:\/\/www.blogsoestado.com\/danielmatos\/fogo-amigo-possivel-desistencia-de-cleide-coutinho-causa-mal-estar-entre-aliados\/#primaryimage\",\"url\":\"https:\/\/www.blogsoestado.com\/danielmatos\/files\/2018\/05\/cleide-fogo-amigo.jpg\",\"contentUrl\":\"https:\/\/www.blogsoestado.com\/danielmatos\/files\/2018\/05\/cleide-fogo-amigo.jpg\"},{\"@type\":\"BreadcrumbList\",\"@id\":\"https:\/\/www.blogsoestado.com\/danielmatos\/fogo-amigo-possivel-desistencia-de-cleide-coutinho-causa-mal-estar-entre-aliados\/#breadcrumb\",\"itemListElement\":[{\"@type\":\"ListItem\",\"position\":1,\"name\":\"In\u00edcio\",\"item\":\"https:\/\/www.blogsoestado.com\/danielmatos\/\"},{\"@type\":\"ListItem\",\"position\":2,\"name\":\"Fogo Amigo: poss\u00edvel desist\u00eancia de Cleide Coutinho causa mal-estar entre aliados\"}]},{\"@type\":\"WebSite\",\"@id\":\"https:\/\/www.blogsoestado.com\/danielmatos\/#website\",\"url\":\"https:\/\/www.blogsoestado.com\/danielmatos\/\",\"name\":\"Daniel Matos\",\"description\":\"\",\"potentialAction\":[{\"@type\":\"SearchAction\",\"target\":{\"@type\":\"EntryPoint\",\"urlTemplate\":\"https:\/\/www.blogsoestado.com\/danielmatos\/?s={search_term_string}\"},\"query-input\":{\"@type\":\"PropertyValueSpecification\",\"valueRequired\":true,\"valueName\":\"search_term_string\"}}],\"inLanguage\":\"pt-BR\"}]}<\/script>\n<!-- \/ Yoast SEO plugin. -->","yoast_head_json":{"title":"Fogo Amigo: poss\u00edvel desist\u00eancia de Cleide Coutinho causa mal-estar entre aliados - Daniel Matos","robots":{"index":"index","follow":"follow","max-snippet":"max-snippet:-1","max-image-preview":"max-image-preview:large","max-video-preview":"max-video-preview:-1"},"canonical":"https:\/\/www.blogsoestado.com\/danielmatos\/fogo-amigo-possivel-desistencia-de-cleide-coutinho-causa-mal-estar-entre-aliados\/","og_locale":"pt_BR","og_type":"article","og_title":"Fogo Amigo: poss\u00edvel desist\u00eancia de Cleide Coutinho causa mal-estar entre aliados - Daniel Matos","og_description":"A indefini\u00e7\u00e3o de quem realmente ser\u00e1 o pr\u00e9-candidato dos Coutinhos \u00e0 Assembl\u00e9ia Legislativa nas elei\u00e7\u00f5es de outubro deste ano e [&hellip;]","og_url":"https:\/\/www.blogsoestado.com\/danielmatos\/fogo-amigo-possivel-desistencia-de-cleide-coutinho-causa-mal-estar-entre-aliados\/","og_site_name":"Daniel Matos","article_published_time":"2018-05-22T17:49:50+00:00","og_image":[{"url":"https:\/\/www.blogsoestado.com\/danielmatos\/files\/2018\/05\/cleide-fogo-amigo.jpg","type":"","width":"","height":""}],"twitter_card":"summary_large_image","twitter_misc":{"Est. tempo de leitura":"2 minutos"},"schema":{"@context":"https:\/\/schema.org","@graph":[{"@type":"WebPage","@id":"https:\/\/www.blogsoestado.com\/danielmatos\/fogo-amigo-possivel-desistencia-de-cleide-coutinho-causa-mal-estar-entre-aliados\/","url":"https:\/\/www.blogsoestado.com\/danielmatos\/fogo-amigo-possivel-desistencia-de-cleide-coutinho-causa-mal-estar-entre-aliados\/","name":"Fogo Amigo: poss\u00edvel desist\u00eancia de Cleide Coutinho causa mal-estar entre aliados - Daniel Matos","isPartOf":{"@id":"https:\/\/www.blogsoestado.com\/danielmatos\/#website"},"primaryImageOfPage":{"@id":"https:\/\/www.blogsoestado.com\/danielmatos\/fogo-amigo-possivel-desistencia-de-cleide-coutinho-causa-mal-estar-entre-aliados\/#primaryimage"},"image":{"@id":"https:\/\/www.blogsoestado.com\/danielmatos\/fogo-amigo-possivel-desistencia-de-cleide-coutinho-causa-mal-estar-entre-aliados\/#primaryimage"},"thumbnailUrl":"https:\/\/www.blogsoestado.com\/danielmatos\/files\/2018\/05\/cleide-fogo-amigo.jpg","datePublished":"2018-05-22T17:49:50+00:00","author":{"@id":""},"breadcrumb":{"@id":"https:\/\/www.blogsoestado.com\/danielmatos\/fogo-amigo-possivel-desistencia-de-cleide-coutinho-causa-mal-estar-entre-aliados\/#breadcrumb"},"inLanguage":"pt-BR","potentialAction":[{"@type":"ReadAction","target":["https:\/\/www.blogsoestado.com\/danielmatos\/fogo-amigo-possivel-desistencia-de-cleide-coutinho-causa-mal-estar-entre-aliados\/"]}]},{"@type":"ImageObject","inLanguage":"pt-BR","@id":"https:\/\/www.blogsoestado.com\/danielmatos\/fogo-amigo-possivel-desistencia-de-cleide-coutinho-causa-mal-estar-entre-aliados\/#primaryimage","url":"https:\/\/www.blogsoestado.com\/danielmatos\/files\/2018\/05\/cleide-fogo-amigo.jpg","contentUrl":"https:\/\/www.blogsoestado.com\/danielmatos\/files\/2018\/05\/cleide-fogo-amigo.jpg"},{"@type":"BreadcrumbList","@id":"https:\/\/www.blogsoestado.com\/danielmatos\/fogo-amigo-possivel-desistencia-de-cleide-coutinho-causa-mal-estar-entre-aliados\/#breadcrumb","itemListElement":[{"@type":"ListItem","position":1,"name":"In\u00edcio","item":"https:\/\/www.blogsoestado.com\/danielmatos\/"},{"@type":"ListItem","position":2,"name":"Fogo Amigo: poss\u00edvel desist\u00eancia de Cleide Coutinho causa mal-estar entre aliados"}]},{"@type":"WebSite","@id":"https:\/\/www.blogsoestado.com\/danielmatos\/#website","url":"https:\/\/www.blogsoestado.com\/danielmatos\/","name":"Daniel Matos","description":"","potentialAction":[{"@type":"SearchAction","target":{"@type":"EntryPoint","urlTemplate":"https:\/\/www.blogsoestado.com\/danielmatos\/?s={search_term_string}"},"query-input":{"@type":"PropertyValueSpecification","valueRequired":true,"valueName":"search_term_string"}}],"inLanguage":"pt-BR"}]}},"jetpack_featured_media_url":"","_links":{"self":[{"href":"https:\/\/www.blogsoestado.com\/danielmatos\/wp-json\/wp\/v2\/posts\/51579","targetHints":{"allow":["GET"]}}],"collection":[{"href":"https:\/\/www.blogsoestado.com\/danielmatos\/wp-json\/wp\/v2\/posts"}],"about":[{"href":"https:\/\/www.blogsoestado.com\/danielmatos\/wp-json\/wp\/v2\/types\/post"}],"replies":[{"embeddable":true,"href":"https:\/\/www.blogsoestado.com\/danielmatos\/wp-json\/wp\/v2\/comments?post=51579"}],"version-history":[{"count":0,"href":"https:\/\/www.blogsoestado.com\/danielmatos\/wp-json\/wp\/v2\/posts\/51579\/revisions"}],"wp:attachment":[{"href":"https:\/\/www.blogsoestado.com\/danielmatos\/wp-json\/wp\/v2\/media?parent=51579"}],"wp:term":[{"taxonomy":"category","embeddable":true,"href":"https:\/\/www.blogsoestado.com\/danielmatos\/wp-json\/wp\/v2\/categories?post=51579"},{"taxonomy":"post_tag","embeddable":true,"href":"https:\/\/www.blogsoestado.com\/danielmatos\/wp-json\/wp\/v2\/tags?post=51579"}],"curies":[{"name":"wp","href":"https:\/\/api.w.org\/{rel}","templated":true}]}}