{"id":51582,"date":"2018-05-22T15:48:28","date_gmt":"2018-05-22T18:48:28","guid":{"rendered":"https:\/\/www.blogsoestado.com\/danielmatos\/?p=51582"},"modified":"2018-05-22T15:48:28","modified_gmt":"2018-05-22T18:48:28","slug":"vereador-marcial-lima-presente-nas-comunidades","status":"publish","type":"post","link":"https:\/\/www.blogsoestado.com\/danielmatos\/vereador-marcial-lima-presente-nas-comunidades\/","title":{"rendered":"Vereador Marcial Lima presente nas comunidades"},"content":{"rendered":"<figure id=\"attachment_51583\" aria-describedby=\"caption-attachment-51583\" style=\"width: 456px\" class=\"wp-caption alignleft\"><img fetchpriority=\"high\" decoding=\"async\" class=\"size-full wp-image-51583\" src=\"https:\/\/www.blogsoestado.com\/danielmatos\/files\/2018\/05\/marcial-jornal2.jpg\" alt=\"\" width=\"456\" height=\"640\" \/><figcaption id=\"caption-attachment-51583\" class=\"wp-caption-text\">Informativo faz balan\u00e7o das principais a\u00e7\u00f5es do vereador Marcial Lima<\/figcaption><\/figure>\n<p>Com o objetivo de fazer um resumo das atividades na C\u00e2mara Municipal de S\u00e3o Lu\u00eds e se manter firme e atuante nas comunidades ludovicenses, o vereador Marcial Lima (PRTB) lan\u00e7ou um informativo como forma de presta\u00e7\u00e3o de contas do seu trabalho desenvolvido como representante do povo da capital maranhense.<\/p>\n<p>O pr\u00f3prio parlamentar est\u00e1 distribuindo a publica\u00e7\u00e3o. Marcial Lima tem percorrido, diariamente, bairros da capital maranhense. Diversos locais de S\u00e3o Lu\u00eds j\u00e1 foram visitados pelo vereador.<\/p>\n<p>Dentre os temas abordados no informativo, o vereador Marcial Lima destaca a falta de gest\u00e3o p\u00fablica no Centro Hist\u00f3rico e o abandono dos condom\u00ednios do \u201cMinha Casa, Minha Vida\u201d. O parlamentar ainda questiona a qualidade do asfalto e da sa\u00fade no munic\u00edpio.<\/p>\n<p><strong>F\u00f3rum Permanente<\/strong><\/p>\n<p>Marcial Lima foi o criador do F\u00f3rum Permanente da cidade. Em quase 17 meses de atua\u00e7\u00e3o parlamentar, o vereador j\u00e1 esteve em muitos bairros de S\u00e3o Lu\u00eds, onde conversa pessoalmente com a popula\u00e7\u00e3o sobre as mais variadas problem\u00e1ticas do local. A partir desse di\u00e1logo, s\u00e3o desenvolvidas alternativas para solucionar as demandas de cada comunidade.<\/p>\n<p>\u201cNossa presen\u00e7a nas comunidades \u00e9 fundamental e tem dado uma grande colabora\u00e7\u00e3o e incentivo nos assuntos que tratamos na Tribuna da C\u00e2mara, audi\u00eancias p\u00fablicas, pain\u00e9is e sess\u00f5es\u201d, analisa Marcial Lima.<\/p>\n<p>Bem acolhido em todos os bairros de S\u00e3o Lu\u00eds, o vereador assegura, ainda, \u201cque a caminhada continuar\u00e1\u201d. \u201cN\u00e3o alcan\u00e7amos ainda todos locais e temos uma agenda grande para cumprir. O nosso compromisso \u00e9 atender a toda demanda. J\u00e1 visitamos mais de 80% da cidade, e nossa meta \u00e9 promover reuni\u00f5es nas principais \u00e1reas de S\u00e3o Lu\u00eds at\u00e9 o fim de julho\u201d.<\/p>\n","protected":false},"excerpt":{"rendered":"<p>Com o objetivo de fazer um resumo das atividades na C\u00e2mara Municipal de S\u00e3o Lu\u00eds e se manter firme e [&hellip;]<\/p>\n","protected":false},"author":0,"featured_media":0,"comment_status":"open","ping_status":"open","sticky":false,"template":"","format":"standard","meta":{"site-sidebar-layout":"default","site-content-layout":"","ast-site-content-layout":"default","site-content-style":"default","site-sidebar-style":"default","ast-global-header-display":"","ast-banner-title-visibility":"","ast-main-header-display":"","ast-hfb-above-header-display":"","ast-hfb-below-header-display":"","ast-hfb-mobile-header-display":"","site-post-title":"","ast-breadcrumbs-content":"","ast-featured-img":"","footer-sml-layout":"","ast-disable-related-posts":"","theme-transparent-header-meta":"","adv-header-id-meta":"","stick-header-meta":"","header-above-stick-meta":"","header-main-stick-meta":"","header-below-stick-meta":"","astra-migrate-meta-layouts":"default","ast-page-background-enabled":"default","ast-page-background-meta":{"desktop":{"background-color":"var(--ast-global-color-5)","background-image":"","background-repeat":"repeat","background-position":"center center","background-size":"auto","background-attachment":"scroll","background-type":"","background-media":"","overlay-type":"","overlay-color":"","overlay-opacity":"","overlay-gradient":""},"tablet":{"background-color":"","background-image":"","background-repeat":"repeat","background-position":"center center","background-size":"auto","background-attachment":"scroll","background-type":"","background-media":"","overlay-type":"","overlay-color":"","overlay-opacity":"","overlay-gradient":""},"mobile":{"background-color":"","background-image":"","background-repeat":"repeat","background-position":"center center","background-size":"auto","background-attachment":"scroll","background-type":"","background-media":"","overlay-type":"","overlay-color":"","overlay-opacity":"","overlay-gradient":""}},"ast-content-background-meta":{"desktop":{"background-color":"var(--ast-global-color-4)","background-image":"","background-repeat":"repeat","background-position":"center center","background-size":"auto","background-attachment":"scroll","background-type":"","background-media":"","overlay-type":"","overlay-color":"","overlay-opacity":"","overlay-gradient":""},"tablet":{"background-color":"var(--ast-global-color-4)","background-image":"","background-repeat":"repeat","background-position":"center center","background-size":"auto","background-attachment":"scroll","background-type":"","background-media":"","overlay-type":"","overlay-color":"","overlay-opacity":"","overlay-gradient":""},"mobile":{"background-color":"var(--ast-global-color-4)","background-image":"","background-repeat":"repeat","background-position":"center center","background-size":"auto","background-attachment":"scroll","background-type":"","background-media":"","overlay-type":"","overlay-color":"","overlay-opacity":"","overlay-gradient":""}},"footnotes":""},"categories":[1],"tags":[],"class_list":["post-51582","post","type-post","status-publish","format-standard","hentry","category-sem-categoria"],"yoast_head":"<!-- This site is optimized with the Yoast SEO plugin v26.6 - https:\/\/yoast.com\/wordpress\/plugins\/seo\/ -->\n<title>Vereador Marcial Lima presente nas comunidades - Daniel Matos<\/title>\n<meta name=\"robots\" content=\"index, follow, max-snippet:-1, max-image-preview:large, max-video-preview:-1\" \/>\n<link rel=\"canonical\" href=\"https:\/\/www.blogsoestado.com\/danielmatos\/vereador-marcial-lima-presente-nas-comunidades\/\" \/>\n<meta property=\"og:locale\" content=\"pt_BR\" \/>\n<meta property=\"og:type\" content=\"article\" \/>\n<meta property=\"og:title\" content=\"Vereador Marcial Lima presente nas comunidades - Daniel Matos\" \/>\n<meta property=\"og:description\" content=\"Com o objetivo de fazer um resumo das atividades na C\u00e2mara Municipal de S\u00e3o Lu\u00eds e se manter firme e [&hellip;]\" \/>\n<meta property=\"og:url\" content=\"https:\/\/www.blogsoestado.com\/danielmatos\/vereador-marcial-lima-presente-nas-comunidades\/\" \/>\n<meta property=\"og:site_name\" content=\"Daniel Matos\" \/>\n<meta property=\"article:published_time\" content=\"2018-05-22T18:48:28+00:00\" \/>\n<meta property=\"og:image\" content=\"https:\/\/www.blogsoestado.com\/danielmatos\/files\/2018\/05\/marcial-jornal2.jpg\" \/>\n<meta name=\"twitter:card\" content=\"summary_large_image\" \/>\n<meta name=\"twitter:label1\" content=\"Est. tempo de leitura\" \/>\n\t<meta name=\"twitter:data1\" content=\"2 minutos\" \/>\n<script type=\"application\/ld+json\" class=\"yoast-schema-graph\">{\"@context\":\"https:\/\/schema.org\",\"@graph\":[{\"@type\":\"WebPage\",\"@id\":\"https:\/\/www.blogsoestado.com\/danielmatos\/vereador-marcial-lima-presente-nas-comunidades\/\",\"url\":\"https:\/\/www.blogsoestado.com\/danielmatos\/vereador-marcial-lima-presente-nas-comunidades\/\",\"name\":\"Vereador Marcial Lima presente nas comunidades - Daniel Matos\",\"isPartOf\":{\"@id\":\"https:\/\/www.blogsoestado.com\/danielmatos\/#website\"},\"primaryImageOfPage\":{\"@id\":\"https:\/\/www.blogsoestado.com\/danielmatos\/vereador-marcial-lima-presente-nas-comunidades\/#primaryimage\"},\"image\":{\"@id\":\"https:\/\/www.blogsoestado.com\/danielmatos\/vereador-marcial-lima-presente-nas-comunidades\/#primaryimage\"},\"thumbnailUrl\":\"https:\/\/www.blogsoestado.com\/danielmatos\/files\/2018\/05\/marcial-jornal2.jpg\",\"datePublished\":\"2018-05-22T18:48:28+00:00\",\"author\":{\"@id\":\"\"},\"breadcrumb\":{\"@id\":\"https:\/\/www.blogsoestado.com\/danielmatos\/vereador-marcial-lima-presente-nas-comunidades\/#breadcrumb\"},\"inLanguage\":\"pt-BR\",\"potentialAction\":[{\"@type\":\"ReadAction\",\"target\":[\"https:\/\/www.blogsoestado.com\/danielmatos\/vereador-marcial-lima-presente-nas-comunidades\/\"]}]},{\"@type\":\"ImageObject\",\"inLanguage\":\"pt-BR\",\"@id\":\"https:\/\/www.blogsoestado.com\/danielmatos\/vereador-marcial-lima-presente-nas-comunidades\/#primaryimage\",\"url\":\"https:\/\/www.blogsoestado.com\/danielmatos\/files\/2018\/05\/marcial-jornal2.jpg\",\"contentUrl\":\"https:\/\/www.blogsoestado.com\/danielmatos\/files\/2018\/05\/marcial-jornal2.jpg\"},{\"@type\":\"BreadcrumbList\",\"@id\":\"https:\/\/www.blogsoestado.com\/danielmatos\/vereador-marcial-lima-presente-nas-comunidades\/#breadcrumb\",\"itemListElement\":[{\"@type\":\"ListItem\",\"position\":1,\"name\":\"In\u00edcio\",\"item\":\"https:\/\/www.blogsoestado.com\/danielmatos\/\"},{\"@type\":\"ListItem\",\"position\":2,\"name\":\"Vereador Marcial Lima presente nas comunidades\"}]},{\"@type\":\"WebSite\",\"@id\":\"https:\/\/www.blogsoestado.com\/danielmatos\/#website\",\"url\":\"https:\/\/www.blogsoestado.com\/danielmatos\/\",\"name\":\"Daniel Matos\",\"description\":\"\",\"potentialAction\":[{\"@type\":\"SearchAction\",\"target\":{\"@type\":\"EntryPoint\",\"urlTemplate\":\"https:\/\/www.blogsoestado.com\/danielmatos\/?s={search_term_string}\"},\"query-input\":{\"@type\":\"PropertyValueSpecification\",\"valueRequired\":true,\"valueName\":\"search_term_string\"}}],\"inLanguage\":\"pt-BR\"}]}<\/script>\n<!-- \/ Yoast SEO plugin. -->","yoast_head_json":{"title":"Vereador Marcial Lima presente nas comunidades - Daniel Matos","robots":{"index":"index","follow":"follow","max-snippet":"max-snippet:-1","max-image-preview":"max-image-preview:large","max-video-preview":"max-video-preview:-1"},"canonical":"https:\/\/www.blogsoestado.com\/danielmatos\/vereador-marcial-lima-presente-nas-comunidades\/","og_locale":"pt_BR","og_type":"article","og_title":"Vereador Marcial Lima presente nas comunidades - Daniel Matos","og_description":"Com o objetivo de fazer um resumo das atividades na C\u00e2mara Municipal de S\u00e3o Lu\u00eds e se manter firme e [&hellip;]","og_url":"https:\/\/www.blogsoestado.com\/danielmatos\/vereador-marcial-lima-presente-nas-comunidades\/","og_site_name":"Daniel Matos","article_published_time":"2018-05-22T18:48:28+00:00","og_image":[{"url":"https:\/\/www.blogsoestado.com\/danielmatos\/files\/2018\/05\/marcial-jornal2.jpg","type":"","width":"","height":""}],"twitter_card":"summary_large_image","twitter_misc":{"Est. tempo de leitura":"2 minutos"},"schema":{"@context":"https:\/\/schema.org","@graph":[{"@type":"WebPage","@id":"https:\/\/www.blogsoestado.com\/danielmatos\/vereador-marcial-lima-presente-nas-comunidades\/","url":"https:\/\/www.blogsoestado.com\/danielmatos\/vereador-marcial-lima-presente-nas-comunidades\/","name":"Vereador Marcial Lima presente nas comunidades - Daniel Matos","isPartOf":{"@id":"https:\/\/www.blogsoestado.com\/danielmatos\/#website"},"primaryImageOfPage":{"@id":"https:\/\/www.blogsoestado.com\/danielmatos\/vereador-marcial-lima-presente-nas-comunidades\/#primaryimage"},"image":{"@id":"https:\/\/www.blogsoestado.com\/danielmatos\/vereador-marcial-lima-presente-nas-comunidades\/#primaryimage"},"thumbnailUrl":"https:\/\/www.blogsoestado.com\/danielmatos\/files\/2018\/05\/marcial-jornal2.jpg","datePublished":"2018-05-22T18:48:28+00:00","author":{"@id":""},"breadcrumb":{"@id":"https:\/\/www.blogsoestado.com\/danielmatos\/vereador-marcial-lima-presente-nas-comunidades\/#breadcrumb"},"inLanguage":"pt-BR","potentialAction":[{"@type":"ReadAction","target":["https:\/\/www.blogsoestado.com\/danielmatos\/vereador-marcial-lima-presente-nas-comunidades\/"]}]},{"@type":"ImageObject","inLanguage":"pt-BR","@id":"https:\/\/www.blogsoestado.com\/danielmatos\/vereador-marcial-lima-presente-nas-comunidades\/#primaryimage","url":"https:\/\/www.blogsoestado.com\/danielmatos\/files\/2018\/05\/marcial-jornal2.jpg","contentUrl":"https:\/\/www.blogsoestado.com\/danielmatos\/files\/2018\/05\/marcial-jornal2.jpg"},{"@type":"BreadcrumbList","@id":"https:\/\/www.blogsoestado.com\/danielmatos\/vereador-marcial-lima-presente-nas-comunidades\/#breadcrumb","itemListElement":[{"@type":"ListItem","position":1,"name":"In\u00edcio","item":"https:\/\/www.blogsoestado.com\/danielmatos\/"},{"@type":"ListItem","position":2,"name":"Vereador Marcial Lima presente nas comunidades"}]},{"@type":"WebSite","@id":"https:\/\/www.blogsoestado.com\/danielmatos\/#website","url":"https:\/\/www.blogsoestado.com\/danielmatos\/","name":"Daniel Matos","description":"","potentialAction":[{"@type":"SearchAction","target":{"@type":"EntryPoint","urlTemplate":"https:\/\/www.blogsoestado.com\/danielmatos\/?s={search_term_string}"},"query-input":{"@type":"PropertyValueSpecification","valueRequired":true,"valueName":"search_term_string"}}],"inLanguage":"pt-BR"}]}},"jetpack_featured_media_url":"","_links":{"self":[{"href":"https:\/\/www.blogsoestado.com\/danielmatos\/wp-json\/wp\/v2\/posts\/51582","targetHints":{"allow":["GET"]}}],"collection":[{"href":"https:\/\/www.blogsoestado.com\/danielmatos\/wp-json\/wp\/v2\/posts"}],"about":[{"href":"https:\/\/www.blogsoestado.com\/danielmatos\/wp-json\/wp\/v2\/types\/post"}],"replies":[{"embeddable":true,"href":"https:\/\/www.blogsoestado.com\/danielmatos\/wp-json\/wp\/v2\/comments?post=51582"}],"version-history":[{"count":0,"href":"https:\/\/www.blogsoestado.com\/danielmatos\/wp-json\/wp\/v2\/posts\/51582\/revisions"}],"wp:attachment":[{"href":"https:\/\/www.blogsoestado.com\/danielmatos\/wp-json\/wp\/v2\/media?parent=51582"}],"wp:term":[{"taxonomy":"category","embeddable":true,"href":"https:\/\/www.blogsoestado.com\/danielmatos\/wp-json\/wp\/v2\/categories?post=51582"},{"taxonomy":"post_tag","embeddable":true,"href":"https:\/\/www.blogsoestado.com\/danielmatos\/wp-json\/wp\/v2\/tags?post=51582"}],"curies":[{"name":"wp","href":"https:\/\/api.w.org\/{rel}","templated":true}]}}