{"id":51596,"date":"2018-05-22T17:46:26","date_gmt":"2018-05-22T20:46:26","guid":{"rendered":"https:\/\/www.blogsoestado.com\/danielmatos\/?p=51596"},"modified":"2018-05-22T17:46:26","modified_gmt":"2018-05-22T20:46:26","slug":"nao-tem-mais-lugar-no-maranhao-para-flavio-dino-detona-prefeito-ex-aliado-do-comunista","status":"publish","type":"post","link":"https:\/\/www.blogsoestado.com\/danielmatos\/nao-tem-mais-lugar-no-maranhao-para-flavio-dino-detona-prefeito-ex-aliado-do-comunista\/","title":{"rendered":"&#8220;N\u00e3o tem mais lugar no Maranh\u00e3o para Fl\u00e1vio Dino&#8221;, detona prefeito, ex-aliado do comunista"},"content":{"rendered":"<figure id=\"attachment_51598\" aria-describedby=\"caption-attachment-51598\" style=\"width: 446px\" class=\"wp-caption alignright\"><img fetchpriority=\"high\" decoding=\"async\" class=\"size-full wp-image-51598\" src=\"https:\/\/www.blogsoestado.com\/danielmatos\/files\/2018\/05\/lahesio-detona.jpg\" alt=\"\" width=\"446\" height=\"255\" \/><figcaption id=\"caption-attachment-51598\" class=\"wp-caption-text\">Lahesio disse j\u00e1 ter visto coisa ruim no Maranh\u00e3o e chama-se Fl\u00e1vio Dino<\/figcaption><\/figure>\n<p>O prefeito de S\u00e3o Pedro dos Crentes, Lahesio Rodrigues do Bonfim (PSDB), externou toda a sua decep\u00e7\u00e3o com o governador Fl\u00e1vio Dino (PCdoB) durante ato pol\u00edtico, ontem, no qual a ex-governadora Roseana Sarney (MDB) confirmou que disputar\u00e1 pela quinta vez a sucess\u00e3o estadual. Diante de Roseana, dos pr\u00e9-candidatos ao Senado Sarney Filho (PV) e Edison Lob\u00e3o (MDB), do senador Jo\u00e3o Alberto de Souza (MDB), de outros l\u00edderes pol\u00edticos e\u00a0 de dezenas de correligion\u00e1rios da emedebista, Lahesio disse que at\u00e9 aquele momento jamais havia cogitado votar no grupo Sarney, mas a experi\u00eancia negativa como aliado de Dino o obrigou a marchar junto com a oposi\u00e7\u00e3o aos comunistas.<\/p>\n<p>&#8220;Eu estaria mentindo de dissesse que sempre votei em voc\u00eas. Eu nunca votei em voc\u00ea&#8221;, confessou, em um inflamado discurso, dirigindo-se a Roseana e aos partid\u00e1rios da ex-governadora. &#8220;Mas eu nunca mais vou deixar de votar em Sarneys, porque eu vi coisa ruim neste estado e chama-se Fl\u00e1vio Dino. Isso n\u00e3o presta&#8221;, detonou, arrancando aplausos e outras manifesta\u00e7\u00f5es efusivas dos presentes.<\/p>\n<p>Lahesio disse que compareceu ao ato pol\u00edtico liderado por Roseana para dizer que se ela n\u00e3o for candidata ao governo ele renunciar\u00e1 ao seu mandato. &#8220;Vou abdicar do meu mandato porque n\u00e3o tem gra\u00e7a ver o povo sofrendo e sendo perseguido por minha causa. Como pode um governo perseguir 5 mil pessoas por causa de uma pessoa s\u00f3?&#8221;. indagou.<\/p>\n<p>O prefeito prometeu renunciar ao mandato caso seja comprovado que as pesquisas que posicionam Fl\u00e1vio Dino com larga vantagem na corrida ao Pal\u00e1cio dos Le\u00f5es s\u00e3o verdadeiras. &#8220;O que vejo nas ruas onde ando \u00e9 que n\u00e3o tem mais lugar no Maranh\u00e3o para o comunismo. N\u00e3o tem mais lugar no Maranh\u00e3o para Fl\u00e1vio Dino&#8221;, disparou.<\/p>\n<div class=\"ast-oembed-container \" style=\"height: 100%;\"><iframe title=\"Prefeito detona Fl\u00e1vio Dino\" width=\"500\" height=\"281\" src=\"https:\/\/www.youtube.com\/embed\/tshcxEsqQho?feature=oembed\" frameborder=\"0\" allow=\"accelerometer; autoplay; clipboard-write; encrypted-media; gyroscope; picture-in-picture; web-share\" referrerpolicy=\"strict-origin-when-cross-origin\" allowfullscreen><\/iframe><\/div>\n","protected":false},"excerpt":{"rendered":"<p>O prefeito de S\u00e3o Pedro dos Crentes, Lahesio Rodrigues do Bonfim (PSDB), externou toda a sua decep\u00e7\u00e3o com o governador [&hellip;]<\/p>\n","protected":false},"author":0,"featured_media":0,"comment_status":"open","ping_status":"open","sticky":false,"template":"","format":"standard","meta":{"site-sidebar-layout":"default","site-content-layout":"","ast-site-content-layout":"default","site-content-style":"default","site-sidebar-style":"default","ast-global-header-display":"","ast-banner-title-visibility":"","ast-main-header-display":"","ast-hfb-above-header-display":"","ast-hfb-below-header-display":"","ast-hfb-mobile-header-display":"","site-post-title":"","ast-breadcrumbs-content":"","ast-featured-img":"","footer-sml-layout":"","ast-disable-related-posts":"","theme-transparent-header-meta":"","adv-header-id-meta":"","stick-header-meta":"","header-above-stick-meta":"","header-main-stick-meta":"","header-below-stick-meta":"","astra-migrate-meta-layouts":"default","ast-page-background-enabled":"default","ast-page-background-meta":{"desktop":{"background-color":"var(--ast-global-color-5)","background-image":"","background-repeat":"repeat","background-position":"center center","background-size":"auto","background-attachment":"scroll","background-type":"","background-media":"","overlay-type":"","overlay-color":"","overlay-opacity":"","overlay-gradient":""},"tablet":{"background-color":"","background-image":"","background-repeat":"repeat","background-position":"center center","background-size":"auto","background-attachment":"scroll","background-type":"","background-media":"","overlay-type":"","overlay-color":"","overlay-opacity":"","overlay-gradient":""},"mobile":{"background-color":"","background-image":"","background-repeat":"repeat","background-position":"center center","background-size":"auto","background-attachment":"scroll","background-type":"","background-media":"","overlay-type":"","overlay-color":"","overlay-opacity":"","overlay-gradient":""}},"ast-content-background-meta":{"desktop":{"background-color":"var(--ast-global-color-4)","background-image":"","background-repeat":"repeat","background-position":"center center","background-size":"auto","background-attachment":"scroll","background-type":"","background-media":"","overlay-type":"","overlay-color":"","overlay-opacity":"","overlay-gradient":""},"tablet":{"background-color":"var(--ast-global-color-4)","background-image":"","background-repeat":"repeat","background-position":"center center","background-size":"auto","background-attachment":"scroll","background-type":"","background-media":"","overlay-type":"","overlay-color":"","overlay-opacity":"","overlay-gradient":""},"mobile":{"background-color":"var(--ast-global-color-4)","background-image":"","background-repeat":"repeat","background-position":"center center","background-size":"auto","background-attachment":"scroll","background-type":"","background-media":"","overlay-type":"","overlay-color":"","overlay-opacity":"","overlay-gradient":""}},"footnotes":""},"categories":[1],"tags":[],"class_list":["post-51596","post","type-post","status-publish","format-standard","hentry","category-sem-categoria"],"yoast_head":"<!-- This site is optimized with the Yoast SEO plugin v26.6 - https:\/\/yoast.com\/wordpress\/plugins\/seo\/ -->\n<title>&quot;N\u00e3o tem mais lugar no Maranh\u00e3o para Fl\u00e1vio Dino&quot;, detona prefeito, ex-aliado do comunista - Daniel Matos<\/title>\n<meta name=\"robots\" content=\"index, follow, max-snippet:-1, max-image-preview:large, max-video-preview:-1\" \/>\n<link rel=\"canonical\" href=\"https:\/\/www.blogsoestado.com\/danielmatos\/nao-tem-mais-lugar-no-maranhao-para-flavio-dino-detona-prefeito-ex-aliado-do-comunista\/\" \/>\n<meta property=\"og:locale\" content=\"pt_BR\" \/>\n<meta property=\"og:type\" content=\"article\" \/>\n<meta property=\"og:title\" content=\"&quot;N\u00e3o tem mais lugar no Maranh\u00e3o para Fl\u00e1vio Dino&quot;, detona prefeito, ex-aliado do comunista - Daniel Matos\" \/>\n<meta property=\"og:description\" content=\"O prefeito de S\u00e3o Pedro dos Crentes, Lahesio Rodrigues do Bonfim (PSDB), externou toda a sua decep\u00e7\u00e3o com o governador [&hellip;]\" \/>\n<meta property=\"og:url\" content=\"https:\/\/www.blogsoestado.com\/danielmatos\/nao-tem-mais-lugar-no-maranhao-para-flavio-dino-detona-prefeito-ex-aliado-do-comunista\/\" \/>\n<meta property=\"og:site_name\" content=\"Daniel Matos\" \/>\n<meta property=\"article:published_time\" content=\"2018-05-22T20:46:26+00:00\" \/>\n<meta property=\"og:image\" content=\"https:\/\/www.blogsoestado.com\/danielmatos\/files\/2018\/05\/lahesio-detona.jpg\" \/>\n<meta name=\"twitter:card\" content=\"summary_large_image\" \/>\n<meta name=\"twitter:label1\" content=\"Est. tempo de leitura\" \/>\n\t<meta name=\"twitter:data1\" content=\"2 minutos\" \/>\n<script type=\"application\/ld+json\" class=\"yoast-schema-graph\">{\"@context\":\"https:\/\/schema.org\",\"@graph\":[{\"@type\":\"WebPage\",\"@id\":\"https:\/\/www.blogsoestado.com\/danielmatos\/nao-tem-mais-lugar-no-maranhao-para-flavio-dino-detona-prefeito-ex-aliado-do-comunista\/\",\"url\":\"https:\/\/www.blogsoestado.com\/danielmatos\/nao-tem-mais-lugar-no-maranhao-para-flavio-dino-detona-prefeito-ex-aliado-do-comunista\/\",\"name\":\"\\\"N\u00e3o tem mais lugar no Maranh\u00e3o para Fl\u00e1vio Dino\\\", detona prefeito, ex-aliado do comunista - Daniel Matos\",\"isPartOf\":{\"@id\":\"https:\/\/www.blogsoestado.com\/danielmatos\/#website\"},\"primaryImageOfPage\":{\"@id\":\"https:\/\/www.blogsoestado.com\/danielmatos\/nao-tem-mais-lugar-no-maranhao-para-flavio-dino-detona-prefeito-ex-aliado-do-comunista\/#primaryimage\"},\"image\":{\"@id\":\"https:\/\/www.blogsoestado.com\/danielmatos\/nao-tem-mais-lugar-no-maranhao-para-flavio-dino-detona-prefeito-ex-aliado-do-comunista\/#primaryimage\"},\"thumbnailUrl\":\"https:\/\/www.blogsoestado.com\/danielmatos\/files\/2018\/05\/lahesio-detona.jpg\",\"datePublished\":\"2018-05-22T20:46:26+00:00\",\"author\":{\"@id\":\"\"},\"breadcrumb\":{\"@id\":\"https:\/\/www.blogsoestado.com\/danielmatos\/nao-tem-mais-lugar-no-maranhao-para-flavio-dino-detona-prefeito-ex-aliado-do-comunista\/#breadcrumb\"},\"inLanguage\":\"pt-BR\",\"potentialAction\":[{\"@type\":\"ReadAction\",\"target\":[\"https:\/\/www.blogsoestado.com\/danielmatos\/nao-tem-mais-lugar-no-maranhao-para-flavio-dino-detona-prefeito-ex-aliado-do-comunista\/\"]}]},{\"@type\":\"ImageObject\",\"inLanguage\":\"pt-BR\",\"@id\":\"https:\/\/www.blogsoestado.com\/danielmatos\/nao-tem-mais-lugar-no-maranhao-para-flavio-dino-detona-prefeito-ex-aliado-do-comunista\/#primaryimage\",\"url\":\"https:\/\/www.blogsoestado.com\/danielmatos\/files\/2018\/05\/lahesio-detona.jpg\",\"contentUrl\":\"https:\/\/www.blogsoestado.com\/danielmatos\/files\/2018\/05\/lahesio-detona.jpg\"},{\"@type\":\"BreadcrumbList\",\"@id\":\"https:\/\/www.blogsoestado.com\/danielmatos\/nao-tem-mais-lugar-no-maranhao-para-flavio-dino-detona-prefeito-ex-aliado-do-comunista\/#breadcrumb\",\"itemListElement\":[{\"@type\":\"ListItem\",\"position\":1,\"name\":\"In\u00edcio\",\"item\":\"https:\/\/www.blogsoestado.com\/danielmatos\/\"},{\"@type\":\"ListItem\",\"position\":2,\"name\":\"&#8220;N\u00e3o tem mais lugar no Maranh\u00e3o para Fl\u00e1vio Dino&#8221;, detona prefeito, ex-aliado do comunista\"}]},{\"@type\":\"WebSite\",\"@id\":\"https:\/\/www.blogsoestado.com\/danielmatos\/#website\",\"url\":\"https:\/\/www.blogsoestado.com\/danielmatos\/\",\"name\":\"Daniel Matos\",\"description\":\"\",\"potentialAction\":[{\"@type\":\"SearchAction\",\"target\":{\"@type\":\"EntryPoint\",\"urlTemplate\":\"https:\/\/www.blogsoestado.com\/danielmatos\/?s={search_term_string}\"},\"query-input\":{\"@type\":\"PropertyValueSpecification\",\"valueRequired\":true,\"valueName\":\"search_term_string\"}}],\"inLanguage\":\"pt-BR\"}]}<\/script>\n<!-- \/ Yoast SEO plugin. -->","yoast_head_json":{"title":"\"N\u00e3o tem mais lugar no Maranh\u00e3o para Fl\u00e1vio Dino\", detona prefeito, ex-aliado do comunista - Daniel Matos","robots":{"index":"index","follow":"follow","max-snippet":"max-snippet:-1","max-image-preview":"max-image-preview:large","max-video-preview":"max-video-preview:-1"},"canonical":"https:\/\/www.blogsoestado.com\/danielmatos\/nao-tem-mais-lugar-no-maranhao-para-flavio-dino-detona-prefeito-ex-aliado-do-comunista\/","og_locale":"pt_BR","og_type":"article","og_title":"\"N\u00e3o tem mais lugar no Maranh\u00e3o para Fl\u00e1vio Dino\", detona prefeito, ex-aliado do comunista - Daniel Matos","og_description":"O prefeito de S\u00e3o Pedro dos Crentes, Lahesio Rodrigues do Bonfim (PSDB), externou toda a sua decep\u00e7\u00e3o com o governador [&hellip;]","og_url":"https:\/\/www.blogsoestado.com\/danielmatos\/nao-tem-mais-lugar-no-maranhao-para-flavio-dino-detona-prefeito-ex-aliado-do-comunista\/","og_site_name":"Daniel Matos","article_published_time":"2018-05-22T20:46:26+00:00","og_image":[{"url":"https:\/\/www.blogsoestado.com\/danielmatos\/files\/2018\/05\/lahesio-detona.jpg","type":"","width":"","height":""}],"twitter_card":"summary_large_image","twitter_misc":{"Est. tempo de leitura":"2 minutos"},"schema":{"@context":"https:\/\/schema.org","@graph":[{"@type":"WebPage","@id":"https:\/\/www.blogsoestado.com\/danielmatos\/nao-tem-mais-lugar-no-maranhao-para-flavio-dino-detona-prefeito-ex-aliado-do-comunista\/","url":"https:\/\/www.blogsoestado.com\/danielmatos\/nao-tem-mais-lugar-no-maranhao-para-flavio-dino-detona-prefeito-ex-aliado-do-comunista\/","name":"\"N\u00e3o tem mais lugar no Maranh\u00e3o para Fl\u00e1vio Dino\", detona prefeito, ex-aliado do comunista - Daniel Matos","isPartOf":{"@id":"https:\/\/www.blogsoestado.com\/danielmatos\/#website"},"primaryImageOfPage":{"@id":"https:\/\/www.blogsoestado.com\/danielmatos\/nao-tem-mais-lugar-no-maranhao-para-flavio-dino-detona-prefeito-ex-aliado-do-comunista\/#primaryimage"},"image":{"@id":"https:\/\/www.blogsoestado.com\/danielmatos\/nao-tem-mais-lugar-no-maranhao-para-flavio-dino-detona-prefeito-ex-aliado-do-comunista\/#primaryimage"},"thumbnailUrl":"https:\/\/www.blogsoestado.com\/danielmatos\/files\/2018\/05\/lahesio-detona.jpg","datePublished":"2018-05-22T20:46:26+00:00","author":{"@id":""},"breadcrumb":{"@id":"https:\/\/www.blogsoestado.com\/danielmatos\/nao-tem-mais-lugar-no-maranhao-para-flavio-dino-detona-prefeito-ex-aliado-do-comunista\/#breadcrumb"},"inLanguage":"pt-BR","potentialAction":[{"@type":"ReadAction","target":["https:\/\/www.blogsoestado.com\/danielmatos\/nao-tem-mais-lugar-no-maranhao-para-flavio-dino-detona-prefeito-ex-aliado-do-comunista\/"]}]},{"@type":"ImageObject","inLanguage":"pt-BR","@id":"https:\/\/www.blogsoestado.com\/danielmatos\/nao-tem-mais-lugar-no-maranhao-para-flavio-dino-detona-prefeito-ex-aliado-do-comunista\/#primaryimage","url":"https:\/\/www.blogsoestado.com\/danielmatos\/files\/2018\/05\/lahesio-detona.jpg","contentUrl":"https:\/\/www.blogsoestado.com\/danielmatos\/files\/2018\/05\/lahesio-detona.jpg"},{"@type":"BreadcrumbList","@id":"https:\/\/www.blogsoestado.com\/danielmatos\/nao-tem-mais-lugar-no-maranhao-para-flavio-dino-detona-prefeito-ex-aliado-do-comunista\/#breadcrumb","itemListElement":[{"@type":"ListItem","position":1,"name":"In\u00edcio","item":"https:\/\/www.blogsoestado.com\/danielmatos\/"},{"@type":"ListItem","position":2,"name":"&#8220;N\u00e3o tem mais lugar no Maranh\u00e3o para Fl\u00e1vio Dino&#8221;, detona prefeito, ex-aliado do comunista"}]},{"@type":"WebSite","@id":"https:\/\/www.blogsoestado.com\/danielmatos\/#website","url":"https:\/\/www.blogsoestado.com\/danielmatos\/","name":"Daniel Matos","description":"","potentialAction":[{"@type":"SearchAction","target":{"@type":"EntryPoint","urlTemplate":"https:\/\/www.blogsoestado.com\/danielmatos\/?s={search_term_string}"},"query-input":{"@type":"PropertyValueSpecification","valueRequired":true,"valueName":"search_term_string"}}],"inLanguage":"pt-BR"}]}},"jetpack_featured_media_url":"","_links":{"self":[{"href":"https:\/\/www.blogsoestado.com\/danielmatos\/wp-json\/wp\/v2\/posts\/51596","targetHints":{"allow":["GET"]}}],"collection":[{"href":"https:\/\/www.blogsoestado.com\/danielmatos\/wp-json\/wp\/v2\/posts"}],"about":[{"href":"https:\/\/www.blogsoestado.com\/danielmatos\/wp-json\/wp\/v2\/types\/post"}],"replies":[{"embeddable":true,"href":"https:\/\/www.blogsoestado.com\/danielmatos\/wp-json\/wp\/v2\/comments?post=51596"}],"version-history":[{"count":0,"href":"https:\/\/www.blogsoestado.com\/danielmatos\/wp-json\/wp\/v2\/posts\/51596\/revisions"}],"wp:attachment":[{"href":"https:\/\/www.blogsoestado.com\/danielmatos\/wp-json\/wp\/v2\/media?parent=51596"}],"wp:term":[{"taxonomy":"category","embeddable":true,"href":"https:\/\/www.blogsoestado.com\/danielmatos\/wp-json\/wp\/v2\/categories?post=51596"},{"taxonomy":"post_tag","embeddable":true,"href":"https:\/\/www.blogsoestado.com\/danielmatos\/wp-json\/wp\/v2\/tags?post=51596"}],"curies":[{"name":"wp","href":"https:\/\/api.w.org\/{rel}","templated":true}]}}