{"id":51600,"date":"2018-05-22T20:30:07","date_gmt":"2018-05-22T23:30:07","guid":{"rendered":"https:\/\/www.blogsoestado.com\/danielmatos\/?p=51600"},"modified":"2018-05-22T20:30:07","modified_gmt":"2018-05-22T23:30:07","slug":"com-apoio-do-deputado-ze-inacio-fetraf-participa-de-audiencia-com-o-governador-flavio-dino","status":"publish","type":"post","link":"https:\/\/www.blogsoestado.com\/danielmatos\/com-apoio-do-deputado-ze-inacio-fetraf-participa-de-audiencia-com-o-governador-flavio-dino\/","title":{"rendered":"Com apoio do deputado Z\u00e9 In\u00e1cio, Fetraf participa de audi\u00eancia com o governador Fl\u00e1vio Dino"},"content":{"rendered":"<figure id=\"attachment_51601\" aria-describedby=\"caption-attachment-51601\" style=\"width: 640px\" class=\"wp-caption aligncenter\"><img fetchpriority=\"high\" decoding=\"async\" class=\"size-full wp-image-51601\" src=\"https:\/\/www.blogsoestado.com\/danielmatos\/files\/2018\/05\/inacio-fetraf.jpg\" alt=\"\" width=\"640\" height=\"427\" \/><figcaption id=\"caption-attachment-51601\" class=\"wp-caption-text\">Na audi\u00eancia. a Fetraf dialogou com o governo sobre assist\u00eancia t\u00e9cnica, organiza\u00e7\u00e3o da produ\u00e7\u00e3o, tecnologias ecologicamente sustent\u00e1veis para a os agricultores e agricultoras do campo, al\u00e9m de quest\u00f5es sobre titulariza\u00e7\u00e3o de terras<\/figcaption><\/figure>\n<p>Com o apoio do deputado estadual Z\u00e9 In\u00e1cio (PT), a coordena\u00e7\u00e3o da Federa\u00e7\u00e3o dos Trabalhadores e Trabalhadoras na Agricultura Familiar-Fetraf\/MA participou,\u00a0na tarde desta segunda-feira 21\/05, de uma audi\u00eancia com o governador Fl\u00e1vio Dino, no Pal\u00e1cio dos Le\u00f5es. E o Secret\u00e1rio de Direitos Humanos e Participa\u00e7\u00e3o Popular-Sedihpop, Francisco Gon\u00e7alves da Concei\u00e7\u00e3o; Secret\u00e1rio de Estado da Agricultura Familiar-Saf, J\u00falio C\u00e9sar Mendon\u00e7a; e a Presidenta da Ag\u00eancia Estadual de Pesquisa Agropecu\u00e1ria e de Extens\u00e3o Rural do Maranh\u00e3o- Agerp, Loroana Santana.<\/p>\n<p>Na audi\u00eancia a Fetraf dialogou com o governo sobre assist\u00eancia t\u00e9cnica, organiza\u00e7\u00e3o da produ\u00e7\u00e3o, tecnologias ecologicamente sustent\u00e1veis para a os agricultores e agricultoras do campo. Al\u00e9m de quest\u00f5es sobre titulariza\u00e7\u00e3o de terras.<\/p>\n<p>Para o deputado Z\u00e9 In\u00e1cio essa audi\u00eancia com o governador para discutir sobre a agricultura familiar no Estado vem a fortalecer ainda mais as pol\u00edticas p\u00fablicas que j\u00e1 est\u00e3o sendo executadas. \u201cMais assist\u00eancia t\u00e9cnica, mais cr\u00e9dito, pol\u00edticas de apoio e a comercializa\u00e7\u00e3o dos produtos ir\u00e3o contribuir ainda mais para a continua\u00e7\u00e3o do trabalho que j\u00e1 vem sendo realizado\u201d, disse.<\/p>\n<figure id=\"attachment_51602\" aria-describedby=\"caption-attachment-51602\" style=\"width: 640px\" class=\"wp-caption aligncenter\"><img decoding=\"async\" class=\"size-full wp-image-51602\" src=\"https:\/\/www.blogsoestado.com\/danielmatos\/files\/2018\/05\/inacio-fetraf2.jpg\" alt=\"\" width=\"640\" height=\"356\" \/><figcaption id=\"caption-attachment-51602\" class=\"wp-caption-text\">O governador Fl\u00e1vio Dino reafirmou seu compromisso com a Fetraf e os agricultores do Estado<\/figcaption><\/figure>\n<p>O governador Fl\u00e1vio Dino reafirmou seu compromisso com a Fetraf e os agricultores do Estado, al\u00e9m das pol\u00edticas p\u00fablicas que j\u00e1 est\u00e3o sendo implantadas como pauta da federa\u00e7\u00e3o desde 2015, articuladas aos \u00f3rg\u00e3os como a Saf, Agerp e Iterma.<\/p>\n<p>A Fetraf ainda dar\u00e1 prosseguimento a reuni\u00e3o a ser realizada com o Secret\u00e1rio da Saf, J\u00falio Mendon\u00e7a.<\/p>\n<p>Participaram da audi\u00eancia: a Presidenta da Fetraf Gra\u00e7a Amorim, Presidenta do Sintraf de Bom Lugar Maria de Jesus, Secret\u00e1ria de mulheres da Fetraf Maria Ivanilde, Secret\u00e1ria de Finan\u00e7as da Fetraf Mariana Rodrigues, Secret\u00e1ria de Finan\u00e7as do Sintraf de Turia\u00e7u Raimunda Nonata, da Associa\u00e7\u00e3o Quilombola e Sintraf de Brejo Francisco Jos\u00e9 de Sousa, Sintraf de Turia\u00e7u Eduardo Soares, Associa\u00e7\u00e3o Quilombola de Brejo Francisco Jos\u00e9 Almeida, Sintraf de Turia\u00e7u Eduardo Soares, Sintraf de Santa In\u00eas Ademir Pereira, Associa\u00e7\u00e3o Quilombola de Santa In\u00eas Francisco da Concei\u00e7\u00e3o Vieira, Presidente do Sintraf de Santa In\u00eas Jo\u00e3o da Cruz Vieira, Sintraf de Brejo Isaumir Sousa.<\/p>\n","protected":false},"excerpt":{"rendered":"<p>Com o apoio do deputado estadual Z\u00e9 In\u00e1cio (PT), a coordena\u00e7\u00e3o da Federa\u00e7\u00e3o dos Trabalhadores e Trabalhadoras na Agricultura Familiar-Fetraf\/MA [&hellip;]<\/p>\n","protected":false},"author":0,"featured_media":0,"comment_status":"open","ping_status":"open","sticky":false,"template":"","format":"standard","meta":{"site-sidebar-layout":"default","site-content-layout":"","ast-site-content-layout":"default","site-content-style":"default","site-sidebar-style":"default","ast-global-header-display":"","ast-banner-title-visibility":"","ast-main-header-display":"","ast-hfb-above-header-display":"","ast-hfb-below-header-display":"","ast-hfb-mobile-header-display":"","site-post-title":"","ast-breadcrumbs-content":"","ast-featured-img":"","footer-sml-layout":"","ast-disable-related-posts":"","theme-transparent-header-meta":"","adv-header-id-meta":"","stick-header-meta":"","header-above-stick-meta":"","header-main-stick-meta":"","header-below-stick-meta":"","astra-migrate-meta-layouts":"default","ast-page-background-enabled":"default","ast-page-background-meta":{"desktop":{"background-color":"var(--ast-global-color-5)","background-image":"","background-repeat":"repeat","background-position":"center center","background-size":"auto","background-attachment":"scroll","background-type":"","background-media":"","overlay-type":"","overlay-color":"","overlay-opacity":"","overlay-gradient":""},"tablet":{"background-color":"","background-image":"","background-repeat":"repeat","background-position":"center center","background-size":"auto","background-attachment":"scroll","background-type":"","background-media":"","overlay-type":"","overlay-color":"","overlay-opacity":"","overlay-gradient":""},"mobile":{"background-color":"","background-image":"","background-repeat":"repeat","background-position":"center center","background-size":"auto","background-attachment":"scroll","background-type":"","background-media":"","overlay-type":"","overlay-color":"","overlay-opacity":"","overlay-gradient":""}},"ast-content-background-meta":{"desktop":{"background-color":"var(--ast-global-color-4)","background-image":"","background-repeat":"repeat","background-position":"center center","background-size":"auto","background-attachment":"scroll","background-type":"","background-media":"","overlay-type":"","overlay-color":"","overlay-opacity":"","overlay-gradient":""},"tablet":{"background-color":"var(--ast-global-color-4)","background-image":"","background-repeat":"repeat","background-position":"center center","background-size":"auto","background-attachment":"scroll","background-type":"","background-media":"","overlay-type":"","overlay-color":"","overlay-opacity":"","overlay-gradient":""},"mobile":{"background-color":"var(--ast-global-color-4)","background-image":"","background-repeat":"repeat","background-position":"center center","background-size":"auto","background-attachment":"scroll","background-type":"","background-media":"","overlay-type":"","overlay-color":"","overlay-opacity":"","overlay-gradient":""}},"footnotes":""},"categories":[1],"tags":[],"class_list":["post-51600","post","type-post","status-publish","format-standard","hentry","category-sem-categoria"],"yoast_head":"<!-- This site is optimized with the Yoast SEO plugin v26.6 - https:\/\/yoast.com\/wordpress\/plugins\/seo\/ -->\n<title>Com apoio do deputado Z\u00e9 In\u00e1cio, Fetraf participa de audi\u00eancia com o governador Fl\u00e1vio Dino - Daniel Matos<\/title>\n<meta name=\"robots\" content=\"index, follow, max-snippet:-1, max-image-preview:large, max-video-preview:-1\" \/>\n<link rel=\"canonical\" href=\"https:\/\/www.blogsoestado.com\/danielmatos\/com-apoio-do-deputado-ze-inacio-fetraf-participa-de-audiencia-com-o-governador-flavio-dino\/\" \/>\n<meta property=\"og:locale\" content=\"pt_BR\" \/>\n<meta property=\"og:type\" content=\"article\" \/>\n<meta property=\"og:title\" content=\"Com apoio do deputado Z\u00e9 In\u00e1cio, Fetraf participa de audi\u00eancia com o governador Fl\u00e1vio Dino - Daniel Matos\" \/>\n<meta property=\"og:description\" content=\"Com o apoio do deputado estadual Z\u00e9 In\u00e1cio (PT), a coordena\u00e7\u00e3o da Federa\u00e7\u00e3o dos Trabalhadores e Trabalhadoras na Agricultura Familiar-Fetraf\/MA [&hellip;]\" \/>\n<meta property=\"og:url\" content=\"https:\/\/www.blogsoestado.com\/danielmatos\/com-apoio-do-deputado-ze-inacio-fetraf-participa-de-audiencia-com-o-governador-flavio-dino\/\" \/>\n<meta property=\"og:site_name\" content=\"Daniel Matos\" \/>\n<meta property=\"article:published_time\" content=\"2018-05-22T23:30:07+00:00\" \/>\n<meta property=\"og:image\" content=\"https:\/\/www.blogsoestado.com\/danielmatos\/files\/2018\/05\/inacio-fetraf.jpg\" \/>\n<meta name=\"twitter:card\" content=\"summary_large_image\" \/>\n<meta name=\"twitter:label1\" content=\"Est. tempo de leitura\" \/>\n\t<meta name=\"twitter:data1\" content=\"2 minutos\" \/>\n<script type=\"application\/ld+json\" class=\"yoast-schema-graph\">{\"@context\":\"https:\/\/schema.org\",\"@graph\":[{\"@type\":\"WebPage\",\"@id\":\"https:\/\/www.blogsoestado.com\/danielmatos\/com-apoio-do-deputado-ze-inacio-fetraf-participa-de-audiencia-com-o-governador-flavio-dino\/\",\"url\":\"https:\/\/www.blogsoestado.com\/danielmatos\/com-apoio-do-deputado-ze-inacio-fetraf-participa-de-audiencia-com-o-governador-flavio-dino\/\",\"name\":\"Com apoio do deputado Z\u00e9 In\u00e1cio, Fetraf participa de audi\u00eancia com o governador Fl\u00e1vio Dino - Daniel Matos\",\"isPartOf\":{\"@id\":\"https:\/\/www.blogsoestado.com\/danielmatos\/#website\"},\"primaryImageOfPage\":{\"@id\":\"https:\/\/www.blogsoestado.com\/danielmatos\/com-apoio-do-deputado-ze-inacio-fetraf-participa-de-audiencia-com-o-governador-flavio-dino\/#primaryimage\"},\"image\":{\"@id\":\"https:\/\/www.blogsoestado.com\/danielmatos\/com-apoio-do-deputado-ze-inacio-fetraf-participa-de-audiencia-com-o-governador-flavio-dino\/#primaryimage\"},\"thumbnailUrl\":\"https:\/\/www.blogsoestado.com\/danielmatos\/files\/2018\/05\/inacio-fetraf.jpg\",\"datePublished\":\"2018-05-22T23:30:07+00:00\",\"author\":{\"@id\":\"\"},\"breadcrumb\":{\"@id\":\"https:\/\/www.blogsoestado.com\/danielmatos\/com-apoio-do-deputado-ze-inacio-fetraf-participa-de-audiencia-com-o-governador-flavio-dino\/#breadcrumb\"},\"inLanguage\":\"pt-BR\",\"potentialAction\":[{\"@type\":\"ReadAction\",\"target\":[\"https:\/\/www.blogsoestado.com\/danielmatos\/com-apoio-do-deputado-ze-inacio-fetraf-participa-de-audiencia-com-o-governador-flavio-dino\/\"]}]},{\"@type\":\"ImageObject\",\"inLanguage\":\"pt-BR\",\"@id\":\"https:\/\/www.blogsoestado.com\/danielmatos\/com-apoio-do-deputado-ze-inacio-fetraf-participa-de-audiencia-com-o-governador-flavio-dino\/#primaryimage\",\"url\":\"https:\/\/www.blogsoestado.com\/danielmatos\/files\/2018\/05\/inacio-fetraf.jpg\",\"contentUrl\":\"https:\/\/www.blogsoestado.com\/danielmatos\/files\/2018\/05\/inacio-fetraf.jpg\"},{\"@type\":\"BreadcrumbList\",\"@id\":\"https:\/\/www.blogsoestado.com\/danielmatos\/com-apoio-do-deputado-ze-inacio-fetraf-participa-de-audiencia-com-o-governador-flavio-dino\/#breadcrumb\",\"itemListElement\":[{\"@type\":\"ListItem\",\"position\":1,\"name\":\"In\u00edcio\",\"item\":\"https:\/\/www.blogsoestado.com\/danielmatos\/\"},{\"@type\":\"ListItem\",\"position\":2,\"name\":\"Com apoio do deputado Z\u00e9 In\u00e1cio, Fetraf participa de audi\u00eancia com o governador Fl\u00e1vio Dino\"}]},{\"@type\":\"WebSite\",\"@id\":\"https:\/\/www.blogsoestado.com\/danielmatos\/#website\",\"url\":\"https:\/\/www.blogsoestado.com\/danielmatos\/\",\"name\":\"Daniel Matos\",\"description\":\"\",\"potentialAction\":[{\"@type\":\"SearchAction\",\"target\":{\"@type\":\"EntryPoint\",\"urlTemplate\":\"https:\/\/www.blogsoestado.com\/danielmatos\/?s={search_term_string}\"},\"query-input\":{\"@type\":\"PropertyValueSpecification\",\"valueRequired\":true,\"valueName\":\"search_term_string\"}}],\"inLanguage\":\"pt-BR\"}]}<\/script>\n<!-- \/ Yoast SEO plugin. -->","yoast_head_json":{"title":"Com apoio do deputado Z\u00e9 In\u00e1cio, Fetraf participa de audi\u00eancia com o governador Fl\u00e1vio Dino - Daniel Matos","robots":{"index":"index","follow":"follow","max-snippet":"max-snippet:-1","max-image-preview":"max-image-preview:large","max-video-preview":"max-video-preview:-1"},"canonical":"https:\/\/www.blogsoestado.com\/danielmatos\/com-apoio-do-deputado-ze-inacio-fetraf-participa-de-audiencia-com-o-governador-flavio-dino\/","og_locale":"pt_BR","og_type":"article","og_title":"Com apoio do deputado Z\u00e9 In\u00e1cio, Fetraf participa de audi\u00eancia com o governador Fl\u00e1vio Dino - Daniel Matos","og_description":"Com o apoio do deputado estadual Z\u00e9 In\u00e1cio (PT), a coordena\u00e7\u00e3o da Federa\u00e7\u00e3o dos Trabalhadores e Trabalhadoras na Agricultura Familiar-Fetraf\/MA [&hellip;]","og_url":"https:\/\/www.blogsoestado.com\/danielmatos\/com-apoio-do-deputado-ze-inacio-fetraf-participa-de-audiencia-com-o-governador-flavio-dino\/","og_site_name":"Daniel Matos","article_published_time":"2018-05-22T23:30:07+00:00","og_image":[{"url":"https:\/\/www.blogsoestado.com\/danielmatos\/files\/2018\/05\/inacio-fetraf.jpg","type":"","width":"","height":""}],"twitter_card":"summary_large_image","twitter_misc":{"Est. tempo de leitura":"2 minutos"},"schema":{"@context":"https:\/\/schema.org","@graph":[{"@type":"WebPage","@id":"https:\/\/www.blogsoestado.com\/danielmatos\/com-apoio-do-deputado-ze-inacio-fetraf-participa-de-audiencia-com-o-governador-flavio-dino\/","url":"https:\/\/www.blogsoestado.com\/danielmatos\/com-apoio-do-deputado-ze-inacio-fetraf-participa-de-audiencia-com-o-governador-flavio-dino\/","name":"Com apoio do deputado Z\u00e9 In\u00e1cio, Fetraf participa de audi\u00eancia com o governador Fl\u00e1vio Dino - Daniel Matos","isPartOf":{"@id":"https:\/\/www.blogsoestado.com\/danielmatos\/#website"},"primaryImageOfPage":{"@id":"https:\/\/www.blogsoestado.com\/danielmatos\/com-apoio-do-deputado-ze-inacio-fetraf-participa-de-audiencia-com-o-governador-flavio-dino\/#primaryimage"},"image":{"@id":"https:\/\/www.blogsoestado.com\/danielmatos\/com-apoio-do-deputado-ze-inacio-fetraf-participa-de-audiencia-com-o-governador-flavio-dino\/#primaryimage"},"thumbnailUrl":"https:\/\/www.blogsoestado.com\/danielmatos\/files\/2018\/05\/inacio-fetraf.jpg","datePublished":"2018-05-22T23:30:07+00:00","author":{"@id":""},"breadcrumb":{"@id":"https:\/\/www.blogsoestado.com\/danielmatos\/com-apoio-do-deputado-ze-inacio-fetraf-participa-de-audiencia-com-o-governador-flavio-dino\/#breadcrumb"},"inLanguage":"pt-BR","potentialAction":[{"@type":"ReadAction","target":["https:\/\/www.blogsoestado.com\/danielmatos\/com-apoio-do-deputado-ze-inacio-fetraf-participa-de-audiencia-com-o-governador-flavio-dino\/"]}]},{"@type":"ImageObject","inLanguage":"pt-BR","@id":"https:\/\/www.blogsoestado.com\/danielmatos\/com-apoio-do-deputado-ze-inacio-fetraf-participa-de-audiencia-com-o-governador-flavio-dino\/#primaryimage","url":"https:\/\/www.blogsoestado.com\/danielmatos\/files\/2018\/05\/inacio-fetraf.jpg","contentUrl":"https:\/\/www.blogsoestado.com\/danielmatos\/files\/2018\/05\/inacio-fetraf.jpg"},{"@type":"BreadcrumbList","@id":"https:\/\/www.blogsoestado.com\/danielmatos\/com-apoio-do-deputado-ze-inacio-fetraf-participa-de-audiencia-com-o-governador-flavio-dino\/#breadcrumb","itemListElement":[{"@type":"ListItem","position":1,"name":"In\u00edcio","item":"https:\/\/www.blogsoestado.com\/danielmatos\/"},{"@type":"ListItem","position":2,"name":"Com apoio do deputado Z\u00e9 In\u00e1cio, Fetraf participa de audi\u00eancia com o governador Fl\u00e1vio Dino"}]},{"@type":"WebSite","@id":"https:\/\/www.blogsoestado.com\/danielmatos\/#website","url":"https:\/\/www.blogsoestado.com\/danielmatos\/","name":"Daniel Matos","description":"","potentialAction":[{"@type":"SearchAction","target":{"@type":"EntryPoint","urlTemplate":"https:\/\/www.blogsoestado.com\/danielmatos\/?s={search_term_string}"},"query-input":{"@type":"PropertyValueSpecification","valueRequired":true,"valueName":"search_term_string"}}],"inLanguage":"pt-BR"}]}},"jetpack_featured_media_url":"","_links":{"self":[{"href":"https:\/\/www.blogsoestado.com\/danielmatos\/wp-json\/wp\/v2\/posts\/51600","targetHints":{"allow":["GET"]}}],"collection":[{"href":"https:\/\/www.blogsoestado.com\/danielmatos\/wp-json\/wp\/v2\/posts"}],"about":[{"href":"https:\/\/www.blogsoestado.com\/danielmatos\/wp-json\/wp\/v2\/types\/post"}],"replies":[{"embeddable":true,"href":"https:\/\/www.blogsoestado.com\/danielmatos\/wp-json\/wp\/v2\/comments?post=51600"}],"version-history":[{"count":0,"href":"https:\/\/www.blogsoestado.com\/danielmatos\/wp-json\/wp\/v2\/posts\/51600\/revisions"}],"wp:attachment":[{"href":"https:\/\/www.blogsoestado.com\/danielmatos\/wp-json\/wp\/v2\/media?parent=51600"}],"wp:term":[{"taxonomy":"category","embeddable":true,"href":"https:\/\/www.blogsoestado.com\/danielmatos\/wp-json\/wp\/v2\/categories?post=51600"},{"taxonomy":"post_tag","embeddable":true,"href":"https:\/\/www.blogsoestado.com\/danielmatos\/wp-json\/wp\/v2\/tags?post=51600"}],"curies":[{"name":"wp","href":"https:\/\/api.w.org\/{rel}","templated":true}]}}