{"id":51604,"date":"2018-05-22T18:54:39","date_gmt":"2018-05-22T21:54:39","guid":{"rendered":"https:\/\/www.blogsoestado.com\/danielmatos\/?p=51604"},"modified":"2018-05-22T18:54:39","modified_gmt":"2018-05-22T21:54:39","slug":"por-indicacao-de-marcial-lima-radialista-domingos-ribeiro-recebera-titulo-de-cidadao-de-sao-luis","status":"publish","type":"post","link":"https:\/\/www.blogsoestado.com\/danielmatos\/por-indicacao-de-marcial-lima-radialista-domingos-ribeiro-recebera-titulo-de-cidadao-de-sao-luis\/","title":{"rendered":"Por indica\u00e7\u00e3o de Marcial Lima, radialista Domingos Ribeiro receber\u00e1 T\u00edtulo de Cidad\u00e3o de S\u00e3o Lu\u00eds"},"content":{"rendered":"<p><img fetchpriority=\"high\" decoding=\"async\" class=\"size-full wp-image-51605 alignleft\" src=\"https:\/\/www.blogsoestado.com\/danielmatos\/files\/2018\/05\/domingos-titulo.jpg\" alt=\"\" width=\"481\" height=\"480\" \/><\/p>\n<p>O radialista e jornalista Domingos Ribeiro, que se notabilizou nas \u00faltimas d\u00e9cadas pela milit\u00e2ncia no radiojornalismo policial e comunit\u00e1rio, receber\u00e1, nessa quarta-feira (23), \u00e0s 14h, no plen\u00e1rio da C\u00e2mara Municipal, o T\u00edtulo de Cidad\u00e3o de S\u00e3o Lu\u00eds. A concess\u00e3o da honraria ao experiente profissional de comunica\u00e7\u00e3o, que h\u00e1 quase 30 anos integra a equipe da R\u00e1dio Mirante AM, foi proposta pelo vereador Marcial Lima (PRTB), seu colega de of\u00edcio e de emissora.<\/p>\n<p>Domingos Ribeiro apresenta, diariamente, o programa R\u00e1dio Patrulha, pelas ondas da Mirante AM. O programa lidera a audi\u00eancia e seu hor\u00e1rio e tem ampla repercuss\u00e3o, cativando milh\u00f5es de ouvintes Maranh\u00e3o afora e para al\u00e9m das divisas do estado, por meio da transmiss\u00e3o via internet.<\/p>\n<p>Autor da homenagem, Marcial Lima diz que procura sempre conceder os t\u00edtulos a cidad\u00e3os que fazem jus ao reconhecimento. &#8220;Domingos Ribeiro \u00e9 merecedor do t\u00edtulo, por todo trabalho que faz, em favor das comunidades, com simplicidade, h\u00e1 mais de 30 anos.<\/p>\n<p><strong>Origem e carreira<\/strong><\/p>\n<p>Natural de Formosa da Serra Negra, munic\u00edpio que outrora era uma localidade do munic\u00edpio de Graja\u00fa (terra Natal de Marcial Lima), Domingos Ribeiro graduou-se em Comunica\u00e7\u00e3o Social pela Universidade Federal do Maranh\u00e3o (UFMA). Ap\u00f3s passagem pela TV Cidade, foi contratado, no final da d\u00e9cada de 80, para integrar a equipe da R\u00e1dio Mirante AM, onde permanece at\u00e9 hoje, como um dos membros mais antigos.<\/p>\n<p>Al\u00e9m de comandar o R\u00e1dio Patrulha, de segunda-feira a s\u00e1bado, das 13h \u00e0s 14h, o radialista faz participa\u00e7\u00f5es di\u00e1rias no Ponto Final, apresentado pelo jornalista Roberto Fernandes, das 8h \u00e0s 12h, e nos demais programas da Mirante AM.<\/p>\n","protected":false},"excerpt":{"rendered":"<p>O radialista e jornalista Domingos Ribeiro, que se notabilizou nas \u00faltimas d\u00e9cadas pela milit\u00e2ncia no radiojornalismo policial e comunit\u00e1rio, receber\u00e1, [&hellip;]<\/p>\n","protected":false},"author":0,"featured_media":0,"comment_status":"open","ping_status":"open","sticky":false,"template":"","format":"standard","meta":{"site-sidebar-layout":"default","site-content-layout":"","ast-site-content-layout":"default","site-content-style":"default","site-sidebar-style":"default","ast-global-header-display":"","ast-banner-title-visibility":"","ast-main-header-display":"","ast-hfb-above-header-display":"","ast-hfb-below-header-display":"","ast-hfb-mobile-header-display":"","site-post-title":"","ast-breadcrumbs-content":"","ast-featured-img":"","footer-sml-layout":"","ast-disable-related-posts":"","theme-transparent-header-meta":"","adv-header-id-meta":"","stick-header-meta":"","header-above-stick-meta":"","header-main-stick-meta":"","header-below-stick-meta":"","astra-migrate-meta-layouts":"default","ast-page-background-enabled":"default","ast-page-background-meta":{"desktop":{"background-color":"var(--ast-global-color-5)","background-image":"","background-repeat":"repeat","background-position":"center center","background-size":"auto","background-attachment":"scroll","background-type":"","background-media":"","overlay-type":"","overlay-color":"","overlay-opacity":"","overlay-gradient":""},"tablet":{"background-color":"","background-image":"","background-repeat":"repeat","background-position":"center center","background-size":"auto","background-attachment":"scroll","background-type":"","background-media":"","overlay-type":"","overlay-color":"","overlay-opacity":"","overlay-gradient":""},"mobile":{"background-color":"","background-image":"","background-repeat":"repeat","background-position":"center center","background-size":"auto","background-attachment":"scroll","background-type":"","background-media":"","overlay-type":"","overlay-color":"","overlay-opacity":"","overlay-gradient":""}},"ast-content-background-meta":{"desktop":{"background-color":"var(--ast-global-color-4)","background-image":"","background-repeat":"repeat","background-position":"center center","background-size":"auto","background-attachment":"scroll","background-type":"","background-media":"","overlay-type":"","overlay-color":"","overlay-opacity":"","overlay-gradient":""},"tablet":{"background-color":"var(--ast-global-color-4)","background-image":"","background-repeat":"repeat","background-position":"center center","background-size":"auto","background-attachment":"scroll","background-type":"","background-media":"","overlay-type":"","overlay-color":"","overlay-opacity":"","overlay-gradient":""},"mobile":{"background-color":"var(--ast-global-color-4)","background-image":"","background-repeat":"repeat","background-position":"center center","background-size":"auto","background-attachment":"scroll","background-type":"","background-media":"","overlay-type":"","overlay-color":"","overlay-opacity":"","overlay-gradient":""}},"footnotes":""},"categories":[1],"tags":[],"class_list":["post-51604","post","type-post","status-publish","format-standard","hentry","category-sem-categoria"],"yoast_head":"<!-- This site is optimized with the Yoast SEO plugin v26.6 - https:\/\/yoast.com\/wordpress\/plugins\/seo\/ -->\n<title>Por indica\u00e7\u00e3o de Marcial Lima, radialista Domingos Ribeiro receber\u00e1 T\u00edtulo de Cidad\u00e3o de S\u00e3o Lu\u00eds - Daniel Matos<\/title>\n<meta name=\"robots\" content=\"index, follow, max-snippet:-1, max-image-preview:large, max-video-preview:-1\" \/>\n<link rel=\"canonical\" href=\"https:\/\/www.blogsoestado.com\/danielmatos\/por-indicacao-de-marcial-lima-radialista-domingos-ribeiro-recebera-titulo-de-cidadao-de-sao-luis\/\" \/>\n<meta property=\"og:locale\" content=\"pt_BR\" \/>\n<meta property=\"og:type\" content=\"article\" \/>\n<meta property=\"og:title\" content=\"Por indica\u00e7\u00e3o de Marcial Lima, radialista Domingos Ribeiro receber\u00e1 T\u00edtulo de Cidad\u00e3o de S\u00e3o Lu\u00eds - Daniel Matos\" \/>\n<meta property=\"og:description\" content=\"O radialista e jornalista Domingos Ribeiro, que se notabilizou nas \u00faltimas d\u00e9cadas pela milit\u00e2ncia no radiojornalismo policial e comunit\u00e1rio, receber\u00e1, [&hellip;]\" \/>\n<meta property=\"og:url\" content=\"https:\/\/www.blogsoestado.com\/danielmatos\/por-indicacao-de-marcial-lima-radialista-domingos-ribeiro-recebera-titulo-de-cidadao-de-sao-luis\/\" \/>\n<meta property=\"og:site_name\" content=\"Daniel Matos\" \/>\n<meta property=\"article:published_time\" content=\"2018-05-22T21:54:39+00:00\" \/>\n<meta property=\"og:image\" content=\"https:\/\/www.blogsoestado.com\/danielmatos\/files\/2018\/05\/domingos-titulo.jpg\" \/>\n<meta name=\"twitter:card\" content=\"summary_large_image\" \/>\n<meta name=\"twitter:label1\" content=\"Est. tempo de leitura\" \/>\n\t<meta name=\"twitter:data1\" content=\"1 minuto\" \/>\n<script type=\"application\/ld+json\" class=\"yoast-schema-graph\">{\"@context\":\"https:\/\/schema.org\",\"@graph\":[{\"@type\":\"WebPage\",\"@id\":\"https:\/\/www.blogsoestado.com\/danielmatos\/por-indicacao-de-marcial-lima-radialista-domingos-ribeiro-recebera-titulo-de-cidadao-de-sao-luis\/\",\"url\":\"https:\/\/www.blogsoestado.com\/danielmatos\/por-indicacao-de-marcial-lima-radialista-domingos-ribeiro-recebera-titulo-de-cidadao-de-sao-luis\/\",\"name\":\"Por indica\u00e7\u00e3o de Marcial Lima, radialista Domingos Ribeiro receber\u00e1 T\u00edtulo de Cidad\u00e3o de S\u00e3o Lu\u00eds - Daniel Matos\",\"isPartOf\":{\"@id\":\"https:\/\/www.blogsoestado.com\/danielmatos\/#website\"},\"primaryImageOfPage\":{\"@id\":\"https:\/\/www.blogsoestado.com\/danielmatos\/por-indicacao-de-marcial-lima-radialista-domingos-ribeiro-recebera-titulo-de-cidadao-de-sao-luis\/#primaryimage\"},\"image\":{\"@id\":\"https:\/\/www.blogsoestado.com\/danielmatos\/por-indicacao-de-marcial-lima-radialista-domingos-ribeiro-recebera-titulo-de-cidadao-de-sao-luis\/#primaryimage\"},\"thumbnailUrl\":\"https:\/\/www.blogsoestado.com\/danielmatos\/files\/2018\/05\/domingos-titulo.jpg\",\"datePublished\":\"2018-05-22T21:54:39+00:00\",\"author\":{\"@id\":\"\"},\"breadcrumb\":{\"@id\":\"https:\/\/www.blogsoestado.com\/danielmatos\/por-indicacao-de-marcial-lima-radialista-domingos-ribeiro-recebera-titulo-de-cidadao-de-sao-luis\/#breadcrumb\"},\"inLanguage\":\"pt-BR\",\"potentialAction\":[{\"@type\":\"ReadAction\",\"target\":[\"https:\/\/www.blogsoestado.com\/danielmatos\/por-indicacao-de-marcial-lima-radialista-domingos-ribeiro-recebera-titulo-de-cidadao-de-sao-luis\/\"]}]},{\"@type\":\"ImageObject\",\"inLanguage\":\"pt-BR\",\"@id\":\"https:\/\/www.blogsoestado.com\/danielmatos\/por-indicacao-de-marcial-lima-radialista-domingos-ribeiro-recebera-titulo-de-cidadao-de-sao-luis\/#primaryimage\",\"url\":\"https:\/\/www.blogsoestado.com\/danielmatos\/files\/2018\/05\/domingos-titulo.jpg\",\"contentUrl\":\"https:\/\/www.blogsoestado.com\/danielmatos\/files\/2018\/05\/domingos-titulo.jpg\"},{\"@type\":\"BreadcrumbList\",\"@id\":\"https:\/\/www.blogsoestado.com\/danielmatos\/por-indicacao-de-marcial-lima-radialista-domingos-ribeiro-recebera-titulo-de-cidadao-de-sao-luis\/#breadcrumb\",\"itemListElement\":[{\"@type\":\"ListItem\",\"position\":1,\"name\":\"In\u00edcio\",\"item\":\"https:\/\/www.blogsoestado.com\/danielmatos\/\"},{\"@type\":\"ListItem\",\"position\":2,\"name\":\"Por indica\u00e7\u00e3o de Marcial Lima, radialista Domingos Ribeiro receber\u00e1 T\u00edtulo de Cidad\u00e3o de S\u00e3o Lu\u00eds\"}]},{\"@type\":\"WebSite\",\"@id\":\"https:\/\/www.blogsoestado.com\/danielmatos\/#website\",\"url\":\"https:\/\/www.blogsoestado.com\/danielmatos\/\",\"name\":\"Daniel Matos\",\"description\":\"\",\"potentialAction\":[{\"@type\":\"SearchAction\",\"target\":{\"@type\":\"EntryPoint\",\"urlTemplate\":\"https:\/\/www.blogsoestado.com\/danielmatos\/?s={search_term_string}\"},\"query-input\":{\"@type\":\"PropertyValueSpecification\",\"valueRequired\":true,\"valueName\":\"search_term_string\"}}],\"inLanguage\":\"pt-BR\"}]}<\/script>\n<!-- \/ Yoast SEO plugin. -->","yoast_head_json":{"title":"Por indica\u00e7\u00e3o de Marcial Lima, radialista Domingos Ribeiro receber\u00e1 T\u00edtulo de Cidad\u00e3o de S\u00e3o Lu\u00eds - Daniel Matos","robots":{"index":"index","follow":"follow","max-snippet":"max-snippet:-1","max-image-preview":"max-image-preview:large","max-video-preview":"max-video-preview:-1"},"canonical":"https:\/\/www.blogsoestado.com\/danielmatos\/por-indicacao-de-marcial-lima-radialista-domingos-ribeiro-recebera-titulo-de-cidadao-de-sao-luis\/","og_locale":"pt_BR","og_type":"article","og_title":"Por indica\u00e7\u00e3o de Marcial Lima, radialista Domingos Ribeiro receber\u00e1 T\u00edtulo de Cidad\u00e3o de S\u00e3o Lu\u00eds - Daniel Matos","og_description":"O radialista e jornalista Domingos Ribeiro, que se notabilizou nas \u00faltimas d\u00e9cadas pela milit\u00e2ncia no radiojornalismo policial e comunit\u00e1rio, receber\u00e1, [&hellip;]","og_url":"https:\/\/www.blogsoestado.com\/danielmatos\/por-indicacao-de-marcial-lima-radialista-domingos-ribeiro-recebera-titulo-de-cidadao-de-sao-luis\/","og_site_name":"Daniel Matos","article_published_time":"2018-05-22T21:54:39+00:00","og_image":[{"url":"https:\/\/www.blogsoestado.com\/danielmatos\/files\/2018\/05\/domingos-titulo.jpg","type":"","width":"","height":""}],"twitter_card":"summary_large_image","twitter_misc":{"Est. tempo de leitura":"1 minuto"},"schema":{"@context":"https:\/\/schema.org","@graph":[{"@type":"WebPage","@id":"https:\/\/www.blogsoestado.com\/danielmatos\/por-indicacao-de-marcial-lima-radialista-domingos-ribeiro-recebera-titulo-de-cidadao-de-sao-luis\/","url":"https:\/\/www.blogsoestado.com\/danielmatos\/por-indicacao-de-marcial-lima-radialista-domingos-ribeiro-recebera-titulo-de-cidadao-de-sao-luis\/","name":"Por indica\u00e7\u00e3o de Marcial Lima, radialista Domingos Ribeiro receber\u00e1 T\u00edtulo de Cidad\u00e3o de S\u00e3o Lu\u00eds - Daniel Matos","isPartOf":{"@id":"https:\/\/www.blogsoestado.com\/danielmatos\/#website"},"primaryImageOfPage":{"@id":"https:\/\/www.blogsoestado.com\/danielmatos\/por-indicacao-de-marcial-lima-radialista-domingos-ribeiro-recebera-titulo-de-cidadao-de-sao-luis\/#primaryimage"},"image":{"@id":"https:\/\/www.blogsoestado.com\/danielmatos\/por-indicacao-de-marcial-lima-radialista-domingos-ribeiro-recebera-titulo-de-cidadao-de-sao-luis\/#primaryimage"},"thumbnailUrl":"https:\/\/www.blogsoestado.com\/danielmatos\/files\/2018\/05\/domingos-titulo.jpg","datePublished":"2018-05-22T21:54:39+00:00","author":{"@id":""},"breadcrumb":{"@id":"https:\/\/www.blogsoestado.com\/danielmatos\/por-indicacao-de-marcial-lima-radialista-domingos-ribeiro-recebera-titulo-de-cidadao-de-sao-luis\/#breadcrumb"},"inLanguage":"pt-BR","potentialAction":[{"@type":"ReadAction","target":["https:\/\/www.blogsoestado.com\/danielmatos\/por-indicacao-de-marcial-lima-radialista-domingos-ribeiro-recebera-titulo-de-cidadao-de-sao-luis\/"]}]},{"@type":"ImageObject","inLanguage":"pt-BR","@id":"https:\/\/www.blogsoestado.com\/danielmatos\/por-indicacao-de-marcial-lima-radialista-domingos-ribeiro-recebera-titulo-de-cidadao-de-sao-luis\/#primaryimage","url":"https:\/\/www.blogsoestado.com\/danielmatos\/files\/2018\/05\/domingos-titulo.jpg","contentUrl":"https:\/\/www.blogsoestado.com\/danielmatos\/files\/2018\/05\/domingos-titulo.jpg"},{"@type":"BreadcrumbList","@id":"https:\/\/www.blogsoestado.com\/danielmatos\/por-indicacao-de-marcial-lima-radialista-domingos-ribeiro-recebera-titulo-de-cidadao-de-sao-luis\/#breadcrumb","itemListElement":[{"@type":"ListItem","position":1,"name":"In\u00edcio","item":"https:\/\/www.blogsoestado.com\/danielmatos\/"},{"@type":"ListItem","position":2,"name":"Por indica\u00e7\u00e3o de Marcial Lima, radialista Domingos Ribeiro receber\u00e1 T\u00edtulo de Cidad\u00e3o de S\u00e3o Lu\u00eds"}]},{"@type":"WebSite","@id":"https:\/\/www.blogsoestado.com\/danielmatos\/#website","url":"https:\/\/www.blogsoestado.com\/danielmatos\/","name":"Daniel Matos","description":"","potentialAction":[{"@type":"SearchAction","target":{"@type":"EntryPoint","urlTemplate":"https:\/\/www.blogsoestado.com\/danielmatos\/?s={search_term_string}"},"query-input":{"@type":"PropertyValueSpecification","valueRequired":true,"valueName":"search_term_string"}}],"inLanguage":"pt-BR"}]}},"jetpack_featured_media_url":"","_links":{"self":[{"href":"https:\/\/www.blogsoestado.com\/danielmatos\/wp-json\/wp\/v2\/posts\/51604","targetHints":{"allow":["GET"]}}],"collection":[{"href":"https:\/\/www.blogsoestado.com\/danielmatos\/wp-json\/wp\/v2\/posts"}],"about":[{"href":"https:\/\/www.blogsoestado.com\/danielmatos\/wp-json\/wp\/v2\/types\/post"}],"replies":[{"embeddable":true,"href":"https:\/\/www.blogsoestado.com\/danielmatos\/wp-json\/wp\/v2\/comments?post=51604"}],"version-history":[{"count":0,"href":"https:\/\/www.blogsoestado.com\/danielmatos\/wp-json\/wp\/v2\/posts\/51604\/revisions"}],"wp:attachment":[{"href":"https:\/\/www.blogsoestado.com\/danielmatos\/wp-json\/wp\/v2\/media?parent=51604"}],"wp:term":[{"taxonomy":"category","embeddable":true,"href":"https:\/\/www.blogsoestado.com\/danielmatos\/wp-json\/wp\/v2\/categories?post=51604"},{"taxonomy":"post_tag","embeddable":true,"href":"https:\/\/www.blogsoestado.com\/danielmatos\/wp-json\/wp\/v2\/tags?post=51604"}],"curies":[{"name":"wp","href":"https:\/\/api.w.org\/{rel}","templated":true}]}}