{"id":51610,"date":"2018-05-23T09:58:34","date_gmt":"2018-05-23T12:58:34","guid":{"rendered":"https:\/\/www.blogsoestado.com\/danielmatos\/?p=51610"},"modified":"2018-05-23T09:58:34","modified_gmt":"2018-05-23T12:58:34","slug":"tema-clama-pelo-pacto-federativo-durante-reuniao-com-bancada-maranhense-em-brasilia","status":"publish","type":"post","link":"https:\/\/www.blogsoestado.com\/danielmatos\/tema-clama-pelo-pacto-federativo-durante-reuniao-com-bancada-maranhense-em-brasilia\/","title":{"rendered":"Tema clama pelo Pacto Federativo durante  reuni\u00e3o com Bancada Maranhense em Bras\u00edlia"},"content":{"rendered":"<figure id=\"attachment_51611\" aria-describedby=\"caption-attachment-51611\" style=\"width: 640px\" class=\"wp-caption aligncenter\"><img fetchpriority=\"high\" decoding=\"async\" class=\"size-full wp-image-51611\" src=\"https:\/\/www.blogsoestado.com\/danielmatos\/files\/2018\/05\/discurso-de-tema-2.jpg\" alt=\"\" width=\"640\" height=\"425\" \/><figcaption id=\"caption-attachment-51611\" class=\"wp-caption-text\">O presidente da FAMEM conclamou os deputados federais do Maranh\u00e3o para que insistam no projeto de se estabelecer o t\u00e3o discutido, t\u00e3o prometido, t\u00e3o sonhado e nunca realizado Pacto Federativo<\/figcaption><\/figure>\n<p>O presidente da Federa\u00e7\u00e3o dos Munic\u00edpios do Estado do Maranh\u00e3o (FAMEM), e prefeito de Tuntum, Cleomar Tema, disse, durante pronunciamento na tarde desta ter\u00e7a-feira (21), no audit\u00f3rio Nereu Ramos da C\u00e2mara Federal, ser necess\u00e1ria a materializa\u00e7\u00e3o do Pacto Federativo, para que os munic\u00edpios brasileiros saiam dessa grave crise financeira em que est\u00e3o mergulhados.<\/p>\n<p>O pronunciamento do dirigente municipalista foi feito durante encontro com parlamentares da bancada federal e dezenas de prefeitos, como desdobramento da XXI Marcha a Bras\u00edlia, movimento criado duas d\u00e9cadas atr\u00e1s e que mobiliza prefeitos do Brasil inteiro na Capital Federal anualmente.<\/p>\n<p>Al\u00e9m de clamar pelo Pacto Federativo, Tema disse que os programas federais n\u00e3o conseguem se sustentar, fazendo com que as prefeituras tenham que entrar com sua contrapartida. Exemplificou a situa\u00e7\u00e3o do Programa Nacional de Fam\u00edlia (PSF), que acaba se tornando um sufoco para os prefeitos.<\/p>\n<p>\u201cO Governo Federal, atrav\u00e9s do DENASUS, quer que os m\u00e9dicos exer\u00e7am uma jornada de 40 horas semanais, com um sal\u00e1rio que n\u00e3o passa de R$ 7 mil. Ora, todos sabem que h\u00e1 uma grande car\u00eancia de m\u00e9dicos no Brasil, e nenhum deles aceita essa jornada com esse minguado sal\u00e1rio\u201d, pontuou.<\/p>\n<p>Cleomar Tema destacou ainda a quest\u00e3o da merenda escolar, afirmando que os recursos s\u00e3o parcos, e que acabam sendo complementados pelos munic\u00edpios. Disse ainda o l\u00edder municipalista, que estes s\u00e3o alguns dos problemas que preocupam os gestores municipais.<\/p>\n<p>\u201cEstamos atravessando talvez a pior crise econ\u00f4mica das \u00faltimas d\u00e9cadas, com eleva\u00e7\u00e3o di\u00e1ria no pre\u00e7o dos combust\u00edveis, um drama que j\u00e1 afeta milhares de brasileiros, assim com uma alta taxa de desemprego. E n\u00e3o estamos vislumbrando sa\u00edda a curto prazo, mas todos os problemas acabam recaindo sobre a cabe\u00e7a \u00e9 dos prefeitos\u201d, salientou Tema.<\/p>\n<p>O presidente da FAMEM conclamou os deputados federais do Maranh\u00e3o para que insistam no projeto de se estabelecer o t\u00e3o discutido, t\u00e3o prometido, t\u00e3o sonhado e nunca realizado Pacto Federativo.<\/p>\n<p><strong>Aparte<\/strong><\/p>\n<p>O pronunciamento de Tema teve aparte do prefeito Dr. Borba, da cidade de Timbiras. Ele afirmou que tudo o que Tema falou se enquadra com sua linha de racioc\u00ednio e foi mais al\u00e9m, ao pedir o Plano de Cargos Carreiras e Sal\u00e1rios dos M\u00e9dicos.<\/p>\n<p>Disse que \u00e9 m\u00e9dico h\u00e1 30 anos assegurando que \u00e9 uma categoria desemparada, que tem que trabalhar em mais de um emprego para garantir o sustento. \u201cVejamos os profissionais do Direito: todos t\u00eam garantias salariais, ao contr\u00e1rio de n\u00f3s m\u00e9dicos, que trabalhamos at\u00e9 \u00e0 exaust\u00e3o, com uma carga de trabalho muito sacrificante. por conta disso, dou meu total apoio ao seu pronunciamento, presidente Tema\u201d, afirmou Borba.<\/p>\n<p>A reuni\u00e3o no Nereu Ramos foi conduzida pela deputada Luana Costa (PSC), atual coordenadora da bancada e contou com as presen\u00e7as dos deputados Rubens Pereira J\u00fanior (PC do B), Jo\u00e3o Marcelo (MDB), Hildo Rocha (MDB), Juli\u00e3o Amin (PDT), Juscelino Filho (DEM), Kleber Verde (PRB), Jos\u00e9 Carlos da Caixa (PT), Z\u00e9 Reinaldo (PSDB), Pedro Fernandes (PTB), Alu\u00edsio Mendes (Podemos), o vice-governador Carlos Brand\u00e3o e os deputados estaduais Rafael Leitoa (PDT) e Vin\u00edcius Louro (PR).<\/p>\n","protected":false},"excerpt":{"rendered":"<p>O presidente da Federa\u00e7\u00e3o dos Munic\u00edpios do Estado do Maranh\u00e3o (FAMEM), e prefeito de Tuntum, Cleomar Tema, disse, durante pronunciamento [&hellip;]<\/p>\n","protected":false},"author":0,"featured_media":0,"comment_status":"open","ping_status":"open","sticky":false,"template":"","format":"standard","meta":{"site-sidebar-layout":"default","site-content-layout":"","ast-site-content-layout":"default","site-content-style":"default","site-sidebar-style":"default","ast-global-header-display":"","ast-banner-title-visibility":"","ast-main-header-display":"","ast-hfb-above-header-display":"","ast-hfb-below-header-display":"","ast-hfb-mobile-header-display":"","site-post-title":"","ast-breadcrumbs-content":"","ast-featured-img":"","footer-sml-layout":"","ast-disable-related-posts":"","theme-transparent-header-meta":"","adv-header-id-meta":"","stick-header-meta":"","header-above-stick-meta":"","header-main-stick-meta":"","header-below-stick-meta":"","astra-migrate-meta-layouts":"default","ast-page-background-enabled":"default","ast-page-background-meta":{"desktop":{"background-color":"var(--ast-global-color-5)","background-image":"","background-repeat":"repeat","background-position":"center center","background-size":"auto","background-attachment":"scroll","background-type":"","background-media":"","overlay-type":"","overlay-color":"","overlay-opacity":"","overlay-gradient":""},"tablet":{"background-color":"","background-image":"","background-repeat":"repeat","background-position":"center center","background-size":"auto","background-attachment":"scroll","background-type":"","background-media":"","overlay-type":"","overlay-color":"","overlay-opacity":"","overlay-gradient":""},"mobile":{"background-color":"","background-image":"","background-repeat":"repeat","background-position":"center center","background-size":"auto","background-attachment":"scroll","background-type":"","background-media":"","overlay-type":"","overlay-color":"","overlay-opacity":"","overlay-gradient":""}},"ast-content-background-meta":{"desktop":{"background-color":"var(--ast-global-color-4)","background-image":"","background-repeat":"repeat","background-position":"center center","background-size":"auto","background-attachment":"scroll","background-type":"","background-media":"","overlay-type":"","overlay-color":"","overlay-opacity":"","overlay-gradient":""},"tablet":{"background-color":"var(--ast-global-color-4)","background-image":"","background-repeat":"repeat","background-position":"center center","background-size":"auto","background-attachment":"scroll","background-type":"","background-media":"","overlay-type":"","overlay-color":"","overlay-opacity":"","overlay-gradient":""},"mobile":{"background-color":"var(--ast-global-color-4)","background-image":"","background-repeat":"repeat","background-position":"center center","background-size":"auto","background-attachment":"scroll","background-type":"","background-media":"","overlay-type":"","overlay-color":"","overlay-opacity":"","overlay-gradient":""}},"footnotes":""},"categories":[1],"tags":[],"class_list":["post-51610","post","type-post","status-publish","format-standard","hentry","category-sem-categoria"],"yoast_head":"<!-- This site is optimized with the Yoast SEO plugin v26.6 - https:\/\/yoast.com\/wordpress\/plugins\/seo\/ -->\n<title>Tema clama pelo Pacto Federativo durante reuni\u00e3o com Bancada Maranhense em Bras\u00edlia - Daniel Matos<\/title>\n<meta name=\"robots\" content=\"index, follow, max-snippet:-1, max-image-preview:large, max-video-preview:-1\" \/>\n<link rel=\"canonical\" href=\"https:\/\/www.blogsoestado.com\/danielmatos\/tema-clama-pelo-pacto-federativo-durante-reuniao-com-bancada-maranhense-em-brasilia\/\" \/>\n<meta property=\"og:locale\" content=\"pt_BR\" \/>\n<meta property=\"og:type\" content=\"article\" \/>\n<meta property=\"og:title\" content=\"Tema clama pelo Pacto Federativo durante reuni\u00e3o com Bancada Maranhense em Bras\u00edlia - Daniel Matos\" \/>\n<meta property=\"og:description\" content=\"O presidente da Federa\u00e7\u00e3o dos Munic\u00edpios do Estado do Maranh\u00e3o (FAMEM), e prefeito de Tuntum, Cleomar Tema, disse, durante pronunciamento [&hellip;]\" \/>\n<meta property=\"og:url\" content=\"https:\/\/www.blogsoestado.com\/danielmatos\/tema-clama-pelo-pacto-federativo-durante-reuniao-com-bancada-maranhense-em-brasilia\/\" \/>\n<meta property=\"og:site_name\" content=\"Daniel Matos\" \/>\n<meta property=\"article:published_time\" content=\"2018-05-23T12:58:34+00:00\" \/>\n<meta property=\"og:image\" content=\"https:\/\/www.blogsoestado.com\/danielmatos\/files\/2018\/05\/discurso-de-tema-2.jpg\" \/>\n<meta name=\"twitter:card\" content=\"summary_large_image\" \/>\n<meta name=\"twitter:label1\" content=\"Est. tempo de leitura\" \/>\n\t<meta name=\"twitter:data1\" content=\"3 minutos\" \/>\n<script type=\"application\/ld+json\" class=\"yoast-schema-graph\">{\"@context\":\"https:\/\/schema.org\",\"@graph\":[{\"@type\":\"WebPage\",\"@id\":\"https:\/\/www.blogsoestado.com\/danielmatos\/tema-clama-pelo-pacto-federativo-durante-reuniao-com-bancada-maranhense-em-brasilia\/\",\"url\":\"https:\/\/www.blogsoestado.com\/danielmatos\/tema-clama-pelo-pacto-federativo-durante-reuniao-com-bancada-maranhense-em-brasilia\/\",\"name\":\"Tema clama pelo Pacto Federativo durante reuni\u00e3o com Bancada Maranhense em Bras\u00edlia - Daniel Matos\",\"isPartOf\":{\"@id\":\"https:\/\/www.blogsoestado.com\/danielmatos\/#website\"},\"primaryImageOfPage\":{\"@id\":\"https:\/\/www.blogsoestado.com\/danielmatos\/tema-clama-pelo-pacto-federativo-durante-reuniao-com-bancada-maranhense-em-brasilia\/#primaryimage\"},\"image\":{\"@id\":\"https:\/\/www.blogsoestado.com\/danielmatos\/tema-clama-pelo-pacto-federativo-durante-reuniao-com-bancada-maranhense-em-brasilia\/#primaryimage\"},\"thumbnailUrl\":\"https:\/\/www.blogsoestado.com\/danielmatos\/files\/2018\/05\/discurso-de-tema-2.jpg\",\"datePublished\":\"2018-05-23T12:58:34+00:00\",\"author\":{\"@id\":\"\"},\"breadcrumb\":{\"@id\":\"https:\/\/www.blogsoestado.com\/danielmatos\/tema-clama-pelo-pacto-federativo-durante-reuniao-com-bancada-maranhense-em-brasilia\/#breadcrumb\"},\"inLanguage\":\"pt-BR\",\"potentialAction\":[{\"@type\":\"ReadAction\",\"target\":[\"https:\/\/www.blogsoestado.com\/danielmatos\/tema-clama-pelo-pacto-federativo-durante-reuniao-com-bancada-maranhense-em-brasilia\/\"]}]},{\"@type\":\"ImageObject\",\"inLanguage\":\"pt-BR\",\"@id\":\"https:\/\/www.blogsoestado.com\/danielmatos\/tema-clama-pelo-pacto-federativo-durante-reuniao-com-bancada-maranhense-em-brasilia\/#primaryimage\",\"url\":\"https:\/\/www.blogsoestado.com\/danielmatos\/files\/2018\/05\/discurso-de-tema-2.jpg\",\"contentUrl\":\"https:\/\/www.blogsoestado.com\/danielmatos\/files\/2018\/05\/discurso-de-tema-2.jpg\"},{\"@type\":\"BreadcrumbList\",\"@id\":\"https:\/\/www.blogsoestado.com\/danielmatos\/tema-clama-pelo-pacto-federativo-durante-reuniao-com-bancada-maranhense-em-brasilia\/#breadcrumb\",\"itemListElement\":[{\"@type\":\"ListItem\",\"position\":1,\"name\":\"In\u00edcio\",\"item\":\"https:\/\/www.blogsoestado.com\/danielmatos\/\"},{\"@type\":\"ListItem\",\"position\":2,\"name\":\"Tema clama pelo Pacto Federativo durante reuni\u00e3o com Bancada Maranhense em Bras\u00edlia\"}]},{\"@type\":\"WebSite\",\"@id\":\"https:\/\/www.blogsoestado.com\/danielmatos\/#website\",\"url\":\"https:\/\/www.blogsoestado.com\/danielmatos\/\",\"name\":\"Daniel Matos\",\"description\":\"\",\"potentialAction\":[{\"@type\":\"SearchAction\",\"target\":{\"@type\":\"EntryPoint\",\"urlTemplate\":\"https:\/\/www.blogsoestado.com\/danielmatos\/?s={search_term_string}\"},\"query-input\":{\"@type\":\"PropertyValueSpecification\",\"valueRequired\":true,\"valueName\":\"search_term_string\"}}],\"inLanguage\":\"pt-BR\"}]}<\/script>\n<!-- \/ Yoast SEO plugin. -->","yoast_head_json":{"title":"Tema clama pelo Pacto Federativo durante reuni\u00e3o com Bancada Maranhense em Bras\u00edlia - Daniel Matos","robots":{"index":"index","follow":"follow","max-snippet":"max-snippet:-1","max-image-preview":"max-image-preview:large","max-video-preview":"max-video-preview:-1"},"canonical":"https:\/\/www.blogsoestado.com\/danielmatos\/tema-clama-pelo-pacto-federativo-durante-reuniao-com-bancada-maranhense-em-brasilia\/","og_locale":"pt_BR","og_type":"article","og_title":"Tema clama pelo Pacto Federativo durante reuni\u00e3o com Bancada Maranhense em Bras\u00edlia - Daniel Matos","og_description":"O presidente da Federa\u00e7\u00e3o dos Munic\u00edpios do Estado do Maranh\u00e3o (FAMEM), e prefeito de Tuntum, Cleomar Tema, disse, durante pronunciamento [&hellip;]","og_url":"https:\/\/www.blogsoestado.com\/danielmatos\/tema-clama-pelo-pacto-federativo-durante-reuniao-com-bancada-maranhense-em-brasilia\/","og_site_name":"Daniel Matos","article_published_time":"2018-05-23T12:58:34+00:00","og_image":[{"url":"https:\/\/www.blogsoestado.com\/danielmatos\/files\/2018\/05\/discurso-de-tema-2.jpg","type":"","width":"","height":""}],"twitter_card":"summary_large_image","twitter_misc":{"Est. tempo de leitura":"3 minutos"},"schema":{"@context":"https:\/\/schema.org","@graph":[{"@type":"WebPage","@id":"https:\/\/www.blogsoestado.com\/danielmatos\/tema-clama-pelo-pacto-federativo-durante-reuniao-com-bancada-maranhense-em-brasilia\/","url":"https:\/\/www.blogsoestado.com\/danielmatos\/tema-clama-pelo-pacto-federativo-durante-reuniao-com-bancada-maranhense-em-brasilia\/","name":"Tema clama pelo Pacto Federativo durante reuni\u00e3o com Bancada Maranhense em Bras\u00edlia - Daniel Matos","isPartOf":{"@id":"https:\/\/www.blogsoestado.com\/danielmatos\/#website"},"primaryImageOfPage":{"@id":"https:\/\/www.blogsoestado.com\/danielmatos\/tema-clama-pelo-pacto-federativo-durante-reuniao-com-bancada-maranhense-em-brasilia\/#primaryimage"},"image":{"@id":"https:\/\/www.blogsoestado.com\/danielmatos\/tema-clama-pelo-pacto-federativo-durante-reuniao-com-bancada-maranhense-em-brasilia\/#primaryimage"},"thumbnailUrl":"https:\/\/www.blogsoestado.com\/danielmatos\/files\/2018\/05\/discurso-de-tema-2.jpg","datePublished":"2018-05-23T12:58:34+00:00","author":{"@id":""},"breadcrumb":{"@id":"https:\/\/www.blogsoestado.com\/danielmatos\/tema-clama-pelo-pacto-federativo-durante-reuniao-com-bancada-maranhense-em-brasilia\/#breadcrumb"},"inLanguage":"pt-BR","potentialAction":[{"@type":"ReadAction","target":["https:\/\/www.blogsoestado.com\/danielmatos\/tema-clama-pelo-pacto-federativo-durante-reuniao-com-bancada-maranhense-em-brasilia\/"]}]},{"@type":"ImageObject","inLanguage":"pt-BR","@id":"https:\/\/www.blogsoestado.com\/danielmatos\/tema-clama-pelo-pacto-federativo-durante-reuniao-com-bancada-maranhense-em-brasilia\/#primaryimage","url":"https:\/\/www.blogsoestado.com\/danielmatos\/files\/2018\/05\/discurso-de-tema-2.jpg","contentUrl":"https:\/\/www.blogsoestado.com\/danielmatos\/files\/2018\/05\/discurso-de-tema-2.jpg"},{"@type":"BreadcrumbList","@id":"https:\/\/www.blogsoestado.com\/danielmatos\/tema-clama-pelo-pacto-federativo-durante-reuniao-com-bancada-maranhense-em-brasilia\/#breadcrumb","itemListElement":[{"@type":"ListItem","position":1,"name":"In\u00edcio","item":"https:\/\/www.blogsoestado.com\/danielmatos\/"},{"@type":"ListItem","position":2,"name":"Tema clama pelo Pacto Federativo durante reuni\u00e3o com Bancada Maranhense em Bras\u00edlia"}]},{"@type":"WebSite","@id":"https:\/\/www.blogsoestado.com\/danielmatos\/#website","url":"https:\/\/www.blogsoestado.com\/danielmatos\/","name":"Daniel Matos","description":"","potentialAction":[{"@type":"SearchAction","target":{"@type":"EntryPoint","urlTemplate":"https:\/\/www.blogsoestado.com\/danielmatos\/?s={search_term_string}"},"query-input":{"@type":"PropertyValueSpecification","valueRequired":true,"valueName":"search_term_string"}}],"inLanguage":"pt-BR"}]}},"jetpack_featured_media_url":"","_links":{"self":[{"href":"https:\/\/www.blogsoestado.com\/danielmatos\/wp-json\/wp\/v2\/posts\/51610","targetHints":{"allow":["GET"]}}],"collection":[{"href":"https:\/\/www.blogsoestado.com\/danielmatos\/wp-json\/wp\/v2\/posts"}],"about":[{"href":"https:\/\/www.blogsoestado.com\/danielmatos\/wp-json\/wp\/v2\/types\/post"}],"replies":[{"embeddable":true,"href":"https:\/\/www.blogsoestado.com\/danielmatos\/wp-json\/wp\/v2\/comments?post=51610"}],"version-history":[{"count":0,"href":"https:\/\/www.blogsoestado.com\/danielmatos\/wp-json\/wp\/v2\/posts\/51610\/revisions"}],"wp:attachment":[{"href":"https:\/\/www.blogsoestado.com\/danielmatos\/wp-json\/wp\/v2\/media?parent=51610"}],"wp:term":[{"taxonomy":"category","embeddable":true,"href":"https:\/\/www.blogsoestado.com\/danielmatos\/wp-json\/wp\/v2\/categories?post=51610"},{"taxonomy":"post_tag","embeddable":true,"href":"https:\/\/www.blogsoestado.com\/danielmatos\/wp-json\/wp\/v2\/tags?post=51610"}],"curies":[{"name":"wp","href":"https:\/\/api.w.org\/{rel}","templated":true}]}}