{"id":51613,"date":"2018-05-23T12:18:21","date_gmt":"2018-05-23T15:18:21","guid":{"rendered":"https:\/\/www.blogsoestado.com\/danielmatos\/?p=51613"},"modified":"2018-05-23T12:18:21","modified_gmt":"2018-05-23T15:18:21","slug":"estudantes-sofrem-em-estrada-de-lama-em-iguaiba-onde-dino-e-dutra-prometeram-mais-asfalto","status":"publish","type":"post","link":"https:\/\/www.blogsoestado.com\/danielmatos\/estudantes-sofrem-em-estrada-de-lama-em-iguaiba-onde-dino-e-dutra-prometeram-mais-asfalto\/","title":{"rendered":"Estudantes sofrem em estrada de lama, em Moj\u00f3, onde Dino e Dutra prometeram &#8220;Mais Asfalto&#8221;"},"content":{"rendered":"<figure id=\"attachment_51616\" aria-describedby=\"caption-attachment-51616\" style=\"width: 552px\" class=\"wp-caption aligncenter\"><img fetchpriority=\"high\" decoding=\"async\" class=\"size-full wp-image-51616\" src=\"https:\/\/www.blogsoestado.com\/danielmatos\/files\/2018\/05\/pa\u00e7o-bus.jpg\" alt=\"\" width=\"552\" height=\"414\" \/><figcaption id=\"caption-attachment-51616\" class=\"wp-caption-text\">Estudantes caminham sobre a lama ap\u00f3s desembarcarem sobre do \u00f4nibus, em Igua\u00edba<\/figcaption><\/figure>\n<p>Estudantes da rede p\u00fablica de Pa\u00e7o do Lumiar residentes no bairro Tendal, na localidade Moj\u00f3, percorrem, de \u00f4nibus, todos os dias, uma estrada de lama para ir e voltar da escola. Muitas vezes, as viagens s\u00e3o interrompidas porque os coletivos atolam e os alunos s\u00e3o obrigados a percorrer o resto do trajeto a p\u00e9, em meio a um denso lama\u00e7al. Na campanha \u00e0 Prefeitura, em 2016, o ent\u00e3o candidato Domingos Dutra (PCdoB), com o aval do governador Fl\u00e1vio Dino (PCdoB), seu aliado e principal patrocinador, prometeu recuperar a estrada por meio do programa &#8220;Mais Asfalto&#8221;. Passado quase um ano e meio desde que Dutra assumiu o mandato, a via continua do mesmo jeito, escancarando mais uma engana\u00e7\u00e3o do grupo comunista, para desgosto do povo.<\/p>\n<figure id=\"attachment_51617\" aria-describedby=\"caption-attachment-51617\" style=\"width: 552px\" class=\"wp-caption aligncenter\"><img decoding=\"async\" class=\"size-full wp-image-51617\" src=\"https:\/\/www.blogsoestado.com\/danielmatos\/files\/2018\/05\/pa\u00e7o-bus2.jpg\" alt=\"\" width=\"552\" height=\"414\" \/><figcaption id=\"caption-attachment-51617\" class=\"wp-caption-text\">Coletivo que faz linha para Moj\u00f3 se locomove em meio ao lama\u00e7al, onde atoleiros s\u00e3o constantes<\/figcaption><\/figure>\n<p>Quando chove, a situa\u00e7\u00e3o torna-se ainda mais cr\u00edtica e fica praticamente imposs\u00edvel cumprir o percurso de \u00f4nibus, o que prejudica a frequ\u00eancia dos estudantes \u00e0s aulas. Portanto, n\u00e3o se trata apenas de um problema de infraestrutura, mas tamb\u00e9m de um atentado contra a educa\u00e7\u00e3o, da nega\u00e7\u00e3o do direito constitucional ao ensino.<\/p>\n<p>As imagens de estudantes descendo dos \u00f4nibus no meio da lama, atolando-de os p\u00e9s, e dos \u00f4nibus se locomovendo aos solavancos sobre a mistura de barro e \u00e1gua s\u00e3o frequentes. Cansada de apelar ao prefeito pelo cumprimento da promessa de campanha, a popula\u00e7\u00e3o demonstra n\u00e3o ter mais esperan\u00e7a de que ser\u00e1 atendida.<\/p>\n<figure id=\"attachment_51618\" aria-describedby=\"caption-attachment-51618\" style=\"width: 640px\" class=\"wp-caption aligncenter\"><img decoding=\"async\" class=\"size-full wp-image-51618\" src=\"https:\/\/www.blogsoestado.com\/danielmatos\/files\/2018\/05\/pa\u00e7o-bus4.jpg\" alt=\"\" width=\"640\" height=\"480\" \/><figcaption id=\"caption-attachment-51618\" class=\"wp-caption-text\">Mobilidade no percurso \u00e9 comprometida por causa da lama, sobretudo quando chove<\/figcaption><\/figure>\n<p>Totalmente alheio ao clamor do povo, Domingos Dutra e Fl\u00e1vio Dino parecem muito mais preocupados com a elei\u00e7\u00e3o de outubro. O primeiro concentra todos os esfor\u00e7os na montagem de uma megaestrutura para a campanha da esposa, N\u00fabia Feitosa, que disputar\u00e1 vaga na Assembleia Legislativa. O segundo azeita a m\u00e1quina do Estado e\u00a0abusa da coopta\u00e7\u00e3o na corrida pela reelei\u00e7\u00e3o.<\/p>\n<p>Enquanto esquecem os compromissos que firmaram com o povo, o prefeito luminense e o governador investem pesado em seus respectivos projetos de poder, agravando ainda mais o descaso que vem marcando suas gest\u00f5es, alvos de crescente desgaste e rejei\u00e7\u00e3o popular.<\/p>\n","protected":false},"excerpt":{"rendered":"<p>Estudantes da rede p\u00fablica de Pa\u00e7o do Lumiar residentes no bairro Tendal, na localidade Moj\u00f3, percorrem, de \u00f4nibus, todos os [&hellip;]<\/p>\n","protected":false},"author":0,"featured_media":0,"comment_status":"open","ping_status":"open","sticky":false,"template":"","format":"standard","meta":{"site-sidebar-layout":"default","site-content-layout":"","ast-site-content-layout":"default","site-content-style":"default","site-sidebar-style":"default","ast-global-header-display":"","ast-banner-title-visibility":"","ast-main-header-display":"","ast-hfb-above-header-display":"","ast-hfb-below-header-display":"","ast-hfb-mobile-header-display":"","site-post-title":"","ast-breadcrumbs-content":"","ast-featured-img":"","footer-sml-layout":"","ast-disable-related-posts":"","theme-transparent-header-meta":"","adv-header-id-meta":"","stick-header-meta":"","header-above-stick-meta":"","header-main-stick-meta":"","header-below-stick-meta":"","astra-migrate-meta-layouts":"default","ast-page-background-enabled":"default","ast-page-background-meta":{"desktop":{"background-color":"var(--ast-global-color-5)","background-image":"","background-repeat":"repeat","background-position":"center center","background-size":"auto","background-attachment":"scroll","background-type":"","background-media":"","overlay-type":"","overlay-color":"","overlay-opacity":"","overlay-gradient":""},"tablet":{"background-color":"","background-image":"","background-repeat":"repeat","background-position":"center center","background-size":"auto","background-attachment":"scroll","background-type":"","background-media":"","overlay-type":"","overlay-color":"","overlay-opacity":"","overlay-gradient":""},"mobile":{"background-color":"","background-image":"","background-repeat":"repeat","background-position":"center center","background-size":"auto","background-attachment":"scroll","background-type":"","background-media":"","overlay-type":"","overlay-color":"","overlay-opacity":"","overlay-gradient":""}},"ast-content-background-meta":{"desktop":{"background-color":"var(--ast-global-color-4)","background-image":"","background-repeat":"repeat","background-position":"center center","background-size":"auto","background-attachment":"scroll","background-type":"","background-media":"","overlay-type":"","overlay-color":"","overlay-opacity":"","overlay-gradient":""},"tablet":{"background-color":"var(--ast-global-color-4)","background-image":"","background-repeat":"repeat","background-position":"center center","background-size":"auto","background-attachment":"scroll","background-type":"","background-media":"","overlay-type":"","overlay-color":"","overlay-opacity":"","overlay-gradient":""},"mobile":{"background-color":"var(--ast-global-color-4)","background-image":"","background-repeat":"repeat","background-position":"center center","background-size":"auto","background-attachment":"scroll","background-type":"","background-media":"","overlay-type":"","overlay-color":"","overlay-opacity":"","overlay-gradient":""}},"footnotes":""},"categories":[1],"tags":[],"class_list":["post-51613","post","type-post","status-publish","format-standard","hentry","category-sem-categoria"],"yoast_head":"<!-- This site is optimized with the Yoast SEO plugin v26.6 - https:\/\/yoast.com\/wordpress\/plugins\/seo\/ -->\n<title>Estudantes sofrem em estrada de lama, em Moj\u00f3, onde Dino e Dutra prometeram &quot;Mais Asfalto&quot; - Daniel Matos<\/title>\n<meta name=\"robots\" content=\"index, follow, max-snippet:-1, max-image-preview:large, max-video-preview:-1\" \/>\n<link rel=\"canonical\" href=\"https:\/\/www.blogsoestado.com\/danielmatos\/estudantes-sofrem-em-estrada-de-lama-em-iguaiba-onde-dino-e-dutra-prometeram-mais-asfalto\/\" \/>\n<meta property=\"og:locale\" content=\"pt_BR\" \/>\n<meta property=\"og:type\" content=\"article\" \/>\n<meta property=\"og:title\" content=\"Estudantes sofrem em estrada de lama, em Moj\u00f3, onde Dino e Dutra prometeram &quot;Mais Asfalto&quot; - Daniel Matos\" \/>\n<meta property=\"og:description\" content=\"Estudantes da rede p\u00fablica de Pa\u00e7o do Lumiar residentes no bairro Tendal, na localidade Moj\u00f3, percorrem, de \u00f4nibus, todos os [&hellip;]\" \/>\n<meta property=\"og:url\" content=\"https:\/\/www.blogsoestado.com\/danielmatos\/estudantes-sofrem-em-estrada-de-lama-em-iguaiba-onde-dino-e-dutra-prometeram-mais-asfalto\/\" \/>\n<meta property=\"og:site_name\" content=\"Daniel Matos\" \/>\n<meta property=\"article:published_time\" content=\"2018-05-23T15:18:21+00:00\" \/>\n<meta name=\"twitter:card\" content=\"summary_large_image\" \/>\n<meta name=\"twitter:label1\" content=\"Est. tempo de leitura\" \/>\n\t<meta name=\"twitter:data1\" content=\"2 minutos\" \/>\n<script type=\"application\/ld+json\" class=\"yoast-schema-graph\">{\"@context\":\"https:\/\/schema.org\",\"@graph\":[{\"@type\":\"WebPage\",\"@id\":\"https:\/\/www.blogsoestado.com\/danielmatos\/estudantes-sofrem-em-estrada-de-lama-em-iguaiba-onde-dino-e-dutra-prometeram-mais-asfalto\/\",\"url\":\"https:\/\/www.blogsoestado.com\/danielmatos\/estudantes-sofrem-em-estrada-de-lama-em-iguaiba-onde-dino-e-dutra-prometeram-mais-asfalto\/\",\"name\":\"Estudantes sofrem em estrada de lama, em Moj\u00f3, onde Dino e Dutra prometeram \\\"Mais Asfalto\\\" - Daniel Matos\",\"isPartOf\":{\"@id\":\"https:\/\/www.blogsoestado.com\/danielmatos\/#website\"},\"datePublished\":\"2018-05-23T15:18:21+00:00\",\"author\":{\"@id\":\"\"},\"breadcrumb\":{\"@id\":\"https:\/\/www.blogsoestado.com\/danielmatos\/estudantes-sofrem-em-estrada-de-lama-em-iguaiba-onde-dino-e-dutra-prometeram-mais-asfalto\/#breadcrumb\"},\"inLanguage\":\"pt-BR\",\"potentialAction\":[{\"@type\":\"ReadAction\",\"target\":[\"https:\/\/www.blogsoestado.com\/danielmatos\/estudantes-sofrem-em-estrada-de-lama-em-iguaiba-onde-dino-e-dutra-prometeram-mais-asfalto\/\"]}]},{\"@type\":\"BreadcrumbList\",\"@id\":\"https:\/\/www.blogsoestado.com\/danielmatos\/estudantes-sofrem-em-estrada-de-lama-em-iguaiba-onde-dino-e-dutra-prometeram-mais-asfalto\/#breadcrumb\",\"itemListElement\":[{\"@type\":\"ListItem\",\"position\":1,\"name\":\"In\u00edcio\",\"item\":\"https:\/\/www.blogsoestado.com\/danielmatos\/\"},{\"@type\":\"ListItem\",\"position\":2,\"name\":\"Estudantes sofrem em estrada de lama, em Moj\u00f3, onde Dino e Dutra prometeram &#8220;Mais Asfalto&#8221;\"}]},{\"@type\":\"WebSite\",\"@id\":\"https:\/\/www.blogsoestado.com\/danielmatos\/#website\",\"url\":\"https:\/\/www.blogsoestado.com\/danielmatos\/\",\"name\":\"Daniel Matos\",\"description\":\"\",\"potentialAction\":[{\"@type\":\"SearchAction\",\"target\":{\"@type\":\"EntryPoint\",\"urlTemplate\":\"https:\/\/www.blogsoestado.com\/danielmatos\/?s={search_term_string}\"},\"query-input\":{\"@type\":\"PropertyValueSpecification\",\"valueRequired\":true,\"valueName\":\"search_term_string\"}}],\"inLanguage\":\"pt-BR\"}]}<\/script>\n<!-- \/ Yoast SEO plugin. -->","yoast_head_json":{"title":"Estudantes sofrem em estrada de lama, em Moj\u00f3, onde Dino e Dutra prometeram \"Mais Asfalto\" - Daniel Matos","robots":{"index":"index","follow":"follow","max-snippet":"max-snippet:-1","max-image-preview":"max-image-preview:large","max-video-preview":"max-video-preview:-1"},"canonical":"https:\/\/www.blogsoestado.com\/danielmatos\/estudantes-sofrem-em-estrada-de-lama-em-iguaiba-onde-dino-e-dutra-prometeram-mais-asfalto\/","og_locale":"pt_BR","og_type":"article","og_title":"Estudantes sofrem em estrada de lama, em Moj\u00f3, onde Dino e Dutra prometeram \"Mais Asfalto\" - Daniel Matos","og_description":"Estudantes da rede p\u00fablica de Pa\u00e7o do Lumiar residentes no bairro Tendal, na localidade Moj\u00f3, percorrem, de \u00f4nibus, todos os [&hellip;]","og_url":"https:\/\/www.blogsoestado.com\/danielmatos\/estudantes-sofrem-em-estrada-de-lama-em-iguaiba-onde-dino-e-dutra-prometeram-mais-asfalto\/","og_site_name":"Daniel Matos","article_published_time":"2018-05-23T15:18:21+00:00","twitter_card":"summary_large_image","twitter_misc":{"Est. tempo de leitura":"2 minutos"},"schema":{"@context":"https:\/\/schema.org","@graph":[{"@type":"WebPage","@id":"https:\/\/www.blogsoestado.com\/danielmatos\/estudantes-sofrem-em-estrada-de-lama-em-iguaiba-onde-dino-e-dutra-prometeram-mais-asfalto\/","url":"https:\/\/www.blogsoestado.com\/danielmatos\/estudantes-sofrem-em-estrada-de-lama-em-iguaiba-onde-dino-e-dutra-prometeram-mais-asfalto\/","name":"Estudantes sofrem em estrada de lama, em Moj\u00f3, onde Dino e Dutra prometeram \"Mais Asfalto\" - Daniel Matos","isPartOf":{"@id":"https:\/\/www.blogsoestado.com\/danielmatos\/#website"},"datePublished":"2018-05-23T15:18:21+00:00","author":{"@id":""},"breadcrumb":{"@id":"https:\/\/www.blogsoestado.com\/danielmatos\/estudantes-sofrem-em-estrada-de-lama-em-iguaiba-onde-dino-e-dutra-prometeram-mais-asfalto\/#breadcrumb"},"inLanguage":"pt-BR","potentialAction":[{"@type":"ReadAction","target":["https:\/\/www.blogsoestado.com\/danielmatos\/estudantes-sofrem-em-estrada-de-lama-em-iguaiba-onde-dino-e-dutra-prometeram-mais-asfalto\/"]}]},{"@type":"BreadcrumbList","@id":"https:\/\/www.blogsoestado.com\/danielmatos\/estudantes-sofrem-em-estrada-de-lama-em-iguaiba-onde-dino-e-dutra-prometeram-mais-asfalto\/#breadcrumb","itemListElement":[{"@type":"ListItem","position":1,"name":"In\u00edcio","item":"https:\/\/www.blogsoestado.com\/danielmatos\/"},{"@type":"ListItem","position":2,"name":"Estudantes sofrem em estrada de lama, em Moj\u00f3, onde Dino e Dutra prometeram &#8220;Mais Asfalto&#8221;"}]},{"@type":"WebSite","@id":"https:\/\/www.blogsoestado.com\/danielmatos\/#website","url":"https:\/\/www.blogsoestado.com\/danielmatos\/","name":"Daniel Matos","description":"","potentialAction":[{"@type":"SearchAction","target":{"@type":"EntryPoint","urlTemplate":"https:\/\/www.blogsoestado.com\/danielmatos\/?s={search_term_string}"},"query-input":{"@type":"PropertyValueSpecification","valueRequired":true,"valueName":"search_term_string"}}],"inLanguage":"pt-BR"}]}},"jetpack_featured_media_url":"","_links":{"self":[{"href":"https:\/\/www.blogsoestado.com\/danielmatos\/wp-json\/wp\/v2\/posts\/51613","targetHints":{"allow":["GET"]}}],"collection":[{"href":"https:\/\/www.blogsoestado.com\/danielmatos\/wp-json\/wp\/v2\/posts"}],"about":[{"href":"https:\/\/www.blogsoestado.com\/danielmatos\/wp-json\/wp\/v2\/types\/post"}],"replies":[{"embeddable":true,"href":"https:\/\/www.blogsoestado.com\/danielmatos\/wp-json\/wp\/v2\/comments?post=51613"}],"version-history":[{"count":0,"href":"https:\/\/www.blogsoestado.com\/danielmatos\/wp-json\/wp\/v2\/posts\/51613\/revisions"}],"wp:attachment":[{"href":"https:\/\/www.blogsoestado.com\/danielmatos\/wp-json\/wp\/v2\/media?parent=51613"}],"wp:term":[{"taxonomy":"category","embeddable":true,"href":"https:\/\/www.blogsoestado.com\/danielmatos\/wp-json\/wp\/v2\/categories?post=51613"},{"taxonomy":"post_tag","embeddable":true,"href":"https:\/\/www.blogsoestado.com\/danielmatos\/wp-json\/wp\/v2\/tags?post=51613"}],"curies":[{"name":"wp","href":"https:\/\/api.w.org\/{rel}","templated":true}]}}