{"id":51621,"date":"2018-05-23T13:45:52","date_gmt":"2018-05-23T16:45:52","guid":{"rendered":"https:\/\/www.blogsoestado.com\/danielmatos\/?p=51621"},"modified":"2018-05-23T13:45:52","modified_gmt":"2018-05-23T16:45:52","slug":"deputado-wellington-alerta-para-possibilidade-de-paralisacao-e-irregularidades-no-porto-do-itaqui","status":"publish","type":"post","link":"https:\/\/www.blogsoestado.com\/danielmatos\/deputado-wellington-alerta-para-possibilidade-de-paralisacao-e-irregularidades-no-porto-do-itaqui\/","title":{"rendered":"Deputado Wellington alerta para possibilidade de paralisa\u00e7\u00e3o e irregularidades no Porto do Itaqui"},"content":{"rendered":"<figure id=\"attachment_51622\" aria-describedby=\"caption-attachment-51622\" style=\"width: 420px\" class=\"wp-caption alignleft\"><img fetchpriority=\"high\" decoding=\"async\" class=\"wp-image-51622\" src=\"https:\/\/www.blogsoestado.com\/danielmatos\/files\/2018\/05\/w-porto.jpg\" alt=\"\" width=\"420\" height=\"280\" \/><figcaption id=\"caption-attachment-51622\" class=\"wp-caption-text\">Wellington se reuniu com os trabalhadores do porto e percebeu diversas irregularidades<\/figcaption><\/figure>\n<p>Ap\u00f3s reuni\u00e3o com trabalhadores do Porto do Itaqui, o deputado estadual Wellington do Curso, que ouviu as den\u00fancias, solicita\u00e7\u00f5es e reivindica\u00e7\u00f5es de quem trabalha no local, destacou a possibilidade de greve por tempo indeterminado. O motivo, entre outros, \u00e9 a grande insatisfa\u00e7\u00e3o dos trabalhadores com as in\u00fameras irregularidades existentes na administra\u00e7\u00e3o do Porto.<\/p>\n<p>De acordo com os trabalhadores, h\u00e1 diversos casos de infra\u00e7\u00f5es \u00e0 lei portu\u00e1ria; acidentes de trabalho; pr\u00e1tica de crimes ao meio ambiente; al\u00e9m de movimenta\u00e7\u00e3o de dinheiro das empresas para prejudicar os trabalhadores e ocupa\u00e7\u00e3o indevida de postos de trabalhos.<\/p>\n<p>\u201cFomos convidados para participar de uma reuni\u00e3o no Sindicato dos Arrumadores e ao nos reunirmos com os trabalhadores do Porto, percebemos quantas irregularidades h\u00e1 naquele local. As falas dos trabalhadores apontam para viola\u00e7\u00f5es \u00e0 lei portu\u00e1ria, passando por crimes ambientais e alcan\u00e7ando, at\u00e9 mesmo, ocupa\u00e7\u00e3o indevida de postos de trabalho e at\u00e9 mesmo verdadeiros cabides de empregos no Portto de Itaqui e na EMAP. Os trabalhadores alertaram, inclusive, para a possibilidade de greve, que ocorreria amanh\u00e3, quinta-feira. O Governo do estado deve agir, at\u00e9 porque sabemos da relev\u00e2ncia dos servi\u00e7os que ali s\u00e3o prestados\u201d, disse Wellington.<\/p>\n","protected":false},"excerpt":{"rendered":"<p>Ap\u00f3s reuni\u00e3o com trabalhadores do Porto do Itaqui, o deputado estadual Wellington do Curso, que ouviu as den\u00fancias, solicita\u00e7\u00f5es e [&hellip;]<\/p>\n","protected":false},"author":0,"featured_media":0,"comment_status":"open","ping_status":"open","sticky":false,"template":"","format":"standard","meta":{"site-sidebar-layout":"default","site-content-layout":"","ast-site-content-layout":"default","site-content-style":"default","site-sidebar-style":"default","ast-global-header-display":"","ast-banner-title-visibility":"","ast-main-header-display":"","ast-hfb-above-header-display":"","ast-hfb-below-header-display":"","ast-hfb-mobile-header-display":"","site-post-title":"","ast-breadcrumbs-content":"","ast-featured-img":"","footer-sml-layout":"","ast-disable-related-posts":"","theme-transparent-header-meta":"","adv-header-id-meta":"","stick-header-meta":"","header-above-stick-meta":"","header-main-stick-meta":"","header-below-stick-meta":"","astra-migrate-meta-layouts":"default","ast-page-background-enabled":"default","ast-page-background-meta":{"desktop":{"background-color":"var(--ast-global-color-5)","background-image":"","background-repeat":"repeat","background-position":"center center","background-size":"auto","background-attachment":"scroll","background-type":"","background-media":"","overlay-type":"","overlay-color":"","overlay-opacity":"","overlay-gradient":""},"tablet":{"background-color":"","background-image":"","background-repeat":"repeat","background-position":"center center","background-size":"auto","background-attachment":"scroll","background-type":"","background-media":"","overlay-type":"","overlay-color":"","overlay-opacity":"","overlay-gradient":""},"mobile":{"background-color":"","background-image":"","background-repeat":"repeat","background-position":"center center","background-size":"auto","background-attachment":"scroll","background-type":"","background-media":"","overlay-type":"","overlay-color":"","overlay-opacity":"","overlay-gradient":""}},"ast-content-background-meta":{"desktop":{"background-color":"var(--ast-global-color-4)","background-image":"","background-repeat":"repeat","background-position":"center center","background-size":"auto","background-attachment":"scroll","background-type":"","background-media":"","overlay-type":"","overlay-color":"","overlay-opacity":"","overlay-gradient":""},"tablet":{"background-color":"var(--ast-global-color-4)","background-image":"","background-repeat":"repeat","background-position":"center center","background-size":"auto","background-attachment":"scroll","background-type":"","background-media":"","overlay-type":"","overlay-color":"","overlay-opacity":"","overlay-gradient":""},"mobile":{"background-color":"var(--ast-global-color-4)","background-image":"","background-repeat":"repeat","background-position":"center center","background-size":"auto","background-attachment":"scroll","background-type":"","background-media":"","overlay-type":"","overlay-color":"","overlay-opacity":"","overlay-gradient":""}},"footnotes":""},"categories":[1],"tags":[],"class_list":["post-51621","post","type-post","status-publish","format-standard","hentry","category-sem-categoria"],"yoast_head":"<!-- This site is optimized with the Yoast SEO plugin v26.6 - https:\/\/yoast.com\/wordpress\/plugins\/seo\/ -->\n<title>Deputado Wellington alerta para possibilidade de paralisa\u00e7\u00e3o e irregularidades no Porto do Itaqui - Daniel Matos<\/title>\n<meta name=\"robots\" content=\"index, follow, max-snippet:-1, max-image-preview:large, max-video-preview:-1\" \/>\n<link rel=\"canonical\" href=\"https:\/\/www.blogsoestado.com\/danielmatos\/deputado-wellington-alerta-para-possibilidade-de-paralisacao-e-irregularidades-no-porto-do-itaqui\/\" \/>\n<meta property=\"og:locale\" content=\"pt_BR\" \/>\n<meta property=\"og:type\" content=\"article\" \/>\n<meta property=\"og:title\" content=\"Deputado Wellington alerta para possibilidade de paralisa\u00e7\u00e3o e irregularidades no Porto do Itaqui - Daniel Matos\" \/>\n<meta property=\"og:description\" content=\"Ap\u00f3s reuni\u00e3o com trabalhadores do Porto do Itaqui, o deputado estadual Wellington do Curso, que ouviu as den\u00fancias, solicita\u00e7\u00f5es e [&hellip;]\" \/>\n<meta property=\"og:url\" content=\"https:\/\/www.blogsoestado.com\/danielmatos\/deputado-wellington-alerta-para-possibilidade-de-paralisacao-e-irregularidades-no-porto-do-itaqui\/\" \/>\n<meta property=\"og:site_name\" content=\"Daniel Matos\" \/>\n<meta property=\"article:published_time\" content=\"2018-05-23T16:45:52+00:00\" \/>\n<meta property=\"og:image\" content=\"https:\/\/www.blogsoestado.com\/danielmatos\/files\/2018\/05\/w-porto.jpg\" \/>\n<meta name=\"twitter:card\" content=\"summary_large_image\" \/>\n<meta name=\"twitter:label1\" content=\"Est. tempo de leitura\" \/>\n\t<meta name=\"twitter:data1\" content=\"1 minuto\" \/>\n<script type=\"application\/ld+json\" class=\"yoast-schema-graph\">{\"@context\":\"https:\/\/schema.org\",\"@graph\":[{\"@type\":\"WebPage\",\"@id\":\"https:\/\/www.blogsoestado.com\/danielmatos\/deputado-wellington-alerta-para-possibilidade-de-paralisacao-e-irregularidades-no-porto-do-itaqui\/\",\"url\":\"https:\/\/www.blogsoestado.com\/danielmatos\/deputado-wellington-alerta-para-possibilidade-de-paralisacao-e-irregularidades-no-porto-do-itaqui\/\",\"name\":\"Deputado Wellington alerta para possibilidade de paralisa\u00e7\u00e3o e irregularidades no Porto do Itaqui - Daniel Matos\",\"isPartOf\":{\"@id\":\"https:\/\/www.blogsoestado.com\/danielmatos\/#website\"},\"primaryImageOfPage\":{\"@id\":\"https:\/\/www.blogsoestado.com\/danielmatos\/deputado-wellington-alerta-para-possibilidade-de-paralisacao-e-irregularidades-no-porto-do-itaqui\/#primaryimage\"},\"image\":{\"@id\":\"https:\/\/www.blogsoestado.com\/danielmatos\/deputado-wellington-alerta-para-possibilidade-de-paralisacao-e-irregularidades-no-porto-do-itaqui\/#primaryimage\"},\"thumbnailUrl\":\"https:\/\/www.blogsoestado.com\/danielmatos\/files\/2018\/05\/w-porto.jpg\",\"datePublished\":\"2018-05-23T16:45:52+00:00\",\"author\":{\"@id\":\"\"},\"breadcrumb\":{\"@id\":\"https:\/\/www.blogsoestado.com\/danielmatos\/deputado-wellington-alerta-para-possibilidade-de-paralisacao-e-irregularidades-no-porto-do-itaqui\/#breadcrumb\"},\"inLanguage\":\"pt-BR\",\"potentialAction\":[{\"@type\":\"ReadAction\",\"target\":[\"https:\/\/www.blogsoestado.com\/danielmatos\/deputado-wellington-alerta-para-possibilidade-de-paralisacao-e-irregularidades-no-porto-do-itaqui\/\"]}]},{\"@type\":\"ImageObject\",\"inLanguage\":\"pt-BR\",\"@id\":\"https:\/\/www.blogsoestado.com\/danielmatos\/deputado-wellington-alerta-para-possibilidade-de-paralisacao-e-irregularidades-no-porto-do-itaqui\/#primaryimage\",\"url\":\"https:\/\/www.blogsoestado.com\/danielmatos\/files\/2018\/05\/w-porto.jpg\",\"contentUrl\":\"https:\/\/www.blogsoestado.com\/danielmatos\/files\/2018\/05\/w-porto.jpg\"},{\"@type\":\"BreadcrumbList\",\"@id\":\"https:\/\/www.blogsoestado.com\/danielmatos\/deputado-wellington-alerta-para-possibilidade-de-paralisacao-e-irregularidades-no-porto-do-itaqui\/#breadcrumb\",\"itemListElement\":[{\"@type\":\"ListItem\",\"position\":1,\"name\":\"In\u00edcio\",\"item\":\"https:\/\/www.blogsoestado.com\/danielmatos\/\"},{\"@type\":\"ListItem\",\"position\":2,\"name\":\"Deputado Wellington alerta para possibilidade de paralisa\u00e7\u00e3o e irregularidades no Porto do Itaqui\"}]},{\"@type\":\"WebSite\",\"@id\":\"https:\/\/www.blogsoestado.com\/danielmatos\/#website\",\"url\":\"https:\/\/www.blogsoestado.com\/danielmatos\/\",\"name\":\"Daniel Matos\",\"description\":\"\",\"potentialAction\":[{\"@type\":\"SearchAction\",\"target\":{\"@type\":\"EntryPoint\",\"urlTemplate\":\"https:\/\/www.blogsoestado.com\/danielmatos\/?s={search_term_string}\"},\"query-input\":{\"@type\":\"PropertyValueSpecification\",\"valueRequired\":true,\"valueName\":\"search_term_string\"}}],\"inLanguage\":\"pt-BR\"}]}<\/script>\n<!-- \/ Yoast SEO plugin. -->","yoast_head_json":{"title":"Deputado Wellington alerta para possibilidade de paralisa\u00e7\u00e3o e irregularidades no Porto do Itaqui - Daniel Matos","robots":{"index":"index","follow":"follow","max-snippet":"max-snippet:-1","max-image-preview":"max-image-preview:large","max-video-preview":"max-video-preview:-1"},"canonical":"https:\/\/www.blogsoestado.com\/danielmatos\/deputado-wellington-alerta-para-possibilidade-de-paralisacao-e-irregularidades-no-porto-do-itaqui\/","og_locale":"pt_BR","og_type":"article","og_title":"Deputado Wellington alerta para possibilidade de paralisa\u00e7\u00e3o e irregularidades no Porto do Itaqui - Daniel Matos","og_description":"Ap\u00f3s reuni\u00e3o com trabalhadores do Porto do Itaqui, o deputado estadual Wellington do Curso, que ouviu as den\u00fancias, solicita\u00e7\u00f5es e [&hellip;]","og_url":"https:\/\/www.blogsoestado.com\/danielmatos\/deputado-wellington-alerta-para-possibilidade-de-paralisacao-e-irregularidades-no-porto-do-itaqui\/","og_site_name":"Daniel Matos","article_published_time":"2018-05-23T16:45:52+00:00","og_image":[{"url":"https:\/\/www.blogsoestado.com\/danielmatos\/files\/2018\/05\/w-porto.jpg","type":"","width":"","height":""}],"twitter_card":"summary_large_image","twitter_misc":{"Est. tempo de leitura":"1 minuto"},"schema":{"@context":"https:\/\/schema.org","@graph":[{"@type":"WebPage","@id":"https:\/\/www.blogsoestado.com\/danielmatos\/deputado-wellington-alerta-para-possibilidade-de-paralisacao-e-irregularidades-no-porto-do-itaqui\/","url":"https:\/\/www.blogsoestado.com\/danielmatos\/deputado-wellington-alerta-para-possibilidade-de-paralisacao-e-irregularidades-no-porto-do-itaqui\/","name":"Deputado Wellington alerta para possibilidade de paralisa\u00e7\u00e3o e irregularidades no Porto do Itaqui - Daniel Matos","isPartOf":{"@id":"https:\/\/www.blogsoestado.com\/danielmatos\/#website"},"primaryImageOfPage":{"@id":"https:\/\/www.blogsoestado.com\/danielmatos\/deputado-wellington-alerta-para-possibilidade-de-paralisacao-e-irregularidades-no-porto-do-itaqui\/#primaryimage"},"image":{"@id":"https:\/\/www.blogsoestado.com\/danielmatos\/deputado-wellington-alerta-para-possibilidade-de-paralisacao-e-irregularidades-no-porto-do-itaqui\/#primaryimage"},"thumbnailUrl":"https:\/\/www.blogsoestado.com\/danielmatos\/files\/2018\/05\/w-porto.jpg","datePublished":"2018-05-23T16:45:52+00:00","author":{"@id":""},"breadcrumb":{"@id":"https:\/\/www.blogsoestado.com\/danielmatos\/deputado-wellington-alerta-para-possibilidade-de-paralisacao-e-irregularidades-no-porto-do-itaqui\/#breadcrumb"},"inLanguage":"pt-BR","potentialAction":[{"@type":"ReadAction","target":["https:\/\/www.blogsoestado.com\/danielmatos\/deputado-wellington-alerta-para-possibilidade-de-paralisacao-e-irregularidades-no-porto-do-itaqui\/"]}]},{"@type":"ImageObject","inLanguage":"pt-BR","@id":"https:\/\/www.blogsoestado.com\/danielmatos\/deputado-wellington-alerta-para-possibilidade-de-paralisacao-e-irregularidades-no-porto-do-itaqui\/#primaryimage","url":"https:\/\/www.blogsoestado.com\/danielmatos\/files\/2018\/05\/w-porto.jpg","contentUrl":"https:\/\/www.blogsoestado.com\/danielmatos\/files\/2018\/05\/w-porto.jpg"},{"@type":"BreadcrumbList","@id":"https:\/\/www.blogsoestado.com\/danielmatos\/deputado-wellington-alerta-para-possibilidade-de-paralisacao-e-irregularidades-no-porto-do-itaqui\/#breadcrumb","itemListElement":[{"@type":"ListItem","position":1,"name":"In\u00edcio","item":"https:\/\/www.blogsoestado.com\/danielmatos\/"},{"@type":"ListItem","position":2,"name":"Deputado Wellington alerta para possibilidade de paralisa\u00e7\u00e3o e irregularidades no Porto do Itaqui"}]},{"@type":"WebSite","@id":"https:\/\/www.blogsoestado.com\/danielmatos\/#website","url":"https:\/\/www.blogsoestado.com\/danielmatos\/","name":"Daniel Matos","description":"","potentialAction":[{"@type":"SearchAction","target":{"@type":"EntryPoint","urlTemplate":"https:\/\/www.blogsoestado.com\/danielmatos\/?s={search_term_string}"},"query-input":{"@type":"PropertyValueSpecification","valueRequired":true,"valueName":"search_term_string"}}],"inLanguage":"pt-BR"}]}},"jetpack_featured_media_url":"","_links":{"self":[{"href":"https:\/\/www.blogsoestado.com\/danielmatos\/wp-json\/wp\/v2\/posts\/51621","targetHints":{"allow":["GET"]}}],"collection":[{"href":"https:\/\/www.blogsoestado.com\/danielmatos\/wp-json\/wp\/v2\/posts"}],"about":[{"href":"https:\/\/www.blogsoestado.com\/danielmatos\/wp-json\/wp\/v2\/types\/post"}],"replies":[{"embeddable":true,"href":"https:\/\/www.blogsoestado.com\/danielmatos\/wp-json\/wp\/v2\/comments?post=51621"}],"version-history":[{"count":0,"href":"https:\/\/www.blogsoestado.com\/danielmatos\/wp-json\/wp\/v2\/posts\/51621\/revisions"}],"wp:attachment":[{"href":"https:\/\/www.blogsoestado.com\/danielmatos\/wp-json\/wp\/v2\/media?parent=51621"}],"wp:term":[{"taxonomy":"category","embeddable":true,"href":"https:\/\/www.blogsoestado.com\/danielmatos\/wp-json\/wp\/v2\/categories?post=51621"},{"taxonomy":"post_tag","embeddable":true,"href":"https:\/\/www.blogsoestado.com\/danielmatos\/wp-json\/wp\/v2\/tags?post=51621"}],"curies":[{"name":"wp","href":"https:\/\/api.w.org\/{rel}","templated":true}]}}