{"id":51624,"date":"2018-05-23T16:42:17","date_gmt":"2018-05-23T19:42:17","guid":{"rendered":"https:\/\/www.blogsoestado.com\/danielmatos\/?p=51624"},"modified":"2018-05-23T16:42:17","modified_gmt":"2018-05-23T19:42:17","slug":"frequencia-de-servidores-da-camara-passa-a-ser-registrada-por-ponto-eletronico","status":"publish","type":"post","link":"https:\/\/www.blogsoestado.com\/danielmatos\/frequencia-de-servidores-da-camara-passa-a-ser-registrada-por-ponto-eletronico\/","title":{"rendered":"Frequ\u00eancia de servidores da C\u00e2mara passa a ser registrada por ponto eletr\u00f4nico"},"content":{"rendered":"<figure id=\"attachment_51625\" aria-describedby=\"caption-attachment-51625\" style=\"width: 448px\" class=\"wp-caption alignright\"><img fetchpriority=\"high\" decoding=\"async\" class=\"size-full wp-image-51625\" src=\"https:\/\/www.blogsoestado.com\/danielmatos\/files\/2018\/05\/ponto-eletronico.jpg\" alt=\"\" width=\"448\" height=\"298\" \/><figcaption id=\"caption-attachment-51625\" class=\"wp-caption-text\">Frequ\u00eancia de servidores da C\u00e2mara agora \u00e9 registrada por ponto eletr\u00f4nico<\/figcaption><\/figure>\n<p>Tendo como escopo um TAC (Termo de Ajuste de Conduta) entre a C\u00e2mara Municipal de S\u00e3o Lu\u00eds e o Minist\u00e9rio P\u00fablico, os servidores do Legislativo Ludovicense passar\u00e3o a ter \u00e0 disposi\u00e7\u00e3o a assinatura de ponto eletr\u00f4nico, para a justifica\u00e7\u00e3o de sua frequ\u00eancia ao local de trabalho, a partir desta quinta-feira, (24)..<\/p>\n<p>S\u00e3o quatro os terminais instalados em espa\u00e7os de grande visibilidade a todos os funcion\u00e1rios, localizados nos principais pontos de entrada e sa\u00edda dos trabalhadores. A provid\u00eancia atende a um acordo celebrado entre a C\u00e2mara Municipal e o MP, como determina\u00e7\u00e3o para o melhor funcionamento do parlamento s\u00e3o-luisense, e o controle da entrada e sa\u00edda dos servidores.<\/p>\n<p>Segundo a chefe do Setor de Licita\u00e7\u00e3o do Legislativo, Silvia Sousa Balbi, os equipamentos foram implantados a partir de um processo ordin\u00e1rio, sem a necessidade de realiza\u00e7\u00e3o de licita\u00e7\u00e3o, j\u00e1 que se tratava de uma exig\u00eancia emergencial a partir de um TAC, e o prazo para o seu cumprimento era bastante ex\u00edguo.<\/p>\n<p>J\u00e1 o secret\u00e1rio Administrativo Itamilson Correia Lima, o assunto \u00e9 parte de uma norma adotada com objetivo de disciplinar o funcionamento legal e organizat\u00f3rio da C\u00e2mara Municipal.<\/p>\n<p>Itamilson Correia Lima falou que ap\u00f3s a implanta\u00e7\u00e3o, estaremos dando in\u00edcio a etapa de alimenta\u00e7\u00e3o do sistema com informa\u00e7\u00f5es acerca dos servidores, para em seguida darmos largada na fase de teste. Ele afirmou acreditar que a partir do segundo semestre todo o equipamento estar\u00e1 em pleno funcionamento, \u201cat\u00e9 porque iremos ter um per\u00edodo que passa o recesso parlamentar, o que nos d\u00e1 um tempo bastante razo\u00e1vel para colocarmos tudo em ordem, conforme determina o acordo firmado no TAC.<\/p>\n","protected":false},"excerpt":{"rendered":"<p>Tendo como escopo um TAC (Termo de Ajuste de Conduta) entre a C\u00e2mara Municipal de S\u00e3o Lu\u00eds e o Minist\u00e9rio [&hellip;]<\/p>\n","protected":false},"author":0,"featured_media":0,"comment_status":"open","ping_status":"open","sticky":false,"template":"","format":"standard","meta":{"site-sidebar-layout":"default","site-content-layout":"","ast-site-content-layout":"default","site-content-style":"default","site-sidebar-style":"default","ast-global-header-display":"","ast-banner-title-visibility":"","ast-main-header-display":"","ast-hfb-above-header-display":"","ast-hfb-below-header-display":"","ast-hfb-mobile-header-display":"","site-post-title":"","ast-breadcrumbs-content":"","ast-featured-img":"","footer-sml-layout":"","ast-disable-related-posts":"","theme-transparent-header-meta":"","adv-header-id-meta":"","stick-header-meta":"","header-above-stick-meta":"","header-main-stick-meta":"","header-below-stick-meta":"","astra-migrate-meta-layouts":"default","ast-page-background-enabled":"default","ast-page-background-meta":{"desktop":{"background-color":"var(--ast-global-color-5)","background-image":"","background-repeat":"repeat","background-position":"center center","background-size":"auto","background-attachment":"scroll","background-type":"","background-media":"","overlay-type":"","overlay-color":"","overlay-opacity":"","overlay-gradient":""},"tablet":{"background-color":"","background-image":"","background-repeat":"repeat","background-position":"center center","background-size":"auto","background-attachment":"scroll","background-type":"","background-media":"","overlay-type":"","overlay-color":"","overlay-opacity":"","overlay-gradient":""},"mobile":{"background-color":"","background-image":"","background-repeat":"repeat","background-position":"center center","background-size":"auto","background-attachment":"scroll","background-type":"","background-media":"","overlay-type":"","overlay-color":"","overlay-opacity":"","overlay-gradient":""}},"ast-content-background-meta":{"desktop":{"background-color":"var(--ast-global-color-4)","background-image":"","background-repeat":"repeat","background-position":"center center","background-size":"auto","background-attachment":"scroll","background-type":"","background-media":"","overlay-type":"","overlay-color":"","overlay-opacity":"","overlay-gradient":""},"tablet":{"background-color":"var(--ast-global-color-4)","background-image":"","background-repeat":"repeat","background-position":"center center","background-size":"auto","background-attachment":"scroll","background-type":"","background-media":"","overlay-type":"","overlay-color":"","overlay-opacity":"","overlay-gradient":""},"mobile":{"background-color":"var(--ast-global-color-4)","background-image":"","background-repeat":"repeat","background-position":"center center","background-size":"auto","background-attachment":"scroll","background-type":"","background-media":"","overlay-type":"","overlay-color":"","overlay-opacity":"","overlay-gradient":""}},"footnotes":""},"categories":[1],"tags":[],"class_list":["post-51624","post","type-post","status-publish","format-standard","hentry","category-sem-categoria"],"yoast_head":"<!-- This site is optimized with the Yoast SEO plugin v26.6 - https:\/\/yoast.com\/wordpress\/plugins\/seo\/ -->\n<title>Frequ\u00eancia de servidores da C\u00e2mara passa a ser registrada por ponto eletr\u00f4nico - Daniel Matos<\/title>\n<meta name=\"robots\" content=\"index, follow, max-snippet:-1, max-image-preview:large, max-video-preview:-1\" \/>\n<link rel=\"canonical\" href=\"https:\/\/www.blogsoestado.com\/danielmatos\/frequencia-de-servidores-da-camara-passa-a-ser-registrada-por-ponto-eletronico\/\" \/>\n<meta property=\"og:locale\" content=\"pt_BR\" \/>\n<meta property=\"og:type\" content=\"article\" \/>\n<meta property=\"og:title\" content=\"Frequ\u00eancia de servidores da C\u00e2mara passa a ser registrada por ponto eletr\u00f4nico - Daniel Matos\" \/>\n<meta property=\"og:description\" content=\"Tendo como escopo um TAC (Termo de Ajuste de Conduta) entre a C\u00e2mara Municipal de S\u00e3o Lu\u00eds e o Minist\u00e9rio [&hellip;]\" \/>\n<meta property=\"og:url\" content=\"https:\/\/www.blogsoestado.com\/danielmatos\/frequencia-de-servidores-da-camara-passa-a-ser-registrada-por-ponto-eletronico\/\" \/>\n<meta property=\"og:site_name\" content=\"Daniel Matos\" \/>\n<meta property=\"article:published_time\" content=\"2018-05-23T19:42:17+00:00\" \/>\n<meta property=\"og:image\" content=\"https:\/\/www.blogsoestado.com\/danielmatos\/files\/2018\/05\/ponto-eletronico.jpg\" \/>\n<meta name=\"twitter:card\" content=\"summary_large_image\" \/>\n<meta name=\"twitter:label1\" content=\"Est. tempo de leitura\" \/>\n\t<meta name=\"twitter:data1\" content=\"2 minutos\" \/>\n<script type=\"application\/ld+json\" class=\"yoast-schema-graph\">{\"@context\":\"https:\/\/schema.org\",\"@graph\":[{\"@type\":\"WebPage\",\"@id\":\"https:\/\/www.blogsoestado.com\/danielmatos\/frequencia-de-servidores-da-camara-passa-a-ser-registrada-por-ponto-eletronico\/\",\"url\":\"https:\/\/www.blogsoestado.com\/danielmatos\/frequencia-de-servidores-da-camara-passa-a-ser-registrada-por-ponto-eletronico\/\",\"name\":\"Frequ\u00eancia de servidores da C\u00e2mara passa a ser registrada por ponto eletr\u00f4nico - Daniel Matos\",\"isPartOf\":{\"@id\":\"https:\/\/www.blogsoestado.com\/danielmatos\/#website\"},\"primaryImageOfPage\":{\"@id\":\"https:\/\/www.blogsoestado.com\/danielmatos\/frequencia-de-servidores-da-camara-passa-a-ser-registrada-por-ponto-eletronico\/#primaryimage\"},\"image\":{\"@id\":\"https:\/\/www.blogsoestado.com\/danielmatos\/frequencia-de-servidores-da-camara-passa-a-ser-registrada-por-ponto-eletronico\/#primaryimage\"},\"thumbnailUrl\":\"https:\/\/www.blogsoestado.com\/danielmatos\/files\/2018\/05\/ponto-eletronico.jpg\",\"datePublished\":\"2018-05-23T19:42:17+00:00\",\"author\":{\"@id\":\"\"},\"breadcrumb\":{\"@id\":\"https:\/\/www.blogsoestado.com\/danielmatos\/frequencia-de-servidores-da-camara-passa-a-ser-registrada-por-ponto-eletronico\/#breadcrumb\"},\"inLanguage\":\"pt-BR\",\"potentialAction\":[{\"@type\":\"ReadAction\",\"target\":[\"https:\/\/www.blogsoestado.com\/danielmatos\/frequencia-de-servidores-da-camara-passa-a-ser-registrada-por-ponto-eletronico\/\"]}]},{\"@type\":\"ImageObject\",\"inLanguage\":\"pt-BR\",\"@id\":\"https:\/\/www.blogsoestado.com\/danielmatos\/frequencia-de-servidores-da-camara-passa-a-ser-registrada-por-ponto-eletronico\/#primaryimage\",\"url\":\"https:\/\/www.blogsoestado.com\/danielmatos\/files\/2018\/05\/ponto-eletronico.jpg\",\"contentUrl\":\"https:\/\/www.blogsoestado.com\/danielmatos\/files\/2018\/05\/ponto-eletronico.jpg\"},{\"@type\":\"BreadcrumbList\",\"@id\":\"https:\/\/www.blogsoestado.com\/danielmatos\/frequencia-de-servidores-da-camara-passa-a-ser-registrada-por-ponto-eletronico\/#breadcrumb\",\"itemListElement\":[{\"@type\":\"ListItem\",\"position\":1,\"name\":\"In\u00edcio\",\"item\":\"https:\/\/www.blogsoestado.com\/danielmatos\/\"},{\"@type\":\"ListItem\",\"position\":2,\"name\":\"Frequ\u00eancia de servidores da C\u00e2mara passa a ser registrada por ponto eletr\u00f4nico\"}]},{\"@type\":\"WebSite\",\"@id\":\"https:\/\/www.blogsoestado.com\/danielmatos\/#website\",\"url\":\"https:\/\/www.blogsoestado.com\/danielmatos\/\",\"name\":\"Daniel Matos\",\"description\":\"\",\"potentialAction\":[{\"@type\":\"SearchAction\",\"target\":{\"@type\":\"EntryPoint\",\"urlTemplate\":\"https:\/\/www.blogsoestado.com\/danielmatos\/?s={search_term_string}\"},\"query-input\":{\"@type\":\"PropertyValueSpecification\",\"valueRequired\":true,\"valueName\":\"search_term_string\"}}],\"inLanguage\":\"pt-BR\"}]}<\/script>\n<!-- \/ Yoast SEO plugin. -->","yoast_head_json":{"title":"Frequ\u00eancia de servidores da C\u00e2mara passa a ser registrada por ponto eletr\u00f4nico - Daniel Matos","robots":{"index":"index","follow":"follow","max-snippet":"max-snippet:-1","max-image-preview":"max-image-preview:large","max-video-preview":"max-video-preview:-1"},"canonical":"https:\/\/www.blogsoestado.com\/danielmatos\/frequencia-de-servidores-da-camara-passa-a-ser-registrada-por-ponto-eletronico\/","og_locale":"pt_BR","og_type":"article","og_title":"Frequ\u00eancia de servidores da C\u00e2mara passa a ser registrada por ponto eletr\u00f4nico - Daniel Matos","og_description":"Tendo como escopo um TAC (Termo de Ajuste de Conduta) entre a C\u00e2mara Municipal de S\u00e3o Lu\u00eds e o Minist\u00e9rio [&hellip;]","og_url":"https:\/\/www.blogsoestado.com\/danielmatos\/frequencia-de-servidores-da-camara-passa-a-ser-registrada-por-ponto-eletronico\/","og_site_name":"Daniel Matos","article_published_time":"2018-05-23T19:42:17+00:00","og_image":[{"url":"https:\/\/www.blogsoestado.com\/danielmatos\/files\/2018\/05\/ponto-eletronico.jpg","type":"","width":"","height":""}],"twitter_card":"summary_large_image","twitter_misc":{"Est. tempo de leitura":"2 minutos"},"schema":{"@context":"https:\/\/schema.org","@graph":[{"@type":"WebPage","@id":"https:\/\/www.blogsoestado.com\/danielmatos\/frequencia-de-servidores-da-camara-passa-a-ser-registrada-por-ponto-eletronico\/","url":"https:\/\/www.blogsoestado.com\/danielmatos\/frequencia-de-servidores-da-camara-passa-a-ser-registrada-por-ponto-eletronico\/","name":"Frequ\u00eancia de servidores da C\u00e2mara passa a ser registrada por ponto eletr\u00f4nico - Daniel Matos","isPartOf":{"@id":"https:\/\/www.blogsoestado.com\/danielmatos\/#website"},"primaryImageOfPage":{"@id":"https:\/\/www.blogsoestado.com\/danielmatos\/frequencia-de-servidores-da-camara-passa-a-ser-registrada-por-ponto-eletronico\/#primaryimage"},"image":{"@id":"https:\/\/www.blogsoestado.com\/danielmatos\/frequencia-de-servidores-da-camara-passa-a-ser-registrada-por-ponto-eletronico\/#primaryimage"},"thumbnailUrl":"https:\/\/www.blogsoestado.com\/danielmatos\/files\/2018\/05\/ponto-eletronico.jpg","datePublished":"2018-05-23T19:42:17+00:00","author":{"@id":""},"breadcrumb":{"@id":"https:\/\/www.blogsoestado.com\/danielmatos\/frequencia-de-servidores-da-camara-passa-a-ser-registrada-por-ponto-eletronico\/#breadcrumb"},"inLanguage":"pt-BR","potentialAction":[{"@type":"ReadAction","target":["https:\/\/www.blogsoestado.com\/danielmatos\/frequencia-de-servidores-da-camara-passa-a-ser-registrada-por-ponto-eletronico\/"]}]},{"@type":"ImageObject","inLanguage":"pt-BR","@id":"https:\/\/www.blogsoestado.com\/danielmatos\/frequencia-de-servidores-da-camara-passa-a-ser-registrada-por-ponto-eletronico\/#primaryimage","url":"https:\/\/www.blogsoestado.com\/danielmatos\/files\/2018\/05\/ponto-eletronico.jpg","contentUrl":"https:\/\/www.blogsoestado.com\/danielmatos\/files\/2018\/05\/ponto-eletronico.jpg"},{"@type":"BreadcrumbList","@id":"https:\/\/www.blogsoestado.com\/danielmatos\/frequencia-de-servidores-da-camara-passa-a-ser-registrada-por-ponto-eletronico\/#breadcrumb","itemListElement":[{"@type":"ListItem","position":1,"name":"In\u00edcio","item":"https:\/\/www.blogsoestado.com\/danielmatos\/"},{"@type":"ListItem","position":2,"name":"Frequ\u00eancia de servidores da C\u00e2mara passa a ser registrada por ponto eletr\u00f4nico"}]},{"@type":"WebSite","@id":"https:\/\/www.blogsoestado.com\/danielmatos\/#website","url":"https:\/\/www.blogsoestado.com\/danielmatos\/","name":"Daniel Matos","description":"","potentialAction":[{"@type":"SearchAction","target":{"@type":"EntryPoint","urlTemplate":"https:\/\/www.blogsoestado.com\/danielmatos\/?s={search_term_string}"},"query-input":{"@type":"PropertyValueSpecification","valueRequired":true,"valueName":"search_term_string"}}],"inLanguage":"pt-BR"}]}},"jetpack_featured_media_url":"","_links":{"self":[{"href":"https:\/\/www.blogsoestado.com\/danielmatos\/wp-json\/wp\/v2\/posts\/51624","targetHints":{"allow":["GET"]}}],"collection":[{"href":"https:\/\/www.blogsoestado.com\/danielmatos\/wp-json\/wp\/v2\/posts"}],"about":[{"href":"https:\/\/www.blogsoestado.com\/danielmatos\/wp-json\/wp\/v2\/types\/post"}],"replies":[{"embeddable":true,"href":"https:\/\/www.blogsoestado.com\/danielmatos\/wp-json\/wp\/v2\/comments?post=51624"}],"version-history":[{"count":0,"href":"https:\/\/www.blogsoestado.com\/danielmatos\/wp-json\/wp\/v2\/posts\/51624\/revisions"}],"wp:attachment":[{"href":"https:\/\/www.blogsoestado.com\/danielmatos\/wp-json\/wp\/v2\/media?parent=51624"}],"wp:term":[{"taxonomy":"category","embeddable":true,"href":"https:\/\/www.blogsoestado.com\/danielmatos\/wp-json\/wp\/v2\/categories?post=51624"},{"taxonomy":"post_tag","embeddable":true,"href":"https:\/\/www.blogsoestado.com\/danielmatos\/wp-json\/wp\/v2\/tags?post=51624"}],"curies":[{"name":"wp","href":"https:\/\/api.w.org\/{rel}","templated":true}]}}