{"id":51635,"date":"2018-05-23T18:02:05","date_gmt":"2018-05-23T21:02:05","guid":{"rendered":"https:\/\/www.blogsoestado.com\/danielmatos\/?p=51635"},"modified":"2018-05-23T18:02:05","modified_gmt":"2018-05-23T21:02:05","slug":"partido-verde-denuncia-governo-flavio-dino-por-fake-news","status":"publish","type":"post","link":"https:\/\/www.blogsoestado.com\/danielmatos\/partido-verde-denuncia-governo-flavio-dino-por-fake-news\/","title":{"rendered":"Partido Verde denuncia governo Fl\u00e1vio Dino por Fake News"},"content":{"rendered":"<figure id=\"attachment_51636\" aria-describedby=\"caption-attachment-51636\" style=\"width: 448px\" class=\"wp-caption alignleft\"><img fetchpriority=\"high\" decoding=\"async\" class=\"size-full wp-image-51636\" src=\"https:\/\/www.blogsoestado.com\/danielmatos\/files\/2018\/05\/adriano-fake.jpg\" alt=\"\" width=\"448\" height=\"299\" \/><figcaption id=\"caption-attachment-51636\" class=\"wp-caption-text\">para que seja apurada a divulga\u00e7\u00e3o de fake news contra Roseana Sarney<\/figcaption><\/figure>\n<p>O deputado estadual Adriano Sarney, presidente do Partido Verde no Maranh\u00e3o (PV-MA), informa que o partido ingressou nesta quarta-feira (23) com uma den\u00fancia junto \u00e0 Superintend\u00eancia da Pol\u00edcia Federal no Maranh\u00e3o (SPF-MA) e \u00e0 Procuradoria Regional Eleitoral (PRE) contra o secret\u00e1rio de Comunica\u00e7\u00e3o do governo Fl\u00e1vio Dino (PCdoB), Edinaldo Neves, para que seja apurada a divulga\u00e7\u00e3o de Fake News (not\u00edcia falsa em tradu\u00e7\u00e3o livre do ingl\u00eas). Constam ainda na den\u00fancia os nomes de Antonio Fabr\u00edcio Oliveira Silva e Uberlandes Alves.<\/p>\n<p>A a\u00e7\u00e3o, que \u00e9 tamb\u00e9m chamada \u201cnot\u00edcia de fato\u201d no jarg\u00e3o jur\u00eddico, foi encaminhada \u00e0 PF e \u00e0 PRE ap\u00f3s a divulga\u00e7\u00e3o de uma imagem adulterada, em um grupo de Whatsapp, no qual foi postado uma foto do evento ocorrido no in\u00edcio desta semana, em que a ex-governadora Roseana Sarney (MDB) havia confirmado a sua pr\u00e9-candidatura ao Pal\u00e1cio dos Le\u00f5es, ao lado de diversas autoridades e pol\u00edticos aliados.<\/p>\n<p>De acordo com a documenta\u00e7\u00e3o, este tipo de ato il\u00edcito pode ser enquadrado como cal\u00fania, inj\u00faria e difama\u00e7\u00e3o. Do ponto de vista pol\u00edtico, a Fake News pode ter o intento de manipular a opini\u00e3o p\u00fablica; desestabilizar a disputa eleitoral; influenciar no resultado elei\u00e7\u00e3o de 2018; e prejudicar advers\u00e1rios pol\u00edticos.<\/p>\n<p>Neste caso h\u00e1 tamb\u00e9m como enquadrar o fato a crimes tipificados no \u00a71\u00ba e no \u00a72\u00ba do art. 57-H, da Lei das Elei\u00e7\u00f5es, que tratam da &#8220;contrata\u00e7\u00e3o direta ou indireta de grupo de pessoas com a finalidade espec\u00edfica de emitir mensagens ou coment\u00e1rios na Internet para ofender a honra ou denegrir a imagem de candidato, partido ou coliga\u00e7\u00e3o&#8221;, sendo igualmente consideradas criminosas as pessoas contratadas.<\/p>\n","protected":false},"excerpt":{"rendered":"<p>O deputado estadual Adriano Sarney, presidente do Partido Verde no Maranh\u00e3o (PV-MA), informa que o partido ingressou nesta quarta-feira (23) [&hellip;]<\/p>\n","protected":false},"author":0,"featured_media":0,"comment_status":"open","ping_status":"open","sticky":false,"template":"","format":"standard","meta":{"site-sidebar-layout":"default","site-content-layout":"","ast-site-content-layout":"default","site-content-style":"default","site-sidebar-style":"default","ast-global-header-display":"","ast-banner-title-visibility":"","ast-main-header-display":"","ast-hfb-above-header-display":"","ast-hfb-below-header-display":"","ast-hfb-mobile-header-display":"","site-post-title":"","ast-breadcrumbs-content":"","ast-featured-img":"","footer-sml-layout":"","ast-disable-related-posts":"","theme-transparent-header-meta":"","adv-header-id-meta":"","stick-header-meta":"","header-above-stick-meta":"","header-main-stick-meta":"","header-below-stick-meta":"","astra-migrate-meta-layouts":"default","ast-page-background-enabled":"default","ast-page-background-meta":{"desktop":{"background-color":"var(--ast-global-color-5)","background-image":"","background-repeat":"repeat","background-position":"center center","background-size":"auto","background-attachment":"scroll","background-type":"","background-media":"","overlay-type":"","overlay-color":"","overlay-opacity":"","overlay-gradient":""},"tablet":{"background-color":"","background-image":"","background-repeat":"repeat","background-position":"center center","background-size":"auto","background-attachment":"scroll","background-type":"","background-media":"","overlay-type":"","overlay-color":"","overlay-opacity":"","overlay-gradient":""},"mobile":{"background-color":"","background-image":"","background-repeat":"repeat","background-position":"center center","background-size":"auto","background-attachment":"scroll","background-type":"","background-media":"","overlay-type":"","overlay-color":"","overlay-opacity":"","overlay-gradient":""}},"ast-content-background-meta":{"desktop":{"background-color":"var(--ast-global-color-4)","background-image":"","background-repeat":"repeat","background-position":"center center","background-size":"auto","background-attachment":"scroll","background-type":"","background-media":"","overlay-type":"","overlay-color":"","overlay-opacity":"","overlay-gradient":""},"tablet":{"background-color":"var(--ast-global-color-4)","background-image":"","background-repeat":"repeat","background-position":"center center","background-size":"auto","background-attachment":"scroll","background-type":"","background-media":"","overlay-type":"","overlay-color":"","overlay-opacity":"","overlay-gradient":""},"mobile":{"background-color":"var(--ast-global-color-4)","background-image":"","background-repeat":"repeat","background-position":"center center","background-size":"auto","background-attachment":"scroll","background-type":"","background-media":"","overlay-type":"","overlay-color":"","overlay-opacity":"","overlay-gradient":""}},"footnotes":""},"categories":[1],"tags":[],"class_list":["post-51635","post","type-post","status-publish","format-standard","hentry","category-sem-categoria"],"yoast_head":"<!-- This site is optimized with the Yoast SEO plugin v26.6 - https:\/\/yoast.com\/wordpress\/plugins\/seo\/ -->\n<title>Partido Verde denuncia governo Fl\u00e1vio Dino por Fake News - Daniel Matos<\/title>\n<meta name=\"robots\" content=\"index, follow, max-snippet:-1, max-image-preview:large, max-video-preview:-1\" \/>\n<link rel=\"canonical\" href=\"https:\/\/www.blogsoestado.com\/danielmatos\/partido-verde-denuncia-governo-flavio-dino-por-fake-news\/\" \/>\n<meta property=\"og:locale\" content=\"pt_BR\" \/>\n<meta property=\"og:type\" content=\"article\" \/>\n<meta property=\"og:title\" content=\"Partido Verde denuncia governo Fl\u00e1vio Dino por Fake News - Daniel Matos\" \/>\n<meta property=\"og:description\" content=\"O deputado estadual Adriano Sarney, presidente do Partido Verde no Maranh\u00e3o (PV-MA), informa que o partido ingressou nesta quarta-feira (23) [&hellip;]\" \/>\n<meta property=\"og:url\" content=\"https:\/\/www.blogsoestado.com\/danielmatos\/partido-verde-denuncia-governo-flavio-dino-por-fake-news\/\" \/>\n<meta property=\"og:site_name\" content=\"Daniel Matos\" \/>\n<meta property=\"article:published_time\" content=\"2018-05-23T21:02:05+00:00\" \/>\n<meta property=\"og:image\" content=\"https:\/\/www.blogsoestado.com\/danielmatos\/files\/2018\/05\/adriano-fake.jpg\" \/>\n<meta name=\"twitter:card\" content=\"summary_large_image\" \/>\n<meta name=\"twitter:label1\" content=\"Est. tempo de leitura\" \/>\n\t<meta name=\"twitter:data1\" content=\"2 minutos\" \/>\n<script type=\"application\/ld+json\" class=\"yoast-schema-graph\">{\"@context\":\"https:\/\/schema.org\",\"@graph\":[{\"@type\":\"WebPage\",\"@id\":\"https:\/\/www.blogsoestado.com\/danielmatos\/partido-verde-denuncia-governo-flavio-dino-por-fake-news\/\",\"url\":\"https:\/\/www.blogsoestado.com\/danielmatos\/partido-verde-denuncia-governo-flavio-dino-por-fake-news\/\",\"name\":\"Partido Verde denuncia governo Fl\u00e1vio Dino por Fake News - Daniel Matos\",\"isPartOf\":{\"@id\":\"https:\/\/www.blogsoestado.com\/danielmatos\/#website\"},\"primaryImageOfPage\":{\"@id\":\"https:\/\/www.blogsoestado.com\/danielmatos\/partido-verde-denuncia-governo-flavio-dino-por-fake-news\/#primaryimage\"},\"image\":{\"@id\":\"https:\/\/www.blogsoestado.com\/danielmatos\/partido-verde-denuncia-governo-flavio-dino-por-fake-news\/#primaryimage\"},\"thumbnailUrl\":\"https:\/\/www.blogsoestado.com\/danielmatos\/files\/2018\/05\/adriano-fake.jpg\",\"datePublished\":\"2018-05-23T21:02:05+00:00\",\"author\":{\"@id\":\"\"},\"breadcrumb\":{\"@id\":\"https:\/\/www.blogsoestado.com\/danielmatos\/partido-verde-denuncia-governo-flavio-dino-por-fake-news\/#breadcrumb\"},\"inLanguage\":\"pt-BR\",\"potentialAction\":[{\"@type\":\"ReadAction\",\"target\":[\"https:\/\/www.blogsoestado.com\/danielmatos\/partido-verde-denuncia-governo-flavio-dino-por-fake-news\/\"]}]},{\"@type\":\"ImageObject\",\"inLanguage\":\"pt-BR\",\"@id\":\"https:\/\/www.blogsoestado.com\/danielmatos\/partido-verde-denuncia-governo-flavio-dino-por-fake-news\/#primaryimage\",\"url\":\"https:\/\/www.blogsoestado.com\/danielmatos\/files\/2018\/05\/adriano-fake.jpg\",\"contentUrl\":\"https:\/\/www.blogsoestado.com\/danielmatos\/files\/2018\/05\/adriano-fake.jpg\"},{\"@type\":\"BreadcrumbList\",\"@id\":\"https:\/\/www.blogsoestado.com\/danielmatos\/partido-verde-denuncia-governo-flavio-dino-por-fake-news\/#breadcrumb\",\"itemListElement\":[{\"@type\":\"ListItem\",\"position\":1,\"name\":\"In\u00edcio\",\"item\":\"https:\/\/www.blogsoestado.com\/danielmatos\/\"},{\"@type\":\"ListItem\",\"position\":2,\"name\":\"Partido Verde denuncia governo Fl\u00e1vio Dino por Fake News\"}]},{\"@type\":\"WebSite\",\"@id\":\"https:\/\/www.blogsoestado.com\/danielmatos\/#website\",\"url\":\"https:\/\/www.blogsoestado.com\/danielmatos\/\",\"name\":\"Daniel Matos\",\"description\":\"\",\"potentialAction\":[{\"@type\":\"SearchAction\",\"target\":{\"@type\":\"EntryPoint\",\"urlTemplate\":\"https:\/\/www.blogsoestado.com\/danielmatos\/?s={search_term_string}\"},\"query-input\":{\"@type\":\"PropertyValueSpecification\",\"valueRequired\":true,\"valueName\":\"search_term_string\"}}],\"inLanguage\":\"pt-BR\"}]}<\/script>\n<!-- \/ Yoast SEO plugin. -->","yoast_head_json":{"title":"Partido Verde denuncia governo Fl\u00e1vio Dino por Fake News - Daniel Matos","robots":{"index":"index","follow":"follow","max-snippet":"max-snippet:-1","max-image-preview":"max-image-preview:large","max-video-preview":"max-video-preview:-1"},"canonical":"https:\/\/www.blogsoestado.com\/danielmatos\/partido-verde-denuncia-governo-flavio-dino-por-fake-news\/","og_locale":"pt_BR","og_type":"article","og_title":"Partido Verde denuncia governo Fl\u00e1vio Dino por Fake News - Daniel Matos","og_description":"O deputado estadual Adriano Sarney, presidente do Partido Verde no Maranh\u00e3o (PV-MA), informa que o partido ingressou nesta quarta-feira (23) [&hellip;]","og_url":"https:\/\/www.blogsoestado.com\/danielmatos\/partido-verde-denuncia-governo-flavio-dino-por-fake-news\/","og_site_name":"Daniel Matos","article_published_time":"2018-05-23T21:02:05+00:00","og_image":[{"url":"https:\/\/www.blogsoestado.com\/danielmatos\/files\/2018\/05\/adriano-fake.jpg","type":"","width":"","height":""}],"twitter_card":"summary_large_image","twitter_misc":{"Est. tempo de leitura":"2 minutos"},"schema":{"@context":"https:\/\/schema.org","@graph":[{"@type":"WebPage","@id":"https:\/\/www.blogsoestado.com\/danielmatos\/partido-verde-denuncia-governo-flavio-dino-por-fake-news\/","url":"https:\/\/www.blogsoestado.com\/danielmatos\/partido-verde-denuncia-governo-flavio-dino-por-fake-news\/","name":"Partido Verde denuncia governo Fl\u00e1vio Dino por Fake News - Daniel Matos","isPartOf":{"@id":"https:\/\/www.blogsoestado.com\/danielmatos\/#website"},"primaryImageOfPage":{"@id":"https:\/\/www.blogsoestado.com\/danielmatos\/partido-verde-denuncia-governo-flavio-dino-por-fake-news\/#primaryimage"},"image":{"@id":"https:\/\/www.blogsoestado.com\/danielmatos\/partido-verde-denuncia-governo-flavio-dino-por-fake-news\/#primaryimage"},"thumbnailUrl":"https:\/\/www.blogsoestado.com\/danielmatos\/files\/2018\/05\/adriano-fake.jpg","datePublished":"2018-05-23T21:02:05+00:00","author":{"@id":""},"breadcrumb":{"@id":"https:\/\/www.blogsoestado.com\/danielmatos\/partido-verde-denuncia-governo-flavio-dino-por-fake-news\/#breadcrumb"},"inLanguage":"pt-BR","potentialAction":[{"@type":"ReadAction","target":["https:\/\/www.blogsoestado.com\/danielmatos\/partido-verde-denuncia-governo-flavio-dino-por-fake-news\/"]}]},{"@type":"ImageObject","inLanguage":"pt-BR","@id":"https:\/\/www.blogsoestado.com\/danielmatos\/partido-verde-denuncia-governo-flavio-dino-por-fake-news\/#primaryimage","url":"https:\/\/www.blogsoestado.com\/danielmatos\/files\/2018\/05\/adriano-fake.jpg","contentUrl":"https:\/\/www.blogsoestado.com\/danielmatos\/files\/2018\/05\/adriano-fake.jpg"},{"@type":"BreadcrumbList","@id":"https:\/\/www.blogsoestado.com\/danielmatos\/partido-verde-denuncia-governo-flavio-dino-por-fake-news\/#breadcrumb","itemListElement":[{"@type":"ListItem","position":1,"name":"In\u00edcio","item":"https:\/\/www.blogsoestado.com\/danielmatos\/"},{"@type":"ListItem","position":2,"name":"Partido Verde denuncia governo Fl\u00e1vio Dino por Fake News"}]},{"@type":"WebSite","@id":"https:\/\/www.blogsoestado.com\/danielmatos\/#website","url":"https:\/\/www.blogsoestado.com\/danielmatos\/","name":"Daniel Matos","description":"","potentialAction":[{"@type":"SearchAction","target":{"@type":"EntryPoint","urlTemplate":"https:\/\/www.blogsoestado.com\/danielmatos\/?s={search_term_string}"},"query-input":{"@type":"PropertyValueSpecification","valueRequired":true,"valueName":"search_term_string"}}],"inLanguage":"pt-BR"}]}},"jetpack_featured_media_url":"","_links":{"self":[{"href":"https:\/\/www.blogsoestado.com\/danielmatos\/wp-json\/wp\/v2\/posts\/51635","targetHints":{"allow":["GET"]}}],"collection":[{"href":"https:\/\/www.blogsoestado.com\/danielmatos\/wp-json\/wp\/v2\/posts"}],"about":[{"href":"https:\/\/www.blogsoestado.com\/danielmatos\/wp-json\/wp\/v2\/types\/post"}],"replies":[{"embeddable":true,"href":"https:\/\/www.blogsoestado.com\/danielmatos\/wp-json\/wp\/v2\/comments?post=51635"}],"version-history":[{"count":0,"href":"https:\/\/www.blogsoestado.com\/danielmatos\/wp-json\/wp\/v2\/posts\/51635\/revisions"}],"wp:attachment":[{"href":"https:\/\/www.blogsoestado.com\/danielmatos\/wp-json\/wp\/v2\/media?parent=51635"}],"wp:term":[{"taxonomy":"category","embeddable":true,"href":"https:\/\/www.blogsoestado.com\/danielmatos\/wp-json\/wp\/v2\/categories?post=51635"},{"taxonomy":"post_tag","embeddable":true,"href":"https:\/\/www.blogsoestado.com\/danielmatos\/wp-json\/wp\/v2\/tags?post=51635"}],"curies":[{"name":"wp","href":"https:\/\/api.w.org\/{rel}","templated":true}]}}