{"id":51651,"date":"2018-05-24T09:45:41","date_gmt":"2018-05-24T12:45:41","guid":{"rendered":"https:\/\/www.blogsoestado.com\/danielmatos\/?p=51651"},"modified":"2018-05-24T09:45:41","modified_gmt":"2018-05-24T12:45:41","slug":"cleomar-tema-pede-bancada-federal-total-empenho-na-votacao-de-pauta-municipalista","status":"publish","type":"post","link":"https:\/\/www.blogsoestado.com\/danielmatos\/cleomar-tema-pede-bancada-federal-total-empenho-na-votacao-de-pauta-municipalista\/","title":{"rendered":"Cleomar Tema pede \u00e0 bancada federal total empenho na vota\u00e7\u00e3o de pauta municipalista"},"content":{"rendered":"<figure id=\"attachment_51652\" aria-describedby=\"caption-attachment-51652\" style=\"width: 640px\" class=\"wp-caption aligncenter\"><img fetchpriority=\"high\" decoding=\"async\" class=\"size-full wp-image-51652\" src=\"https:\/\/www.blogsoestado.com\/danielmatos\/files\/2018\/05\/famem-bancada-federal.jpg\" alt=\"\" width=\"640\" height=\"480\" \/><figcaption id=\"caption-attachment-51652\" class=\"wp-caption-text\">Cleomar Tema tamb\u00e9m pediu<br \/>bancada maranhense, que se esforce junto ao Governo da Uni\u00e3o no sentido de que este disponibilize verbas permanentes para o funcionamento da sa\u00fade em pequenos munic\u00edpios<\/figcaption><\/figure>\n<p>O presidente da Federa\u00e7\u00e3o dos Munic\u00edpios do Estado do Maranh\u00e3o (FAMEM) e prefeito de Tuntum, Cleomar Tema, solicitou aos parlamentares federais maranhenses total empenho para a aprova\u00e7\u00e3o da pauta municipalista contida no programa apresentado pela Confedera\u00e7\u00e3o Nacional dos Munic\u00edpios (CNM), durante a XXI Marcha a Bras\u00edlia, que come\u00e7ou no \u00faltimo dia 21 e se encerra nesta quinta-feira, 24, em Bras\u00edlia.<\/p>\n<p>O apelo de Tema foi feito na tarde desta quarta-feira (23), durante a segunda reuni\u00e3o de prefeitos e a bancada federal do Maranh\u00e3o, ocorrida no final da tarde, sob a coordena\u00e7\u00e3o da deputada Luana Costa (PSC), no Plen\u00e1rio 16, no Anexo III da C\u00e2mara Federal.<\/p>\n<p>Na pauta municipalista defendida pelo dirigente da FAMEM, constam a aprova\u00e7\u00e3o da Lei Kandir, que propiciar\u00e1 um incremento de quase R$ 600 milh\u00f5es nas receitas do Maranh\u00e3o, a institui\u00e7\u00e3o de mais 1% no FPM a ser destinado aos munic\u00edpios a cada ano no m\u00eas de setembro, a quest\u00e3o do ISS que est\u00e1 em tramita\u00e7\u00e3o no STF, al\u00e9m da eleva\u00e7\u00e3o dos recursos dos programas federais, para evitar que os munic\u00edpios continuem a ser onerados por conta de uma contrapartida que n\u00e3o deveria existir.<\/p>\n<p>Ele citou, como exemplo, a merenda escolar, em que a Uni\u00e3o destina apenas 36 centavos por cada aluno, quantia que \u2013 segundo Tema, \u00e9 insuficiente para a aquisi\u00e7\u00e3o de um simples p\u00e3o franc\u00eas.<\/p>\n<p>\u201cTemos programas como o PSF e o TFD, al\u00e9m do Samu e das UPAs, em que o Governo Federal aparece como redentor, mas que, na realidade, aloca recursos que s\u00e3o insuficientes para o funcionamento, nos levando a arcar com o restante\u201d, acrescentou.<\/p>\n<p>Cleomar Tema tamb\u00e9m pediu \u00e0 bancada maranhense, que se esforce junto ao Governo da Uni\u00e3o, no sentido de que este disponibilize verbas permanentes para o funcionamento da sa\u00fade em pequenos munic\u00edpios, onde a falta de recursos leva a uma situa\u00e7\u00e3o extremamente delicada.<\/p>\n<p>De acordo com Tema, cidades com 10 ou menos de 10 mil habitantes est\u00e3o com a sa\u00fade na UTI, provocando terror nas parturientes, uma vez que nestes munic\u00edpios, os hospitais n\u00e3o tem estrutura adequada sequer para a realiza\u00e7\u00e3o de partos.<\/p>\n<p>\u201cSugiro, ent\u00e3o, aos nossos deputados, que se articulem para que esse quadro seja modificado, atrav\u00e9s de recursos permanentes, possibilitando uma sa\u00fade adequada a estas pequenas unidades municipais. No Maranh\u00e3o, por exemplo, posso afirmar que algo em torno de 80 cidades se encontram nessa situa\u00e7\u00e3o\u201d, acentuou.<\/p>\n<p>O deputado federal Juli\u00e3o Amin (PDT), acatou a sugest\u00e3o de Tema e sugeriu que a FAMEM elabore um documento a ser entregue aos deputados. \u201cQue a pauta municipalista seja a pauta de voc\u00eas\u201d, afirmou Tema, se dirigindo aos parlamentares.<\/p>\n<p><strong>CODEVASF<\/strong><\/p>\n<p>Durante a reuni\u00e3o dos prefeitos com a bancada federal, o superintendente da Codevasf no Maranh\u00e3o, Jones Braga, que j\u00e1 foi prefeito de Nina Rodrigues, fez uma ampla explana\u00e7\u00e3o sobre as a\u00e7\u00f5es desenvolvidas pela companhia, afirmando que ela atua em v\u00e1rios setores, de acordo com emendas de bancada ou individuais apresentadas pelos parlamentares.<\/p>\n<p>V\u00e1rios prefeitos se manifestaram mostrando-se otimistas quanto ao trabalho da Codvasf e afirmando que ela tem uma operacionaliza\u00e7\u00e3o mais din\u00e2mica do que a da Caixa Econ\u00f4mica, onde a burocracia dificulta o andamento dos conv\u00eanios.<\/p>\n","protected":false},"excerpt":{"rendered":"<p>O presidente da Federa\u00e7\u00e3o dos Munic\u00edpios do Estado do Maranh\u00e3o (FAMEM) e prefeito de Tuntum, Cleomar Tema, solicitou aos parlamentares [&hellip;]<\/p>\n","protected":false},"author":0,"featured_media":0,"comment_status":"open","ping_status":"open","sticky":false,"template":"","format":"standard","meta":{"site-sidebar-layout":"default","site-content-layout":"","ast-site-content-layout":"default","site-content-style":"default","site-sidebar-style":"default","ast-global-header-display":"","ast-banner-title-visibility":"","ast-main-header-display":"","ast-hfb-above-header-display":"","ast-hfb-below-header-display":"","ast-hfb-mobile-header-display":"","site-post-title":"","ast-breadcrumbs-content":"","ast-featured-img":"","footer-sml-layout":"","ast-disable-related-posts":"","theme-transparent-header-meta":"","adv-header-id-meta":"","stick-header-meta":"","header-above-stick-meta":"","header-main-stick-meta":"","header-below-stick-meta":"","astra-migrate-meta-layouts":"default","ast-page-background-enabled":"default","ast-page-background-meta":{"desktop":{"background-color":"var(--ast-global-color-5)","background-image":"","background-repeat":"repeat","background-position":"center center","background-size":"auto","background-attachment":"scroll","background-type":"","background-media":"","overlay-type":"","overlay-color":"","overlay-opacity":"","overlay-gradient":""},"tablet":{"background-color":"","background-image":"","background-repeat":"repeat","background-position":"center center","background-size":"auto","background-attachment":"scroll","background-type":"","background-media":"","overlay-type":"","overlay-color":"","overlay-opacity":"","overlay-gradient":""},"mobile":{"background-color":"","background-image":"","background-repeat":"repeat","background-position":"center center","background-size":"auto","background-attachment":"scroll","background-type":"","background-media":"","overlay-type":"","overlay-color":"","overlay-opacity":"","overlay-gradient":""}},"ast-content-background-meta":{"desktop":{"background-color":"var(--ast-global-color-4)","background-image":"","background-repeat":"repeat","background-position":"center center","background-size":"auto","background-attachment":"scroll","background-type":"","background-media":"","overlay-type":"","overlay-color":"","overlay-opacity":"","overlay-gradient":""},"tablet":{"background-color":"var(--ast-global-color-4)","background-image":"","background-repeat":"repeat","background-position":"center center","background-size":"auto","background-attachment":"scroll","background-type":"","background-media":"","overlay-type":"","overlay-color":"","overlay-opacity":"","overlay-gradient":""},"mobile":{"background-color":"var(--ast-global-color-4)","background-image":"","background-repeat":"repeat","background-position":"center center","background-size":"auto","background-attachment":"scroll","background-type":"","background-media":"","overlay-type":"","overlay-color":"","overlay-opacity":"","overlay-gradient":""}},"footnotes":""},"categories":[1],"tags":[],"class_list":["post-51651","post","type-post","status-publish","format-standard","hentry","category-sem-categoria"],"yoast_head":"<!-- This site is optimized with the Yoast SEO plugin v26.6 - https:\/\/yoast.com\/wordpress\/plugins\/seo\/ -->\n<title>Cleomar Tema pede \u00e0 bancada federal total empenho na vota\u00e7\u00e3o de pauta municipalista - Daniel Matos<\/title>\n<meta name=\"robots\" content=\"index, follow, max-snippet:-1, max-image-preview:large, max-video-preview:-1\" \/>\n<link rel=\"canonical\" href=\"https:\/\/www.blogsoestado.com\/danielmatos\/cleomar-tema-pede-bancada-federal-total-empenho-na-votacao-de-pauta-municipalista\/\" \/>\n<meta property=\"og:locale\" content=\"pt_BR\" \/>\n<meta property=\"og:type\" content=\"article\" \/>\n<meta property=\"og:title\" content=\"Cleomar Tema pede \u00e0 bancada federal total empenho na vota\u00e7\u00e3o de pauta municipalista - Daniel Matos\" \/>\n<meta property=\"og:description\" content=\"O presidente da Federa\u00e7\u00e3o dos Munic\u00edpios do Estado do Maranh\u00e3o (FAMEM) e prefeito de Tuntum, Cleomar Tema, solicitou aos parlamentares [&hellip;]\" \/>\n<meta property=\"og:url\" content=\"https:\/\/www.blogsoestado.com\/danielmatos\/cleomar-tema-pede-bancada-federal-total-empenho-na-votacao-de-pauta-municipalista\/\" \/>\n<meta property=\"og:site_name\" content=\"Daniel Matos\" \/>\n<meta property=\"article:published_time\" content=\"2018-05-24T12:45:41+00:00\" \/>\n<meta property=\"og:image\" content=\"https:\/\/www.blogsoestado.com\/danielmatos\/files\/2018\/05\/famem-bancada-federal.jpg\" \/>\n<meta name=\"twitter:card\" content=\"summary_large_image\" \/>\n<meta name=\"twitter:label1\" content=\"Est. tempo de leitura\" \/>\n\t<meta name=\"twitter:data1\" content=\"3 minutos\" \/>\n<script type=\"application\/ld+json\" class=\"yoast-schema-graph\">{\"@context\":\"https:\/\/schema.org\",\"@graph\":[{\"@type\":\"WebPage\",\"@id\":\"https:\/\/www.blogsoestado.com\/danielmatos\/cleomar-tema-pede-bancada-federal-total-empenho-na-votacao-de-pauta-municipalista\/\",\"url\":\"https:\/\/www.blogsoestado.com\/danielmatos\/cleomar-tema-pede-bancada-federal-total-empenho-na-votacao-de-pauta-municipalista\/\",\"name\":\"Cleomar Tema pede \u00e0 bancada federal total empenho na vota\u00e7\u00e3o de pauta municipalista - Daniel Matos\",\"isPartOf\":{\"@id\":\"https:\/\/www.blogsoestado.com\/danielmatos\/#website\"},\"primaryImageOfPage\":{\"@id\":\"https:\/\/www.blogsoestado.com\/danielmatos\/cleomar-tema-pede-bancada-federal-total-empenho-na-votacao-de-pauta-municipalista\/#primaryimage\"},\"image\":{\"@id\":\"https:\/\/www.blogsoestado.com\/danielmatos\/cleomar-tema-pede-bancada-federal-total-empenho-na-votacao-de-pauta-municipalista\/#primaryimage\"},\"thumbnailUrl\":\"https:\/\/www.blogsoestado.com\/danielmatos\/files\/2018\/05\/famem-bancada-federal.jpg\",\"datePublished\":\"2018-05-24T12:45:41+00:00\",\"author\":{\"@id\":\"\"},\"breadcrumb\":{\"@id\":\"https:\/\/www.blogsoestado.com\/danielmatos\/cleomar-tema-pede-bancada-federal-total-empenho-na-votacao-de-pauta-municipalista\/#breadcrumb\"},\"inLanguage\":\"pt-BR\",\"potentialAction\":[{\"@type\":\"ReadAction\",\"target\":[\"https:\/\/www.blogsoestado.com\/danielmatos\/cleomar-tema-pede-bancada-federal-total-empenho-na-votacao-de-pauta-municipalista\/\"]}]},{\"@type\":\"ImageObject\",\"inLanguage\":\"pt-BR\",\"@id\":\"https:\/\/www.blogsoestado.com\/danielmatos\/cleomar-tema-pede-bancada-federal-total-empenho-na-votacao-de-pauta-municipalista\/#primaryimage\",\"url\":\"https:\/\/www.blogsoestado.com\/danielmatos\/files\/2018\/05\/famem-bancada-federal.jpg\",\"contentUrl\":\"https:\/\/www.blogsoestado.com\/danielmatos\/files\/2018\/05\/famem-bancada-federal.jpg\"},{\"@type\":\"BreadcrumbList\",\"@id\":\"https:\/\/www.blogsoestado.com\/danielmatos\/cleomar-tema-pede-bancada-federal-total-empenho-na-votacao-de-pauta-municipalista\/#breadcrumb\",\"itemListElement\":[{\"@type\":\"ListItem\",\"position\":1,\"name\":\"In\u00edcio\",\"item\":\"https:\/\/www.blogsoestado.com\/danielmatos\/\"},{\"@type\":\"ListItem\",\"position\":2,\"name\":\"Cleomar Tema pede \u00e0 bancada federal total empenho na vota\u00e7\u00e3o de pauta municipalista\"}]},{\"@type\":\"WebSite\",\"@id\":\"https:\/\/www.blogsoestado.com\/danielmatos\/#website\",\"url\":\"https:\/\/www.blogsoestado.com\/danielmatos\/\",\"name\":\"Daniel Matos\",\"description\":\"\",\"potentialAction\":[{\"@type\":\"SearchAction\",\"target\":{\"@type\":\"EntryPoint\",\"urlTemplate\":\"https:\/\/www.blogsoestado.com\/danielmatos\/?s={search_term_string}\"},\"query-input\":{\"@type\":\"PropertyValueSpecification\",\"valueRequired\":true,\"valueName\":\"search_term_string\"}}],\"inLanguage\":\"pt-BR\"}]}<\/script>\n<!-- \/ Yoast SEO plugin. -->","yoast_head_json":{"title":"Cleomar Tema pede \u00e0 bancada federal total empenho na vota\u00e7\u00e3o de pauta municipalista - Daniel Matos","robots":{"index":"index","follow":"follow","max-snippet":"max-snippet:-1","max-image-preview":"max-image-preview:large","max-video-preview":"max-video-preview:-1"},"canonical":"https:\/\/www.blogsoestado.com\/danielmatos\/cleomar-tema-pede-bancada-federal-total-empenho-na-votacao-de-pauta-municipalista\/","og_locale":"pt_BR","og_type":"article","og_title":"Cleomar Tema pede \u00e0 bancada federal total empenho na vota\u00e7\u00e3o de pauta municipalista - Daniel Matos","og_description":"O presidente da Federa\u00e7\u00e3o dos Munic\u00edpios do Estado do Maranh\u00e3o (FAMEM) e prefeito de Tuntum, Cleomar Tema, solicitou aos parlamentares [&hellip;]","og_url":"https:\/\/www.blogsoestado.com\/danielmatos\/cleomar-tema-pede-bancada-federal-total-empenho-na-votacao-de-pauta-municipalista\/","og_site_name":"Daniel Matos","article_published_time":"2018-05-24T12:45:41+00:00","og_image":[{"url":"https:\/\/www.blogsoestado.com\/danielmatos\/files\/2018\/05\/famem-bancada-federal.jpg","type":"","width":"","height":""}],"twitter_card":"summary_large_image","twitter_misc":{"Est. tempo de leitura":"3 minutos"},"schema":{"@context":"https:\/\/schema.org","@graph":[{"@type":"WebPage","@id":"https:\/\/www.blogsoestado.com\/danielmatos\/cleomar-tema-pede-bancada-federal-total-empenho-na-votacao-de-pauta-municipalista\/","url":"https:\/\/www.blogsoestado.com\/danielmatos\/cleomar-tema-pede-bancada-federal-total-empenho-na-votacao-de-pauta-municipalista\/","name":"Cleomar Tema pede \u00e0 bancada federal total empenho na vota\u00e7\u00e3o de pauta municipalista - Daniel Matos","isPartOf":{"@id":"https:\/\/www.blogsoestado.com\/danielmatos\/#website"},"primaryImageOfPage":{"@id":"https:\/\/www.blogsoestado.com\/danielmatos\/cleomar-tema-pede-bancada-federal-total-empenho-na-votacao-de-pauta-municipalista\/#primaryimage"},"image":{"@id":"https:\/\/www.blogsoestado.com\/danielmatos\/cleomar-tema-pede-bancada-federal-total-empenho-na-votacao-de-pauta-municipalista\/#primaryimage"},"thumbnailUrl":"https:\/\/www.blogsoestado.com\/danielmatos\/files\/2018\/05\/famem-bancada-federal.jpg","datePublished":"2018-05-24T12:45:41+00:00","author":{"@id":""},"breadcrumb":{"@id":"https:\/\/www.blogsoestado.com\/danielmatos\/cleomar-tema-pede-bancada-federal-total-empenho-na-votacao-de-pauta-municipalista\/#breadcrumb"},"inLanguage":"pt-BR","potentialAction":[{"@type":"ReadAction","target":["https:\/\/www.blogsoestado.com\/danielmatos\/cleomar-tema-pede-bancada-federal-total-empenho-na-votacao-de-pauta-municipalista\/"]}]},{"@type":"ImageObject","inLanguage":"pt-BR","@id":"https:\/\/www.blogsoestado.com\/danielmatos\/cleomar-tema-pede-bancada-federal-total-empenho-na-votacao-de-pauta-municipalista\/#primaryimage","url":"https:\/\/www.blogsoestado.com\/danielmatos\/files\/2018\/05\/famem-bancada-federal.jpg","contentUrl":"https:\/\/www.blogsoestado.com\/danielmatos\/files\/2018\/05\/famem-bancada-federal.jpg"},{"@type":"BreadcrumbList","@id":"https:\/\/www.blogsoestado.com\/danielmatos\/cleomar-tema-pede-bancada-federal-total-empenho-na-votacao-de-pauta-municipalista\/#breadcrumb","itemListElement":[{"@type":"ListItem","position":1,"name":"In\u00edcio","item":"https:\/\/www.blogsoestado.com\/danielmatos\/"},{"@type":"ListItem","position":2,"name":"Cleomar Tema pede \u00e0 bancada federal total empenho na vota\u00e7\u00e3o de pauta municipalista"}]},{"@type":"WebSite","@id":"https:\/\/www.blogsoestado.com\/danielmatos\/#website","url":"https:\/\/www.blogsoestado.com\/danielmatos\/","name":"Daniel Matos","description":"","potentialAction":[{"@type":"SearchAction","target":{"@type":"EntryPoint","urlTemplate":"https:\/\/www.blogsoestado.com\/danielmatos\/?s={search_term_string}"},"query-input":{"@type":"PropertyValueSpecification","valueRequired":true,"valueName":"search_term_string"}}],"inLanguage":"pt-BR"}]}},"jetpack_featured_media_url":"","_links":{"self":[{"href":"https:\/\/www.blogsoestado.com\/danielmatos\/wp-json\/wp\/v2\/posts\/51651","targetHints":{"allow":["GET"]}}],"collection":[{"href":"https:\/\/www.blogsoestado.com\/danielmatos\/wp-json\/wp\/v2\/posts"}],"about":[{"href":"https:\/\/www.blogsoestado.com\/danielmatos\/wp-json\/wp\/v2\/types\/post"}],"replies":[{"embeddable":true,"href":"https:\/\/www.blogsoestado.com\/danielmatos\/wp-json\/wp\/v2\/comments?post=51651"}],"version-history":[{"count":0,"href":"https:\/\/www.blogsoestado.com\/danielmatos\/wp-json\/wp\/v2\/posts\/51651\/revisions"}],"wp:attachment":[{"href":"https:\/\/www.blogsoestado.com\/danielmatos\/wp-json\/wp\/v2\/media?parent=51651"}],"wp:term":[{"taxonomy":"category","embeddable":true,"href":"https:\/\/www.blogsoestado.com\/danielmatos\/wp-json\/wp\/v2\/categories?post=51651"},{"taxonomy":"post_tag","embeddable":true,"href":"https:\/\/www.blogsoestado.com\/danielmatos\/wp-json\/wp\/v2\/tags?post=51651"}],"curies":[{"name":"wp","href":"https:\/\/api.w.org\/{rel}","templated":true}]}}