{"id":51657,"date":"2018-05-24T12:44:31","date_gmt":"2018-05-24T15:44:31","guid":{"rendered":"https:\/\/www.blogsoestado.com\/danielmatos\/?p=51657"},"modified":"2018-05-24T12:44:31","modified_gmt":"2018-05-24T15:44:31","slug":"em-busca-de-votos-para-nubia-e-dino-dutra-legaliza-transporte-por-carrinhos-em-paco-do-lumiar","status":"publish","type":"post","link":"https:\/\/www.blogsoestado.com\/danielmatos\/em-busca-de-votos-para-nubia-e-dino-dutra-legaliza-transporte-por-carrinhos-em-paco-do-lumiar\/","title":{"rendered":"Em busca de votos para N\u00fabia e Dino, Dutra legaliza transporte por carrinhos em Pa\u00e7o do Lumiar"},"content":{"rendered":"<figure id=\"attachment_51661\" aria-describedby=\"caption-attachment-51661\" style=\"width: 448px\" class=\"wp-caption alignleft\"><img fetchpriority=\"high\" decoding=\"async\" class=\"size-full wp-image-51661\" src=\"https:\/\/www.blogsoestado.com\/danielmatos\/files\/2018\/05\/dutra-nubia-feitosa.jpg\" alt=\"\" width=\"448\" height=\"302\" \/><figcaption id=\"caption-attachment-51661\" class=\"wp-caption-text\">Dutra vai liberar carrinhos em Pa\u00e7o do Lumiar para tentar turbinar campanha da esposa, N\u00fabia Feitosa<\/figcaption><\/figure>\n<p>O prefeito de Pa\u00e7o do Lumiar, Domingos Dutra (PCdoB), adotou uma medida que pode representar viola\u00e7\u00e3o do C\u00f3digo Brasileiro de Tr\u00e2nsito (CTB). E o que \u00e9 pior, por motivo visivelmente eleitoreiro. Trata-se da legaliza\u00e7\u00e3o do transporte por t\u00e1xis-lota\u00e7\u00e3o, os populares carrinhos, que nos \u00faltimos anos se proliferaram como praga no munic\u00edpio, atuando de forma prec\u00e1ria, ca\u00f3tica e temer\u00e1ria.<\/p>\n<p>Ao regulamentar a atividade, Dutra atrai para si a simpatia dos trabalhadores que exploram o servi\u00e7o e da parcela da popula\u00e7\u00e3o que o utiliza. A finalidade \u00e9 uma s\u00f3: capitalizar politicamente a medida, para favorecer a pr\u00e9-candidatura da primeira-dama e at\u00e9 pouco tempo super secret\u00e1ria municipal de Administra\u00e7\u00e3o, Planejamento e Fazenda, N\u00fabia Feitosa, a deputada estadual. De quebra, ajudar\u00e1 eleitoralmente o governador Fl\u00e1vio Dino, seu aliado e financiador da sua campanha a prefeito, que em outubro tentar\u00e1 renovar o mandato.<\/p>\n<p>A libera\u00e7\u00e3o dos carrinhos, segundo comunicado da Prefeitura de Pa\u00e7o do Lumiar, se dar\u00e1 por meio da assinatura de um Termo de Ajustamento de Conduta (TAC), nesta quinta-feira, \u00e0s 15h, no Instituto de Ensino Superior Franciscano (IESF), no Maiob\u00e3o. A gest\u00e3o municipal garante que a libera\u00e7\u00e3o n\u00e3o fere a Constitui\u00e7\u00e3o Federal. O informe oficial n\u00e3o faz qualquer men\u00e7\u00e3o ao CTB, cuja abordagem \u00e9 essencial em qualquer quest\u00e3o que envolva altera\u00e7\u00f5es e concess\u00f5es que digam respeito \u00e0 legisla\u00e7\u00e3o de tr\u00e2nsito. Apenas informa o novo e pomposo nome atribu\u00eddo \u00e0 atividade: &#8220;Servi\u00e7o Compartilhado Opcional de Transporte de Passageiros, de natureza privada, mas de interesse p\u00fablico&#8221;.<\/p>\n<p><strong>Temeridade<\/strong><\/p>\n<figure id=\"attachment_51660\" aria-describedby=\"caption-attachment-51660\" style=\"width: 448px\" class=\"wp-caption alignright\"><img decoding=\"async\" class=\"size-full wp-image-51660\" src=\"https:\/\/www.blogsoestado.com\/danielmatos\/files\/2018\/05\/taxi-lota\u00e7\u00e3o.jpg\" alt=\"\" width=\"448\" height=\"336\" \/><figcaption id=\"caption-attachment-51660\" class=\"wp-caption-text\">Motorista de t\u00e1xi-lota\u00e7\u00e3o para no meio da Estrada de Ribamar para embarcar passageiros<\/figcaption><\/figure>\n<p>Longe de ser unanimidade, o transporte por t\u00e1xi-lota\u00e7\u00e3o \u00e9 realizado sem qualquer crit\u00e9rio ou regra que garanta a seguran\u00e7a dos usu\u00e1rios e at\u00e9 mesmo das pessoas que o exploram. Os condutores param em qualquer ponto para embarque e desembarque de passageiros, fazem manobras arriscadas, prestam o servi\u00e7o em ve\u00edculos em p\u00e9ssimo estado de conserva\u00e7\u00e3o e, em casos extremos, viajam superlotados.<\/p>\n<p>Agrava ainda mais o problema o fato de a Prefeitura de Pa\u00e7o do Lumiar n\u00e3o dispor de agentes de tr\u00e2nsito em n\u00famero suficiente para fazer a fiscaliza\u00e7\u00e3o do servi\u00e7o. S\u00f3 recentemente, a administra\u00e7\u00e3o municipal anunciou que realizar\u00e1 um concurso p\u00fablico para a fun\u00e7\u00e3o. Por isso, o mais prudente seria autorizar o transporte de passageiros por carrinhos s\u00f3 depois que os novos servidores estivessem atuando nas ruas.<\/p>\n<p>Mas Dutra tem pressa, pois a elei\u00e7\u00e3o bate \u00e0 porta e para que a medida surta efeito nas urnas \u00e9 preciso aplic\u00e1-la imediatamente, apesar dos riscos. Haja inconsequ\u00eancia e oportunismo!<\/p>\n","protected":false},"excerpt":{"rendered":"<p>O prefeito de Pa\u00e7o do Lumiar, Domingos Dutra (PCdoB), adotou uma medida que pode representar viola\u00e7\u00e3o do C\u00f3digo Brasileiro de [&hellip;]<\/p>\n","protected":false},"author":0,"featured_media":0,"comment_status":"open","ping_status":"open","sticky":false,"template":"","format":"standard","meta":{"site-sidebar-layout":"default","site-content-layout":"","ast-site-content-layout":"default","site-content-style":"default","site-sidebar-style":"default","ast-global-header-display":"","ast-banner-title-visibility":"","ast-main-header-display":"","ast-hfb-above-header-display":"","ast-hfb-below-header-display":"","ast-hfb-mobile-header-display":"","site-post-title":"","ast-breadcrumbs-content":"","ast-featured-img":"","footer-sml-layout":"","ast-disable-related-posts":"","theme-transparent-header-meta":"","adv-header-id-meta":"","stick-header-meta":"","header-above-stick-meta":"","header-main-stick-meta":"","header-below-stick-meta":"","astra-migrate-meta-layouts":"default","ast-page-background-enabled":"default","ast-page-background-meta":{"desktop":{"background-color":"var(--ast-global-color-5)","background-image":"","background-repeat":"repeat","background-position":"center center","background-size":"auto","background-attachment":"scroll","background-type":"","background-media":"","overlay-type":"","overlay-color":"","overlay-opacity":"","overlay-gradient":""},"tablet":{"background-color":"","background-image":"","background-repeat":"repeat","background-position":"center center","background-size":"auto","background-attachment":"scroll","background-type":"","background-media":"","overlay-type":"","overlay-color":"","overlay-opacity":"","overlay-gradient":""},"mobile":{"background-color":"","background-image":"","background-repeat":"repeat","background-position":"center center","background-size":"auto","background-attachment":"scroll","background-type":"","background-media":"","overlay-type":"","overlay-color":"","overlay-opacity":"","overlay-gradient":""}},"ast-content-background-meta":{"desktop":{"background-color":"var(--ast-global-color-4)","background-image":"","background-repeat":"repeat","background-position":"center center","background-size":"auto","background-attachment":"scroll","background-type":"","background-media":"","overlay-type":"","overlay-color":"","overlay-opacity":"","overlay-gradient":""},"tablet":{"background-color":"var(--ast-global-color-4)","background-image":"","background-repeat":"repeat","background-position":"center center","background-size":"auto","background-attachment":"scroll","background-type":"","background-media":"","overlay-type":"","overlay-color":"","overlay-opacity":"","overlay-gradient":""},"mobile":{"background-color":"var(--ast-global-color-4)","background-image":"","background-repeat":"repeat","background-position":"center center","background-size":"auto","background-attachment":"scroll","background-type":"","background-media":"","overlay-type":"","overlay-color":"","overlay-opacity":"","overlay-gradient":""}},"footnotes":""},"categories":[1],"tags":[],"class_list":["post-51657","post","type-post","status-publish","format-standard","hentry","category-sem-categoria"],"yoast_head":"<!-- This site is optimized with the Yoast SEO plugin v26.6 - https:\/\/yoast.com\/wordpress\/plugins\/seo\/ -->\n<title>Em busca de votos para N\u00fabia e Dino, Dutra legaliza transporte por carrinhos em Pa\u00e7o do Lumiar - Daniel Matos<\/title>\n<meta name=\"robots\" content=\"index, follow, max-snippet:-1, max-image-preview:large, max-video-preview:-1\" \/>\n<link rel=\"canonical\" href=\"https:\/\/www.blogsoestado.com\/danielmatos\/em-busca-de-votos-para-nubia-e-dino-dutra-legaliza-transporte-por-carrinhos-em-paco-do-lumiar\/\" \/>\n<meta property=\"og:locale\" content=\"pt_BR\" \/>\n<meta property=\"og:type\" content=\"article\" \/>\n<meta property=\"og:title\" content=\"Em busca de votos para N\u00fabia e Dino, Dutra legaliza transporte por carrinhos em Pa\u00e7o do Lumiar - Daniel Matos\" \/>\n<meta property=\"og:description\" content=\"O prefeito de Pa\u00e7o do Lumiar, Domingos Dutra (PCdoB), adotou uma medida que pode representar viola\u00e7\u00e3o do C\u00f3digo Brasileiro de [&hellip;]\" \/>\n<meta property=\"og:url\" content=\"https:\/\/www.blogsoestado.com\/danielmatos\/em-busca-de-votos-para-nubia-e-dino-dutra-legaliza-transporte-por-carrinhos-em-paco-do-lumiar\/\" \/>\n<meta property=\"og:site_name\" content=\"Daniel Matos\" \/>\n<meta property=\"article:published_time\" content=\"2018-05-24T15:44:31+00:00\" \/>\n<meta property=\"og:image\" content=\"https:\/\/www.blogsoestado.com\/danielmatos\/files\/2018\/05\/dutra-nubia-feitosa.jpg\" \/>\n<meta name=\"twitter:card\" content=\"summary_large_image\" \/>\n<meta name=\"twitter:label1\" content=\"Est. tempo de leitura\" \/>\n\t<meta name=\"twitter:data1\" content=\"2 minutos\" \/>\n<script type=\"application\/ld+json\" class=\"yoast-schema-graph\">{\"@context\":\"https:\/\/schema.org\",\"@graph\":[{\"@type\":\"WebPage\",\"@id\":\"https:\/\/www.blogsoestado.com\/danielmatos\/em-busca-de-votos-para-nubia-e-dino-dutra-legaliza-transporte-por-carrinhos-em-paco-do-lumiar\/\",\"url\":\"https:\/\/www.blogsoestado.com\/danielmatos\/em-busca-de-votos-para-nubia-e-dino-dutra-legaliza-transporte-por-carrinhos-em-paco-do-lumiar\/\",\"name\":\"Em busca de votos para N\u00fabia e Dino, Dutra legaliza transporte por carrinhos em Pa\u00e7o do Lumiar - Daniel Matos\",\"isPartOf\":{\"@id\":\"https:\/\/www.blogsoestado.com\/danielmatos\/#website\"},\"primaryImageOfPage\":{\"@id\":\"https:\/\/www.blogsoestado.com\/danielmatos\/em-busca-de-votos-para-nubia-e-dino-dutra-legaliza-transporte-por-carrinhos-em-paco-do-lumiar\/#primaryimage\"},\"image\":{\"@id\":\"https:\/\/www.blogsoestado.com\/danielmatos\/em-busca-de-votos-para-nubia-e-dino-dutra-legaliza-transporte-por-carrinhos-em-paco-do-lumiar\/#primaryimage\"},\"thumbnailUrl\":\"https:\/\/www.blogsoestado.com\/danielmatos\/files\/2018\/05\/dutra-nubia-feitosa.jpg\",\"datePublished\":\"2018-05-24T15:44:31+00:00\",\"author\":{\"@id\":\"\"},\"breadcrumb\":{\"@id\":\"https:\/\/www.blogsoestado.com\/danielmatos\/em-busca-de-votos-para-nubia-e-dino-dutra-legaliza-transporte-por-carrinhos-em-paco-do-lumiar\/#breadcrumb\"},\"inLanguage\":\"pt-BR\",\"potentialAction\":[{\"@type\":\"ReadAction\",\"target\":[\"https:\/\/www.blogsoestado.com\/danielmatos\/em-busca-de-votos-para-nubia-e-dino-dutra-legaliza-transporte-por-carrinhos-em-paco-do-lumiar\/\"]}]},{\"@type\":\"ImageObject\",\"inLanguage\":\"pt-BR\",\"@id\":\"https:\/\/www.blogsoestado.com\/danielmatos\/em-busca-de-votos-para-nubia-e-dino-dutra-legaliza-transporte-por-carrinhos-em-paco-do-lumiar\/#primaryimage\",\"url\":\"https:\/\/www.blogsoestado.com\/danielmatos\/files\/2018\/05\/dutra-nubia-feitosa.jpg\",\"contentUrl\":\"https:\/\/www.blogsoestado.com\/danielmatos\/files\/2018\/05\/dutra-nubia-feitosa.jpg\"},{\"@type\":\"BreadcrumbList\",\"@id\":\"https:\/\/www.blogsoestado.com\/danielmatos\/em-busca-de-votos-para-nubia-e-dino-dutra-legaliza-transporte-por-carrinhos-em-paco-do-lumiar\/#breadcrumb\",\"itemListElement\":[{\"@type\":\"ListItem\",\"position\":1,\"name\":\"In\u00edcio\",\"item\":\"https:\/\/www.blogsoestado.com\/danielmatos\/\"},{\"@type\":\"ListItem\",\"position\":2,\"name\":\"Em busca de votos para N\u00fabia e Dino, Dutra legaliza transporte por carrinhos em Pa\u00e7o do Lumiar\"}]},{\"@type\":\"WebSite\",\"@id\":\"https:\/\/www.blogsoestado.com\/danielmatos\/#website\",\"url\":\"https:\/\/www.blogsoestado.com\/danielmatos\/\",\"name\":\"Daniel Matos\",\"description\":\"\",\"potentialAction\":[{\"@type\":\"SearchAction\",\"target\":{\"@type\":\"EntryPoint\",\"urlTemplate\":\"https:\/\/www.blogsoestado.com\/danielmatos\/?s={search_term_string}\"},\"query-input\":{\"@type\":\"PropertyValueSpecification\",\"valueRequired\":true,\"valueName\":\"search_term_string\"}}],\"inLanguage\":\"pt-BR\"}]}<\/script>\n<!-- \/ Yoast SEO plugin. -->","yoast_head_json":{"title":"Em busca de votos para N\u00fabia e Dino, Dutra legaliza transporte por carrinhos em Pa\u00e7o do Lumiar - Daniel Matos","robots":{"index":"index","follow":"follow","max-snippet":"max-snippet:-1","max-image-preview":"max-image-preview:large","max-video-preview":"max-video-preview:-1"},"canonical":"https:\/\/www.blogsoestado.com\/danielmatos\/em-busca-de-votos-para-nubia-e-dino-dutra-legaliza-transporte-por-carrinhos-em-paco-do-lumiar\/","og_locale":"pt_BR","og_type":"article","og_title":"Em busca de votos para N\u00fabia e Dino, Dutra legaliza transporte por carrinhos em Pa\u00e7o do Lumiar - Daniel Matos","og_description":"O prefeito de Pa\u00e7o do Lumiar, Domingos Dutra (PCdoB), adotou uma medida que pode representar viola\u00e7\u00e3o do C\u00f3digo Brasileiro de [&hellip;]","og_url":"https:\/\/www.blogsoestado.com\/danielmatos\/em-busca-de-votos-para-nubia-e-dino-dutra-legaliza-transporte-por-carrinhos-em-paco-do-lumiar\/","og_site_name":"Daniel Matos","article_published_time":"2018-05-24T15:44:31+00:00","og_image":[{"url":"https:\/\/www.blogsoestado.com\/danielmatos\/files\/2018\/05\/dutra-nubia-feitosa.jpg","type":"","width":"","height":""}],"twitter_card":"summary_large_image","twitter_misc":{"Est. tempo de leitura":"2 minutos"},"schema":{"@context":"https:\/\/schema.org","@graph":[{"@type":"WebPage","@id":"https:\/\/www.blogsoestado.com\/danielmatos\/em-busca-de-votos-para-nubia-e-dino-dutra-legaliza-transporte-por-carrinhos-em-paco-do-lumiar\/","url":"https:\/\/www.blogsoestado.com\/danielmatos\/em-busca-de-votos-para-nubia-e-dino-dutra-legaliza-transporte-por-carrinhos-em-paco-do-lumiar\/","name":"Em busca de votos para N\u00fabia e Dino, Dutra legaliza transporte por carrinhos em Pa\u00e7o do Lumiar - Daniel Matos","isPartOf":{"@id":"https:\/\/www.blogsoestado.com\/danielmatos\/#website"},"primaryImageOfPage":{"@id":"https:\/\/www.blogsoestado.com\/danielmatos\/em-busca-de-votos-para-nubia-e-dino-dutra-legaliza-transporte-por-carrinhos-em-paco-do-lumiar\/#primaryimage"},"image":{"@id":"https:\/\/www.blogsoestado.com\/danielmatos\/em-busca-de-votos-para-nubia-e-dino-dutra-legaliza-transporte-por-carrinhos-em-paco-do-lumiar\/#primaryimage"},"thumbnailUrl":"https:\/\/www.blogsoestado.com\/danielmatos\/files\/2018\/05\/dutra-nubia-feitosa.jpg","datePublished":"2018-05-24T15:44:31+00:00","author":{"@id":""},"breadcrumb":{"@id":"https:\/\/www.blogsoestado.com\/danielmatos\/em-busca-de-votos-para-nubia-e-dino-dutra-legaliza-transporte-por-carrinhos-em-paco-do-lumiar\/#breadcrumb"},"inLanguage":"pt-BR","potentialAction":[{"@type":"ReadAction","target":["https:\/\/www.blogsoestado.com\/danielmatos\/em-busca-de-votos-para-nubia-e-dino-dutra-legaliza-transporte-por-carrinhos-em-paco-do-lumiar\/"]}]},{"@type":"ImageObject","inLanguage":"pt-BR","@id":"https:\/\/www.blogsoestado.com\/danielmatos\/em-busca-de-votos-para-nubia-e-dino-dutra-legaliza-transporte-por-carrinhos-em-paco-do-lumiar\/#primaryimage","url":"https:\/\/www.blogsoestado.com\/danielmatos\/files\/2018\/05\/dutra-nubia-feitosa.jpg","contentUrl":"https:\/\/www.blogsoestado.com\/danielmatos\/files\/2018\/05\/dutra-nubia-feitosa.jpg"},{"@type":"BreadcrumbList","@id":"https:\/\/www.blogsoestado.com\/danielmatos\/em-busca-de-votos-para-nubia-e-dino-dutra-legaliza-transporte-por-carrinhos-em-paco-do-lumiar\/#breadcrumb","itemListElement":[{"@type":"ListItem","position":1,"name":"In\u00edcio","item":"https:\/\/www.blogsoestado.com\/danielmatos\/"},{"@type":"ListItem","position":2,"name":"Em busca de votos para N\u00fabia e Dino, Dutra legaliza transporte por carrinhos em Pa\u00e7o do Lumiar"}]},{"@type":"WebSite","@id":"https:\/\/www.blogsoestado.com\/danielmatos\/#website","url":"https:\/\/www.blogsoestado.com\/danielmatos\/","name":"Daniel Matos","description":"","potentialAction":[{"@type":"SearchAction","target":{"@type":"EntryPoint","urlTemplate":"https:\/\/www.blogsoestado.com\/danielmatos\/?s={search_term_string}"},"query-input":{"@type":"PropertyValueSpecification","valueRequired":true,"valueName":"search_term_string"}}],"inLanguage":"pt-BR"}]}},"jetpack_featured_media_url":"","_links":{"self":[{"href":"https:\/\/www.blogsoestado.com\/danielmatos\/wp-json\/wp\/v2\/posts\/51657","targetHints":{"allow":["GET"]}}],"collection":[{"href":"https:\/\/www.blogsoestado.com\/danielmatos\/wp-json\/wp\/v2\/posts"}],"about":[{"href":"https:\/\/www.blogsoestado.com\/danielmatos\/wp-json\/wp\/v2\/types\/post"}],"replies":[{"embeddable":true,"href":"https:\/\/www.blogsoestado.com\/danielmatos\/wp-json\/wp\/v2\/comments?post=51657"}],"version-history":[{"count":0,"href":"https:\/\/www.blogsoestado.com\/danielmatos\/wp-json\/wp\/v2\/posts\/51657\/revisions"}],"wp:attachment":[{"href":"https:\/\/www.blogsoestado.com\/danielmatos\/wp-json\/wp\/v2\/media?parent=51657"}],"wp:term":[{"taxonomy":"category","embeddable":true,"href":"https:\/\/www.blogsoestado.com\/danielmatos\/wp-json\/wp\/v2\/categories?post=51657"},{"taxonomy":"post_tag","embeddable":true,"href":"https:\/\/www.blogsoestado.com\/danielmatos\/wp-json\/wp\/v2\/tags?post=51657"}],"curies":[{"name":"wp","href":"https:\/\/api.w.org\/{rel}","templated":true}]}}