{"id":51668,"date":"2018-05-24T15:21:28","date_gmt":"2018-05-24T18:21:28","guid":{"rendered":"https:\/\/www.blogsoestado.com\/danielmatos\/?p=51668"},"modified":"2018-05-24T15:21:28","modified_gmt":"2018-05-24T18:21:28","slug":"jair-bolsonaro-desembarcara-em-sao-luis-dia-16-de-junho-para-ato-politico-no-multicenter-sebrae","status":"publish","type":"post","link":"https:\/\/www.blogsoestado.com\/danielmatos\/jair-bolsonaro-desembarcara-em-sao-luis-dia-16-de-junho-para-ato-politico-no-multicenter-sebrae\/","title":{"rendered":"Jair Bolsonaro desembarcar\u00e1 em S\u00e3o Lu\u00eds dia 16 de junho para ato pol\u00edtico no Multicenter Sebrae"},"content":{"rendered":"<p><img fetchpriority=\"high\" decoding=\"async\" class=\"aligncenter size-full wp-image-51669\" src=\"https:\/\/www.blogsoestado.com\/danielmatos\/files\/2018\/05\/bolsonaro-slz.png\" alt=\"\" width=\"480\" height=\"558\" \/><\/p>\n<p>O deputado federal e pr\u00e9-candidato \u00e0 Presid\u00eancia da Rep\u00fablica Jair Bolsonaro (PSL-RJ) desembarcar\u00e1 em S\u00e3o Lu\u00eds no dia 16 de junho. O an\u00fancio foi feito em rede social pela pr\u00e9-candidata ao governo estadual Maura Jorge. Bolsonaro realizar\u00e1 um ato pol\u00edtico no Multicenter Sebrae, no Cohafuma, onde reunir\u00e1 pol\u00edticos aliados, militantes e simpatizantes da sua pr\u00e9-candidatura.<\/p>\n<p>O presidenci\u00e1vel desembarcar\u00e1 no Aeroporto Marechal Cunha Machado ao meio dia. \u00c0s 15h, comandar\u00e1 ato pol\u00edtico no Multicenter Sebrae. Estar\u00e3o presentes no palanque, ao lado de Bolsonaro, o vereador Francisco Carvalho, presidente estadual do PSL, e o vice-presidente nacional do partido, Julian Lemos.<\/p>\n<p>Durante o evento, a pr\u00e9-candidata \u00e0 sucess\u00e3o estadual Maura Jorge e o presidenci\u00e1vel Bolsonaro manifestar\u00e3o publicamente apoio m\u00fatuo aos seus respectivos projetos pol\u00edticos. Tamb\u00e9m defender\u00e3o sua posi\u00e7\u00e3o em defesa da mudan\u00e7a pol\u00edticas e de governo em \u00e2mbito estadual e nacional.<\/p>\n","protected":false},"excerpt":{"rendered":"<p>O deputado federal e pr\u00e9-candidato \u00e0 Presid\u00eancia da Rep\u00fablica Jair Bolsonaro (PSL-RJ) desembarcar\u00e1 em S\u00e3o Lu\u00eds no dia 16 de [&hellip;]<\/p>\n","protected":false},"author":0,"featured_media":0,"comment_status":"open","ping_status":"open","sticky":false,"template":"","format":"standard","meta":{"site-sidebar-layout":"default","site-content-layout":"","ast-site-content-layout":"default","site-content-style":"default","site-sidebar-style":"default","ast-global-header-display":"","ast-banner-title-visibility":"","ast-main-header-display":"","ast-hfb-above-header-display":"","ast-hfb-below-header-display":"","ast-hfb-mobile-header-display":"","site-post-title":"","ast-breadcrumbs-content":"","ast-featured-img":"","footer-sml-layout":"","ast-disable-related-posts":"","theme-transparent-header-meta":"","adv-header-id-meta":"","stick-header-meta":"","header-above-stick-meta":"","header-main-stick-meta":"","header-below-stick-meta":"","astra-migrate-meta-layouts":"default","ast-page-background-enabled":"default","ast-page-background-meta":{"desktop":{"background-color":"var(--ast-global-color-5)","background-image":"","background-repeat":"repeat","background-position":"center center","background-size":"auto","background-attachment":"scroll","background-type":"","background-media":"","overlay-type":"","overlay-color":"","overlay-opacity":"","overlay-gradient":""},"tablet":{"background-color":"","background-image":"","background-repeat":"repeat","background-position":"center center","background-size":"auto","background-attachment":"scroll","background-type":"","background-media":"","overlay-type":"","overlay-color":"","overlay-opacity":"","overlay-gradient":""},"mobile":{"background-color":"","background-image":"","background-repeat":"repeat","background-position":"center center","background-size":"auto","background-attachment":"scroll","background-type":"","background-media":"","overlay-type":"","overlay-color":"","overlay-opacity":"","overlay-gradient":""}},"ast-content-background-meta":{"desktop":{"background-color":"var(--ast-global-color-4)","background-image":"","background-repeat":"repeat","background-position":"center center","background-size":"auto","background-attachment":"scroll","background-type":"","background-media":"","overlay-type":"","overlay-color":"","overlay-opacity":"","overlay-gradient":""},"tablet":{"background-color":"var(--ast-global-color-4)","background-image":"","background-repeat":"repeat","background-position":"center center","background-size":"auto","background-attachment":"scroll","background-type":"","background-media":"","overlay-type":"","overlay-color":"","overlay-opacity":"","overlay-gradient":""},"mobile":{"background-color":"var(--ast-global-color-4)","background-image":"","background-repeat":"repeat","background-position":"center center","background-size":"auto","background-attachment":"scroll","background-type":"","background-media":"","overlay-type":"","overlay-color":"","overlay-opacity":"","overlay-gradient":""}},"footnotes":""},"categories":[1],"tags":[],"class_list":["post-51668","post","type-post","status-publish","format-standard","hentry","category-sem-categoria"],"yoast_head":"<!-- This site is optimized with the Yoast SEO plugin v26.6 - https:\/\/yoast.com\/wordpress\/plugins\/seo\/ -->\n<title>Jair Bolsonaro desembarcar\u00e1 em S\u00e3o Lu\u00eds dia 16 de junho para ato pol\u00edtico no Multicenter Sebrae - Daniel Matos<\/title>\n<meta name=\"robots\" content=\"index, follow, max-snippet:-1, max-image-preview:large, max-video-preview:-1\" \/>\n<link rel=\"canonical\" href=\"https:\/\/www.blogsoestado.com\/danielmatos\/jair-bolsonaro-desembarcara-em-sao-luis-dia-16-de-junho-para-ato-politico-no-multicenter-sebrae\/\" \/>\n<meta property=\"og:locale\" content=\"pt_BR\" \/>\n<meta property=\"og:type\" content=\"article\" \/>\n<meta property=\"og:title\" content=\"Jair Bolsonaro desembarcar\u00e1 em S\u00e3o Lu\u00eds dia 16 de junho para ato pol\u00edtico no Multicenter Sebrae - Daniel Matos\" \/>\n<meta property=\"og:description\" content=\"O deputado federal e pr\u00e9-candidato \u00e0 Presid\u00eancia da Rep\u00fablica Jair Bolsonaro (PSL-RJ) desembarcar\u00e1 em S\u00e3o Lu\u00eds no dia 16 de [&hellip;]\" \/>\n<meta property=\"og:url\" content=\"https:\/\/www.blogsoestado.com\/danielmatos\/jair-bolsonaro-desembarcara-em-sao-luis-dia-16-de-junho-para-ato-politico-no-multicenter-sebrae\/\" \/>\n<meta property=\"og:site_name\" content=\"Daniel Matos\" \/>\n<meta property=\"article:published_time\" content=\"2018-05-24T18:21:28+00:00\" \/>\n<meta property=\"og:image\" content=\"https:\/\/www.blogsoestado.com\/danielmatos\/files\/2018\/05\/bolsonaro-slz.png\" \/>\n<meta name=\"twitter:card\" content=\"summary_large_image\" \/>\n<meta name=\"twitter:label1\" content=\"Est. tempo de leitura\" \/>\n\t<meta name=\"twitter:data1\" content=\"1 minuto\" \/>\n<script type=\"application\/ld+json\" class=\"yoast-schema-graph\">{\"@context\":\"https:\/\/schema.org\",\"@graph\":[{\"@type\":\"WebPage\",\"@id\":\"https:\/\/www.blogsoestado.com\/danielmatos\/jair-bolsonaro-desembarcara-em-sao-luis-dia-16-de-junho-para-ato-politico-no-multicenter-sebrae\/\",\"url\":\"https:\/\/www.blogsoestado.com\/danielmatos\/jair-bolsonaro-desembarcara-em-sao-luis-dia-16-de-junho-para-ato-politico-no-multicenter-sebrae\/\",\"name\":\"Jair Bolsonaro desembarcar\u00e1 em S\u00e3o Lu\u00eds dia 16 de junho para ato pol\u00edtico no Multicenter Sebrae - Daniel Matos\",\"isPartOf\":{\"@id\":\"https:\/\/www.blogsoestado.com\/danielmatos\/#website\"},\"primaryImageOfPage\":{\"@id\":\"https:\/\/www.blogsoestado.com\/danielmatos\/jair-bolsonaro-desembarcara-em-sao-luis-dia-16-de-junho-para-ato-politico-no-multicenter-sebrae\/#primaryimage\"},\"image\":{\"@id\":\"https:\/\/www.blogsoestado.com\/danielmatos\/jair-bolsonaro-desembarcara-em-sao-luis-dia-16-de-junho-para-ato-politico-no-multicenter-sebrae\/#primaryimage\"},\"thumbnailUrl\":\"https:\/\/www.blogsoestado.com\/danielmatos\/files\/2018\/05\/bolsonaro-slz.png\",\"datePublished\":\"2018-05-24T18:21:28+00:00\",\"author\":{\"@id\":\"\"},\"breadcrumb\":{\"@id\":\"https:\/\/www.blogsoestado.com\/danielmatos\/jair-bolsonaro-desembarcara-em-sao-luis-dia-16-de-junho-para-ato-politico-no-multicenter-sebrae\/#breadcrumb\"},\"inLanguage\":\"pt-BR\",\"potentialAction\":[{\"@type\":\"ReadAction\",\"target\":[\"https:\/\/www.blogsoestado.com\/danielmatos\/jair-bolsonaro-desembarcara-em-sao-luis-dia-16-de-junho-para-ato-politico-no-multicenter-sebrae\/\"]}]},{\"@type\":\"ImageObject\",\"inLanguage\":\"pt-BR\",\"@id\":\"https:\/\/www.blogsoestado.com\/danielmatos\/jair-bolsonaro-desembarcara-em-sao-luis-dia-16-de-junho-para-ato-politico-no-multicenter-sebrae\/#primaryimage\",\"url\":\"https:\/\/www.blogsoestado.com\/danielmatos\/files\/2018\/05\/bolsonaro-slz.png\",\"contentUrl\":\"https:\/\/www.blogsoestado.com\/danielmatos\/files\/2018\/05\/bolsonaro-slz.png\"},{\"@type\":\"BreadcrumbList\",\"@id\":\"https:\/\/www.blogsoestado.com\/danielmatos\/jair-bolsonaro-desembarcara-em-sao-luis-dia-16-de-junho-para-ato-politico-no-multicenter-sebrae\/#breadcrumb\",\"itemListElement\":[{\"@type\":\"ListItem\",\"position\":1,\"name\":\"In\u00edcio\",\"item\":\"https:\/\/www.blogsoestado.com\/danielmatos\/\"},{\"@type\":\"ListItem\",\"position\":2,\"name\":\"Jair Bolsonaro desembarcar\u00e1 em S\u00e3o Lu\u00eds dia 16 de junho para ato pol\u00edtico no Multicenter Sebrae\"}]},{\"@type\":\"WebSite\",\"@id\":\"https:\/\/www.blogsoestado.com\/danielmatos\/#website\",\"url\":\"https:\/\/www.blogsoestado.com\/danielmatos\/\",\"name\":\"Daniel Matos\",\"description\":\"\",\"potentialAction\":[{\"@type\":\"SearchAction\",\"target\":{\"@type\":\"EntryPoint\",\"urlTemplate\":\"https:\/\/www.blogsoestado.com\/danielmatos\/?s={search_term_string}\"},\"query-input\":{\"@type\":\"PropertyValueSpecification\",\"valueRequired\":true,\"valueName\":\"search_term_string\"}}],\"inLanguage\":\"pt-BR\"}]}<\/script>\n<!-- \/ Yoast SEO plugin. -->","yoast_head_json":{"title":"Jair Bolsonaro desembarcar\u00e1 em S\u00e3o Lu\u00eds dia 16 de junho para ato pol\u00edtico no Multicenter Sebrae - Daniel Matos","robots":{"index":"index","follow":"follow","max-snippet":"max-snippet:-1","max-image-preview":"max-image-preview:large","max-video-preview":"max-video-preview:-1"},"canonical":"https:\/\/www.blogsoestado.com\/danielmatos\/jair-bolsonaro-desembarcara-em-sao-luis-dia-16-de-junho-para-ato-politico-no-multicenter-sebrae\/","og_locale":"pt_BR","og_type":"article","og_title":"Jair Bolsonaro desembarcar\u00e1 em S\u00e3o Lu\u00eds dia 16 de junho para ato pol\u00edtico no Multicenter Sebrae - Daniel Matos","og_description":"O deputado federal e pr\u00e9-candidato \u00e0 Presid\u00eancia da Rep\u00fablica Jair Bolsonaro (PSL-RJ) desembarcar\u00e1 em S\u00e3o Lu\u00eds no dia 16 de [&hellip;]","og_url":"https:\/\/www.blogsoestado.com\/danielmatos\/jair-bolsonaro-desembarcara-em-sao-luis-dia-16-de-junho-para-ato-politico-no-multicenter-sebrae\/","og_site_name":"Daniel Matos","article_published_time":"2018-05-24T18:21:28+00:00","og_image":[{"url":"https:\/\/www.blogsoestado.com\/danielmatos\/files\/2018\/05\/bolsonaro-slz.png","type":"","width":"","height":""}],"twitter_card":"summary_large_image","twitter_misc":{"Est. tempo de leitura":"1 minuto"},"schema":{"@context":"https:\/\/schema.org","@graph":[{"@type":"WebPage","@id":"https:\/\/www.blogsoestado.com\/danielmatos\/jair-bolsonaro-desembarcara-em-sao-luis-dia-16-de-junho-para-ato-politico-no-multicenter-sebrae\/","url":"https:\/\/www.blogsoestado.com\/danielmatos\/jair-bolsonaro-desembarcara-em-sao-luis-dia-16-de-junho-para-ato-politico-no-multicenter-sebrae\/","name":"Jair Bolsonaro desembarcar\u00e1 em S\u00e3o Lu\u00eds dia 16 de junho para ato pol\u00edtico no Multicenter Sebrae - Daniel Matos","isPartOf":{"@id":"https:\/\/www.blogsoestado.com\/danielmatos\/#website"},"primaryImageOfPage":{"@id":"https:\/\/www.blogsoestado.com\/danielmatos\/jair-bolsonaro-desembarcara-em-sao-luis-dia-16-de-junho-para-ato-politico-no-multicenter-sebrae\/#primaryimage"},"image":{"@id":"https:\/\/www.blogsoestado.com\/danielmatos\/jair-bolsonaro-desembarcara-em-sao-luis-dia-16-de-junho-para-ato-politico-no-multicenter-sebrae\/#primaryimage"},"thumbnailUrl":"https:\/\/www.blogsoestado.com\/danielmatos\/files\/2018\/05\/bolsonaro-slz.png","datePublished":"2018-05-24T18:21:28+00:00","author":{"@id":""},"breadcrumb":{"@id":"https:\/\/www.blogsoestado.com\/danielmatos\/jair-bolsonaro-desembarcara-em-sao-luis-dia-16-de-junho-para-ato-politico-no-multicenter-sebrae\/#breadcrumb"},"inLanguage":"pt-BR","potentialAction":[{"@type":"ReadAction","target":["https:\/\/www.blogsoestado.com\/danielmatos\/jair-bolsonaro-desembarcara-em-sao-luis-dia-16-de-junho-para-ato-politico-no-multicenter-sebrae\/"]}]},{"@type":"ImageObject","inLanguage":"pt-BR","@id":"https:\/\/www.blogsoestado.com\/danielmatos\/jair-bolsonaro-desembarcara-em-sao-luis-dia-16-de-junho-para-ato-politico-no-multicenter-sebrae\/#primaryimage","url":"https:\/\/www.blogsoestado.com\/danielmatos\/files\/2018\/05\/bolsonaro-slz.png","contentUrl":"https:\/\/www.blogsoestado.com\/danielmatos\/files\/2018\/05\/bolsonaro-slz.png"},{"@type":"BreadcrumbList","@id":"https:\/\/www.blogsoestado.com\/danielmatos\/jair-bolsonaro-desembarcara-em-sao-luis-dia-16-de-junho-para-ato-politico-no-multicenter-sebrae\/#breadcrumb","itemListElement":[{"@type":"ListItem","position":1,"name":"In\u00edcio","item":"https:\/\/www.blogsoestado.com\/danielmatos\/"},{"@type":"ListItem","position":2,"name":"Jair Bolsonaro desembarcar\u00e1 em S\u00e3o Lu\u00eds dia 16 de junho para ato pol\u00edtico no Multicenter Sebrae"}]},{"@type":"WebSite","@id":"https:\/\/www.blogsoestado.com\/danielmatos\/#website","url":"https:\/\/www.blogsoestado.com\/danielmatos\/","name":"Daniel Matos","description":"","potentialAction":[{"@type":"SearchAction","target":{"@type":"EntryPoint","urlTemplate":"https:\/\/www.blogsoestado.com\/danielmatos\/?s={search_term_string}"},"query-input":{"@type":"PropertyValueSpecification","valueRequired":true,"valueName":"search_term_string"}}],"inLanguage":"pt-BR"}]}},"jetpack_featured_media_url":"","_links":{"self":[{"href":"https:\/\/www.blogsoestado.com\/danielmatos\/wp-json\/wp\/v2\/posts\/51668","targetHints":{"allow":["GET"]}}],"collection":[{"href":"https:\/\/www.blogsoestado.com\/danielmatos\/wp-json\/wp\/v2\/posts"}],"about":[{"href":"https:\/\/www.blogsoestado.com\/danielmatos\/wp-json\/wp\/v2\/types\/post"}],"replies":[{"embeddable":true,"href":"https:\/\/www.blogsoestado.com\/danielmatos\/wp-json\/wp\/v2\/comments?post=51668"}],"version-history":[{"count":0,"href":"https:\/\/www.blogsoestado.com\/danielmatos\/wp-json\/wp\/v2\/posts\/51668\/revisions"}],"wp:attachment":[{"href":"https:\/\/www.blogsoestado.com\/danielmatos\/wp-json\/wp\/v2\/media?parent=51668"}],"wp:term":[{"taxonomy":"category","embeddable":true,"href":"https:\/\/www.blogsoestado.com\/danielmatos\/wp-json\/wp\/v2\/categories?post=51668"},{"taxonomy":"post_tag","embeddable":true,"href":"https:\/\/www.blogsoestado.com\/danielmatos\/wp-json\/wp\/v2\/tags?post=51668"}],"curies":[{"name":"wp","href":"https:\/\/api.w.org\/{rel}","templated":true}]}}