{"id":51682,"date":"2018-05-25T11:59:14","date_gmt":"2018-05-25T14:59:14","guid":{"rendered":"https:\/\/www.blogsoestado.com\/danielmatos\/?p=51682"},"modified":"2018-05-25T11:59:14","modified_gmt":"2018-05-25T14:59:14","slug":"porto-do-itaqui-parado-por-tempo-indeterminado","status":"publish","type":"post","link":"https:\/\/www.blogsoestado.com\/danielmatos\/porto-do-itaqui-parado-por-tempo-indeterminado\/","title":{"rendered":"Porto do Itaqui parado por tempo indeterminado"},"content":{"rendered":"<h2><span style=\"color: #ff0000;\">Operadores portu\u00e1rios vinculados a sindicatos entram em greve, bloqueiam acesso \u00e0 \u00e1rea portu\u00e1ria e garantem que s\u00f3 voltar\u00e3o ao trabalho ap\u00f3s negocia\u00e7\u00e3o com empresas<\/span><\/h2>\n<figure id=\"attachment_51683\" aria-describedby=\"caption-attachment-51683\" style=\"width: 640px\" class=\"wp-caption aligncenter\"><img fetchpriority=\"high\" decoding=\"async\" class=\"size-full wp-image-51683\" src=\"https:\/\/www.blogsoestado.com\/danielmatos\/files\/2018\/05\/porto-stop.jpg\" alt=\"\" width=\"640\" height=\"480\" \/><figcaption id=\"caption-attachment-51683\" class=\"wp-caption-text\">Operadores portu\u00e1rios avulsos posicionados no acesso ao Porto do Itaqui, exibindo faixas com mensagens de apoio \u00e0 greve dos caminhoneiros e de rep\u00fadio \u00e0 reforma da previd\u00eancia<\/figcaption><\/figure>\n<p>Centenas de trabalhadores portu\u00e1rios avulsos vinculados aos sindicatos do Arrumadores e dos Conferentes de S\u00e3o Lu\u00eds deflagraram, nas primeiras horas desta sexta-feira (25), uma greve por tempo indeterminado. Os grevistas reivindicam o cumprimento de direitos trabalhistas previstos na rela\u00e7\u00e3o contratual firmada com as empresas que operam os navios no terminal. Exibindo faixas com mensagens de apoio \u00e0 greve dos caminhoneiros e de rep\u00fadio \u00e0 reforma da previd\u00eancia, os trabalhadores garantiram que s\u00f3 retornar\u00e3o \u00e0s atividades ap\u00f3s di\u00e1logo com os patr\u00f5es e atendimento das suas demandas.<\/p>\n<p>Os trabalhadores portu\u00e1rios avulsos apresentaram a seguinte pauta de reivindica\u00e7\u00f5es: efetiva\u00e7\u00e3o de itens do acordo coletivo firmado com as empresas;\u00a0retroativo do \u00edndice salarial, com o ganho real;\u00a0homologa\u00e7\u00e3o anual junto ao sindicato patronal (Sindicato dos Operadores Portu\u00e1rios do Estado do Maranh\u00e3o &#8211; Sindomar),\u00a0com negocia\u00e7\u00e3o direta, respeitando a base; e conven\u00e7\u00e3o coletiva junto ao Sindomar.<\/p>\n<p>Segundo os sindicatos que est\u00e3o \u00e0 frente da paralisa\u00e7\u00e3o, cerca de 250 trabalhadores portu\u00e1rios avulsos aderiram ao movimento, at\u00e9 agora, mas h\u00e1 previs\u00e3o de que outros se juntem \u00e0 greve. De acordo com as entidades, enquanto n\u00e3o for aberta negocia\u00e7\u00e3o, os trabalhadores n\u00e3o executar\u00e3o as opera\u00e7\u00f5es de carga dos quatro navios atracados no porto hoje, de responsabilidade das empresas (operadoras) G5 (carga de celulose), Brasil (fertilizante), Copi (fertilizante) e um quarto navio, cuja operadora n\u00e3o foi informada, nem a carga.<\/p>\n<figure id=\"attachment_51684\" aria-describedby=\"caption-attachment-51684\" style=\"width: 336px\" class=\"wp-caption alignright\"><img decoding=\"async\" class=\"size-full wp-image-51684\" src=\"https:\/\/www.blogsoestado.com\/danielmatos\/files\/2018\/05\/porto-stop2.jpg\" alt=\"\" width=\"336\" height=\"448\" \/><figcaption id=\"caption-attachment-51684\" class=\"wp-caption-text\">Em greve, trabalhadores se preparam para assar churrasco na \u00e1rea portu\u00e1ria<\/figcaption><\/figure>\n<p>Desde as 6h, os grevistas est\u00e3o posicionados em frente ao port\u00e3o principal do Porto do Itaqui. Segundo a Empresa Maranhense de Administra\u00e7\u00e3o Portu\u00e1ria (Emap), eles est\u00e3o bloqueando o acesso ao terminal. A estatal informa que est\u00e3o sendo tomadas as provid\u00eancias para garantir o direito de ir e vir e a seguran\u00e7a.<\/p>\n<p><strong>Nota da Emap na \u00edntegra<\/strong><\/p>\n<p>A Empresa Maranhense de Administra\u00e7\u00e3o Portu\u00e1ria (Emap) informa que trabalhadores portu\u00e1rios da categoria arrumadores paralisaram as atividades na manh\u00e3 desta sexta-feira, 25, com bloqueio de acesso ao Porto do Itaqui. Est\u00e3o sendo tomadas as provid\u00eancias necess\u00e1rias para garantir o pleno direito de ir e vir e a seguran\u00e7a das pessoas e do patrim\u00f4nio p\u00fablico.<\/p>\n<p>A paralisa\u00e7\u00e3o desses trabalhadores avulsos afeta neste momento somente a movimenta\u00e7\u00e3o de fertilizantes, impactada desde ontem pela greve dos caminhoneiros.<\/p>\n<p>A Emap acompanha os acontecimentos na expectativa de que as quest\u00f5es entre sindicatos de trabalhadores e operadores portu\u00e1rios sejam resolvidas o mais breve poss\u00edvel.<\/p>\n","protected":false},"excerpt":{"rendered":"<p>Operadores portu\u00e1rios vinculados a sindicatos entram em greve, bloqueiam acesso \u00e0 \u00e1rea portu\u00e1ria e garantem que s\u00f3 voltar\u00e3o ao trabalho [&hellip;]<\/p>\n","protected":false},"author":0,"featured_media":0,"comment_status":"open","ping_status":"open","sticky":false,"template":"","format":"standard","meta":{"site-sidebar-layout":"default","site-content-layout":"","ast-site-content-layout":"default","site-content-style":"default","site-sidebar-style":"default","ast-global-header-display":"","ast-banner-title-visibility":"","ast-main-header-display":"","ast-hfb-above-header-display":"","ast-hfb-below-header-display":"","ast-hfb-mobile-header-display":"","site-post-title":"","ast-breadcrumbs-content":"","ast-featured-img":"","footer-sml-layout":"","ast-disable-related-posts":"","theme-transparent-header-meta":"","adv-header-id-meta":"","stick-header-meta":"","header-above-stick-meta":"","header-main-stick-meta":"","header-below-stick-meta":"","astra-migrate-meta-layouts":"default","ast-page-background-enabled":"default","ast-page-background-meta":{"desktop":{"background-color":"var(--ast-global-color-5)","background-image":"","background-repeat":"repeat","background-position":"center center","background-size":"auto","background-attachment":"scroll","background-type":"","background-media":"","overlay-type":"","overlay-color":"","overlay-opacity":"","overlay-gradient":""},"tablet":{"background-color":"","background-image":"","background-repeat":"repeat","background-position":"center center","background-size":"auto","background-attachment":"scroll","background-type":"","background-media":"","overlay-type":"","overlay-color":"","overlay-opacity":"","overlay-gradient":""},"mobile":{"background-color":"","background-image":"","background-repeat":"repeat","background-position":"center center","background-size":"auto","background-attachment":"scroll","background-type":"","background-media":"","overlay-type":"","overlay-color":"","overlay-opacity":"","overlay-gradient":""}},"ast-content-background-meta":{"desktop":{"background-color":"var(--ast-global-color-4)","background-image":"","background-repeat":"repeat","background-position":"center center","background-size":"auto","background-attachment":"scroll","background-type":"","background-media":"","overlay-type":"","overlay-color":"","overlay-opacity":"","overlay-gradient":""},"tablet":{"background-color":"var(--ast-global-color-4)","background-image":"","background-repeat":"repeat","background-position":"center center","background-size":"auto","background-attachment":"scroll","background-type":"","background-media":"","overlay-type":"","overlay-color":"","overlay-opacity":"","overlay-gradient":""},"mobile":{"background-color":"var(--ast-global-color-4)","background-image":"","background-repeat":"repeat","background-position":"center center","background-size":"auto","background-attachment":"scroll","background-type":"","background-media":"","overlay-type":"","overlay-color":"","overlay-opacity":"","overlay-gradient":""}},"footnotes":""},"categories":[1],"tags":[],"class_list":["post-51682","post","type-post","status-publish","format-standard","hentry","category-sem-categoria"],"yoast_head":"<!-- This site is optimized with the Yoast SEO plugin v26.6 - https:\/\/yoast.com\/wordpress\/plugins\/seo\/ -->\n<title>Porto do Itaqui parado por tempo indeterminado - Daniel Matos<\/title>\n<meta name=\"robots\" content=\"index, follow, max-snippet:-1, max-image-preview:large, max-video-preview:-1\" \/>\n<link rel=\"canonical\" href=\"https:\/\/www.blogsoestado.com\/danielmatos\/porto-do-itaqui-parado-por-tempo-indeterminado\/\" \/>\n<meta property=\"og:locale\" content=\"pt_BR\" \/>\n<meta property=\"og:type\" content=\"article\" \/>\n<meta property=\"og:title\" content=\"Porto do Itaqui parado por tempo indeterminado - Daniel Matos\" \/>\n<meta property=\"og:description\" content=\"Operadores portu\u00e1rios vinculados a sindicatos entram em greve, bloqueiam acesso \u00e0 \u00e1rea portu\u00e1ria e garantem que s\u00f3 voltar\u00e3o ao trabalho [&hellip;]\" \/>\n<meta property=\"og:url\" content=\"https:\/\/www.blogsoestado.com\/danielmatos\/porto-do-itaqui-parado-por-tempo-indeterminado\/\" \/>\n<meta property=\"og:site_name\" content=\"Daniel Matos\" \/>\n<meta property=\"article:published_time\" content=\"2018-05-25T14:59:14+00:00\" \/>\n<meta property=\"og:image\" content=\"https:\/\/www.blogsoestado.com\/danielmatos\/files\/2018\/05\/porto-stop.jpg\" \/>\n<meta name=\"twitter:card\" content=\"summary_large_image\" \/>\n<meta name=\"twitter:label1\" content=\"Est. tempo de leitura\" \/>\n\t<meta name=\"twitter:data1\" content=\"3 minutos\" \/>\n<script type=\"application\/ld+json\" class=\"yoast-schema-graph\">{\"@context\":\"https:\/\/schema.org\",\"@graph\":[{\"@type\":\"WebPage\",\"@id\":\"https:\/\/www.blogsoestado.com\/danielmatos\/porto-do-itaqui-parado-por-tempo-indeterminado\/\",\"url\":\"https:\/\/www.blogsoestado.com\/danielmatos\/porto-do-itaqui-parado-por-tempo-indeterminado\/\",\"name\":\"Porto do Itaqui parado por tempo indeterminado - Daniel Matos\",\"isPartOf\":{\"@id\":\"https:\/\/www.blogsoestado.com\/danielmatos\/#website\"},\"primaryImageOfPage\":{\"@id\":\"https:\/\/www.blogsoestado.com\/danielmatos\/porto-do-itaqui-parado-por-tempo-indeterminado\/#primaryimage\"},\"image\":{\"@id\":\"https:\/\/www.blogsoestado.com\/danielmatos\/porto-do-itaqui-parado-por-tempo-indeterminado\/#primaryimage\"},\"thumbnailUrl\":\"https:\/\/www.blogsoestado.com\/danielmatos\/files\/2018\/05\/porto-stop.jpg\",\"datePublished\":\"2018-05-25T14:59:14+00:00\",\"author\":{\"@id\":\"\"},\"breadcrumb\":{\"@id\":\"https:\/\/www.blogsoestado.com\/danielmatos\/porto-do-itaqui-parado-por-tempo-indeterminado\/#breadcrumb\"},\"inLanguage\":\"pt-BR\",\"potentialAction\":[{\"@type\":\"ReadAction\",\"target\":[\"https:\/\/www.blogsoestado.com\/danielmatos\/porto-do-itaqui-parado-por-tempo-indeterminado\/\"]}]},{\"@type\":\"ImageObject\",\"inLanguage\":\"pt-BR\",\"@id\":\"https:\/\/www.blogsoestado.com\/danielmatos\/porto-do-itaqui-parado-por-tempo-indeterminado\/#primaryimage\",\"url\":\"https:\/\/www.blogsoestado.com\/danielmatos\/files\/2018\/05\/porto-stop.jpg\",\"contentUrl\":\"https:\/\/www.blogsoestado.com\/danielmatos\/files\/2018\/05\/porto-stop.jpg\"},{\"@type\":\"BreadcrumbList\",\"@id\":\"https:\/\/www.blogsoestado.com\/danielmatos\/porto-do-itaqui-parado-por-tempo-indeterminado\/#breadcrumb\",\"itemListElement\":[{\"@type\":\"ListItem\",\"position\":1,\"name\":\"In\u00edcio\",\"item\":\"https:\/\/www.blogsoestado.com\/danielmatos\/\"},{\"@type\":\"ListItem\",\"position\":2,\"name\":\"Porto do Itaqui parado por tempo indeterminado\"}]},{\"@type\":\"WebSite\",\"@id\":\"https:\/\/www.blogsoestado.com\/danielmatos\/#website\",\"url\":\"https:\/\/www.blogsoestado.com\/danielmatos\/\",\"name\":\"Daniel Matos\",\"description\":\"\",\"potentialAction\":[{\"@type\":\"SearchAction\",\"target\":{\"@type\":\"EntryPoint\",\"urlTemplate\":\"https:\/\/www.blogsoestado.com\/danielmatos\/?s={search_term_string}\"},\"query-input\":{\"@type\":\"PropertyValueSpecification\",\"valueRequired\":true,\"valueName\":\"search_term_string\"}}],\"inLanguage\":\"pt-BR\"}]}<\/script>\n<!-- \/ Yoast SEO plugin. -->","yoast_head_json":{"title":"Porto do Itaqui parado por tempo indeterminado - Daniel Matos","robots":{"index":"index","follow":"follow","max-snippet":"max-snippet:-1","max-image-preview":"max-image-preview:large","max-video-preview":"max-video-preview:-1"},"canonical":"https:\/\/www.blogsoestado.com\/danielmatos\/porto-do-itaqui-parado-por-tempo-indeterminado\/","og_locale":"pt_BR","og_type":"article","og_title":"Porto do Itaqui parado por tempo indeterminado - Daniel Matos","og_description":"Operadores portu\u00e1rios vinculados a sindicatos entram em greve, bloqueiam acesso \u00e0 \u00e1rea portu\u00e1ria e garantem que s\u00f3 voltar\u00e3o ao trabalho [&hellip;]","og_url":"https:\/\/www.blogsoestado.com\/danielmatos\/porto-do-itaqui-parado-por-tempo-indeterminado\/","og_site_name":"Daniel Matos","article_published_time":"2018-05-25T14:59:14+00:00","og_image":[{"url":"https:\/\/www.blogsoestado.com\/danielmatos\/files\/2018\/05\/porto-stop.jpg","type":"","width":"","height":""}],"twitter_card":"summary_large_image","twitter_misc":{"Est. tempo de leitura":"3 minutos"},"schema":{"@context":"https:\/\/schema.org","@graph":[{"@type":"WebPage","@id":"https:\/\/www.blogsoestado.com\/danielmatos\/porto-do-itaqui-parado-por-tempo-indeterminado\/","url":"https:\/\/www.blogsoestado.com\/danielmatos\/porto-do-itaqui-parado-por-tempo-indeterminado\/","name":"Porto do Itaqui parado por tempo indeterminado - Daniel Matos","isPartOf":{"@id":"https:\/\/www.blogsoestado.com\/danielmatos\/#website"},"primaryImageOfPage":{"@id":"https:\/\/www.blogsoestado.com\/danielmatos\/porto-do-itaqui-parado-por-tempo-indeterminado\/#primaryimage"},"image":{"@id":"https:\/\/www.blogsoestado.com\/danielmatos\/porto-do-itaqui-parado-por-tempo-indeterminado\/#primaryimage"},"thumbnailUrl":"https:\/\/www.blogsoestado.com\/danielmatos\/files\/2018\/05\/porto-stop.jpg","datePublished":"2018-05-25T14:59:14+00:00","author":{"@id":""},"breadcrumb":{"@id":"https:\/\/www.blogsoestado.com\/danielmatos\/porto-do-itaqui-parado-por-tempo-indeterminado\/#breadcrumb"},"inLanguage":"pt-BR","potentialAction":[{"@type":"ReadAction","target":["https:\/\/www.blogsoestado.com\/danielmatos\/porto-do-itaqui-parado-por-tempo-indeterminado\/"]}]},{"@type":"ImageObject","inLanguage":"pt-BR","@id":"https:\/\/www.blogsoestado.com\/danielmatos\/porto-do-itaqui-parado-por-tempo-indeterminado\/#primaryimage","url":"https:\/\/www.blogsoestado.com\/danielmatos\/files\/2018\/05\/porto-stop.jpg","contentUrl":"https:\/\/www.blogsoestado.com\/danielmatos\/files\/2018\/05\/porto-stop.jpg"},{"@type":"BreadcrumbList","@id":"https:\/\/www.blogsoestado.com\/danielmatos\/porto-do-itaqui-parado-por-tempo-indeterminado\/#breadcrumb","itemListElement":[{"@type":"ListItem","position":1,"name":"In\u00edcio","item":"https:\/\/www.blogsoestado.com\/danielmatos\/"},{"@type":"ListItem","position":2,"name":"Porto do Itaqui parado por tempo indeterminado"}]},{"@type":"WebSite","@id":"https:\/\/www.blogsoestado.com\/danielmatos\/#website","url":"https:\/\/www.blogsoestado.com\/danielmatos\/","name":"Daniel Matos","description":"","potentialAction":[{"@type":"SearchAction","target":{"@type":"EntryPoint","urlTemplate":"https:\/\/www.blogsoestado.com\/danielmatos\/?s={search_term_string}"},"query-input":{"@type":"PropertyValueSpecification","valueRequired":true,"valueName":"search_term_string"}}],"inLanguage":"pt-BR"}]}},"jetpack_featured_media_url":"","_links":{"self":[{"href":"https:\/\/www.blogsoestado.com\/danielmatos\/wp-json\/wp\/v2\/posts\/51682","targetHints":{"allow":["GET"]}}],"collection":[{"href":"https:\/\/www.blogsoestado.com\/danielmatos\/wp-json\/wp\/v2\/posts"}],"about":[{"href":"https:\/\/www.blogsoestado.com\/danielmatos\/wp-json\/wp\/v2\/types\/post"}],"replies":[{"embeddable":true,"href":"https:\/\/www.blogsoestado.com\/danielmatos\/wp-json\/wp\/v2\/comments?post=51682"}],"version-history":[{"count":0,"href":"https:\/\/www.blogsoestado.com\/danielmatos\/wp-json\/wp\/v2\/posts\/51682\/revisions"}],"wp:attachment":[{"href":"https:\/\/www.blogsoestado.com\/danielmatos\/wp-json\/wp\/v2\/media?parent=51682"}],"wp:term":[{"taxonomy":"category","embeddable":true,"href":"https:\/\/www.blogsoestado.com\/danielmatos\/wp-json\/wp\/v2\/categories?post=51682"},{"taxonomy":"post_tag","embeddable":true,"href":"https:\/\/www.blogsoestado.com\/danielmatos\/wp-json\/wp\/v2\/tags?post=51682"}],"curies":[{"name":"wp","href":"https:\/\/api.w.org\/{rel}","templated":true}]}}