{"id":51693,"date":"2018-05-25T14:27:27","date_gmt":"2018-05-25T17:27:27","guid":{"rendered":"https:\/\/www.blogsoestado.com\/danielmatos\/?p=51693"},"modified":"2018-05-25T14:27:27","modified_gmt":"2018-05-25T17:27:27","slug":"comunidade-da-liberdade-festeja-o-primeiro-centenario-do-bairro","status":"publish","type":"post","link":"https:\/\/www.blogsoestado.com\/danielmatos\/comunidade-da-liberdade-festeja-o-primeiro-centenario-do-bairro\/","title":{"rendered":"Comunidade da Liberdade festeja o primeiro centen\u00e1rio do bairro"},"content":{"rendered":"<h2><span style=\"color: #ff0000;\">Comemora\u00e7\u00e3o ter\u00e1, ainda, blocos afro, bloco tradicional, tambor de crioula, boi de zabumba e shows com artistas oriundos do bairro<\/span><\/h2>\n<p><img fetchpriority=\"high\" decoding=\"async\" class=\"size-full wp-image-51696 alignleft\" src=\"https:\/\/www.blogsoestado.com\/danielmatos\/files\/2018\/05\/liberdade100.jpg\" alt=\"\" width=\"485\" height=\"480\" \/><\/p>\n<p>A comemora\u00e7\u00e3o do centen\u00e1rio da Liberdade come\u00e7a hoje e prossegue por todo o fim de semana, com anima\u00e7\u00e3o e diversidade cultural. Um culto ecum\u00eanico marcar\u00e1 a abertura da programa\u00e7\u00e3o, seguido de batidas de caixa, cacuri\u00e1, maracriola, seresta, bumba boi de orquestra e outras atra\u00e7\u00f5es, com \u00eanfase para a valoriza\u00e7\u00e3o da cultura maranhense.<\/p>\n<p>O principal destaque da segunda noite de programa\u00e7\u00e3o festiva ser\u00e1 o Boi da Maioba, uma das manifesta\u00e7\u00f5es folcl\u00f3ricas mais expressivas do Maranh\u00e3o. O batalh\u00e3o far\u00e1 troar suas matracas e pandeir\u00f5es \u00e0 meia-noite, tornando ainda mais grandiosa a comemora\u00e7\u00e3o, que prossegue at\u00e9 domingo (27).<\/p>\n<p>O palco da festa \u00e9 o Viva Liberdade, caprichosamente preparado pela comunidade para receber os artistas, boa parte oriunda do pr\u00f3prio bairro, como Robson Garcia e T\u00e1ssia Campos, e grupos culturais, a exemplo do Boi de Leonardo, um dos mais tradicionais do sotaque de zabumba no estado.<\/p>\n<p><b>Mobiliza\u00e7\u00e3o popular<\/b><\/p>\n<figure id=\"attachment_51697\" aria-describedby=\"caption-attachment-51697\" style=\"width: 640px\" class=\"wp-caption aligncenter\"><img decoding=\"async\" class=\"size-full wp-image-51697\" src=\"https:\/\/www.blogsoestado.com\/danielmatos\/files\/2018\/05\/freedom100.jpg\" alt=\"\" width=\"640\" height=\"362\" \/><figcaption id=\"caption-attachment-51697\" class=\"wp-caption-text\">Viva Liberdade ser\u00e1 o palco da festa em comemora\u00e7\u00e3o aos 100 anos do bairro (<strong>Foto:<\/strong> Bin\u00e9 Morais\/<strong>O Estado<\/strong>)<\/figcaption><\/figure>\n<p>Vereador de S\u00e3o Lu\u00eds, l\u00edder comunit\u00e1rio e morador da Liberdade h\u00e1 mais de 40 anos, o servidor p\u00fablico C\u00e9zar Bombeiro destaca a mobiliza\u00e7\u00e3o popular incans\u00e1vel que antecedeu a celebra\u00e7\u00e3o da data, t\u00e3o significativa para o bairro, muito mais conhecido pelo alto \u00edndice de pobreza e pela viol\u00eancia acentuada que marcam o seu cotidiano do que pelos talentos art\u00edsticos que sempre produziu. \u201cCom certeza, \u00e9 um marco para toda a nossa comunidade poder festejar o centen\u00e1rio em clima de festa e, acima de tudo, valorizando a cultura do Maranh\u00e3o\u201d, salientou.<\/p>\n<p>A defini\u00e7\u00e3o do dia 25 de maio como data de funda\u00e7\u00e3o da Liberdade se deu por meio de pesquisas e informa\u00e7\u00f5es de moradores, que relembram importantes dados deixados por parentes, muitos dos quais identificados pelas pesquisas. Tais informa\u00e7\u00f5es tornaram-se refer\u00eancias para o projeto de lei de autoria do vereador C\u00e9zar Bombeiro, aprovado por unanimidade pela C\u00e2mara Municipal de S\u00e3o Lu\u00eds, oficializando a data como anivers\u00e1rio do bairro.<\/p>\n<p><strong>Programa\u00e7\u00e3o<\/strong><\/p>\n<p><strong>Sexta-feira (25\/05)<\/strong><\/p>\n<p>18h &#8211; Culto ecum\u00eanico<\/p>\n<p>19h &#8211; Caixa de Dona Rosa<\/p>\n<p>19h30 &#8211; Cacuri\u00e1 Assacana<\/p>\n<p>20h20 &#8211; Maracriola de Nelsinho<\/p>\n<p>21h &#8211; Seresta com Som Costa<\/p>\n<p>22h &#8211; Boi Novinho Branco<\/p>\n<p>23h &#8211; Mano Tropical<\/p>\n<p>00h &#8211; T\u00e1ssia Campos<\/p>\n<p>01h &#8211; Mois\u00e9s Dias<\/p>\n<p><strong>S\u00e1bado (26\/05)<\/strong><\/p>\n<p>15h \u2013 Bloco afro Aiy\u00e9y\u00e9 Mayl\u00f4<\/p>\n<p>16h \u2013 Bloco tradicional Os Guerreiros<\/p>\n<p>17h \u2013 Bloco afro Akomabu<\/p>\n<p>19h &#8211; Tambor de Crioula Leonardo<\/p>\n<p>20h \u2013 T\u00e1ssia Campos<\/p>\n<p>21h \u2013 Mois\u00e9s Dias<\/p>\n<p>22h \u2013 Robson Garcia<\/p>\n<p>23h \u2013 Boi de Leonardo<\/p>\n<p>00h \u2013 Boi da Maioba<\/p>\n<p><strong>Domingo (27\/05)<\/strong><\/p>\n<p>14h \u2013 Sambacana<\/p>\n<p>15h &#8211; Negro J\u00f3<\/p>\n<p>16h \u2013 Bloco afro Abanj\u00e1<\/p>\n<p>17h \u2013 Andr\u00e9 Ramos<\/p>\n<p>18h \u2013 Discotecagem Reggae<\/p>\n","protected":false},"excerpt":{"rendered":"<p>Comemora\u00e7\u00e3o ter\u00e1, ainda, blocos afro, bloco tradicional, tambor de crioula, boi de zabumba e shows com artistas oriundos do bairro [&hellip;]<\/p>\n","protected":false},"author":0,"featured_media":0,"comment_status":"open","ping_status":"open","sticky":false,"template":"","format":"standard","meta":{"site-sidebar-layout":"default","site-content-layout":"","ast-site-content-layout":"default","site-content-style":"default","site-sidebar-style":"default","ast-global-header-display":"","ast-banner-title-visibility":"","ast-main-header-display":"","ast-hfb-above-header-display":"","ast-hfb-below-header-display":"","ast-hfb-mobile-header-display":"","site-post-title":"","ast-breadcrumbs-content":"","ast-featured-img":"","footer-sml-layout":"","ast-disable-related-posts":"","theme-transparent-header-meta":"","adv-header-id-meta":"","stick-header-meta":"","header-above-stick-meta":"","header-main-stick-meta":"","header-below-stick-meta":"","astra-migrate-meta-layouts":"default","ast-page-background-enabled":"default","ast-page-background-meta":{"desktop":{"background-color":"var(--ast-global-color-5)","background-image":"","background-repeat":"repeat","background-position":"center center","background-size":"auto","background-attachment":"scroll","background-type":"","background-media":"","overlay-type":"","overlay-color":"","overlay-opacity":"","overlay-gradient":""},"tablet":{"background-color":"","background-image":"","background-repeat":"repeat","background-position":"center center","background-size":"auto","background-attachment":"scroll","background-type":"","background-media":"","overlay-type":"","overlay-color":"","overlay-opacity":"","overlay-gradient":""},"mobile":{"background-color":"","background-image":"","background-repeat":"repeat","background-position":"center center","background-size":"auto","background-attachment":"scroll","background-type":"","background-media":"","overlay-type":"","overlay-color":"","overlay-opacity":"","overlay-gradient":""}},"ast-content-background-meta":{"desktop":{"background-color":"var(--ast-global-color-4)","background-image":"","background-repeat":"repeat","background-position":"center center","background-size":"auto","background-attachment":"scroll","background-type":"","background-media":"","overlay-type":"","overlay-color":"","overlay-opacity":"","overlay-gradient":""},"tablet":{"background-color":"var(--ast-global-color-4)","background-image":"","background-repeat":"repeat","background-position":"center center","background-size":"auto","background-attachment":"scroll","background-type":"","background-media":"","overlay-type":"","overlay-color":"","overlay-opacity":"","overlay-gradient":""},"mobile":{"background-color":"var(--ast-global-color-4)","background-image":"","background-repeat":"repeat","background-position":"center center","background-size":"auto","background-attachment":"scroll","background-type":"","background-media":"","overlay-type":"","overlay-color":"","overlay-opacity":"","overlay-gradient":""}},"footnotes":""},"categories":[1],"tags":[],"class_list":["post-51693","post","type-post","status-publish","format-standard","hentry","category-sem-categoria"],"yoast_head":"<!-- This site is optimized with the Yoast SEO plugin v26.6 - https:\/\/yoast.com\/wordpress\/plugins\/seo\/ -->\n<title>Comunidade da Liberdade festeja o primeiro centen\u00e1rio do bairro - Daniel Matos<\/title>\n<meta name=\"robots\" content=\"index, follow, max-snippet:-1, max-image-preview:large, max-video-preview:-1\" \/>\n<link rel=\"canonical\" href=\"https:\/\/www.blogsoestado.com\/danielmatos\/comunidade-da-liberdade-festeja-o-primeiro-centenario-do-bairro\/\" \/>\n<meta property=\"og:locale\" content=\"pt_BR\" \/>\n<meta property=\"og:type\" content=\"article\" \/>\n<meta property=\"og:title\" content=\"Comunidade da Liberdade festeja o primeiro centen\u00e1rio do bairro - Daniel Matos\" \/>\n<meta property=\"og:description\" content=\"Comemora\u00e7\u00e3o ter\u00e1, ainda, blocos afro, bloco tradicional, tambor de crioula, boi de zabumba e shows com artistas oriundos do bairro [&hellip;]\" \/>\n<meta property=\"og:url\" content=\"https:\/\/www.blogsoestado.com\/danielmatos\/comunidade-da-liberdade-festeja-o-primeiro-centenario-do-bairro\/\" \/>\n<meta property=\"og:site_name\" content=\"Daniel Matos\" \/>\n<meta property=\"article:published_time\" content=\"2018-05-25T17:27:27+00:00\" \/>\n<meta property=\"og:image\" content=\"https:\/\/www.blogsoestado.com\/danielmatos\/files\/2018\/05\/liberdade100.jpg\" \/>\n<meta name=\"twitter:card\" content=\"summary_large_image\" \/>\n<meta name=\"twitter:label1\" content=\"Est. tempo de leitura\" \/>\n\t<meta name=\"twitter:data1\" content=\"2 minutos\" \/>\n<script type=\"application\/ld+json\" class=\"yoast-schema-graph\">{\"@context\":\"https:\/\/schema.org\",\"@graph\":[{\"@type\":\"WebPage\",\"@id\":\"https:\/\/www.blogsoestado.com\/danielmatos\/comunidade-da-liberdade-festeja-o-primeiro-centenario-do-bairro\/\",\"url\":\"https:\/\/www.blogsoestado.com\/danielmatos\/comunidade-da-liberdade-festeja-o-primeiro-centenario-do-bairro\/\",\"name\":\"Comunidade da Liberdade festeja o primeiro centen\u00e1rio do bairro - Daniel Matos\",\"isPartOf\":{\"@id\":\"https:\/\/www.blogsoestado.com\/danielmatos\/#website\"},\"primaryImageOfPage\":{\"@id\":\"https:\/\/www.blogsoestado.com\/danielmatos\/comunidade-da-liberdade-festeja-o-primeiro-centenario-do-bairro\/#primaryimage\"},\"image\":{\"@id\":\"https:\/\/www.blogsoestado.com\/danielmatos\/comunidade-da-liberdade-festeja-o-primeiro-centenario-do-bairro\/#primaryimage\"},\"thumbnailUrl\":\"https:\/\/www.blogsoestado.com\/danielmatos\/files\/2018\/05\/liberdade100.jpg\",\"datePublished\":\"2018-05-25T17:27:27+00:00\",\"author\":{\"@id\":\"\"},\"breadcrumb\":{\"@id\":\"https:\/\/www.blogsoestado.com\/danielmatos\/comunidade-da-liberdade-festeja-o-primeiro-centenario-do-bairro\/#breadcrumb\"},\"inLanguage\":\"pt-BR\",\"potentialAction\":[{\"@type\":\"ReadAction\",\"target\":[\"https:\/\/www.blogsoestado.com\/danielmatos\/comunidade-da-liberdade-festeja-o-primeiro-centenario-do-bairro\/\"]}]},{\"@type\":\"ImageObject\",\"inLanguage\":\"pt-BR\",\"@id\":\"https:\/\/www.blogsoestado.com\/danielmatos\/comunidade-da-liberdade-festeja-o-primeiro-centenario-do-bairro\/#primaryimage\",\"url\":\"https:\/\/www.blogsoestado.com\/danielmatos\/files\/2018\/05\/liberdade100.jpg\",\"contentUrl\":\"https:\/\/www.blogsoestado.com\/danielmatos\/files\/2018\/05\/liberdade100.jpg\"},{\"@type\":\"BreadcrumbList\",\"@id\":\"https:\/\/www.blogsoestado.com\/danielmatos\/comunidade-da-liberdade-festeja-o-primeiro-centenario-do-bairro\/#breadcrumb\",\"itemListElement\":[{\"@type\":\"ListItem\",\"position\":1,\"name\":\"In\u00edcio\",\"item\":\"https:\/\/www.blogsoestado.com\/danielmatos\/\"},{\"@type\":\"ListItem\",\"position\":2,\"name\":\"Comunidade da Liberdade festeja o primeiro centen\u00e1rio do bairro\"}]},{\"@type\":\"WebSite\",\"@id\":\"https:\/\/www.blogsoestado.com\/danielmatos\/#website\",\"url\":\"https:\/\/www.blogsoestado.com\/danielmatos\/\",\"name\":\"Daniel Matos\",\"description\":\"\",\"potentialAction\":[{\"@type\":\"SearchAction\",\"target\":{\"@type\":\"EntryPoint\",\"urlTemplate\":\"https:\/\/www.blogsoestado.com\/danielmatos\/?s={search_term_string}\"},\"query-input\":{\"@type\":\"PropertyValueSpecification\",\"valueRequired\":true,\"valueName\":\"search_term_string\"}}],\"inLanguage\":\"pt-BR\"}]}<\/script>\n<!-- \/ Yoast SEO plugin. -->","yoast_head_json":{"title":"Comunidade da Liberdade festeja o primeiro centen\u00e1rio do bairro - Daniel Matos","robots":{"index":"index","follow":"follow","max-snippet":"max-snippet:-1","max-image-preview":"max-image-preview:large","max-video-preview":"max-video-preview:-1"},"canonical":"https:\/\/www.blogsoestado.com\/danielmatos\/comunidade-da-liberdade-festeja-o-primeiro-centenario-do-bairro\/","og_locale":"pt_BR","og_type":"article","og_title":"Comunidade da Liberdade festeja o primeiro centen\u00e1rio do bairro - Daniel Matos","og_description":"Comemora\u00e7\u00e3o ter\u00e1, ainda, blocos afro, bloco tradicional, tambor de crioula, boi de zabumba e shows com artistas oriundos do bairro [&hellip;]","og_url":"https:\/\/www.blogsoestado.com\/danielmatos\/comunidade-da-liberdade-festeja-o-primeiro-centenario-do-bairro\/","og_site_name":"Daniel Matos","article_published_time":"2018-05-25T17:27:27+00:00","og_image":[{"url":"https:\/\/www.blogsoestado.com\/danielmatos\/files\/2018\/05\/liberdade100.jpg","type":"","width":"","height":""}],"twitter_card":"summary_large_image","twitter_misc":{"Est. tempo de leitura":"2 minutos"},"schema":{"@context":"https:\/\/schema.org","@graph":[{"@type":"WebPage","@id":"https:\/\/www.blogsoestado.com\/danielmatos\/comunidade-da-liberdade-festeja-o-primeiro-centenario-do-bairro\/","url":"https:\/\/www.blogsoestado.com\/danielmatos\/comunidade-da-liberdade-festeja-o-primeiro-centenario-do-bairro\/","name":"Comunidade da Liberdade festeja o primeiro centen\u00e1rio do bairro - Daniel Matos","isPartOf":{"@id":"https:\/\/www.blogsoestado.com\/danielmatos\/#website"},"primaryImageOfPage":{"@id":"https:\/\/www.blogsoestado.com\/danielmatos\/comunidade-da-liberdade-festeja-o-primeiro-centenario-do-bairro\/#primaryimage"},"image":{"@id":"https:\/\/www.blogsoestado.com\/danielmatos\/comunidade-da-liberdade-festeja-o-primeiro-centenario-do-bairro\/#primaryimage"},"thumbnailUrl":"https:\/\/www.blogsoestado.com\/danielmatos\/files\/2018\/05\/liberdade100.jpg","datePublished":"2018-05-25T17:27:27+00:00","author":{"@id":""},"breadcrumb":{"@id":"https:\/\/www.blogsoestado.com\/danielmatos\/comunidade-da-liberdade-festeja-o-primeiro-centenario-do-bairro\/#breadcrumb"},"inLanguage":"pt-BR","potentialAction":[{"@type":"ReadAction","target":["https:\/\/www.blogsoestado.com\/danielmatos\/comunidade-da-liberdade-festeja-o-primeiro-centenario-do-bairro\/"]}]},{"@type":"ImageObject","inLanguage":"pt-BR","@id":"https:\/\/www.blogsoestado.com\/danielmatos\/comunidade-da-liberdade-festeja-o-primeiro-centenario-do-bairro\/#primaryimage","url":"https:\/\/www.blogsoestado.com\/danielmatos\/files\/2018\/05\/liberdade100.jpg","contentUrl":"https:\/\/www.blogsoestado.com\/danielmatos\/files\/2018\/05\/liberdade100.jpg"},{"@type":"BreadcrumbList","@id":"https:\/\/www.blogsoestado.com\/danielmatos\/comunidade-da-liberdade-festeja-o-primeiro-centenario-do-bairro\/#breadcrumb","itemListElement":[{"@type":"ListItem","position":1,"name":"In\u00edcio","item":"https:\/\/www.blogsoestado.com\/danielmatos\/"},{"@type":"ListItem","position":2,"name":"Comunidade da Liberdade festeja o primeiro centen\u00e1rio do bairro"}]},{"@type":"WebSite","@id":"https:\/\/www.blogsoestado.com\/danielmatos\/#website","url":"https:\/\/www.blogsoestado.com\/danielmatos\/","name":"Daniel Matos","description":"","potentialAction":[{"@type":"SearchAction","target":{"@type":"EntryPoint","urlTemplate":"https:\/\/www.blogsoestado.com\/danielmatos\/?s={search_term_string}"},"query-input":{"@type":"PropertyValueSpecification","valueRequired":true,"valueName":"search_term_string"}}],"inLanguage":"pt-BR"}]}},"jetpack_featured_media_url":"","_links":{"self":[{"href":"https:\/\/www.blogsoestado.com\/danielmatos\/wp-json\/wp\/v2\/posts\/51693","targetHints":{"allow":["GET"]}}],"collection":[{"href":"https:\/\/www.blogsoestado.com\/danielmatos\/wp-json\/wp\/v2\/posts"}],"about":[{"href":"https:\/\/www.blogsoestado.com\/danielmatos\/wp-json\/wp\/v2\/types\/post"}],"replies":[{"embeddable":true,"href":"https:\/\/www.blogsoestado.com\/danielmatos\/wp-json\/wp\/v2\/comments?post=51693"}],"version-history":[{"count":0,"href":"https:\/\/www.blogsoestado.com\/danielmatos\/wp-json\/wp\/v2\/posts\/51693\/revisions"}],"wp:attachment":[{"href":"https:\/\/www.blogsoestado.com\/danielmatos\/wp-json\/wp\/v2\/media?parent=51693"}],"wp:term":[{"taxonomy":"category","embeddable":true,"href":"https:\/\/www.blogsoestado.com\/danielmatos\/wp-json\/wp\/v2\/categories?post=51693"},{"taxonomy":"post_tag","embeddable":true,"href":"https:\/\/www.blogsoestado.com\/danielmatos\/wp-json\/wp\/v2\/tags?post=51693"}],"curies":[{"name":"wp","href":"https:\/\/api.w.org\/{rel}","templated":true}]}}