{"id":51699,"date":"2018-05-25T16:12:35","date_gmt":"2018-05-25T19:12:35","guid":{"rendered":"https:\/\/www.blogsoestado.com\/danielmatos\/?p=51699"},"modified":"2018-05-25T16:12:35","modified_gmt":"2018-05-25T19:12:35","slug":"motoristas-uber-interditam-entrada-de-sao-luis","status":"publish","type":"post","link":"https:\/\/www.blogsoestado.com\/danielmatos\/motoristas-uber-interditam-entrada-de-sao-luis\/","title":{"rendered":"Motoristas Uber interditam entrada de S\u00e3o Lu\u00eds"},"content":{"rendered":"<figure id=\"attachment_51700\" aria-describedby=\"caption-attachment-51700\" style=\"width: 640px\" class=\"wp-caption aligncenter\"><img fetchpriority=\"high\" decoding=\"async\" class=\"size-full wp-image-51700\" src=\"https:\/\/www.blogsoestado.com\/danielmatos\/files\/2018\/05\/entrada-bloqueio2.jpg\" alt=\"\" width=\"640\" height=\"360\" \/><figcaption id=\"caption-attachment-51700\" class=\"wp-caption-text\">Motoristas Uber posicionados no portal de entrada de S\u00e3o Lu\u00eds para evitar acesso de ve\u00edculos de carga e abastecimento da Ilha<\/figcaption><\/figure>\n<p>Dezenas de motoristas que transportam passageiros via aplicativo Uber est\u00e3o posicionados no KM-0 da BR-135, na entrada de S\u00e3o Lu\u00eds, decididos a interditar o acesso \u00e0 Ilha. Em \u00e1udio transmitido em grupos de whatsapp, os condutores informam que apenas carros de passeio est\u00e3o autorizados a passar pelo bloqueio, enquanto caminh\u00f5es e carretas est\u00e3o sendo barrados. Eles alertaram para o congestionamento gigantesco a partir do ponto de interdi\u00e7\u00e3o. A inten\u00e7\u00e3o \u00e9 impedir que ve\u00edculos de carga abaste\u00e7am as regi\u00e3o metropolitana com g\u00eaneros aliment\u00edcios, combust\u00edveis e outros itens que est\u00e3o em falta por causa da greve dos caminhoneiros.<\/p>\n<p>O protesto dos motoristas Uber tende a agravar ainda mais o desabastecimento na capital e demais munic\u00edpios da Ilha, que h\u00e1 dois sofrem mais intensamente com falta de comida, gasolina, etanol, diesel, material hospitalar, medicamentos e in\u00fameros outros itens consumidos pela popula\u00e7\u00e3o.<\/p>\n<p>Comando transmitido pelo presidente Michel Temer, em pronunciamento oficial, na manh\u00e3 desta sexta-feira, ordena a desmobiliza\u00e7\u00e3o do movimento dos caminhoneiros, em raz\u00e3o dos transtornos causados \u00e0 popula\u00e7\u00e3o e da amea\u00e7a de agravamento da situa\u00e7\u00e3o at\u00e9 um quadro insustent\u00e1vel.<\/p>\n<figure id=\"attachment_51701\" aria-describedby=\"caption-attachment-51701\" style=\"width: 640px\" class=\"wp-caption aligncenter\"><img decoding=\"async\" class=\"size-full wp-image-51701\" src=\"https:\/\/www.blogsoestado.com\/danielmatos\/files\/2018\/05\/entrada-bloqueio3.jpg\" alt=\"\" width=\"640\" height=\"480\" \/><figcaption id=\"caption-attachment-51701\" class=\"wp-caption-text\">Motoristas que transportam passageiros por aplicativo exigem redu\u00e7\u00e3o dos pre\u00e7os dos combust\u00edveis<\/figcaption><\/figure>\n<p>Temer autorizou, inclusive, a interven\u00e7\u00e3o das pol\u00edcias dos estados para auxiliar no plano de a\u00e7\u00e3o a ser deflagrado para por fim \u00e0 greve.<\/p>\n<p>No Maranh\u00e3o, o Governo do Estado ainda n\u00e3o se pronunciou em rela\u00e7\u00e3o \u00e0s medidas que poder\u00e1 tomar para dar apoio ao esfor\u00e7o federal que visa desmobilizar os caminhoneiros e normalizar o abastecimento.<\/p>\n","protected":false},"excerpt":{"rendered":"<p>Dezenas de motoristas que transportam passageiros via aplicativo Uber est\u00e3o posicionados no KM-0 da BR-135, na entrada de S\u00e3o Lu\u00eds, [&hellip;]<\/p>\n","protected":false},"author":0,"featured_media":0,"comment_status":"open","ping_status":"open","sticky":false,"template":"","format":"standard","meta":{"site-sidebar-layout":"default","site-content-layout":"","ast-site-content-layout":"default","site-content-style":"default","site-sidebar-style":"default","ast-global-header-display":"","ast-banner-title-visibility":"","ast-main-header-display":"","ast-hfb-above-header-display":"","ast-hfb-below-header-display":"","ast-hfb-mobile-header-display":"","site-post-title":"","ast-breadcrumbs-content":"","ast-featured-img":"","footer-sml-layout":"","ast-disable-related-posts":"","theme-transparent-header-meta":"","adv-header-id-meta":"","stick-header-meta":"","header-above-stick-meta":"","header-main-stick-meta":"","header-below-stick-meta":"","astra-migrate-meta-layouts":"default","ast-page-background-enabled":"default","ast-page-background-meta":{"desktop":{"background-color":"var(--ast-global-color-5)","background-image":"","background-repeat":"repeat","background-position":"center center","background-size":"auto","background-attachment":"scroll","background-type":"","background-media":"","overlay-type":"","overlay-color":"","overlay-opacity":"","overlay-gradient":""},"tablet":{"background-color":"","background-image":"","background-repeat":"repeat","background-position":"center center","background-size":"auto","background-attachment":"scroll","background-type":"","background-media":"","overlay-type":"","overlay-color":"","overlay-opacity":"","overlay-gradient":""},"mobile":{"background-color":"","background-image":"","background-repeat":"repeat","background-position":"center center","background-size":"auto","background-attachment":"scroll","background-type":"","background-media":"","overlay-type":"","overlay-color":"","overlay-opacity":"","overlay-gradient":""}},"ast-content-background-meta":{"desktop":{"background-color":"var(--ast-global-color-4)","background-image":"","background-repeat":"repeat","background-position":"center center","background-size":"auto","background-attachment":"scroll","background-type":"","background-media":"","overlay-type":"","overlay-color":"","overlay-opacity":"","overlay-gradient":""},"tablet":{"background-color":"var(--ast-global-color-4)","background-image":"","background-repeat":"repeat","background-position":"center center","background-size":"auto","background-attachment":"scroll","background-type":"","background-media":"","overlay-type":"","overlay-color":"","overlay-opacity":"","overlay-gradient":""},"mobile":{"background-color":"var(--ast-global-color-4)","background-image":"","background-repeat":"repeat","background-position":"center center","background-size":"auto","background-attachment":"scroll","background-type":"","background-media":"","overlay-type":"","overlay-color":"","overlay-opacity":"","overlay-gradient":""}},"footnotes":""},"categories":[1],"tags":[],"class_list":["post-51699","post","type-post","status-publish","format-standard","hentry","category-sem-categoria"],"yoast_head":"<!-- This site is optimized with the Yoast SEO plugin v26.6 - https:\/\/yoast.com\/wordpress\/plugins\/seo\/ -->\n<title>Motoristas Uber interditam entrada de S\u00e3o Lu\u00eds - Daniel Matos<\/title>\n<meta name=\"robots\" content=\"index, follow, max-snippet:-1, max-image-preview:large, max-video-preview:-1\" \/>\n<link rel=\"canonical\" href=\"https:\/\/www.blogsoestado.com\/danielmatos\/motoristas-uber-interditam-entrada-de-sao-luis\/\" \/>\n<meta property=\"og:locale\" content=\"pt_BR\" \/>\n<meta property=\"og:type\" content=\"article\" \/>\n<meta property=\"og:title\" content=\"Motoristas Uber interditam entrada de S\u00e3o Lu\u00eds - Daniel Matos\" \/>\n<meta property=\"og:description\" content=\"Dezenas de motoristas que transportam passageiros via aplicativo Uber est\u00e3o posicionados no KM-0 da BR-135, na entrada de S\u00e3o Lu\u00eds, [&hellip;]\" \/>\n<meta property=\"og:url\" content=\"https:\/\/www.blogsoestado.com\/danielmatos\/motoristas-uber-interditam-entrada-de-sao-luis\/\" \/>\n<meta property=\"og:site_name\" content=\"Daniel Matos\" \/>\n<meta property=\"article:published_time\" content=\"2018-05-25T19:12:35+00:00\" \/>\n<meta property=\"og:image\" content=\"https:\/\/www.blogsoestado.com\/danielmatos\/files\/2018\/05\/entrada-bloqueio2.jpg\" \/>\n<meta name=\"twitter:card\" content=\"summary_large_image\" \/>\n<meta name=\"twitter:label1\" content=\"Est. tempo de leitura\" \/>\n\t<meta name=\"twitter:data1\" content=\"2 minutos\" \/>\n<script type=\"application\/ld+json\" class=\"yoast-schema-graph\">{\"@context\":\"https:\/\/schema.org\",\"@graph\":[{\"@type\":\"WebPage\",\"@id\":\"https:\/\/www.blogsoestado.com\/danielmatos\/motoristas-uber-interditam-entrada-de-sao-luis\/\",\"url\":\"https:\/\/www.blogsoestado.com\/danielmatos\/motoristas-uber-interditam-entrada-de-sao-luis\/\",\"name\":\"Motoristas Uber interditam entrada de S\u00e3o Lu\u00eds - Daniel Matos\",\"isPartOf\":{\"@id\":\"https:\/\/www.blogsoestado.com\/danielmatos\/#website\"},\"primaryImageOfPage\":{\"@id\":\"https:\/\/www.blogsoestado.com\/danielmatos\/motoristas-uber-interditam-entrada-de-sao-luis\/#primaryimage\"},\"image\":{\"@id\":\"https:\/\/www.blogsoestado.com\/danielmatos\/motoristas-uber-interditam-entrada-de-sao-luis\/#primaryimage\"},\"thumbnailUrl\":\"https:\/\/www.blogsoestado.com\/danielmatos\/files\/2018\/05\/entrada-bloqueio2.jpg\",\"datePublished\":\"2018-05-25T19:12:35+00:00\",\"author\":{\"@id\":\"\"},\"breadcrumb\":{\"@id\":\"https:\/\/www.blogsoestado.com\/danielmatos\/motoristas-uber-interditam-entrada-de-sao-luis\/#breadcrumb\"},\"inLanguage\":\"pt-BR\",\"potentialAction\":[{\"@type\":\"ReadAction\",\"target\":[\"https:\/\/www.blogsoestado.com\/danielmatos\/motoristas-uber-interditam-entrada-de-sao-luis\/\"]}]},{\"@type\":\"ImageObject\",\"inLanguage\":\"pt-BR\",\"@id\":\"https:\/\/www.blogsoestado.com\/danielmatos\/motoristas-uber-interditam-entrada-de-sao-luis\/#primaryimage\",\"url\":\"https:\/\/www.blogsoestado.com\/danielmatos\/files\/2018\/05\/entrada-bloqueio2.jpg\",\"contentUrl\":\"https:\/\/www.blogsoestado.com\/danielmatos\/files\/2018\/05\/entrada-bloqueio2.jpg\"},{\"@type\":\"BreadcrumbList\",\"@id\":\"https:\/\/www.blogsoestado.com\/danielmatos\/motoristas-uber-interditam-entrada-de-sao-luis\/#breadcrumb\",\"itemListElement\":[{\"@type\":\"ListItem\",\"position\":1,\"name\":\"In\u00edcio\",\"item\":\"https:\/\/www.blogsoestado.com\/danielmatos\/\"},{\"@type\":\"ListItem\",\"position\":2,\"name\":\"Motoristas Uber interditam entrada de S\u00e3o Lu\u00eds\"}]},{\"@type\":\"WebSite\",\"@id\":\"https:\/\/www.blogsoestado.com\/danielmatos\/#website\",\"url\":\"https:\/\/www.blogsoestado.com\/danielmatos\/\",\"name\":\"Daniel Matos\",\"description\":\"\",\"potentialAction\":[{\"@type\":\"SearchAction\",\"target\":{\"@type\":\"EntryPoint\",\"urlTemplate\":\"https:\/\/www.blogsoestado.com\/danielmatos\/?s={search_term_string}\"},\"query-input\":{\"@type\":\"PropertyValueSpecification\",\"valueRequired\":true,\"valueName\":\"search_term_string\"}}],\"inLanguage\":\"pt-BR\"}]}<\/script>\n<!-- \/ Yoast SEO plugin. -->","yoast_head_json":{"title":"Motoristas Uber interditam entrada de S\u00e3o Lu\u00eds - Daniel Matos","robots":{"index":"index","follow":"follow","max-snippet":"max-snippet:-1","max-image-preview":"max-image-preview:large","max-video-preview":"max-video-preview:-1"},"canonical":"https:\/\/www.blogsoestado.com\/danielmatos\/motoristas-uber-interditam-entrada-de-sao-luis\/","og_locale":"pt_BR","og_type":"article","og_title":"Motoristas Uber interditam entrada de S\u00e3o Lu\u00eds - Daniel Matos","og_description":"Dezenas de motoristas que transportam passageiros via aplicativo Uber est\u00e3o posicionados no KM-0 da BR-135, na entrada de S\u00e3o Lu\u00eds, [&hellip;]","og_url":"https:\/\/www.blogsoestado.com\/danielmatos\/motoristas-uber-interditam-entrada-de-sao-luis\/","og_site_name":"Daniel Matos","article_published_time":"2018-05-25T19:12:35+00:00","og_image":[{"url":"https:\/\/www.blogsoestado.com\/danielmatos\/files\/2018\/05\/entrada-bloqueio2.jpg","type":"","width":"","height":""}],"twitter_card":"summary_large_image","twitter_misc":{"Est. tempo de leitura":"2 minutos"},"schema":{"@context":"https:\/\/schema.org","@graph":[{"@type":"WebPage","@id":"https:\/\/www.blogsoestado.com\/danielmatos\/motoristas-uber-interditam-entrada-de-sao-luis\/","url":"https:\/\/www.blogsoestado.com\/danielmatos\/motoristas-uber-interditam-entrada-de-sao-luis\/","name":"Motoristas Uber interditam entrada de S\u00e3o Lu\u00eds - Daniel Matos","isPartOf":{"@id":"https:\/\/www.blogsoestado.com\/danielmatos\/#website"},"primaryImageOfPage":{"@id":"https:\/\/www.blogsoestado.com\/danielmatos\/motoristas-uber-interditam-entrada-de-sao-luis\/#primaryimage"},"image":{"@id":"https:\/\/www.blogsoestado.com\/danielmatos\/motoristas-uber-interditam-entrada-de-sao-luis\/#primaryimage"},"thumbnailUrl":"https:\/\/www.blogsoestado.com\/danielmatos\/files\/2018\/05\/entrada-bloqueio2.jpg","datePublished":"2018-05-25T19:12:35+00:00","author":{"@id":""},"breadcrumb":{"@id":"https:\/\/www.blogsoestado.com\/danielmatos\/motoristas-uber-interditam-entrada-de-sao-luis\/#breadcrumb"},"inLanguage":"pt-BR","potentialAction":[{"@type":"ReadAction","target":["https:\/\/www.blogsoestado.com\/danielmatos\/motoristas-uber-interditam-entrada-de-sao-luis\/"]}]},{"@type":"ImageObject","inLanguage":"pt-BR","@id":"https:\/\/www.blogsoestado.com\/danielmatos\/motoristas-uber-interditam-entrada-de-sao-luis\/#primaryimage","url":"https:\/\/www.blogsoestado.com\/danielmatos\/files\/2018\/05\/entrada-bloqueio2.jpg","contentUrl":"https:\/\/www.blogsoestado.com\/danielmatos\/files\/2018\/05\/entrada-bloqueio2.jpg"},{"@type":"BreadcrumbList","@id":"https:\/\/www.blogsoestado.com\/danielmatos\/motoristas-uber-interditam-entrada-de-sao-luis\/#breadcrumb","itemListElement":[{"@type":"ListItem","position":1,"name":"In\u00edcio","item":"https:\/\/www.blogsoestado.com\/danielmatos\/"},{"@type":"ListItem","position":2,"name":"Motoristas Uber interditam entrada de S\u00e3o Lu\u00eds"}]},{"@type":"WebSite","@id":"https:\/\/www.blogsoestado.com\/danielmatos\/#website","url":"https:\/\/www.blogsoestado.com\/danielmatos\/","name":"Daniel Matos","description":"","potentialAction":[{"@type":"SearchAction","target":{"@type":"EntryPoint","urlTemplate":"https:\/\/www.blogsoestado.com\/danielmatos\/?s={search_term_string}"},"query-input":{"@type":"PropertyValueSpecification","valueRequired":true,"valueName":"search_term_string"}}],"inLanguage":"pt-BR"}]}},"jetpack_featured_media_url":"","_links":{"self":[{"href":"https:\/\/www.blogsoestado.com\/danielmatos\/wp-json\/wp\/v2\/posts\/51699","targetHints":{"allow":["GET"]}}],"collection":[{"href":"https:\/\/www.blogsoestado.com\/danielmatos\/wp-json\/wp\/v2\/posts"}],"about":[{"href":"https:\/\/www.blogsoestado.com\/danielmatos\/wp-json\/wp\/v2\/types\/post"}],"replies":[{"embeddable":true,"href":"https:\/\/www.blogsoestado.com\/danielmatos\/wp-json\/wp\/v2\/comments?post=51699"}],"version-history":[{"count":0,"href":"https:\/\/www.blogsoestado.com\/danielmatos\/wp-json\/wp\/v2\/posts\/51699\/revisions"}],"wp:attachment":[{"href":"https:\/\/www.blogsoestado.com\/danielmatos\/wp-json\/wp\/v2\/media?parent=51699"}],"wp:term":[{"taxonomy":"category","embeddable":true,"href":"https:\/\/www.blogsoestado.com\/danielmatos\/wp-json\/wp\/v2\/categories?post=51699"},{"taxonomy":"post_tag","embeddable":true,"href":"https:\/\/www.blogsoestado.com\/danielmatos\/wp-json\/wp\/v2\/tags?post=51699"}],"curies":[{"name":"wp","href":"https:\/\/api.w.org\/{rel}","templated":true}]}}