{"id":51706,"date":"2018-05-25T18:40:10","date_gmt":"2018-05-25T21:40:10","guid":{"rendered":"https:\/\/www.blogsoestado.com\/danielmatos\/?p=51706"},"modified":"2018-05-25T18:40:10","modified_gmt":"2018-05-25T21:40:10","slug":"flavio-dino-se-recusa-reduzir-aliquota-do-icms-sobre-combustiveis","status":"publish","type":"post","link":"https:\/\/www.blogsoestado.com\/danielmatos\/flavio-dino-se-recusa-reduzir-aliquota-do-icms-sobre-combustiveis\/","title":{"rendered":"Fl\u00e1vio Dino se recusa a reduzir al\u00edquota do ICMS sobre combust\u00edveis"},"content":{"rendered":"<figure id=\"attachment_51056\" aria-describedby=\"caption-attachment-51056\" style=\"width: 448px\" class=\"wp-caption alignleft\"><img fetchpriority=\"high\" decoding=\"async\" class=\"size-full wp-image-51056\" src=\"https:\/\/www.blogsoestado.com\/danielmatos\/files\/2018\/05\/dino-legado.jpg\" alt=\"\" width=\"448\" height=\"297\" \/><figcaption id=\"caption-attachment-51056\" class=\"wp-caption-text\">Fl\u00e1vio Dino nem cogita reduzir a al\u00edquota do ICMS dos combust\u00edveis para possibilitar redu\u00e7\u00e3o de pre\u00e7os dos combust\u00edveis (<strong>Foto:<\/strong> Bin\u00e9 Morais\/<strong>O Estado<\/strong>)<\/figcaption><\/figure>\n<p>O governador do Maranh\u00e3o, Fl\u00e1vio Dino (PCdoB), foi um dos cinco chefes de Executivos estaduais que se recusaram a reduzir as al\u00edquotas do Imposto sobre Circula\u00e7\u00e3o de Mercadorias e Servi\u00e7os (ICMS) que incidem sobre os combust\u00edveis em seus respectivos estados. O comunista disse que rejeita qualquer proposta que possa impactar a arrecada\u00e7\u00e3o tribut\u00e1ria. A informa\u00e7\u00e3o \u00e9 da jornalista Thais Arbex, na coluna Painel, da Folha de S. Paulo.<\/p>\n<p>Fl\u00e1vio Dino e os governadores de Goi\u00e1s, Marconi Perillo; de Mato Grosso, Pedro Taques; de Mato Grosso do Sul, Reinaldo Azambuja; de Rond\u00f4nia, Conf\u00facio Moura; e do Distrito Federal, Rodrigo Rollemberg, elaboraram um manifesto em que afirmam que o governo federal tenta &#8220;socializar com os e estados a responsabilidade&#8221; sobre os pre\u00e7os dos combust\u00edveis para &#8220;equacionar o que est\u00e1 em sua governan\u00e7a como acionista majorit\u00e1ria da Petrobras&#8221;.<\/p>\n<p>Os governantes externaram o posicionamento durante a 20\u00aa reuni\u00e3o do F\u00f3rum dos Governadores do Brasil Central. O recado de Dino e dos colegas para o governo federal foi direto: &#8220;os estados signat\u00e1rios apenas discutir\u00e3o medidas que signifiquem perda de receitas [&#8230;] se a Uni\u00e3o compensar tais perdas&#8221;.<\/p>\n<p>A postura inflex\u00edvel de Fl\u00e1vio Dino frustrou as expectativas dos maranhenses que aguardavam uma contribui\u00e7\u00e3o do comunista para a redu\u00e7\u00e3o do pre\u00e7o da gasolina, do etanol e do \u00f3leo diesel, cuja alta tem gerado um clima de caos e insatisfa\u00e7\u00e3o no pa\u00eds, agravado pela greve de caminhoneiros, que tantos transtornos tem causado aos brasileiros desde o in\u00edcio da semana.<\/p>\n","protected":false},"excerpt":{"rendered":"<p>O governador do Maranh\u00e3o, Fl\u00e1vio Dino (PCdoB), foi um dos cinco chefes de Executivos estaduais que se recusaram a reduzir [&hellip;]<\/p>\n","protected":false},"author":0,"featured_media":0,"comment_status":"open","ping_status":"open","sticky":false,"template":"","format":"standard","meta":{"site-sidebar-layout":"default","site-content-layout":"","ast-site-content-layout":"default","site-content-style":"default","site-sidebar-style":"default","ast-global-header-display":"","ast-banner-title-visibility":"","ast-main-header-display":"","ast-hfb-above-header-display":"","ast-hfb-below-header-display":"","ast-hfb-mobile-header-display":"","site-post-title":"","ast-breadcrumbs-content":"","ast-featured-img":"","footer-sml-layout":"","ast-disable-related-posts":"","theme-transparent-header-meta":"","adv-header-id-meta":"","stick-header-meta":"","header-above-stick-meta":"","header-main-stick-meta":"","header-below-stick-meta":"","astra-migrate-meta-layouts":"default","ast-page-background-enabled":"default","ast-page-background-meta":{"desktop":{"background-color":"var(--ast-global-color-5)","background-image":"","background-repeat":"repeat","background-position":"center center","background-size":"auto","background-attachment":"scroll","background-type":"","background-media":"","overlay-type":"","overlay-color":"","overlay-opacity":"","overlay-gradient":""},"tablet":{"background-color":"","background-image":"","background-repeat":"repeat","background-position":"center center","background-size":"auto","background-attachment":"scroll","background-type":"","background-media":"","overlay-type":"","overlay-color":"","overlay-opacity":"","overlay-gradient":""},"mobile":{"background-color":"","background-image":"","background-repeat":"repeat","background-position":"center center","background-size":"auto","background-attachment":"scroll","background-type":"","background-media":"","overlay-type":"","overlay-color":"","overlay-opacity":"","overlay-gradient":""}},"ast-content-background-meta":{"desktop":{"background-color":"var(--ast-global-color-4)","background-image":"","background-repeat":"repeat","background-position":"center center","background-size":"auto","background-attachment":"scroll","background-type":"","background-media":"","overlay-type":"","overlay-color":"","overlay-opacity":"","overlay-gradient":""},"tablet":{"background-color":"var(--ast-global-color-4)","background-image":"","background-repeat":"repeat","background-position":"center center","background-size":"auto","background-attachment":"scroll","background-type":"","background-media":"","overlay-type":"","overlay-color":"","overlay-opacity":"","overlay-gradient":""},"mobile":{"background-color":"var(--ast-global-color-4)","background-image":"","background-repeat":"repeat","background-position":"center center","background-size":"auto","background-attachment":"scroll","background-type":"","background-media":"","overlay-type":"","overlay-color":"","overlay-opacity":"","overlay-gradient":""}},"footnotes":""},"categories":[1],"tags":[],"class_list":["post-51706","post","type-post","status-publish","format-standard","hentry","category-sem-categoria"],"yoast_head":"<!-- This site is optimized with the Yoast SEO plugin v26.6 - https:\/\/yoast.com\/wordpress\/plugins\/seo\/ -->\n<title>Fl\u00e1vio Dino se recusa a reduzir al\u00edquota do ICMS sobre combust\u00edveis - Daniel Matos<\/title>\n<meta name=\"robots\" content=\"index, follow, max-snippet:-1, max-image-preview:large, max-video-preview:-1\" \/>\n<link rel=\"canonical\" href=\"https:\/\/www.blogsoestado.com\/danielmatos\/flavio-dino-se-recusa-reduzir-aliquota-do-icms-sobre-combustiveis\/\" \/>\n<meta property=\"og:locale\" content=\"pt_BR\" \/>\n<meta property=\"og:type\" content=\"article\" \/>\n<meta property=\"og:title\" content=\"Fl\u00e1vio Dino se recusa a reduzir al\u00edquota do ICMS sobre combust\u00edveis - Daniel Matos\" \/>\n<meta property=\"og:description\" content=\"O governador do Maranh\u00e3o, Fl\u00e1vio Dino (PCdoB), foi um dos cinco chefes de Executivos estaduais que se recusaram a reduzir [&hellip;]\" \/>\n<meta property=\"og:url\" content=\"https:\/\/www.blogsoestado.com\/danielmatos\/flavio-dino-se-recusa-reduzir-aliquota-do-icms-sobre-combustiveis\/\" \/>\n<meta property=\"og:site_name\" content=\"Daniel Matos\" \/>\n<meta property=\"article:published_time\" content=\"2018-05-25T21:40:10+00:00\" \/>\n<meta property=\"og:image\" content=\"https:\/\/www.blogsoestado.com\/danielmatos\/files\/2018\/05\/dino-legado.jpg\" \/>\n<meta name=\"twitter:card\" content=\"summary_large_image\" \/>\n<meta name=\"twitter:label1\" content=\"Est. tempo de leitura\" \/>\n\t<meta name=\"twitter:data1\" content=\"2 minutos\" \/>\n<script type=\"application\/ld+json\" class=\"yoast-schema-graph\">{\"@context\":\"https:\/\/schema.org\",\"@graph\":[{\"@type\":\"WebPage\",\"@id\":\"https:\/\/www.blogsoestado.com\/danielmatos\/flavio-dino-se-recusa-reduzir-aliquota-do-icms-sobre-combustiveis\/\",\"url\":\"https:\/\/www.blogsoestado.com\/danielmatos\/flavio-dino-se-recusa-reduzir-aliquota-do-icms-sobre-combustiveis\/\",\"name\":\"Fl\u00e1vio Dino se recusa a reduzir al\u00edquota do ICMS sobre combust\u00edveis - Daniel Matos\",\"isPartOf\":{\"@id\":\"https:\/\/www.blogsoestado.com\/danielmatos\/#website\"},\"primaryImageOfPage\":{\"@id\":\"https:\/\/www.blogsoestado.com\/danielmatos\/flavio-dino-se-recusa-reduzir-aliquota-do-icms-sobre-combustiveis\/#primaryimage\"},\"image\":{\"@id\":\"https:\/\/www.blogsoestado.com\/danielmatos\/flavio-dino-se-recusa-reduzir-aliquota-do-icms-sobre-combustiveis\/#primaryimage\"},\"thumbnailUrl\":\"https:\/\/www.blogsoestado.com\/danielmatos\/files\/2018\/05\/dino-legado.jpg\",\"datePublished\":\"2018-05-25T21:40:10+00:00\",\"author\":{\"@id\":\"\"},\"breadcrumb\":{\"@id\":\"https:\/\/www.blogsoestado.com\/danielmatos\/flavio-dino-se-recusa-reduzir-aliquota-do-icms-sobre-combustiveis\/#breadcrumb\"},\"inLanguage\":\"pt-BR\",\"potentialAction\":[{\"@type\":\"ReadAction\",\"target\":[\"https:\/\/www.blogsoestado.com\/danielmatos\/flavio-dino-se-recusa-reduzir-aliquota-do-icms-sobre-combustiveis\/\"]}]},{\"@type\":\"ImageObject\",\"inLanguage\":\"pt-BR\",\"@id\":\"https:\/\/www.blogsoestado.com\/danielmatos\/flavio-dino-se-recusa-reduzir-aliquota-do-icms-sobre-combustiveis\/#primaryimage\",\"url\":\"https:\/\/www.blogsoestado.com\/danielmatos\/files\/2018\/05\/dino-legado.jpg\",\"contentUrl\":\"https:\/\/www.blogsoestado.com\/danielmatos\/files\/2018\/05\/dino-legado.jpg\"},{\"@type\":\"BreadcrumbList\",\"@id\":\"https:\/\/www.blogsoestado.com\/danielmatos\/flavio-dino-se-recusa-reduzir-aliquota-do-icms-sobre-combustiveis\/#breadcrumb\",\"itemListElement\":[{\"@type\":\"ListItem\",\"position\":1,\"name\":\"In\u00edcio\",\"item\":\"https:\/\/www.blogsoestado.com\/danielmatos\/\"},{\"@type\":\"ListItem\",\"position\":2,\"name\":\"Fl\u00e1vio Dino se recusa a reduzir al\u00edquota do ICMS sobre combust\u00edveis\"}]},{\"@type\":\"WebSite\",\"@id\":\"https:\/\/www.blogsoestado.com\/danielmatos\/#website\",\"url\":\"https:\/\/www.blogsoestado.com\/danielmatos\/\",\"name\":\"Daniel Matos\",\"description\":\"\",\"potentialAction\":[{\"@type\":\"SearchAction\",\"target\":{\"@type\":\"EntryPoint\",\"urlTemplate\":\"https:\/\/www.blogsoestado.com\/danielmatos\/?s={search_term_string}\"},\"query-input\":{\"@type\":\"PropertyValueSpecification\",\"valueRequired\":true,\"valueName\":\"search_term_string\"}}],\"inLanguage\":\"pt-BR\"}]}<\/script>\n<!-- \/ Yoast SEO plugin. -->","yoast_head_json":{"title":"Fl\u00e1vio Dino se recusa a reduzir al\u00edquota do ICMS sobre combust\u00edveis - Daniel Matos","robots":{"index":"index","follow":"follow","max-snippet":"max-snippet:-1","max-image-preview":"max-image-preview:large","max-video-preview":"max-video-preview:-1"},"canonical":"https:\/\/www.blogsoestado.com\/danielmatos\/flavio-dino-se-recusa-reduzir-aliquota-do-icms-sobre-combustiveis\/","og_locale":"pt_BR","og_type":"article","og_title":"Fl\u00e1vio Dino se recusa a reduzir al\u00edquota do ICMS sobre combust\u00edveis - Daniel Matos","og_description":"O governador do Maranh\u00e3o, Fl\u00e1vio Dino (PCdoB), foi um dos cinco chefes de Executivos estaduais que se recusaram a reduzir [&hellip;]","og_url":"https:\/\/www.blogsoestado.com\/danielmatos\/flavio-dino-se-recusa-reduzir-aliquota-do-icms-sobre-combustiveis\/","og_site_name":"Daniel Matos","article_published_time":"2018-05-25T21:40:10+00:00","og_image":[{"url":"https:\/\/www.blogsoestado.com\/danielmatos\/files\/2018\/05\/dino-legado.jpg","type":"","width":"","height":""}],"twitter_card":"summary_large_image","twitter_misc":{"Est. tempo de leitura":"2 minutos"},"schema":{"@context":"https:\/\/schema.org","@graph":[{"@type":"WebPage","@id":"https:\/\/www.blogsoestado.com\/danielmatos\/flavio-dino-se-recusa-reduzir-aliquota-do-icms-sobre-combustiveis\/","url":"https:\/\/www.blogsoestado.com\/danielmatos\/flavio-dino-se-recusa-reduzir-aliquota-do-icms-sobre-combustiveis\/","name":"Fl\u00e1vio Dino se recusa a reduzir al\u00edquota do ICMS sobre combust\u00edveis - Daniel Matos","isPartOf":{"@id":"https:\/\/www.blogsoestado.com\/danielmatos\/#website"},"primaryImageOfPage":{"@id":"https:\/\/www.blogsoestado.com\/danielmatos\/flavio-dino-se-recusa-reduzir-aliquota-do-icms-sobre-combustiveis\/#primaryimage"},"image":{"@id":"https:\/\/www.blogsoestado.com\/danielmatos\/flavio-dino-se-recusa-reduzir-aliquota-do-icms-sobre-combustiveis\/#primaryimage"},"thumbnailUrl":"https:\/\/www.blogsoestado.com\/danielmatos\/files\/2018\/05\/dino-legado.jpg","datePublished":"2018-05-25T21:40:10+00:00","author":{"@id":""},"breadcrumb":{"@id":"https:\/\/www.blogsoestado.com\/danielmatos\/flavio-dino-se-recusa-reduzir-aliquota-do-icms-sobre-combustiveis\/#breadcrumb"},"inLanguage":"pt-BR","potentialAction":[{"@type":"ReadAction","target":["https:\/\/www.blogsoestado.com\/danielmatos\/flavio-dino-se-recusa-reduzir-aliquota-do-icms-sobre-combustiveis\/"]}]},{"@type":"ImageObject","inLanguage":"pt-BR","@id":"https:\/\/www.blogsoestado.com\/danielmatos\/flavio-dino-se-recusa-reduzir-aliquota-do-icms-sobre-combustiveis\/#primaryimage","url":"https:\/\/www.blogsoestado.com\/danielmatos\/files\/2018\/05\/dino-legado.jpg","contentUrl":"https:\/\/www.blogsoestado.com\/danielmatos\/files\/2018\/05\/dino-legado.jpg"},{"@type":"BreadcrumbList","@id":"https:\/\/www.blogsoestado.com\/danielmatos\/flavio-dino-se-recusa-reduzir-aliquota-do-icms-sobre-combustiveis\/#breadcrumb","itemListElement":[{"@type":"ListItem","position":1,"name":"In\u00edcio","item":"https:\/\/www.blogsoestado.com\/danielmatos\/"},{"@type":"ListItem","position":2,"name":"Fl\u00e1vio Dino se recusa a reduzir al\u00edquota do ICMS sobre combust\u00edveis"}]},{"@type":"WebSite","@id":"https:\/\/www.blogsoestado.com\/danielmatos\/#website","url":"https:\/\/www.blogsoestado.com\/danielmatos\/","name":"Daniel Matos","description":"","potentialAction":[{"@type":"SearchAction","target":{"@type":"EntryPoint","urlTemplate":"https:\/\/www.blogsoestado.com\/danielmatos\/?s={search_term_string}"},"query-input":{"@type":"PropertyValueSpecification","valueRequired":true,"valueName":"search_term_string"}}],"inLanguage":"pt-BR"}]}},"jetpack_featured_media_url":"","_links":{"self":[{"href":"https:\/\/www.blogsoestado.com\/danielmatos\/wp-json\/wp\/v2\/posts\/51706","targetHints":{"allow":["GET"]}}],"collection":[{"href":"https:\/\/www.blogsoestado.com\/danielmatos\/wp-json\/wp\/v2\/posts"}],"about":[{"href":"https:\/\/www.blogsoestado.com\/danielmatos\/wp-json\/wp\/v2\/types\/post"}],"replies":[{"embeddable":true,"href":"https:\/\/www.blogsoestado.com\/danielmatos\/wp-json\/wp\/v2\/comments?post=51706"}],"version-history":[{"count":0,"href":"https:\/\/www.blogsoestado.com\/danielmatos\/wp-json\/wp\/v2\/posts\/51706\/revisions"}],"wp:attachment":[{"href":"https:\/\/www.blogsoestado.com\/danielmatos\/wp-json\/wp\/v2\/media?parent=51706"}],"wp:term":[{"taxonomy":"category","embeddable":true,"href":"https:\/\/www.blogsoestado.com\/danielmatos\/wp-json\/wp\/v2\/categories?post=51706"},{"taxonomy":"post_tag","embeddable":true,"href":"https:\/\/www.blogsoestado.com\/danielmatos\/wp-json\/wp\/v2\/tags?post=51706"}],"curies":[{"name":"wp","href":"https:\/\/api.w.org\/{rel}","templated":true}]}}