{"id":51711,"date":"2018-05-25T20:15:22","date_gmt":"2018-05-25T23:15:22","guid":{"rendered":"https:\/\/www.blogsoestado.com\/danielmatos\/?p=51711"},"modified":"2018-05-25T20:15:22","modified_gmt":"2018-05-25T23:15:22","slug":"presidente-do-tjma-e-homenageado-na-comemoracao-dos-65-anos-do-senai","status":"publish","type":"post","link":"https:\/\/www.blogsoestado.com\/danielmatos\/presidente-do-tjma-e-homenageado-na-comemoracao-dos-65-anos-do-senai\/","title":{"rendered":"Presidente do TJMA \u00e9 homenageado na comemora\u00e7\u00e3o dos 65 anos do Senai"},"content":{"rendered":"<figure id=\"attachment_51712\" aria-describedby=\"caption-attachment-51712\" style=\"width: 448px\" class=\"wp-caption alignright\"><img fetchpriority=\"high\" decoding=\"async\" class=\"size-full wp-image-51712\" src=\"https:\/\/www.blogsoestado.com\/danielmatos\/files\/2018\/05\/jj-senai.jpg\" alt=\"\" width=\"448\" height=\"296\" \/><figcaption id=\"caption-attachment-51712\" class=\"wp-caption-text\">Desembargador Jos\u00e9 Joaquim foi homenageado por presidir institui\u00e7\u00e3o que contribuiu com o crescimento do Senai, no Maranh\u00e3o, em esses 65 anos<\/figcaption><\/figure>\n<p>O presidente do Tribunal de Justi\u00e7a do Maranh\u00e3o, desembargador Joaquim Figueiredo, recebeu homenagem na comemora\u00e7\u00e3o dos 65 anos do Servi\u00e7o Nacional de Aprendizagem Industrial do Maranh\u00e3o, em reconhecimento \u00e0 contribui\u00e7\u00e3o do Judici\u00e1rio para o desenvolvimento do Senai.<\/p>\n<p>O evento comemorativo aconteceu na sede da Federa\u00e7\u00e3o das Ind\u00fastrias do Maranh\u00e3o (Fiema), nesta quinta-feira (24), e reuniu empres\u00e1rios, gestores e t\u00e9cnicos do setor p\u00fablico.<\/p>\n<p>Na solenidade, foi lan\u00e7ado o livro \u201cSENAI Maranh\u00e3o 65 anos \u2013 Educa\u00e7\u00e3o, Inova\u00e7\u00e3o e Tecnologia\u201d, e realizadas homenagens a personalidades e ind\u00fastrias que fazem parte da hist\u00f3ria da institui\u00e7\u00e3o.<\/p>\n<p>As homenagens foram concedidas a institui\u00e7\u00f5es e parceiros que contribu\u00edram com o crescimento do Senai, no Maranh\u00e3o, durante esses 65 anos.<\/p>\n<p><strong>Fonte:<\/strong> Tribunal de Justi\u00e7a do Maranh\u00e3o<\/p>\n","protected":false},"excerpt":{"rendered":"<p>O presidente do Tribunal de Justi\u00e7a do Maranh\u00e3o, desembargador Joaquim Figueiredo, recebeu homenagem na comemora\u00e7\u00e3o dos 65 anos do Servi\u00e7o [&hellip;]<\/p>\n","protected":false},"author":0,"featured_media":0,"comment_status":"open","ping_status":"open","sticky":false,"template":"","format":"standard","meta":{"site-sidebar-layout":"default","site-content-layout":"","ast-site-content-layout":"default","site-content-style":"default","site-sidebar-style":"default","ast-global-header-display":"","ast-banner-title-visibility":"","ast-main-header-display":"","ast-hfb-above-header-display":"","ast-hfb-below-header-display":"","ast-hfb-mobile-header-display":"","site-post-title":"","ast-breadcrumbs-content":"","ast-featured-img":"","footer-sml-layout":"","ast-disable-related-posts":"","theme-transparent-header-meta":"","adv-header-id-meta":"","stick-header-meta":"","header-above-stick-meta":"","header-main-stick-meta":"","header-below-stick-meta":"","astra-migrate-meta-layouts":"default","ast-page-background-enabled":"default","ast-page-background-meta":{"desktop":{"background-color":"var(--ast-global-color-5)","background-image":"","background-repeat":"repeat","background-position":"center center","background-size":"auto","background-attachment":"scroll","background-type":"","background-media":"","overlay-type":"","overlay-color":"","overlay-opacity":"","overlay-gradient":""},"tablet":{"background-color":"","background-image":"","background-repeat":"repeat","background-position":"center center","background-size":"auto","background-attachment":"scroll","background-type":"","background-media":"","overlay-type":"","overlay-color":"","overlay-opacity":"","overlay-gradient":""},"mobile":{"background-color":"","background-image":"","background-repeat":"repeat","background-position":"center center","background-size":"auto","background-attachment":"scroll","background-type":"","background-media":"","overlay-type":"","overlay-color":"","overlay-opacity":"","overlay-gradient":""}},"ast-content-background-meta":{"desktop":{"background-color":"var(--ast-global-color-4)","background-image":"","background-repeat":"repeat","background-position":"center center","background-size":"auto","background-attachment":"scroll","background-type":"","background-media":"","overlay-type":"","overlay-color":"","overlay-opacity":"","overlay-gradient":""},"tablet":{"background-color":"var(--ast-global-color-4)","background-image":"","background-repeat":"repeat","background-position":"center center","background-size":"auto","background-attachment":"scroll","background-type":"","background-media":"","overlay-type":"","overlay-color":"","overlay-opacity":"","overlay-gradient":""},"mobile":{"background-color":"var(--ast-global-color-4)","background-image":"","background-repeat":"repeat","background-position":"center center","background-size":"auto","background-attachment":"scroll","background-type":"","background-media":"","overlay-type":"","overlay-color":"","overlay-opacity":"","overlay-gradient":""}},"footnotes":""},"categories":[1],"tags":[],"class_list":["post-51711","post","type-post","status-publish","format-standard","hentry","category-sem-categoria"],"yoast_head":"<!-- This site is optimized with the Yoast SEO plugin v26.6 - https:\/\/yoast.com\/wordpress\/plugins\/seo\/ -->\n<title>Presidente do TJMA \u00e9 homenageado na comemora\u00e7\u00e3o dos 65 anos do Senai - Daniel Matos<\/title>\n<meta name=\"robots\" content=\"index, follow, max-snippet:-1, max-image-preview:large, max-video-preview:-1\" \/>\n<link rel=\"canonical\" href=\"https:\/\/www.blogsoestado.com\/danielmatos\/presidente-do-tjma-e-homenageado-na-comemoracao-dos-65-anos-do-senai\/\" \/>\n<meta property=\"og:locale\" content=\"pt_BR\" \/>\n<meta property=\"og:type\" content=\"article\" \/>\n<meta property=\"og:title\" content=\"Presidente do TJMA \u00e9 homenageado na comemora\u00e7\u00e3o dos 65 anos do Senai - Daniel Matos\" \/>\n<meta property=\"og:description\" content=\"O presidente do Tribunal de Justi\u00e7a do Maranh\u00e3o, desembargador Joaquim Figueiredo, recebeu homenagem na comemora\u00e7\u00e3o dos 65 anos do Servi\u00e7o [&hellip;]\" \/>\n<meta property=\"og:url\" content=\"https:\/\/www.blogsoestado.com\/danielmatos\/presidente-do-tjma-e-homenageado-na-comemoracao-dos-65-anos-do-senai\/\" \/>\n<meta property=\"og:site_name\" content=\"Daniel Matos\" \/>\n<meta property=\"article:published_time\" content=\"2018-05-25T23:15:22+00:00\" \/>\n<meta property=\"og:image\" content=\"https:\/\/www.blogsoestado.com\/danielmatos\/files\/2018\/05\/jj-senai.jpg\" \/>\n<meta name=\"twitter:card\" content=\"summary_large_image\" \/>\n<meta name=\"twitter:label1\" content=\"Est. tempo de leitura\" \/>\n\t<meta name=\"twitter:data1\" content=\"1 minuto\" \/>\n<script type=\"application\/ld+json\" class=\"yoast-schema-graph\">{\"@context\":\"https:\/\/schema.org\",\"@graph\":[{\"@type\":\"WebPage\",\"@id\":\"https:\/\/www.blogsoestado.com\/danielmatos\/presidente-do-tjma-e-homenageado-na-comemoracao-dos-65-anos-do-senai\/\",\"url\":\"https:\/\/www.blogsoestado.com\/danielmatos\/presidente-do-tjma-e-homenageado-na-comemoracao-dos-65-anos-do-senai\/\",\"name\":\"Presidente do TJMA \u00e9 homenageado na comemora\u00e7\u00e3o dos 65 anos do Senai - Daniel Matos\",\"isPartOf\":{\"@id\":\"https:\/\/www.blogsoestado.com\/danielmatos\/#website\"},\"primaryImageOfPage\":{\"@id\":\"https:\/\/www.blogsoestado.com\/danielmatos\/presidente-do-tjma-e-homenageado-na-comemoracao-dos-65-anos-do-senai\/#primaryimage\"},\"image\":{\"@id\":\"https:\/\/www.blogsoestado.com\/danielmatos\/presidente-do-tjma-e-homenageado-na-comemoracao-dos-65-anos-do-senai\/#primaryimage\"},\"thumbnailUrl\":\"https:\/\/www.blogsoestado.com\/danielmatos\/files\/2018\/05\/jj-senai.jpg\",\"datePublished\":\"2018-05-25T23:15:22+00:00\",\"author\":{\"@id\":\"\"},\"breadcrumb\":{\"@id\":\"https:\/\/www.blogsoestado.com\/danielmatos\/presidente-do-tjma-e-homenageado-na-comemoracao-dos-65-anos-do-senai\/#breadcrumb\"},\"inLanguage\":\"pt-BR\",\"potentialAction\":[{\"@type\":\"ReadAction\",\"target\":[\"https:\/\/www.blogsoestado.com\/danielmatos\/presidente-do-tjma-e-homenageado-na-comemoracao-dos-65-anos-do-senai\/\"]}]},{\"@type\":\"ImageObject\",\"inLanguage\":\"pt-BR\",\"@id\":\"https:\/\/www.blogsoestado.com\/danielmatos\/presidente-do-tjma-e-homenageado-na-comemoracao-dos-65-anos-do-senai\/#primaryimage\",\"url\":\"https:\/\/www.blogsoestado.com\/danielmatos\/files\/2018\/05\/jj-senai.jpg\",\"contentUrl\":\"https:\/\/www.blogsoestado.com\/danielmatos\/files\/2018\/05\/jj-senai.jpg\"},{\"@type\":\"BreadcrumbList\",\"@id\":\"https:\/\/www.blogsoestado.com\/danielmatos\/presidente-do-tjma-e-homenageado-na-comemoracao-dos-65-anos-do-senai\/#breadcrumb\",\"itemListElement\":[{\"@type\":\"ListItem\",\"position\":1,\"name\":\"In\u00edcio\",\"item\":\"https:\/\/www.blogsoestado.com\/danielmatos\/\"},{\"@type\":\"ListItem\",\"position\":2,\"name\":\"Presidente do TJMA \u00e9 homenageado na comemora\u00e7\u00e3o dos 65 anos do Senai\"}]},{\"@type\":\"WebSite\",\"@id\":\"https:\/\/www.blogsoestado.com\/danielmatos\/#website\",\"url\":\"https:\/\/www.blogsoestado.com\/danielmatos\/\",\"name\":\"Daniel Matos\",\"description\":\"\",\"potentialAction\":[{\"@type\":\"SearchAction\",\"target\":{\"@type\":\"EntryPoint\",\"urlTemplate\":\"https:\/\/www.blogsoestado.com\/danielmatos\/?s={search_term_string}\"},\"query-input\":{\"@type\":\"PropertyValueSpecification\",\"valueRequired\":true,\"valueName\":\"search_term_string\"}}],\"inLanguage\":\"pt-BR\"}]}<\/script>\n<!-- \/ Yoast SEO plugin. -->","yoast_head_json":{"title":"Presidente do TJMA \u00e9 homenageado na comemora\u00e7\u00e3o dos 65 anos do Senai - Daniel Matos","robots":{"index":"index","follow":"follow","max-snippet":"max-snippet:-1","max-image-preview":"max-image-preview:large","max-video-preview":"max-video-preview:-1"},"canonical":"https:\/\/www.blogsoestado.com\/danielmatos\/presidente-do-tjma-e-homenageado-na-comemoracao-dos-65-anos-do-senai\/","og_locale":"pt_BR","og_type":"article","og_title":"Presidente do TJMA \u00e9 homenageado na comemora\u00e7\u00e3o dos 65 anos do Senai - Daniel Matos","og_description":"O presidente do Tribunal de Justi\u00e7a do Maranh\u00e3o, desembargador Joaquim Figueiredo, recebeu homenagem na comemora\u00e7\u00e3o dos 65 anos do Servi\u00e7o [&hellip;]","og_url":"https:\/\/www.blogsoestado.com\/danielmatos\/presidente-do-tjma-e-homenageado-na-comemoracao-dos-65-anos-do-senai\/","og_site_name":"Daniel Matos","article_published_time":"2018-05-25T23:15:22+00:00","og_image":[{"url":"https:\/\/www.blogsoestado.com\/danielmatos\/files\/2018\/05\/jj-senai.jpg","type":"","width":"","height":""}],"twitter_card":"summary_large_image","twitter_misc":{"Est. tempo de leitura":"1 minuto"},"schema":{"@context":"https:\/\/schema.org","@graph":[{"@type":"WebPage","@id":"https:\/\/www.blogsoestado.com\/danielmatos\/presidente-do-tjma-e-homenageado-na-comemoracao-dos-65-anos-do-senai\/","url":"https:\/\/www.blogsoestado.com\/danielmatos\/presidente-do-tjma-e-homenageado-na-comemoracao-dos-65-anos-do-senai\/","name":"Presidente do TJMA \u00e9 homenageado na comemora\u00e7\u00e3o dos 65 anos do Senai - Daniel Matos","isPartOf":{"@id":"https:\/\/www.blogsoestado.com\/danielmatos\/#website"},"primaryImageOfPage":{"@id":"https:\/\/www.blogsoestado.com\/danielmatos\/presidente-do-tjma-e-homenageado-na-comemoracao-dos-65-anos-do-senai\/#primaryimage"},"image":{"@id":"https:\/\/www.blogsoestado.com\/danielmatos\/presidente-do-tjma-e-homenageado-na-comemoracao-dos-65-anos-do-senai\/#primaryimage"},"thumbnailUrl":"https:\/\/www.blogsoestado.com\/danielmatos\/files\/2018\/05\/jj-senai.jpg","datePublished":"2018-05-25T23:15:22+00:00","author":{"@id":""},"breadcrumb":{"@id":"https:\/\/www.blogsoestado.com\/danielmatos\/presidente-do-tjma-e-homenageado-na-comemoracao-dos-65-anos-do-senai\/#breadcrumb"},"inLanguage":"pt-BR","potentialAction":[{"@type":"ReadAction","target":["https:\/\/www.blogsoestado.com\/danielmatos\/presidente-do-tjma-e-homenageado-na-comemoracao-dos-65-anos-do-senai\/"]}]},{"@type":"ImageObject","inLanguage":"pt-BR","@id":"https:\/\/www.blogsoestado.com\/danielmatos\/presidente-do-tjma-e-homenageado-na-comemoracao-dos-65-anos-do-senai\/#primaryimage","url":"https:\/\/www.blogsoestado.com\/danielmatos\/files\/2018\/05\/jj-senai.jpg","contentUrl":"https:\/\/www.blogsoestado.com\/danielmatos\/files\/2018\/05\/jj-senai.jpg"},{"@type":"BreadcrumbList","@id":"https:\/\/www.blogsoestado.com\/danielmatos\/presidente-do-tjma-e-homenageado-na-comemoracao-dos-65-anos-do-senai\/#breadcrumb","itemListElement":[{"@type":"ListItem","position":1,"name":"In\u00edcio","item":"https:\/\/www.blogsoestado.com\/danielmatos\/"},{"@type":"ListItem","position":2,"name":"Presidente do TJMA \u00e9 homenageado na comemora\u00e7\u00e3o dos 65 anos do Senai"}]},{"@type":"WebSite","@id":"https:\/\/www.blogsoestado.com\/danielmatos\/#website","url":"https:\/\/www.blogsoestado.com\/danielmatos\/","name":"Daniel Matos","description":"","potentialAction":[{"@type":"SearchAction","target":{"@type":"EntryPoint","urlTemplate":"https:\/\/www.blogsoestado.com\/danielmatos\/?s={search_term_string}"},"query-input":{"@type":"PropertyValueSpecification","valueRequired":true,"valueName":"search_term_string"}}],"inLanguage":"pt-BR"}]}},"jetpack_featured_media_url":"","_links":{"self":[{"href":"https:\/\/www.blogsoestado.com\/danielmatos\/wp-json\/wp\/v2\/posts\/51711","targetHints":{"allow":["GET"]}}],"collection":[{"href":"https:\/\/www.blogsoestado.com\/danielmatos\/wp-json\/wp\/v2\/posts"}],"about":[{"href":"https:\/\/www.blogsoestado.com\/danielmatos\/wp-json\/wp\/v2\/types\/post"}],"replies":[{"embeddable":true,"href":"https:\/\/www.blogsoestado.com\/danielmatos\/wp-json\/wp\/v2\/comments?post=51711"}],"version-history":[{"count":0,"href":"https:\/\/www.blogsoestado.com\/danielmatos\/wp-json\/wp\/v2\/posts\/51711\/revisions"}],"wp:attachment":[{"href":"https:\/\/www.blogsoestado.com\/danielmatos\/wp-json\/wp\/v2\/media?parent=51711"}],"wp:term":[{"taxonomy":"category","embeddable":true,"href":"https:\/\/www.blogsoestado.com\/danielmatos\/wp-json\/wp\/v2\/categories?post=51711"},{"taxonomy":"post_tag","embeddable":true,"href":"https:\/\/www.blogsoestado.com\/danielmatos\/wp-json\/wp\/v2\/tags?post=51711"}],"curies":[{"name":"wp","href":"https:\/\/api.w.org\/{rel}","templated":true}]}}