{"id":51715,"date":"2018-05-25T18:59:03","date_gmt":"2018-05-25T21:59:03","guid":{"rendered":"https:\/\/www.blogsoestado.com\/danielmatos\/?p=51715"},"modified":"2018-05-25T18:59:03","modified_gmt":"2018-05-25T21:59:03","slug":"producao-comunicacao-adiamento-do-evento-sem-cao","status":"publish","type":"post","link":"https:\/\/www.blogsoestado.com\/danielmatos\/producao-comunicacao-adiamento-do-evento-sem-cao\/","title":{"rendered":"Produ\u00e7\u00e3o comunica adiamento do evento &#8220;Sem Ca\u00f4&#8221;"},"content":{"rendered":"<p style=\"text-align: center;\"><strong>NOTA DE ADIAMENTO<\/strong><\/p>\n<p>Surpreendidos pelo expediente em forma de Parecer T\u00e9cnico n\u00ba 33667\/18, emitido pela Secretaria Municipal de Meio Ambiente, na data de 24\/05\/2018, manifestando-se pelo Indeferimento da solicita\u00e7\u00e3o de autoriza\u00e7\u00e3o para o Evento Sem Ca\u00f4, e entregue \u00e0 nossa empresa na manh\u00e3 desta sexta-feira, dia 25\/05\/2018, assinado pela Superintend\u00eancia de Qualidade Ambiental da referida Secretaria de Meio Ambiente, por sua vez, indicando o cumprimento do que determina o Ac\u00f3rd\u00e3o lavrado nos autos da Apela\u00e7\u00e3o C\u00edvel n\u00ba 7.784\/2017 pela Quarta C\u00e2mara C\u00edvel do Egr\u00e9gio Tribunal de Justi\u00e7a do Estado do Maranh\u00e3o (A\u00e7\u00e3o Civil P\u00fablica n\u00ba 14917-32.2004.8.10.0001), que pro\u00edbe a realiza\u00e7\u00e3o de eventos que produzam polui\u00e7\u00e3o sonora na \u00e1rea da Ponta da Areia, logradouro este, onde situa-se o Rio Poty Hotel, proibindo, inclusive que todos os \u00f3rg\u00e3os do munic\u00edpio de S\u00e3o Lu\u00eds, e, do estado do Maranh\u00e3o concedam licen\u00e7as e\/ou alvar\u00e1s, e ainda ap\u00f3s tentativa de transfer\u00eancia para realiza\u00e7\u00e3o do referido evento as depend\u00eancias do Hotel Blue Tree Towers S\u00e3o Lu\u00eds, tendo daquela ger\u00eancia a negativa da possibilidade, em virtude de compromissos j\u00e1 assumidos na data, a Empresa 4M\u00e3os Entretenimento, vem a p\u00fablico informar que os shows dos artistas Henrique &amp; Juliano, Vintage Culture e Banda Eva, que aconteceria no pr\u00f3ximo s\u00e1bado, dia 02 de junho, foram adiados.<\/p>\n<p>Aproveita ainda para informar que a partir da pr\u00f3xima ter\u00e7a feira, dia 29\/05\/2018, os clientes que compraram seus ingressos poder\u00e3o reaver a quantia paga na loja 4M\u00e3os Store \u2013 localizada no S\u00e3o Lu\u00eds Shopping.<\/p>\n<p>Para mais informa\u00e7\u00f5es ligue 3016-6663\/3235-5940<\/p>\n<p><strong>4M\u00c3OS ENTRETENIMENTO<\/strong><\/p>\n<p>Segue c\u00f3pia do parecer que indeferiu a realiza\u00e7\u00e3o do evento:<\/p>\n<p><img fetchpriority=\"high\" decoding=\"async\" class=\"aligncenter size-full wp-image-51716\" src=\"https:\/\/www.blogsoestado.com\/danielmatos\/files\/2018\/05\/sem-cao2.jpg\" alt=\"\" width=\"480\" height=\"600\" \/><\/p>\n<p><img decoding=\"async\" class=\"aligncenter size-full wp-image-51717\" src=\"https:\/\/www.blogsoestado.com\/danielmatos\/files\/2018\/05\/sem-cao.jpg\" alt=\"\" width=\"480\" height=\"600\" \/><\/p>\n","protected":false},"excerpt":{"rendered":"<p>NOTA DE ADIAMENTO Surpreendidos pelo expediente em forma de Parecer T\u00e9cnico n\u00ba 33667\/18, emitido pela Secretaria Municipal de Meio Ambiente, [&hellip;]<\/p>\n","protected":false},"author":0,"featured_media":0,"comment_status":"open","ping_status":"open","sticky":false,"template":"","format":"standard","meta":{"site-sidebar-layout":"default","site-content-layout":"","ast-site-content-layout":"default","site-content-style":"default","site-sidebar-style":"default","ast-global-header-display":"","ast-banner-title-visibility":"","ast-main-header-display":"","ast-hfb-above-header-display":"","ast-hfb-below-header-display":"","ast-hfb-mobile-header-display":"","site-post-title":"","ast-breadcrumbs-content":"","ast-featured-img":"","footer-sml-layout":"","ast-disable-related-posts":"","theme-transparent-header-meta":"","adv-header-id-meta":"","stick-header-meta":"","header-above-stick-meta":"","header-main-stick-meta":"","header-below-stick-meta":"","astra-migrate-meta-layouts":"default","ast-page-background-enabled":"default","ast-page-background-meta":{"desktop":{"background-color":"var(--ast-global-color-5)","background-image":"","background-repeat":"repeat","background-position":"center center","background-size":"auto","background-attachment":"scroll","background-type":"","background-media":"","overlay-type":"","overlay-color":"","overlay-opacity":"","overlay-gradient":""},"tablet":{"background-color":"","background-image":"","background-repeat":"repeat","background-position":"center center","background-size":"auto","background-attachment":"scroll","background-type":"","background-media":"","overlay-type":"","overlay-color":"","overlay-opacity":"","overlay-gradient":""},"mobile":{"background-color":"","background-image":"","background-repeat":"repeat","background-position":"center center","background-size":"auto","background-attachment":"scroll","background-type":"","background-media":"","overlay-type":"","overlay-color":"","overlay-opacity":"","overlay-gradient":""}},"ast-content-background-meta":{"desktop":{"background-color":"var(--ast-global-color-4)","background-image":"","background-repeat":"repeat","background-position":"center center","background-size":"auto","background-attachment":"scroll","background-type":"","background-media":"","overlay-type":"","overlay-color":"","overlay-opacity":"","overlay-gradient":""},"tablet":{"background-color":"var(--ast-global-color-4)","background-image":"","background-repeat":"repeat","background-position":"center center","background-size":"auto","background-attachment":"scroll","background-type":"","background-media":"","overlay-type":"","overlay-color":"","overlay-opacity":"","overlay-gradient":""},"mobile":{"background-color":"var(--ast-global-color-4)","background-image":"","background-repeat":"repeat","background-position":"center center","background-size":"auto","background-attachment":"scroll","background-type":"","background-media":"","overlay-type":"","overlay-color":"","overlay-opacity":"","overlay-gradient":""}},"footnotes":""},"categories":[1],"tags":[],"class_list":["post-51715","post","type-post","status-publish","format-standard","hentry","category-sem-categoria"],"yoast_head":"<!-- This site is optimized with the Yoast SEO plugin v26.6 - https:\/\/yoast.com\/wordpress\/plugins\/seo\/ -->\n<title>Produ\u00e7\u00e3o comunica adiamento do evento &quot;Sem Ca\u00f4&quot; - Daniel Matos<\/title>\n<meta name=\"robots\" content=\"index, follow, max-snippet:-1, max-image-preview:large, max-video-preview:-1\" \/>\n<link rel=\"canonical\" href=\"https:\/\/www.blogsoestado.com\/danielmatos\/producao-comunicacao-adiamento-do-evento-sem-cao\/\" \/>\n<meta property=\"og:locale\" content=\"pt_BR\" \/>\n<meta property=\"og:type\" content=\"article\" \/>\n<meta property=\"og:title\" content=\"Produ\u00e7\u00e3o comunica adiamento do evento &quot;Sem Ca\u00f4&quot; - Daniel Matos\" \/>\n<meta property=\"og:description\" content=\"NOTA DE ADIAMENTO Surpreendidos pelo expediente em forma de Parecer T\u00e9cnico n\u00ba 33667\/18, emitido pela Secretaria Municipal de Meio Ambiente, [&hellip;]\" \/>\n<meta property=\"og:url\" content=\"https:\/\/www.blogsoestado.com\/danielmatos\/producao-comunicacao-adiamento-do-evento-sem-cao\/\" \/>\n<meta property=\"og:site_name\" content=\"Daniel Matos\" \/>\n<meta property=\"article:published_time\" content=\"2018-05-25T21:59:03+00:00\" \/>\n<meta property=\"og:image\" content=\"https:\/\/www.blogsoestado.com\/danielmatos\/files\/2018\/05\/sem-cao2.jpg\" \/>\n<meta name=\"twitter:card\" content=\"summary_large_image\" \/>\n<meta name=\"twitter:label1\" content=\"Est. tempo de leitura\" \/>\n\t<meta name=\"twitter:data1\" content=\"1 minuto\" \/>\n<script type=\"application\/ld+json\" class=\"yoast-schema-graph\">{\"@context\":\"https:\/\/schema.org\",\"@graph\":[{\"@type\":\"WebPage\",\"@id\":\"https:\/\/www.blogsoestado.com\/danielmatos\/producao-comunicacao-adiamento-do-evento-sem-cao\/\",\"url\":\"https:\/\/www.blogsoestado.com\/danielmatos\/producao-comunicacao-adiamento-do-evento-sem-cao\/\",\"name\":\"Produ\u00e7\u00e3o comunica adiamento do evento \\\"Sem Ca\u00f4\\\" - Daniel Matos\",\"isPartOf\":{\"@id\":\"https:\/\/www.blogsoestado.com\/danielmatos\/#website\"},\"primaryImageOfPage\":{\"@id\":\"https:\/\/www.blogsoestado.com\/danielmatos\/producao-comunicacao-adiamento-do-evento-sem-cao\/#primaryimage\"},\"image\":{\"@id\":\"https:\/\/www.blogsoestado.com\/danielmatos\/producao-comunicacao-adiamento-do-evento-sem-cao\/#primaryimage\"},\"thumbnailUrl\":\"https:\/\/www.blogsoestado.com\/danielmatos\/files\/2018\/05\/sem-cao2.jpg\",\"datePublished\":\"2018-05-25T21:59:03+00:00\",\"author\":{\"@id\":\"\"},\"breadcrumb\":{\"@id\":\"https:\/\/www.blogsoestado.com\/danielmatos\/producao-comunicacao-adiamento-do-evento-sem-cao\/#breadcrumb\"},\"inLanguage\":\"pt-BR\",\"potentialAction\":[{\"@type\":\"ReadAction\",\"target\":[\"https:\/\/www.blogsoestado.com\/danielmatos\/producao-comunicacao-adiamento-do-evento-sem-cao\/\"]}]},{\"@type\":\"ImageObject\",\"inLanguage\":\"pt-BR\",\"@id\":\"https:\/\/www.blogsoestado.com\/danielmatos\/producao-comunicacao-adiamento-do-evento-sem-cao\/#primaryimage\",\"url\":\"https:\/\/www.blogsoestado.com\/danielmatos\/files\/2018\/05\/sem-cao2.jpg\",\"contentUrl\":\"https:\/\/www.blogsoestado.com\/danielmatos\/files\/2018\/05\/sem-cao2.jpg\"},{\"@type\":\"BreadcrumbList\",\"@id\":\"https:\/\/www.blogsoestado.com\/danielmatos\/producao-comunicacao-adiamento-do-evento-sem-cao\/#breadcrumb\",\"itemListElement\":[{\"@type\":\"ListItem\",\"position\":1,\"name\":\"In\u00edcio\",\"item\":\"https:\/\/www.blogsoestado.com\/danielmatos\/\"},{\"@type\":\"ListItem\",\"position\":2,\"name\":\"Produ\u00e7\u00e3o comunica adiamento do evento &#8220;Sem Ca\u00f4&#8221;\"}]},{\"@type\":\"WebSite\",\"@id\":\"https:\/\/www.blogsoestado.com\/danielmatos\/#website\",\"url\":\"https:\/\/www.blogsoestado.com\/danielmatos\/\",\"name\":\"Daniel Matos\",\"description\":\"\",\"potentialAction\":[{\"@type\":\"SearchAction\",\"target\":{\"@type\":\"EntryPoint\",\"urlTemplate\":\"https:\/\/www.blogsoestado.com\/danielmatos\/?s={search_term_string}\"},\"query-input\":{\"@type\":\"PropertyValueSpecification\",\"valueRequired\":true,\"valueName\":\"search_term_string\"}}],\"inLanguage\":\"pt-BR\"}]}<\/script>\n<!-- \/ Yoast SEO plugin. -->","yoast_head_json":{"title":"Produ\u00e7\u00e3o comunica adiamento do evento \"Sem Ca\u00f4\" - Daniel Matos","robots":{"index":"index","follow":"follow","max-snippet":"max-snippet:-1","max-image-preview":"max-image-preview:large","max-video-preview":"max-video-preview:-1"},"canonical":"https:\/\/www.blogsoestado.com\/danielmatos\/producao-comunicacao-adiamento-do-evento-sem-cao\/","og_locale":"pt_BR","og_type":"article","og_title":"Produ\u00e7\u00e3o comunica adiamento do evento \"Sem Ca\u00f4\" - Daniel Matos","og_description":"NOTA DE ADIAMENTO Surpreendidos pelo expediente em forma de Parecer T\u00e9cnico n\u00ba 33667\/18, emitido pela Secretaria Municipal de Meio Ambiente, [&hellip;]","og_url":"https:\/\/www.blogsoestado.com\/danielmatos\/producao-comunicacao-adiamento-do-evento-sem-cao\/","og_site_name":"Daniel Matos","article_published_time":"2018-05-25T21:59:03+00:00","og_image":[{"url":"https:\/\/www.blogsoestado.com\/danielmatos\/files\/2018\/05\/sem-cao2.jpg","type":"","width":"","height":""}],"twitter_card":"summary_large_image","twitter_misc":{"Est. tempo de leitura":"1 minuto"},"schema":{"@context":"https:\/\/schema.org","@graph":[{"@type":"WebPage","@id":"https:\/\/www.blogsoestado.com\/danielmatos\/producao-comunicacao-adiamento-do-evento-sem-cao\/","url":"https:\/\/www.blogsoestado.com\/danielmatos\/producao-comunicacao-adiamento-do-evento-sem-cao\/","name":"Produ\u00e7\u00e3o comunica adiamento do evento \"Sem Ca\u00f4\" - Daniel Matos","isPartOf":{"@id":"https:\/\/www.blogsoestado.com\/danielmatos\/#website"},"primaryImageOfPage":{"@id":"https:\/\/www.blogsoestado.com\/danielmatos\/producao-comunicacao-adiamento-do-evento-sem-cao\/#primaryimage"},"image":{"@id":"https:\/\/www.blogsoestado.com\/danielmatos\/producao-comunicacao-adiamento-do-evento-sem-cao\/#primaryimage"},"thumbnailUrl":"https:\/\/www.blogsoestado.com\/danielmatos\/files\/2018\/05\/sem-cao2.jpg","datePublished":"2018-05-25T21:59:03+00:00","author":{"@id":""},"breadcrumb":{"@id":"https:\/\/www.blogsoestado.com\/danielmatos\/producao-comunicacao-adiamento-do-evento-sem-cao\/#breadcrumb"},"inLanguage":"pt-BR","potentialAction":[{"@type":"ReadAction","target":["https:\/\/www.blogsoestado.com\/danielmatos\/producao-comunicacao-adiamento-do-evento-sem-cao\/"]}]},{"@type":"ImageObject","inLanguage":"pt-BR","@id":"https:\/\/www.blogsoestado.com\/danielmatos\/producao-comunicacao-adiamento-do-evento-sem-cao\/#primaryimage","url":"https:\/\/www.blogsoestado.com\/danielmatos\/files\/2018\/05\/sem-cao2.jpg","contentUrl":"https:\/\/www.blogsoestado.com\/danielmatos\/files\/2018\/05\/sem-cao2.jpg"},{"@type":"BreadcrumbList","@id":"https:\/\/www.blogsoestado.com\/danielmatos\/producao-comunicacao-adiamento-do-evento-sem-cao\/#breadcrumb","itemListElement":[{"@type":"ListItem","position":1,"name":"In\u00edcio","item":"https:\/\/www.blogsoestado.com\/danielmatos\/"},{"@type":"ListItem","position":2,"name":"Produ\u00e7\u00e3o comunica adiamento do evento &#8220;Sem Ca\u00f4&#8221;"}]},{"@type":"WebSite","@id":"https:\/\/www.blogsoestado.com\/danielmatos\/#website","url":"https:\/\/www.blogsoestado.com\/danielmatos\/","name":"Daniel Matos","description":"","potentialAction":[{"@type":"SearchAction","target":{"@type":"EntryPoint","urlTemplate":"https:\/\/www.blogsoestado.com\/danielmatos\/?s={search_term_string}"},"query-input":{"@type":"PropertyValueSpecification","valueRequired":true,"valueName":"search_term_string"}}],"inLanguage":"pt-BR"}]}},"jetpack_featured_media_url":"","_links":{"self":[{"href":"https:\/\/www.blogsoestado.com\/danielmatos\/wp-json\/wp\/v2\/posts\/51715","targetHints":{"allow":["GET"]}}],"collection":[{"href":"https:\/\/www.blogsoestado.com\/danielmatos\/wp-json\/wp\/v2\/posts"}],"about":[{"href":"https:\/\/www.blogsoestado.com\/danielmatos\/wp-json\/wp\/v2\/types\/post"}],"replies":[{"embeddable":true,"href":"https:\/\/www.blogsoestado.com\/danielmatos\/wp-json\/wp\/v2\/comments?post=51715"}],"version-history":[{"count":0,"href":"https:\/\/www.blogsoestado.com\/danielmatos\/wp-json\/wp\/v2\/posts\/51715\/revisions"}],"wp:attachment":[{"href":"https:\/\/www.blogsoestado.com\/danielmatos\/wp-json\/wp\/v2\/media?parent=51715"}],"wp:term":[{"taxonomy":"category","embeddable":true,"href":"https:\/\/www.blogsoestado.com\/danielmatos\/wp-json\/wp\/v2\/categories?post=51715"},{"taxonomy":"post_tag","embeddable":true,"href":"https:\/\/www.blogsoestado.com\/danielmatos\/wp-json\/wp\/v2\/tags?post=51715"}],"curies":[{"name":"wp","href":"https:\/\/api.w.org\/{rel}","templated":true}]}}