{"id":51770,"date":"2018-05-28T17:10:18","date_gmt":"2018-05-28T20:10:18","guid":{"rendered":"https:\/\/www.blogsoestado.com\/danielmatos\/?p=51770"},"modified":"2018-05-28T17:10:18","modified_gmt":"2018-05-28T20:10:18","slug":"em-semana-de-tumultos-no-pais-2a-etapa-do-concurso-de-caxias-e-marcada-por-um-show-de-competencia","status":"publish","type":"post","link":"https:\/\/www.blogsoestado.com\/danielmatos\/em-semana-de-tumultos-no-pais-2a-etapa-do-concurso-de-caxias-e-marcada-por-um-show-de-competencia\/","title":{"rendered":"Em semana de tumultos no pa\u00eds, 2\u00aa etapa do concurso de Caxias \u00e9 marcada por um show de compet\u00eancia"},"content":{"rendered":"<figure id=\"attachment_51763\" aria-describedby=\"caption-attachment-51763\" style=\"width: 618px\" class=\"wp-caption aligncenter\"><img fetchpriority=\"high\" decoding=\"async\" class=\"wp-image-51763\" src=\"https:\/\/www.blogsoestado.com\/danielmatos\/files\/2018\/05\/concurso-caxias-legal.jpg\" alt=\"\" width=\"618\" height=\"439\" \/><figcaption id=\"caption-attachment-51763\" class=\"wp-caption-text\">Candidatos fazem provas do concurso em um dos locais do seletivo<\/figcaption><\/figure>\n<p>Na segunda fase de aplica\u00e7\u00e3o do certame de Caxias, destinada aos cargos de n\u00edvel m\u00e9dio, t\u00e9cnico e fundamental, o Instituto Machado de Assis e os candidatos tiveram que enfrentar as dificuldades advindas da recente greve dos caminhoneiros, com falta de combust\u00edvel nos postos e a ocorr\u00eancia de barreiras nas estradas.<\/p>\n<p>Contudo, a empresa mais uma vez mostrou sua compet\u00eancia ao aplicar provas para os mais de trinta e quatro mil candidatos, distribu\u00eddos em dois turnos, e alocados em mais de sessenta locais de aplica\u00e7\u00e3o.<\/p>\n<p>Numa impressionante log\u00edstica que envolveu uma equipe de mais de 300 profissionais vindos da capital piauiense, o IMA n\u00e3o encontrou dificuldades para acolher de forma tranquila todos aqueles que vieram lutar por uma vaga no servi\u00e7o p\u00fablico. Suas equipes multiprofissionais continham advogados, enfermeiros, assistentes sociais e psic\u00f3logos, todos para melhor atender o candidato.<\/p>\n<p>Para atender os pedidos de atendimento especial, a empresa disponibilizou vinte int\u00e9rpretes de libras e uma profissional especialista na leitura em braile. Alguns candidatos tamb\u00e9m tiveram suas provas em fontes ampliadas de acordo com suas necessidades especiais.<\/p>\n<figure id=\"attachment_51764\" aria-describedby=\"caption-attachment-51764\" style=\"width: 400px\" class=\"wp-caption alignright\"><img decoding=\"async\" class=\"wp-image-51764\" src=\"https:\/\/www.blogsoestado.com\/danielmatos\/files\/2018\/05\/concurso-caxias-legal2.jpg\" alt=\"\" width=\"400\" height=\"266\" \/><figcaption id=\"caption-attachment-51764\" class=\"wp-caption-text\">Candidatos obt\u00eam informa\u00e7\u00f5es antes de iniciarem as provas da segunda etapa do concurso, marcado por organiza\u00e7\u00e3o<\/figcaption><\/figure>\n<p>Em todos os locais de prova foram adotadas rigorosas medidas de preven\u00e7\u00e3o a fraude, como carteiras marcadas previamente pela Coordena\u00e7\u00e3o, uso de detectores de metal e equipes de seguran\u00e7a com aparelhos especializados em rastrear sinais de telefones ou pontos eletr\u00f4nicos. Ou seja, SEGURAN\u00c7A total para o candidato.<\/p>\n<p>No fim das contas, o que ficou como li\u00e7\u00e3o \u00e9 que a compet\u00eancia e meritocracia s\u00e3o gigantes diante da politicagem e interesses escusos. Todos os concorrentes foram agraciados com uma aplica\u00e7\u00e3o de prova tranquila e uma log\u00edstica invej\u00e1vel \u2013 tudo culpa do maior agente facilitador desta realidade: Instituto Machado de Assis, que passa a configurar como uma das maiores empresas de concurso do Brasil.<\/p>\n<p>Parab\u00e9ns aos candidatos que procuram acesso ao servi\u00e7o p\u00fablico de forma l\u00edcita! Parab\u00e9ns a Prefeitura de Caxias! E, merecidamente, parab\u00e9ns ao Instituto Machado de Assis!<\/p>\n","protected":false},"excerpt":{"rendered":"<p>Na segunda fase de aplica\u00e7\u00e3o do certame de Caxias, destinada aos cargos de n\u00edvel m\u00e9dio, t\u00e9cnico e fundamental, o Instituto [&hellip;]<\/p>\n","protected":false},"author":0,"featured_media":0,"comment_status":"open","ping_status":"open","sticky":false,"template":"","format":"standard","meta":{"site-sidebar-layout":"default","site-content-layout":"","ast-site-content-layout":"default","site-content-style":"default","site-sidebar-style":"default","ast-global-header-display":"","ast-banner-title-visibility":"","ast-main-header-display":"","ast-hfb-above-header-display":"","ast-hfb-below-header-display":"","ast-hfb-mobile-header-display":"","site-post-title":"","ast-breadcrumbs-content":"","ast-featured-img":"","footer-sml-layout":"","ast-disable-related-posts":"","theme-transparent-header-meta":"","adv-header-id-meta":"","stick-header-meta":"","header-above-stick-meta":"","header-main-stick-meta":"","header-below-stick-meta":"","astra-migrate-meta-layouts":"default","ast-page-background-enabled":"default","ast-page-background-meta":{"desktop":{"background-color":"var(--ast-global-color-5)","background-image":"","background-repeat":"repeat","background-position":"center center","background-size":"auto","background-attachment":"scroll","background-type":"","background-media":"","overlay-type":"","overlay-color":"","overlay-opacity":"","overlay-gradient":""},"tablet":{"background-color":"","background-image":"","background-repeat":"repeat","background-position":"center center","background-size":"auto","background-attachment":"scroll","background-type":"","background-media":"","overlay-type":"","overlay-color":"","overlay-opacity":"","overlay-gradient":""},"mobile":{"background-color":"","background-image":"","background-repeat":"repeat","background-position":"center center","background-size":"auto","background-attachment":"scroll","background-type":"","background-media":"","overlay-type":"","overlay-color":"","overlay-opacity":"","overlay-gradient":""}},"ast-content-background-meta":{"desktop":{"background-color":"var(--ast-global-color-4)","background-image":"","background-repeat":"repeat","background-position":"center center","background-size":"auto","background-attachment":"scroll","background-type":"","background-media":"","overlay-type":"","overlay-color":"","overlay-opacity":"","overlay-gradient":""},"tablet":{"background-color":"var(--ast-global-color-4)","background-image":"","background-repeat":"repeat","background-position":"center center","background-size":"auto","background-attachment":"scroll","background-type":"","background-media":"","overlay-type":"","overlay-color":"","overlay-opacity":"","overlay-gradient":""},"mobile":{"background-color":"var(--ast-global-color-4)","background-image":"","background-repeat":"repeat","background-position":"center center","background-size":"auto","background-attachment":"scroll","background-type":"","background-media":"","overlay-type":"","overlay-color":"","overlay-opacity":"","overlay-gradient":""}},"footnotes":""},"categories":[1],"tags":[],"class_list":["post-51770","post","type-post","status-publish","format-standard","hentry","category-sem-categoria"],"yoast_head":"<!-- This site is optimized with the Yoast SEO plugin v26.6 - https:\/\/yoast.com\/wordpress\/plugins\/seo\/ -->\n<title>Em semana de tumultos no pa\u00eds, 2\u00aa etapa do concurso de Caxias \u00e9 marcada por um show de compet\u00eancia - Daniel Matos<\/title>\n<meta name=\"robots\" content=\"index, follow, max-snippet:-1, max-image-preview:large, max-video-preview:-1\" \/>\n<link rel=\"canonical\" href=\"https:\/\/www.blogsoestado.com\/danielmatos\/em-semana-de-tumultos-no-pais-2a-etapa-do-concurso-de-caxias-e-marcada-por-um-show-de-competencia\/\" \/>\n<meta property=\"og:locale\" content=\"pt_BR\" \/>\n<meta property=\"og:type\" content=\"article\" \/>\n<meta property=\"og:title\" content=\"Em semana de tumultos no pa\u00eds, 2\u00aa etapa do concurso de Caxias \u00e9 marcada por um show de compet\u00eancia - Daniel Matos\" \/>\n<meta property=\"og:description\" content=\"Na segunda fase de aplica\u00e7\u00e3o do certame de Caxias, destinada aos cargos de n\u00edvel m\u00e9dio, t\u00e9cnico e fundamental, o Instituto [&hellip;]\" \/>\n<meta property=\"og:url\" content=\"https:\/\/www.blogsoestado.com\/danielmatos\/em-semana-de-tumultos-no-pais-2a-etapa-do-concurso-de-caxias-e-marcada-por-um-show-de-competencia\/\" \/>\n<meta property=\"og:site_name\" content=\"Daniel Matos\" \/>\n<meta property=\"article:published_time\" content=\"2018-05-28T20:10:18+00:00\" \/>\n<meta property=\"og:image\" content=\"https:\/\/www.blogsoestado.com\/danielmatos\/files\/2018\/05\/concurso-caxias-legal.jpg\" \/>\n<meta name=\"twitter:card\" content=\"summary_large_image\" \/>\n<meta name=\"twitter:label1\" content=\"Est. tempo de leitura\" \/>\n\t<meta name=\"twitter:data1\" content=\"2 minutos\" \/>\n<script type=\"application\/ld+json\" class=\"yoast-schema-graph\">{\"@context\":\"https:\/\/schema.org\",\"@graph\":[{\"@type\":\"WebPage\",\"@id\":\"https:\/\/www.blogsoestado.com\/danielmatos\/em-semana-de-tumultos-no-pais-2a-etapa-do-concurso-de-caxias-e-marcada-por-um-show-de-competencia\/\",\"url\":\"https:\/\/www.blogsoestado.com\/danielmatos\/em-semana-de-tumultos-no-pais-2a-etapa-do-concurso-de-caxias-e-marcada-por-um-show-de-competencia\/\",\"name\":\"Em semana de tumultos no pa\u00eds, 2\u00aa etapa do concurso de Caxias \u00e9 marcada por um show de compet\u00eancia - Daniel Matos\",\"isPartOf\":{\"@id\":\"https:\/\/www.blogsoestado.com\/danielmatos\/#website\"},\"primaryImageOfPage\":{\"@id\":\"https:\/\/www.blogsoestado.com\/danielmatos\/em-semana-de-tumultos-no-pais-2a-etapa-do-concurso-de-caxias-e-marcada-por-um-show-de-competencia\/#primaryimage\"},\"image\":{\"@id\":\"https:\/\/www.blogsoestado.com\/danielmatos\/em-semana-de-tumultos-no-pais-2a-etapa-do-concurso-de-caxias-e-marcada-por-um-show-de-competencia\/#primaryimage\"},\"thumbnailUrl\":\"https:\/\/www.blogsoestado.com\/danielmatos\/files\/2018\/05\/concurso-caxias-legal.jpg\",\"datePublished\":\"2018-05-28T20:10:18+00:00\",\"author\":{\"@id\":\"\"},\"breadcrumb\":{\"@id\":\"https:\/\/www.blogsoestado.com\/danielmatos\/em-semana-de-tumultos-no-pais-2a-etapa-do-concurso-de-caxias-e-marcada-por-um-show-de-competencia\/#breadcrumb\"},\"inLanguage\":\"pt-BR\",\"potentialAction\":[{\"@type\":\"ReadAction\",\"target\":[\"https:\/\/www.blogsoestado.com\/danielmatos\/em-semana-de-tumultos-no-pais-2a-etapa-do-concurso-de-caxias-e-marcada-por-um-show-de-competencia\/\"]}]},{\"@type\":\"ImageObject\",\"inLanguage\":\"pt-BR\",\"@id\":\"https:\/\/www.blogsoestado.com\/danielmatos\/em-semana-de-tumultos-no-pais-2a-etapa-do-concurso-de-caxias-e-marcada-por-um-show-de-competencia\/#primaryimage\",\"url\":\"https:\/\/www.blogsoestado.com\/danielmatos\/files\/2018\/05\/concurso-caxias-legal.jpg\",\"contentUrl\":\"https:\/\/www.blogsoestado.com\/danielmatos\/files\/2018\/05\/concurso-caxias-legal.jpg\"},{\"@type\":\"BreadcrumbList\",\"@id\":\"https:\/\/www.blogsoestado.com\/danielmatos\/em-semana-de-tumultos-no-pais-2a-etapa-do-concurso-de-caxias-e-marcada-por-um-show-de-competencia\/#breadcrumb\",\"itemListElement\":[{\"@type\":\"ListItem\",\"position\":1,\"name\":\"In\u00edcio\",\"item\":\"https:\/\/www.blogsoestado.com\/danielmatos\/\"},{\"@type\":\"ListItem\",\"position\":2,\"name\":\"Em semana de tumultos no pa\u00eds, 2\u00aa etapa do concurso de Caxias \u00e9 marcada por um show de compet\u00eancia\"}]},{\"@type\":\"WebSite\",\"@id\":\"https:\/\/www.blogsoestado.com\/danielmatos\/#website\",\"url\":\"https:\/\/www.blogsoestado.com\/danielmatos\/\",\"name\":\"Daniel Matos\",\"description\":\"\",\"potentialAction\":[{\"@type\":\"SearchAction\",\"target\":{\"@type\":\"EntryPoint\",\"urlTemplate\":\"https:\/\/www.blogsoestado.com\/danielmatos\/?s={search_term_string}\"},\"query-input\":{\"@type\":\"PropertyValueSpecification\",\"valueRequired\":true,\"valueName\":\"search_term_string\"}}],\"inLanguage\":\"pt-BR\"}]}<\/script>\n<!-- \/ Yoast SEO plugin. -->","yoast_head_json":{"title":"Em semana de tumultos no pa\u00eds, 2\u00aa etapa do concurso de Caxias \u00e9 marcada por um show de compet\u00eancia - Daniel Matos","robots":{"index":"index","follow":"follow","max-snippet":"max-snippet:-1","max-image-preview":"max-image-preview:large","max-video-preview":"max-video-preview:-1"},"canonical":"https:\/\/www.blogsoestado.com\/danielmatos\/em-semana-de-tumultos-no-pais-2a-etapa-do-concurso-de-caxias-e-marcada-por-um-show-de-competencia\/","og_locale":"pt_BR","og_type":"article","og_title":"Em semana de tumultos no pa\u00eds, 2\u00aa etapa do concurso de Caxias \u00e9 marcada por um show de compet\u00eancia - Daniel Matos","og_description":"Na segunda fase de aplica\u00e7\u00e3o do certame de Caxias, destinada aos cargos de n\u00edvel m\u00e9dio, t\u00e9cnico e fundamental, o Instituto [&hellip;]","og_url":"https:\/\/www.blogsoestado.com\/danielmatos\/em-semana-de-tumultos-no-pais-2a-etapa-do-concurso-de-caxias-e-marcada-por-um-show-de-competencia\/","og_site_name":"Daniel Matos","article_published_time":"2018-05-28T20:10:18+00:00","og_image":[{"url":"https:\/\/www.blogsoestado.com\/danielmatos\/files\/2018\/05\/concurso-caxias-legal.jpg","type":"","width":"","height":""}],"twitter_card":"summary_large_image","twitter_misc":{"Est. tempo de leitura":"2 minutos"},"schema":{"@context":"https:\/\/schema.org","@graph":[{"@type":"WebPage","@id":"https:\/\/www.blogsoestado.com\/danielmatos\/em-semana-de-tumultos-no-pais-2a-etapa-do-concurso-de-caxias-e-marcada-por-um-show-de-competencia\/","url":"https:\/\/www.blogsoestado.com\/danielmatos\/em-semana-de-tumultos-no-pais-2a-etapa-do-concurso-de-caxias-e-marcada-por-um-show-de-competencia\/","name":"Em semana de tumultos no pa\u00eds, 2\u00aa etapa do concurso de Caxias \u00e9 marcada por um show de compet\u00eancia - Daniel Matos","isPartOf":{"@id":"https:\/\/www.blogsoestado.com\/danielmatos\/#website"},"primaryImageOfPage":{"@id":"https:\/\/www.blogsoestado.com\/danielmatos\/em-semana-de-tumultos-no-pais-2a-etapa-do-concurso-de-caxias-e-marcada-por-um-show-de-competencia\/#primaryimage"},"image":{"@id":"https:\/\/www.blogsoestado.com\/danielmatos\/em-semana-de-tumultos-no-pais-2a-etapa-do-concurso-de-caxias-e-marcada-por-um-show-de-competencia\/#primaryimage"},"thumbnailUrl":"https:\/\/www.blogsoestado.com\/danielmatos\/files\/2018\/05\/concurso-caxias-legal.jpg","datePublished":"2018-05-28T20:10:18+00:00","author":{"@id":""},"breadcrumb":{"@id":"https:\/\/www.blogsoestado.com\/danielmatos\/em-semana-de-tumultos-no-pais-2a-etapa-do-concurso-de-caxias-e-marcada-por-um-show-de-competencia\/#breadcrumb"},"inLanguage":"pt-BR","potentialAction":[{"@type":"ReadAction","target":["https:\/\/www.blogsoestado.com\/danielmatos\/em-semana-de-tumultos-no-pais-2a-etapa-do-concurso-de-caxias-e-marcada-por-um-show-de-competencia\/"]}]},{"@type":"ImageObject","inLanguage":"pt-BR","@id":"https:\/\/www.blogsoestado.com\/danielmatos\/em-semana-de-tumultos-no-pais-2a-etapa-do-concurso-de-caxias-e-marcada-por-um-show-de-competencia\/#primaryimage","url":"https:\/\/www.blogsoestado.com\/danielmatos\/files\/2018\/05\/concurso-caxias-legal.jpg","contentUrl":"https:\/\/www.blogsoestado.com\/danielmatos\/files\/2018\/05\/concurso-caxias-legal.jpg"},{"@type":"BreadcrumbList","@id":"https:\/\/www.blogsoestado.com\/danielmatos\/em-semana-de-tumultos-no-pais-2a-etapa-do-concurso-de-caxias-e-marcada-por-um-show-de-competencia\/#breadcrumb","itemListElement":[{"@type":"ListItem","position":1,"name":"In\u00edcio","item":"https:\/\/www.blogsoestado.com\/danielmatos\/"},{"@type":"ListItem","position":2,"name":"Em semana de tumultos no pa\u00eds, 2\u00aa etapa do concurso de Caxias \u00e9 marcada por um show de compet\u00eancia"}]},{"@type":"WebSite","@id":"https:\/\/www.blogsoestado.com\/danielmatos\/#website","url":"https:\/\/www.blogsoestado.com\/danielmatos\/","name":"Daniel Matos","description":"","potentialAction":[{"@type":"SearchAction","target":{"@type":"EntryPoint","urlTemplate":"https:\/\/www.blogsoestado.com\/danielmatos\/?s={search_term_string}"},"query-input":{"@type":"PropertyValueSpecification","valueRequired":true,"valueName":"search_term_string"}}],"inLanguage":"pt-BR"}]}},"jetpack_featured_media_url":"","_links":{"self":[{"href":"https:\/\/www.blogsoestado.com\/danielmatos\/wp-json\/wp\/v2\/posts\/51770","targetHints":{"allow":["GET"]}}],"collection":[{"href":"https:\/\/www.blogsoestado.com\/danielmatos\/wp-json\/wp\/v2\/posts"}],"about":[{"href":"https:\/\/www.blogsoestado.com\/danielmatos\/wp-json\/wp\/v2\/types\/post"}],"replies":[{"embeddable":true,"href":"https:\/\/www.blogsoestado.com\/danielmatos\/wp-json\/wp\/v2\/comments?post=51770"}],"version-history":[{"count":0,"href":"https:\/\/www.blogsoestado.com\/danielmatos\/wp-json\/wp\/v2\/posts\/51770\/revisions"}],"wp:attachment":[{"href":"https:\/\/www.blogsoestado.com\/danielmatos\/wp-json\/wp\/v2\/media?parent=51770"}],"wp:term":[{"taxonomy":"category","embeddable":true,"href":"https:\/\/www.blogsoestado.com\/danielmatos\/wp-json\/wp\/v2\/categories?post=51770"},{"taxonomy":"post_tag","embeddable":true,"href":"https:\/\/www.blogsoestado.com\/danielmatos\/wp-json\/wp\/v2\/tags?post=51770"}],"curies":[{"name":"wp","href":"https:\/\/api.w.org\/{rel}","templated":true}]}}