{"id":51772,"date":"2018-05-28T19:40:54","date_gmt":"2018-05-28T22:40:54","guid":{"rendered":"https:\/\/www.blogsoestado.com\/danielmatos\/?p=51772"},"modified":"2018-05-28T19:40:54","modified_gmt":"2018-05-28T22:40:54","slug":"lojas-americanas-inaugura-primeira-loja-em-barra-do-corda","status":"publish","type":"post","link":"https:\/\/www.blogsoestado.com\/danielmatos\/lojas-americanas-inaugura-primeira-loja-em-barra-do-corda\/","title":{"rendered":"Lojas Americanas inaugura primeira loja em Barra do Corda"},"content":{"rendered":"<h2><span style=\"color: #ff0000;\">Unidade abre as portas com promo\u00e7\u00f5es em bomboni\u00e8re, lingerie e eletroport\u00e1teis<\/span><\/h2>\n<p><img decoding=\"async\" class=\"alignleft size-full wp-image-25705\" src=\"https:\/\/www.blogsoestado.com\/danielmatos\/files\/2015\/07\/americanas.jpg\" alt=\"\" width=\"151\" height=\"148\" \/>A Lojas Americanas inaugura sua primeira unidade em Barra do Corda, no Maranh\u00e3o. A loja \u00e9 no modelo express e tem sortimento de at\u00e9 15 mil itens de diversas categorias. Com essa inaugura\u00e7\u00e3o, a rede passa a contar com 29 lojas no estado.<\/p>\n<p>A nova unidade faz parte do plano de expans\u00e3o da Lojas Americanas, lan\u00e7ado em 2014, que prev\u00ea a abertura de 800 novas lojas at\u00e9 2019 e investimentos de R$ 4 bilh\u00f5es em todo o pa\u00eds.<\/p>\n<p>Para a inaugura\u00e7\u00e3o, h\u00e1 promo\u00e7\u00f5es em itens de bomboni\u00e8re, alimentos, higiene e beleza, celulares, TVs, cama, mesa e banho, fraldas, eletrodom\u00e9sticos e outros.<\/p>\n<p><strong>Servi\u00e7o<\/strong><\/p>\n<p><strong>Endere\u00e7o:<\/strong> Rua Manoel Jos\u00e9 Salom\u00e3o, 441<\/p>\n<p><strong>Bairro:<\/strong> Centro \u2013 Barra do Corda &#8211; MA<\/p>\n<p>CEP: 65950-000<\/p>\n<p><strong>Sobre a Lojas Americanas<\/strong><\/p>\n<p>A Lojas Americanas foi fundada em 1929 e est\u00e1 presente em todos os estados do pa\u00eds, com mais de 1.320 lojas. A rede de lojas f\u00edsicas comercializa at\u00e9 60 mil itens de 2 mil fornecedores ativos, garantindo a seus clientes pre\u00e7os competitivos e oferecendo produtos de qualidade reunidos em cerca de 40 departamentos como bomboni\u00e8re, perfumaria, utilidades dom\u00e9sticas, brinquedos, games, celulares, eletrodom\u00e9sticos, eletr\u00f4nicos, CD&#8217;s e DVD&#8217;s, livros, vestu\u00e1rio e papelaria. A Lojas Americanas conta ainda com quatro Centros de Distribui\u00e7\u00e3o localizados em S\u00e3o Paulo\/SP, Rio de Janeiro\/RJ, Recife\/PE e Uberl\u00e2ndia\/MG.<\/p>\n","protected":false},"excerpt":{"rendered":"<p>Unidade abre as portas com promo\u00e7\u00f5es em bomboni\u00e8re, lingerie e eletroport\u00e1teis A Lojas Americanas inaugura sua primeira unidade em Barra [&hellip;]<\/p>\n","protected":false},"author":0,"featured_media":0,"comment_status":"open","ping_status":"open","sticky":false,"template":"","format":"standard","meta":{"site-sidebar-layout":"default","site-content-layout":"","ast-site-content-layout":"default","site-content-style":"default","site-sidebar-style":"default","ast-global-header-display":"","ast-banner-title-visibility":"","ast-main-header-display":"","ast-hfb-above-header-display":"","ast-hfb-below-header-display":"","ast-hfb-mobile-header-display":"","site-post-title":"","ast-breadcrumbs-content":"","ast-featured-img":"","footer-sml-layout":"","ast-disable-related-posts":"","theme-transparent-header-meta":"","adv-header-id-meta":"","stick-header-meta":"","header-above-stick-meta":"","header-main-stick-meta":"","header-below-stick-meta":"","astra-migrate-meta-layouts":"default","ast-page-background-enabled":"default","ast-page-background-meta":{"desktop":{"background-color":"var(--ast-global-color-5)","background-image":"","background-repeat":"repeat","background-position":"center center","background-size":"auto","background-attachment":"scroll","background-type":"","background-media":"","overlay-type":"","overlay-color":"","overlay-opacity":"","overlay-gradient":""},"tablet":{"background-color":"","background-image":"","background-repeat":"repeat","background-position":"center center","background-size":"auto","background-attachment":"scroll","background-type":"","background-media":"","overlay-type":"","overlay-color":"","overlay-opacity":"","overlay-gradient":""},"mobile":{"background-color":"","background-image":"","background-repeat":"repeat","background-position":"center center","background-size":"auto","background-attachment":"scroll","background-type":"","background-media":"","overlay-type":"","overlay-color":"","overlay-opacity":"","overlay-gradient":""}},"ast-content-background-meta":{"desktop":{"background-color":"var(--ast-global-color-4)","background-image":"","background-repeat":"repeat","background-position":"center center","background-size":"auto","background-attachment":"scroll","background-type":"","background-media":"","overlay-type":"","overlay-color":"","overlay-opacity":"","overlay-gradient":""},"tablet":{"background-color":"var(--ast-global-color-4)","background-image":"","background-repeat":"repeat","background-position":"center center","background-size":"auto","background-attachment":"scroll","background-type":"","background-media":"","overlay-type":"","overlay-color":"","overlay-opacity":"","overlay-gradient":""},"mobile":{"background-color":"var(--ast-global-color-4)","background-image":"","background-repeat":"repeat","background-position":"center center","background-size":"auto","background-attachment":"scroll","background-type":"","background-media":"","overlay-type":"","overlay-color":"","overlay-opacity":"","overlay-gradient":""}},"footnotes":""},"categories":[1],"tags":[],"class_list":["post-51772","post","type-post","status-publish","format-standard","hentry","category-sem-categoria"],"yoast_head":"<!-- This site is optimized with the Yoast SEO plugin v26.6 - https:\/\/yoast.com\/wordpress\/plugins\/seo\/ -->\n<title>Lojas Americanas inaugura primeira loja em Barra do Corda - Daniel Matos<\/title>\n<meta name=\"robots\" content=\"index, follow, max-snippet:-1, max-image-preview:large, max-video-preview:-1\" \/>\n<link rel=\"canonical\" href=\"https:\/\/www.blogsoestado.com\/danielmatos\/lojas-americanas-inaugura-primeira-loja-em-barra-do-corda\/\" \/>\n<meta property=\"og:locale\" content=\"pt_BR\" \/>\n<meta property=\"og:type\" content=\"article\" \/>\n<meta property=\"og:title\" content=\"Lojas Americanas inaugura primeira loja em Barra do Corda - Daniel Matos\" \/>\n<meta property=\"og:description\" content=\"Unidade abre as portas com promo\u00e7\u00f5es em bomboni\u00e8re, lingerie e eletroport\u00e1teis A Lojas Americanas inaugura sua primeira unidade em Barra [&hellip;]\" \/>\n<meta property=\"og:url\" content=\"https:\/\/www.blogsoestado.com\/danielmatos\/lojas-americanas-inaugura-primeira-loja-em-barra-do-corda\/\" \/>\n<meta property=\"og:site_name\" content=\"Daniel Matos\" \/>\n<meta property=\"article:published_time\" content=\"2018-05-28T22:40:54+00:00\" \/>\n<meta property=\"og:image\" content=\"https:\/\/www.blogsoestado.com\/danielmatos\/files\/2015\/07\/americanas.jpg\" \/>\n<meta name=\"twitter:card\" content=\"summary_large_image\" \/>\n<meta name=\"twitter:label1\" content=\"Est. tempo de leitura\" \/>\n\t<meta name=\"twitter:data1\" content=\"1 minuto\" \/>\n<script type=\"application\/ld+json\" class=\"yoast-schema-graph\">{\"@context\":\"https:\/\/schema.org\",\"@graph\":[{\"@type\":\"WebPage\",\"@id\":\"https:\/\/www.blogsoestado.com\/danielmatos\/lojas-americanas-inaugura-primeira-loja-em-barra-do-corda\/\",\"url\":\"https:\/\/www.blogsoestado.com\/danielmatos\/lojas-americanas-inaugura-primeira-loja-em-barra-do-corda\/\",\"name\":\"Lojas Americanas inaugura primeira loja em Barra do Corda - Daniel Matos\",\"isPartOf\":{\"@id\":\"https:\/\/www.blogsoestado.com\/danielmatos\/#website\"},\"primaryImageOfPage\":{\"@id\":\"https:\/\/www.blogsoestado.com\/danielmatos\/lojas-americanas-inaugura-primeira-loja-em-barra-do-corda\/#primaryimage\"},\"image\":{\"@id\":\"https:\/\/www.blogsoestado.com\/danielmatos\/lojas-americanas-inaugura-primeira-loja-em-barra-do-corda\/#primaryimage\"},\"thumbnailUrl\":\"https:\/\/www.blogsoestado.com\/danielmatos\/files\/2015\/07\/americanas.jpg\",\"datePublished\":\"2018-05-28T22:40:54+00:00\",\"author\":{\"@id\":\"\"},\"breadcrumb\":{\"@id\":\"https:\/\/www.blogsoestado.com\/danielmatos\/lojas-americanas-inaugura-primeira-loja-em-barra-do-corda\/#breadcrumb\"},\"inLanguage\":\"pt-BR\",\"potentialAction\":[{\"@type\":\"ReadAction\",\"target\":[\"https:\/\/www.blogsoestado.com\/danielmatos\/lojas-americanas-inaugura-primeira-loja-em-barra-do-corda\/\"]}]},{\"@type\":\"ImageObject\",\"inLanguage\":\"pt-BR\",\"@id\":\"https:\/\/www.blogsoestado.com\/danielmatos\/lojas-americanas-inaugura-primeira-loja-em-barra-do-corda\/#primaryimage\",\"url\":\"https:\/\/www.blogsoestado.com\/danielmatos\/files\/2015\/07\/americanas.jpg\",\"contentUrl\":\"https:\/\/www.blogsoestado.com\/danielmatos\/files\/2015\/07\/americanas.jpg\"},{\"@type\":\"BreadcrumbList\",\"@id\":\"https:\/\/www.blogsoestado.com\/danielmatos\/lojas-americanas-inaugura-primeira-loja-em-barra-do-corda\/#breadcrumb\",\"itemListElement\":[{\"@type\":\"ListItem\",\"position\":1,\"name\":\"In\u00edcio\",\"item\":\"https:\/\/www.blogsoestado.com\/danielmatos\/\"},{\"@type\":\"ListItem\",\"position\":2,\"name\":\"Lojas Americanas inaugura primeira loja em Barra do Corda\"}]},{\"@type\":\"WebSite\",\"@id\":\"https:\/\/www.blogsoestado.com\/danielmatos\/#website\",\"url\":\"https:\/\/www.blogsoestado.com\/danielmatos\/\",\"name\":\"Daniel Matos\",\"description\":\"\",\"potentialAction\":[{\"@type\":\"SearchAction\",\"target\":{\"@type\":\"EntryPoint\",\"urlTemplate\":\"https:\/\/www.blogsoestado.com\/danielmatos\/?s={search_term_string}\"},\"query-input\":{\"@type\":\"PropertyValueSpecification\",\"valueRequired\":true,\"valueName\":\"search_term_string\"}}],\"inLanguage\":\"pt-BR\"}]}<\/script>\n<!-- \/ Yoast SEO plugin. -->","yoast_head_json":{"title":"Lojas Americanas inaugura primeira loja em Barra do Corda - Daniel Matos","robots":{"index":"index","follow":"follow","max-snippet":"max-snippet:-1","max-image-preview":"max-image-preview:large","max-video-preview":"max-video-preview:-1"},"canonical":"https:\/\/www.blogsoestado.com\/danielmatos\/lojas-americanas-inaugura-primeira-loja-em-barra-do-corda\/","og_locale":"pt_BR","og_type":"article","og_title":"Lojas Americanas inaugura primeira loja em Barra do Corda - Daniel Matos","og_description":"Unidade abre as portas com promo\u00e7\u00f5es em bomboni\u00e8re, lingerie e eletroport\u00e1teis A Lojas Americanas inaugura sua primeira unidade em Barra [&hellip;]","og_url":"https:\/\/www.blogsoestado.com\/danielmatos\/lojas-americanas-inaugura-primeira-loja-em-barra-do-corda\/","og_site_name":"Daniel Matos","article_published_time":"2018-05-28T22:40:54+00:00","og_image":[{"url":"https:\/\/www.blogsoestado.com\/danielmatos\/files\/2015\/07\/americanas.jpg","type":"","width":"","height":""}],"twitter_card":"summary_large_image","twitter_misc":{"Est. tempo de leitura":"1 minuto"},"schema":{"@context":"https:\/\/schema.org","@graph":[{"@type":"WebPage","@id":"https:\/\/www.blogsoestado.com\/danielmatos\/lojas-americanas-inaugura-primeira-loja-em-barra-do-corda\/","url":"https:\/\/www.blogsoestado.com\/danielmatos\/lojas-americanas-inaugura-primeira-loja-em-barra-do-corda\/","name":"Lojas Americanas inaugura primeira loja em Barra do Corda - Daniel Matos","isPartOf":{"@id":"https:\/\/www.blogsoestado.com\/danielmatos\/#website"},"primaryImageOfPage":{"@id":"https:\/\/www.blogsoestado.com\/danielmatos\/lojas-americanas-inaugura-primeira-loja-em-barra-do-corda\/#primaryimage"},"image":{"@id":"https:\/\/www.blogsoestado.com\/danielmatos\/lojas-americanas-inaugura-primeira-loja-em-barra-do-corda\/#primaryimage"},"thumbnailUrl":"https:\/\/www.blogsoestado.com\/danielmatos\/files\/2015\/07\/americanas.jpg","datePublished":"2018-05-28T22:40:54+00:00","author":{"@id":""},"breadcrumb":{"@id":"https:\/\/www.blogsoestado.com\/danielmatos\/lojas-americanas-inaugura-primeira-loja-em-barra-do-corda\/#breadcrumb"},"inLanguage":"pt-BR","potentialAction":[{"@type":"ReadAction","target":["https:\/\/www.blogsoestado.com\/danielmatos\/lojas-americanas-inaugura-primeira-loja-em-barra-do-corda\/"]}]},{"@type":"ImageObject","inLanguage":"pt-BR","@id":"https:\/\/www.blogsoestado.com\/danielmatos\/lojas-americanas-inaugura-primeira-loja-em-barra-do-corda\/#primaryimage","url":"https:\/\/www.blogsoestado.com\/danielmatos\/files\/2015\/07\/americanas.jpg","contentUrl":"https:\/\/www.blogsoestado.com\/danielmatos\/files\/2015\/07\/americanas.jpg"},{"@type":"BreadcrumbList","@id":"https:\/\/www.blogsoestado.com\/danielmatos\/lojas-americanas-inaugura-primeira-loja-em-barra-do-corda\/#breadcrumb","itemListElement":[{"@type":"ListItem","position":1,"name":"In\u00edcio","item":"https:\/\/www.blogsoestado.com\/danielmatos\/"},{"@type":"ListItem","position":2,"name":"Lojas Americanas inaugura primeira loja em Barra do Corda"}]},{"@type":"WebSite","@id":"https:\/\/www.blogsoestado.com\/danielmatos\/#website","url":"https:\/\/www.blogsoestado.com\/danielmatos\/","name":"Daniel Matos","description":"","potentialAction":[{"@type":"SearchAction","target":{"@type":"EntryPoint","urlTemplate":"https:\/\/www.blogsoestado.com\/danielmatos\/?s={search_term_string}"},"query-input":{"@type":"PropertyValueSpecification","valueRequired":true,"valueName":"search_term_string"}}],"inLanguage":"pt-BR"}]}},"jetpack_featured_media_url":"","_links":{"self":[{"href":"https:\/\/www.blogsoestado.com\/danielmatos\/wp-json\/wp\/v2\/posts\/51772","targetHints":{"allow":["GET"]}}],"collection":[{"href":"https:\/\/www.blogsoestado.com\/danielmatos\/wp-json\/wp\/v2\/posts"}],"about":[{"href":"https:\/\/www.blogsoestado.com\/danielmatos\/wp-json\/wp\/v2\/types\/post"}],"replies":[{"embeddable":true,"href":"https:\/\/www.blogsoestado.com\/danielmatos\/wp-json\/wp\/v2\/comments?post=51772"}],"version-history":[{"count":0,"href":"https:\/\/www.blogsoestado.com\/danielmatos\/wp-json\/wp\/v2\/posts\/51772\/revisions"}],"wp:attachment":[{"href":"https:\/\/www.blogsoestado.com\/danielmatos\/wp-json\/wp\/v2\/media?parent=51772"}],"wp:term":[{"taxonomy":"category","embeddable":true,"href":"https:\/\/www.blogsoestado.com\/danielmatos\/wp-json\/wp\/v2\/categories?post=51772"},{"taxonomy":"post_tag","embeddable":true,"href":"https:\/\/www.blogsoestado.com\/danielmatos\/wp-json\/wp\/v2\/tags?post=51772"}],"curies":[{"name":"wp","href":"https:\/\/api.w.org\/{rel}","templated":true}]}}