{"id":51780,"date":"2018-05-29T11:36:02","date_gmt":"2018-05-29T14:36:02","guid":{"rendered":"https:\/\/www.blogsoestado.com\/danielmatos\/?p=51780"},"modified":"2018-05-29T11:36:02","modified_gmt":"2018-05-29T14:36:02","slug":"safadao-leo-santana-e-gabriel-diniz-juntos-no-arena-safadao-nesta-quarta-feira-30-em-sao-luis","status":"publish","type":"post","link":"https:\/\/www.blogsoestado.com\/danielmatos\/safadao-leo-santana-e-gabriel-diniz-juntos-no-arena-safadao-nesta-quarta-feira-30-em-sao-luis\/","title":{"rendered":"Safad\u00e3o, L\u00e9o Santana e Gabriel Diniz, juntos, no Arena Safad\u00e3o, nesta quarta-feira (30), em S\u00e3o Luis"},"content":{"rendered":"<p><img fetchpriority=\"high\" decoding=\"async\" class=\"aligncenter wp-image-51781\" src=\"https:\/\/www.blogsoestado.com\/danielmatos\/files\/2018\/05\/safadao-arena2.jpg\" alt=\"\" width=\"630\" height=\"790\" \/><\/p>\n<p>S\u00e3o Luis vive a expectativa das horas que antecedem a um dos eventos mais comentados do pa\u00eds, no momento. O Arena Safad\u00e3o chega \u00e0 capital maranhense nesta quarta-feira (30), e deve alcan\u00e7ar recorde de p\u00fablico e de bilheteria.<\/p>\n<p>Em uma s\u00f3 noite, a Alegria Produ\u00e7\u00f5es vai reunir, no Espa\u00e7o Reserva da Ilha, os maiores cantores da m\u00fasica na atualidade, Wesley Safad\u00e3o, L\u00e9o Santana e Gabriel Diniz, em tr\u00eas shows completos e in\u00e9ditos para os f\u00e3s da ilha. A festa ter\u00e1, ainda, a participa\u00e7\u00e3o do cantor Aduilio Mendes, ex-vocalista das bandas Mastruz com Leite e Magn\u00edficos.<\/p>\n<p>Os \u00faltimos ingressos est\u00e3o dispon\u00edveis nas lojas f\u00edsicas Arena Safad\u00e3o e Na\u00e7\u00e3o Rubro Negra (Shopping da Ilha), O Torcedor (Shopping Rio anil), Marcelo Surf (Cohab) e Vis\u00f3tica (Centro e Tropical). Os pre\u00e7os dos variam de acordo com o espa\u00e7o: Golden Varandas Park &#8211; R$ 260,00, Prime &#8211; R$ 130,00 e Arena &#8211; R$ 60,00. Vendas \u00e0 vista e em todos os cart\u00f5es.<\/p>\n<figure id=\"attachment_51782\" aria-describedby=\"caption-attachment-51782\" style=\"width: 420px\" class=\"wp-caption alignright\"><img decoding=\"async\" class=\"wp-image-51782\" src=\"https:\/\/www.blogsoestado.com\/danielmatos\/files\/2018\/05\/safadao-arena.png\" alt=\"\" width=\"420\" height=\"796\" \/><figcaption id=\"caption-attachment-51782\" class=\"wp-caption-text\">Wesley Safad\u00e3o volta a S\u00e3o Lu\u00eds para ,ais uma vez arrebatar milhares de f\u00e3s<\/figcaption><\/figure>\n<p>Os port\u00f5es ser\u00e3o abertos a partir das 19h. O cantor Aduilio Mendes abre a sequ\u00eancia de shows. Em seguida, ser\u00e1 a vez de Gabriel Diniz ou GD para os f\u00e3s, agitar a multid\u00e3o com o contagiante e divertido forr\u00f3 ostenta\u00e7\u00e3o. Na sequ\u00eancia, o furac\u00e3o L\u00e9o Santana promete incendiar o Espa\u00e7o Reserva com muito swing, funk, ax\u00e9 e at\u00e9 sertanejo. Em seu repert\u00f3rio, sucessos j\u00e1 conhecid\u00edssimos do p\u00fablico local, como \u201cToma que Toma\u201d, \u201cAmor da Sua Cama\u201d, \u201cDia de Baile\u201d, \u201cVai dar PT\u201d, \u201c10 Beijos de Rua\u201d, \u201cPsiquiatra do Bumbum\u201d (gravada em parceria com Safad\u00e3o), entre outros.<\/p>\n<p>Alegria e muita anima\u00e7\u00e3o \u00e9 o que n\u00e3o faltar\u00e3o quando o dono da festa, o fen\u00f4meno Wesley Safad\u00e3o, subir ao palco, para fechar \u00e0 noite e contagiar o p\u00fablico com sua energia ao cantar os grandes sucessos de sua carreira como \u201cRomance com Safadeza\u201d, \u201cCornetinha\u201d, \u201cAmor Falso\u201d, \u201cCamarote\u201d, \u201cSolteiro de Novo\u201d, \u201cRabiola\u201d, \u201cT\u00f4 com Moral no C\u00e9u\u201d, \u201cVou dar Virote\u201d, \u201cMeu Cora\u00e7\u00e3o deu PT\u201d, \u201cAmar Amei\u201d, e muito mais.<\/p>\n<p>No local, foi montada uma verdadeira arena de eventos com estrutura igual \u00e0 dos maiores festivais nacionais de m\u00fasica, com um super palco, tr\u00eas entradas, espa\u00e7os de p\u00fablico, camarins, pontos de vendas de bebidas, \u00e1reas de banheiro, posto m\u00e9dico, entre outros.<\/p>\n<p><strong>Cart\u00e3o de Consuma\u00e7\u00e3o Pr\u00e9-Pago<\/strong><\/p>\n<p>Uma novidade para este evento \u00e9 que a produ\u00e7\u00e3o, pensando no conforto do p\u00fablico, colocou \u00e0 disposi\u00e7\u00e3o o Cart\u00e3o de Consuma\u00e7\u00e3o Pr\u00e9-Pago, j\u00e1 \u00e0 venda na loja Arena Safad\u00e3o no Shopping da Ilha. Com ele, n\u00e3o vai precisar ficar nas filas na hora do show e ainda pode resgatar o saldo restante no final dos shows.<\/p>\n<p>Todas \u00e0s informa\u00e7\u00f5es do Arena Safad\u00e3o voc\u00ea confere nas plataformas digitais: <a href=\"http:\/\/@alegriaproducoesoficial\">@alegriaproducoesoficial<\/a> <a href=\"http:\/\/@maisfm999\">@maisfm999<\/a> <a href=\"http:\/\/@arenasafadaoslz\">@arenasafadaoslz<\/a><\/p>\n<p><strong>SERVI\u00c7O<\/strong><\/p>\n<p><strong>ARENA SAFAD\u00c3O S\u00c3O LUIS<\/strong><\/p>\n<p><strong>QUANDO:<\/strong> 30 de maio (4\u00aa feira). Port\u00f5es abrem \u00e0s 19h;<\/p>\n<p><strong>ONDE:<\/strong> Espa\u00e7o Reserva da Ilha (Shopping da Ilha &#8211; Maranh\u00e3o Novo);<\/p>\n<p><strong>VALOR:<\/strong> Espa\u00e7o Golden Varandas Park &#8211; R$ 260,00; Espa\u00e7o Prime &#8211; R$ 130,00 e Arena &#8211; R$ 60,00. Vendas \u00e0 vista e em todos os cart\u00f5es;<\/p>\n<p><strong>PONTOS:<\/strong> Loja Arena Safad\u00e3o e Na\u00e7\u00e3o Rubro Negra (Shopping da Ilha), O Torcedor (Shopping Rio Anil), Marcelo Surf (Cohab) e Vis\u00f3tica (Centro e Tropical Shopping).<\/p>\n","protected":false},"excerpt":{"rendered":"<p>S\u00e3o Luis vive a expectativa das horas que antecedem a um dos eventos mais comentados do pa\u00eds, no momento. O [&hellip;]<\/p>\n","protected":false},"author":0,"featured_media":0,"comment_status":"open","ping_status":"open","sticky":false,"template":"","format":"standard","meta":{"site-sidebar-layout":"default","site-content-layout":"","ast-site-content-layout":"default","site-content-style":"default","site-sidebar-style":"default","ast-global-header-display":"","ast-banner-title-visibility":"","ast-main-header-display":"","ast-hfb-above-header-display":"","ast-hfb-below-header-display":"","ast-hfb-mobile-header-display":"","site-post-title":"","ast-breadcrumbs-content":"","ast-featured-img":"","footer-sml-layout":"","ast-disable-related-posts":"","theme-transparent-header-meta":"","adv-header-id-meta":"","stick-header-meta":"","header-above-stick-meta":"","header-main-stick-meta":"","header-below-stick-meta":"","astra-migrate-meta-layouts":"default","ast-page-background-enabled":"default","ast-page-background-meta":{"desktop":{"background-color":"var(--ast-global-color-5)","background-image":"","background-repeat":"repeat","background-position":"center center","background-size":"auto","background-attachment":"scroll","background-type":"","background-media":"","overlay-type":"","overlay-color":"","overlay-opacity":"","overlay-gradient":""},"tablet":{"background-color":"","background-image":"","background-repeat":"repeat","background-position":"center center","background-size":"auto","background-attachment":"scroll","background-type":"","background-media":"","overlay-type":"","overlay-color":"","overlay-opacity":"","overlay-gradient":""},"mobile":{"background-color":"","background-image":"","background-repeat":"repeat","background-position":"center center","background-size":"auto","background-attachment":"scroll","background-type":"","background-media":"","overlay-type":"","overlay-color":"","overlay-opacity":"","overlay-gradient":""}},"ast-content-background-meta":{"desktop":{"background-color":"var(--ast-global-color-4)","background-image":"","background-repeat":"repeat","background-position":"center center","background-size":"auto","background-attachment":"scroll","background-type":"","background-media":"","overlay-type":"","overlay-color":"","overlay-opacity":"","overlay-gradient":""},"tablet":{"background-color":"var(--ast-global-color-4)","background-image":"","background-repeat":"repeat","background-position":"center center","background-size":"auto","background-attachment":"scroll","background-type":"","background-media":"","overlay-type":"","overlay-color":"","overlay-opacity":"","overlay-gradient":""},"mobile":{"background-color":"var(--ast-global-color-4)","background-image":"","background-repeat":"repeat","background-position":"center center","background-size":"auto","background-attachment":"scroll","background-type":"","background-media":"","overlay-type":"","overlay-color":"","overlay-opacity":"","overlay-gradient":""}},"footnotes":""},"categories":[1],"tags":[],"class_list":["post-51780","post","type-post","status-publish","format-standard","hentry","category-sem-categoria"],"yoast_head":"<!-- This site is optimized with the Yoast SEO plugin v26.6 - https:\/\/yoast.com\/wordpress\/plugins\/seo\/ -->\n<title>Safad\u00e3o, L\u00e9o Santana e Gabriel Diniz, juntos, no Arena Safad\u00e3o, nesta quarta-feira (30), em S\u00e3o Luis - Daniel Matos<\/title>\n<meta name=\"robots\" content=\"index, follow, max-snippet:-1, max-image-preview:large, max-video-preview:-1\" \/>\n<link rel=\"canonical\" href=\"https:\/\/www.blogsoestado.com\/danielmatos\/safadao-leo-santana-e-gabriel-diniz-juntos-no-arena-safadao-nesta-quarta-feira-30-em-sao-luis\/\" \/>\n<meta property=\"og:locale\" content=\"pt_BR\" \/>\n<meta property=\"og:type\" content=\"article\" \/>\n<meta property=\"og:title\" content=\"Safad\u00e3o, L\u00e9o Santana e Gabriel Diniz, juntos, no Arena Safad\u00e3o, nesta quarta-feira (30), em S\u00e3o Luis - Daniel Matos\" \/>\n<meta property=\"og:description\" content=\"S\u00e3o Luis vive a expectativa das horas que antecedem a um dos eventos mais comentados do pa\u00eds, no momento. O [&hellip;]\" \/>\n<meta property=\"og:url\" content=\"https:\/\/www.blogsoestado.com\/danielmatos\/safadao-leo-santana-e-gabriel-diniz-juntos-no-arena-safadao-nesta-quarta-feira-30-em-sao-luis\/\" \/>\n<meta property=\"og:site_name\" content=\"Daniel Matos\" \/>\n<meta property=\"article:published_time\" content=\"2018-05-29T14:36:02+00:00\" \/>\n<meta property=\"og:image\" content=\"https:\/\/www.blogsoestado.com\/danielmatos\/files\/2018\/05\/safadao-arena2.jpg\" \/>\n<meta name=\"twitter:card\" content=\"summary_large_image\" \/>\n<meta name=\"twitter:label1\" content=\"Est. tempo de leitura\" \/>\n\t<meta name=\"twitter:data1\" content=\"3 minutos\" \/>\n<script type=\"application\/ld+json\" class=\"yoast-schema-graph\">{\"@context\":\"https:\/\/schema.org\",\"@graph\":[{\"@type\":\"WebPage\",\"@id\":\"https:\/\/www.blogsoestado.com\/danielmatos\/safadao-leo-santana-e-gabriel-diniz-juntos-no-arena-safadao-nesta-quarta-feira-30-em-sao-luis\/\",\"url\":\"https:\/\/www.blogsoestado.com\/danielmatos\/safadao-leo-santana-e-gabriel-diniz-juntos-no-arena-safadao-nesta-quarta-feira-30-em-sao-luis\/\",\"name\":\"Safad\u00e3o, L\u00e9o Santana e Gabriel Diniz, juntos, no Arena Safad\u00e3o, nesta quarta-feira (30), em S\u00e3o Luis - Daniel Matos\",\"isPartOf\":{\"@id\":\"https:\/\/www.blogsoestado.com\/danielmatos\/#website\"},\"primaryImageOfPage\":{\"@id\":\"https:\/\/www.blogsoestado.com\/danielmatos\/safadao-leo-santana-e-gabriel-diniz-juntos-no-arena-safadao-nesta-quarta-feira-30-em-sao-luis\/#primaryimage\"},\"image\":{\"@id\":\"https:\/\/www.blogsoestado.com\/danielmatos\/safadao-leo-santana-e-gabriel-diniz-juntos-no-arena-safadao-nesta-quarta-feira-30-em-sao-luis\/#primaryimage\"},\"thumbnailUrl\":\"https:\/\/www.blogsoestado.com\/danielmatos\/files\/2018\/05\/safadao-arena2.jpg\",\"datePublished\":\"2018-05-29T14:36:02+00:00\",\"author\":{\"@id\":\"\"},\"breadcrumb\":{\"@id\":\"https:\/\/www.blogsoestado.com\/danielmatos\/safadao-leo-santana-e-gabriel-diniz-juntos-no-arena-safadao-nesta-quarta-feira-30-em-sao-luis\/#breadcrumb\"},\"inLanguage\":\"pt-BR\",\"potentialAction\":[{\"@type\":\"ReadAction\",\"target\":[\"https:\/\/www.blogsoestado.com\/danielmatos\/safadao-leo-santana-e-gabriel-diniz-juntos-no-arena-safadao-nesta-quarta-feira-30-em-sao-luis\/\"]}]},{\"@type\":\"ImageObject\",\"inLanguage\":\"pt-BR\",\"@id\":\"https:\/\/www.blogsoestado.com\/danielmatos\/safadao-leo-santana-e-gabriel-diniz-juntos-no-arena-safadao-nesta-quarta-feira-30-em-sao-luis\/#primaryimage\",\"url\":\"https:\/\/www.blogsoestado.com\/danielmatos\/files\/2018\/05\/safadao-arena2.jpg\",\"contentUrl\":\"https:\/\/www.blogsoestado.com\/danielmatos\/files\/2018\/05\/safadao-arena2.jpg\"},{\"@type\":\"BreadcrumbList\",\"@id\":\"https:\/\/www.blogsoestado.com\/danielmatos\/safadao-leo-santana-e-gabriel-diniz-juntos-no-arena-safadao-nesta-quarta-feira-30-em-sao-luis\/#breadcrumb\",\"itemListElement\":[{\"@type\":\"ListItem\",\"position\":1,\"name\":\"In\u00edcio\",\"item\":\"https:\/\/www.blogsoestado.com\/danielmatos\/\"},{\"@type\":\"ListItem\",\"position\":2,\"name\":\"Safad\u00e3o, L\u00e9o Santana e Gabriel Diniz, juntos, no Arena Safad\u00e3o, nesta quarta-feira (30), em S\u00e3o Luis\"}]},{\"@type\":\"WebSite\",\"@id\":\"https:\/\/www.blogsoestado.com\/danielmatos\/#website\",\"url\":\"https:\/\/www.blogsoestado.com\/danielmatos\/\",\"name\":\"Daniel Matos\",\"description\":\"\",\"potentialAction\":[{\"@type\":\"SearchAction\",\"target\":{\"@type\":\"EntryPoint\",\"urlTemplate\":\"https:\/\/www.blogsoestado.com\/danielmatos\/?s={search_term_string}\"},\"query-input\":{\"@type\":\"PropertyValueSpecification\",\"valueRequired\":true,\"valueName\":\"search_term_string\"}}],\"inLanguage\":\"pt-BR\"}]}<\/script>\n<!-- \/ Yoast SEO plugin. -->","yoast_head_json":{"title":"Safad\u00e3o, L\u00e9o Santana e Gabriel Diniz, juntos, no Arena Safad\u00e3o, nesta quarta-feira (30), em S\u00e3o Luis - Daniel Matos","robots":{"index":"index","follow":"follow","max-snippet":"max-snippet:-1","max-image-preview":"max-image-preview:large","max-video-preview":"max-video-preview:-1"},"canonical":"https:\/\/www.blogsoestado.com\/danielmatos\/safadao-leo-santana-e-gabriel-diniz-juntos-no-arena-safadao-nesta-quarta-feira-30-em-sao-luis\/","og_locale":"pt_BR","og_type":"article","og_title":"Safad\u00e3o, L\u00e9o Santana e Gabriel Diniz, juntos, no Arena Safad\u00e3o, nesta quarta-feira (30), em S\u00e3o Luis - Daniel Matos","og_description":"S\u00e3o Luis vive a expectativa das horas que antecedem a um dos eventos mais comentados do pa\u00eds, no momento. O [&hellip;]","og_url":"https:\/\/www.blogsoestado.com\/danielmatos\/safadao-leo-santana-e-gabriel-diniz-juntos-no-arena-safadao-nesta-quarta-feira-30-em-sao-luis\/","og_site_name":"Daniel Matos","article_published_time":"2018-05-29T14:36:02+00:00","og_image":[{"url":"https:\/\/www.blogsoestado.com\/danielmatos\/files\/2018\/05\/safadao-arena2.jpg","type":"","width":"","height":""}],"twitter_card":"summary_large_image","twitter_misc":{"Est. tempo de leitura":"3 minutos"},"schema":{"@context":"https:\/\/schema.org","@graph":[{"@type":"WebPage","@id":"https:\/\/www.blogsoestado.com\/danielmatos\/safadao-leo-santana-e-gabriel-diniz-juntos-no-arena-safadao-nesta-quarta-feira-30-em-sao-luis\/","url":"https:\/\/www.blogsoestado.com\/danielmatos\/safadao-leo-santana-e-gabriel-diniz-juntos-no-arena-safadao-nesta-quarta-feira-30-em-sao-luis\/","name":"Safad\u00e3o, L\u00e9o Santana e Gabriel Diniz, juntos, no Arena Safad\u00e3o, nesta quarta-feira (30), em S\u00e3o Luis - Daniel Matos","isPartOf":{"@id":"https:\/\/www.blogsoestado.com\/danielmatos\/#website"},"primaryImageOfPage":{"@id":"https:\/\/www.blogsoestado.com\/danielmatos\/safadao-leo-santana-e-gabriel-diniz-juntos-no-arena-safadao-nesta-quarta-feira-30-em-sao-luis\/#primaryimage"},"image":{"@id":"https:\/\/www.blogsoestado.com\/danielmatos\/safadao-leo-santana-e-gabriel-diniz-juntos-no-arena-safadao-nesta-quarta-feira-30-em-sao-luis\/#primaryimage"},"thumbnailUrl":"https:\/\/www.blogsoestado.com\/danielmatos\/files\/2018\/05\/safadao-arena2.jpg","datePublished":"2018-05-29T14:36:02+00:00","author":{"@id":""},"breadcrumb":{"@id":"https:\/\/www.blogsoestado.com\/danielmatos\/safadao-leo-santana-e-gabriel-diniz-juntos-no-arena-safadao-nesta-quarta-feira-30-em-sao-luis\/#breadcrumb"},"inLanguage":"pt-BR","potentialAction":[{"@type":"ReadAction","target":["https:\/\/www.blogsoestado.com\/danielmatos\/safadao-leo-santana-e-gabriel-diniz-juntos-no-arena-safadao-nesta-quarta-feira-30-em-sao-luis\/"]}]},{"@type":"ImageObject","inLanguage":"pt-BR","@id":"https:\/\/www.blogsoestado.com\/danielmatos\/safadao-leo-santana-e-gabriel-diniz-juntos-no-arena-safadao-nesta-quarta-feira-30-em-sao-luis\/#primaryimage","url":"https:\/\/www.blogsoestado.com\/danielmatos\/files\/2018\/05\/safadao-arena2.jpg","contentUrl":"https:\/\/www.blogsoestado.com\/danielmatos\/files\/2018\/05\/safadao-arena2.jpg"},{"@type":"BreadcrumbList","@id":"https:\/\/www.blogsoestado.com\/danielmatos\/safadao-leo-santana-e-gabriel-diniz-juntos-no-arena-safadao-nesta-quarta-feira-30-em-sao-luis\/#breadcrumb","itemListElement":[{"@type":"ListItem","position":1,"name":"In\u00edcio","item":"https:\/\/www.blogsoestado.com\/danielmatos\/"},{"@type":"ListItem","position":2,"name":"Safad\u00e3o, L\u00e9o Santana e Gabriel Diniz, juntos, no Arena Safad\u00e3o, nesta quarta-feira (30), em S\u00e3o Luis"}]},{"@type":"WebSite","@id":"https:\/\/www.blogsoestado.com\/danielmatos\/#website","url":"https:\/\/www.blogsoestado.com\/danielmatos\/","name":"Daniel Matos","description":"","potentialAction":[{"@type":"SearchAction","target":{"@type":"EntryPoint","urlTemplate":"https:\/\/www.blogsoestado.com\/danielmatos\/?s={search_term_string}"},"query-input":{"@type":"PropertyValueSpecification","valueRequired":true,"valueName":"search_term_string"}}],"inLanguage":"pt-BR"}]}},"jetpack_featured_media_url":"","_links":{"self":[{"href":"https:\/\/www.blogsoestado.com\/danielmatos\/wp-json\/wp\/v2\/posts\/51780","targetHints":{"allow":["GET"]}}],"collection":[{"href":"https:\/\/www.blogsoestado.com\/danielmatos\/wp-json\/wp\/v2\/posts"}],"about":[{"href":"https:\/\/www.blogsoestado.com\/danielmatos\/wp-json\/wp\/v2\/types\/post"}],"replies":[{"embeddable":true,"href":"https:\/\/www.blogsoestado.com\/danielmatos\/wp-json\/wp\/v2\/comments?post=51780"}],"version-history":[{"count":0,"href":"https:\/\/www.blogsoestado.com\/danielmatos\/wp-json\/wp\/v2\/posts\/51780\/revisions"}],"wp:attachment":[{"href":"https:\/\/www.blogsoestado.com\/danielmatos\/wp-json\/wp\/v2\/media?parent=51780"}],"wp:term":[{"taxonomy":"category","embeddable":true,"href":"https:\/\/www.blogsoestado.com\/danielmatos\/wp-json\/wp\/v2\/categories?post=51780"},{"taxonomy":"post_tag","embeddable":true,"href":"https:\/\/www.blogsoestado.com\/danielmatos\/wp-json\/wp\/v2\/tags?post=51780"}],"curies":[{"name":"wp","href":"https:\/\/api.w.org\/{rel}","templated":true}]}}