{"id":51786,"date":"2018-05-29T12:31:53","date_gmt":"2018-05-29T15:31:53","guid":{"rendered":"https:\/\/www.blogsoestado.com\/danielmatos\/?p=51786"},"modified":"2018-05-29T12:31:53","modified_gmt":"2018-05-29T15:31:53","slug":"o-legado-de-ferretti","status":"publish","type":"post","link":"https:\/\/www.blogsoestado.com\/danielmatos\/o-legado-de-ferretti\/","title":{"rendered":"O legado de Ferretti"},"content":{"rendered":"<p><strong>Natalino Salgado Filho*<\/strong><\/p>\n<figure id=\"attachment_51789\" aria-describedby=\"caption-attachment-51789\" style=\"width: 448px\" class=\"wp-caption alignleft\"><img fetchpriority=\"high\" decoding=\"async\" class=\"size-full wp-image-51789\" src=\"https:\/\/www.blogsoestado.com\/danielmatos\/files\/2018\/05\/natalino-pr\u00eamio.jpg\" alt=\"\" width=\"448\" height=\"298\" \/><figcaption id=\"caption-attachment-51789\" class=\"wp-caption-text\">Natalino Salgado lembrou que t\u00edtulo de professor em\u00e9rito foi concedido ao pesquisador S\u00e9rgio Ferretti em sua gest\u00e3o como reitor da UFMA<\/figcaption><\/figure>\n<p>Um dos mitos mais instigantes da humanidade \u00e9 o que narra as aventuras de Ulisses, rei da ilha de \u00cctaca,\u00a0\u00a0registradas no livro Odisseia, um dos poemas hom\u00e9ricos. O her\u00f3i liderou seus companheiros com ast\u00facia e intelig\u00eancia, superando obst\u00e1culos de toda a sorte no regresso para casa, quando do fim da guerra entre gregos e troianos. O exemplo de Ulisses \u2013 que conseguiu ver sa\u00eddas em labirintos e p\u00f4r em pr\u00e1tica ideias ousadas para seus seguidores \u2013 o distinguiram como um l\u00edder nato.<\/p>\n<p>Fa\u00e7o alus\u00e3o ao mito de Ulisses em raz\u00e3o da perda de um grande homem, que nos deixou esta semana \u2013 S\u00e9rgio Figueiredo Ferretti, pesquisador e professor em\u00e9rito da Universidade Federal do Maranh\u00e3o \u2013 t\u00edtulo que lhe foi outorgado na nossa gest\u00e3o, \u00e0 frente da Reitoria, depois de quase quarenta anos seus dedicados ao ensino e \u00e0 pesquisa. Ressalte-se que ele era tamb\u00e9m uma lideran\u00e7a inconteste em sua \u00e1rea; e s\u00f3 n\u00e3o deixa uma lacuna maior porque nestas d\u00e9cadas de t\u00e3o dedicado labor, catequizou dezenas de disc\u00edpulos que continuam seu legado e o ampliam, seguindo a senda que ele iniciou ainda nos anos 1970.<\/p>\n<p>Ferretti era historiador, muse\u00f3logo, antrop\u00f3logo, mestre em Ci\u00eancias Sociais (UFRN) e Doutor em antropologia social (USP). N\u00e3o o reduzo a um Lattes, mas, se descrevo este percurso no conhecimento, \u00e9 porque reconhe\u00e7o em seu prof\u00edcuo trabalho na pesquisa e doc\u00eancia a caracter\u00edstica daquele que n\u00e3o acumula conhecimento, como diria Paulo Freire, referindo-se a um tipo de educa\u00e7\u00e3o que denominou \u201cbanc\u00e1ria\u201d. Em Ferretti, ensinar, pesquisar e compartilhar saberes eram of\u00edcios di\u00e1rios, banquete cotidiano.<\/p>\n<p>Ferretti instrumentalizou sua pesquisa para desbravar, em terras maranhenses, um novo olhar sobre a cultura religiosa dos afrodescendentes, em particular o Tambor de Mina, sobre o qual se tornou uma refer\u00eancia nacional a partir de sua disserta\u00e7\u00e3o de mestrado, editada em livro: \u201cQuerebent\u00e3 de Zomad\u00f4nu. Etnografia da Casa de Minas\u201d. Este trabalho tem o m\u00e9rito de revelar uma das mais antigas manifesta\u00e7\u00f5es religiosas e o mapeamento de sua hist\u00f3ria a partir at\u00e9 da p\u00e1tria m\u00e3e, a \u00c1frica, revelando seu car\u00e1ter \u00fanico, al\u00e9m de subsidiar os estudos que resultaram no tombamento pelo IPHAN.<\/p>\n<p>No livro \u201cMem\u00f3ria de velhos\u201d (2008) ele revela sua atra\u00e7\u00e3o pelo mundo religioso, quando chegou a pensar na possibilidade de se tornar monge. Participou ativamente dos movimentos cat\u00f3licos durante os efervescentes anos 1960 que respiravam as novas ideias do Vaticano II e, entre jovens universit\u00e1rios, certamente, os ventos da teologia da liberta\u00e7\u00e3o. Mas ele explicou sua \u201cvoca\u00e7\u00e3o\u201d pelo que denominou de\u00a0\u201catra\u00e7\u00e3o intelectual, porque eu sentia ali um ambiente intelectual muito elevado, um ambiente de arte, literatura, m\u00fasica. Sentia uma grande admira\u00e7\u00e3o por estes aspectos.\u201d N\u00e3o seria exagero dizer que estes elementos nortearam, afinal, toda sua produ\u00e7\u00e3o t\u00e9cnica liter\u00e1ria, pois os elementos est\u00e3o todos l\u00e1, a partir do pr\u00f3prio objeto de seus estudos.<\/p>\n<p>Professor Ferretti reunia em si mesmo a sensibilidade e o conhecimento,\u00a0\u00a0associados a uma incr\u00edvel dedica\u00e7\u00e3o que, sem d\u00favida nenhuma, deu ao departamento de Sociologia e Antropologia da UFMA a densidade intelectual que redundou no justo reconhecimento para al\u00e9m das fronteiras de nosso Estado. Ele encarnou perfeitamente, no Maranh\u00e3o, o que Einstein denominou numa frase lapidar: \u201cO homem erudito \u00e9 um descobridor de fatos que j\u00e1 existem \u2013 mas o homem s\u00e1bio \u00e9 um criador de valores que n\u00e3o existem e que ele faz existir.\u201d Ferretti era esse s\u00e1bio acess\u00edvel, generoso e cujo amor ao ensino estimulou gera\u00e7\u00f5es de estudantes e pesquisadores que nasceram por suas m\u00e3os e hoje fazem parte do corpo docente da UFMA.<\/p>\n<p>O corpo f\u00edsico do professor descansou das dores e males que o acometeram em seus \u00faltimos dias na terra. Mas suas ideias, seus escritos, suas descobertas permanecem entre n\u00f3s e perdurar\u00e3o. Ferretti deixa um exemplo a ser seguido como um profissional que fez da sala de aula e dos espa\u00e7os da cultura \u2013 lugar fundamental das rela\u00e7\u00f5es humanas \u2013 seu mister de vida e da\u00ed podemos ver os frutos produtivos de t\u00e3o grande dedica\u00e7\u00e3o.<\/p>\n<p>Somos todos gratos por sua exist\u00eancia, como alunos, mas certamente aqueles cujas vozes estavam caladas e que com ele ganharam visibilidade e valor, s\u00e3o ainda mais gratos. \u00c0 fam\u00edlia externamos nosso sentimento por esta perda irrepar\u00e1vel. Que como Ulisses, Ferretti alcance as areias brancas de sua \u00cctaca imortal e encontre o descanso merecido.<\/p>\n<p><strong>*Natalino Salgado Filho, MD.PhD<\/strong><br \/>\n<strong>Professor Titular de Medicina da UFMA<\/strong><br \/>\n<strong>Chefe do Servi\u00e7o de Nefrologia do Hospital Universit\u00e1rio da UFMA<\/strong><br \/>\n<strong>Coordenador da Pesquisa Clinica em Nefrologia do HUUFMA<\/strong><br \/>\n<strong>Coordenador da Liga de Afec\u00e7\u00f5es Renais do HUUFMA<\/strong><\/p>\n","protected":false},"excerpt":{"rendered":"<p>Natalino Salgado Filho* Um dos mitos mais instigantes da humanidade \u00e9 o que narra as aventuras de Ulisses, rei da [&hellip;]<\/p>\n","protected":false},"author":0,"featured_media":0,"comment_status":"open","ping_status":"open","sticky":false,"template":"","format":"standard","meta":{"site-sidebar-layout":"default","site-content-layout":"","ast-site-content-layout":"default","site-content-style":"default","site-sidebar-style":"default","ast-global-header-display":"","ast-banner-title-visibility":"","ast-main-header-display":"","ast-hfb-above-header-display":"","ast-hfb-below-header-display":"","ast-hfb-mobile-header-display":"","site-post-title":"","ast-breadcrumbs-content":"","ast-featured-img":"","footer-sml-layout":"","ast-disable-related-posts":"","theme-transparent-header-meta":"","adv-header-id-meta":"","stick-header-meta":"","header-above-stick-meta":"","header-main-stick-meta":"","header-below-stick-meta":"","astra-migrate-meta-layouts":"default","ast-page-background-enabled":"default","ast-page-background-meta":{"desktop":{"background-color":"var(--ast-global-color-5)","background-image":"","background-repeat":"repeat","background-position":"center center","background-size":"auto","background-attachment":"scroll","background-type":"","background-media":"","overlay-type":"","overlay-color":"","overlay-opacity":"","overlay-gradient":""},"tablet":{"background-color":"","background-image":"","background-repeat":"repeat","background-position":"center center","background-size":"auto","background-attachment":"scroll","background-type":"","background-media":"","overlay-type":"","overlay-color":"","overlay-opacity":"","overlay-gradient":""},"mobile":{"background-color":"","background-image":"","background-repeat":"repeat","background-position":"center center","background-size":"auto","background-attachment":"scroll","background-type":"","background-media":"","overlay-type":"","overlay-color":"","overlay-opacity":"","overlay-gradient":""}},"ast-content-background-meta":{"desktop":{"background-color":"var(--ast-global-color-4)","background-image":"","background-repeat":"repeat","background-position":"center center","background-size":"auto","background-attachment":"scroll","background-type":"","background-media":"","overlay-type":"","overlay-color":"","overlay-opacity":"","overlay-gradient":""},"tablet":{"background-color":"var(--ast-global-color-4)","background-image":"","background-repeat":"repeat","background-position":"center center","background-size":"auto","background-attachment":"scroll","background-type":"","background-media":"","overlay-type":"","overlay-color":"","overlay-opacity":"","overlay-gradient":""},"mobile":{"background-color":"var(--ast-global-color-4)","background-image":"","background-repeat":"repeat","background-position":"center center","background-size":"auto","background-attachment":"scroll","background-type":"","background-media":"","overlay-type":"","overlay-color":"","overlay-opacity":"","overlay-gradient":""}},"footnotes":""},"categories":[1],"tags":[],"class_list":["post-51786","post","type-post","status-publish","format-standard","hentry","category-sem-categoria"],"yoast_head":"<!-- This site is optimized with the Yoast SEO plugin v26.6 - https:\/\/yoast.com\/wordpress\/plugins\/seo\/ -->\n<title>O legado de Ferretti - Daniel Matos<\/title>\n<meta name=\"robots\" content=\"index, follow, max-snippet:-1, max-image-preview:large, max-video-preview:-1\" \/>\n<link rel=\"canonical\" href=\"https:\/\/www.blogsoestado.com\/danielmatos\/o-legado-de-ferretti\/\" \/>\n<meta property=\"og:locale\" content=\"pt_BR\" \/>\n<meta property=\"og:type\" content=\"article\" \/>\n<meta property=\"og:title\" content=\"O legado de Ferretti - Daniel Matos\" \/>\n<meta property=\"og:description\" content=\"Natalino Salgado Filho* Um dos mitos mais instigantes da humanidade \u00e9 o que narra as aventuras de Ulisses, rei da [&hellip;]\" \/>\n<meta property=\"og:url\" content=\"https:\/\/www.blogsoestado.com\/danielmatos\/o-legado-de-ferretti\/\" \/>\n<meta property=\"og:site_name\" content=\"Daniel Matos\" \/>\n<meta property=\"article:published_time\" content=\"2018-05-29T15:31:53+00:00\" \/>\n<meta name=\"twitter:card\" content=\"summary_large_image\" \/>\n<meta name=\"twitter:label1\" content=\"Est. tempo de leitura\" \/>\n\t<meta name=\"twitter:data1\" content=\"4 minutos\" \/>\n<script type=\"application\/ld+json\" class=\"yoast-schema-graph\">{\"@context\":\"https:\/\/schema.org\",\"@graph\":[{\"@type\":\"WebPage\",\"@id\":\"https:\/\/www.blogsoestado.com\/danielmatos\/o-legado-de-ferretti\/\",\"url\":\"https:\/\/www.blogsoestado.com\/danielmatos\/o-legado-de-ferretti\/\",\"name\":\"O legado de Ferretti - Daniel Matos\",\"isPartOf\":{\"@id\":\"https:\/\/www.blogsoestado.com\/danielmatos\/#website\"},\"datePublished\":\"2018-05-29T15:31:53+00:00\",\"author\":{\"@id\":\"\"},\"breadcrumb\":{\"@id\":\"https:\/\/www.blogsoestado.com\/danielmatos\/o-legado-de-ferretti\/#breadcrumb\"},\"inLanguage\":\"pt-BR\",\"potentialAction\":[{\"@type\":\"ReadAction\",\"target\":[\"https:\/\/www.blogsoestado.com\/danielmatos\/o-legado-de-ferretti\/\"]}]},{\"@type\":\"BreadcrumbList\",\"@id\":\"https:\/\/www.blogsoestado.com\/danielmatos\/o-legado-de-ferretti\/#breadcrumb\",\"itemListElement\":[{\"@type\":\"ListItem\",\"position\":1,\"name\":\"In\u00edcio\",\"item\":\"https:\/\/www.blogsoestado.com\/danielmatos\/\"},{\"@type\":\"ListItem\",\"position\":2,\"name\":\"O legado de Ferretti\"}]},{\"@type\":\"WebSite\",\"@id\":\"https:\/\/www.blogsoestado.com\/danielmatos\/#website\",\"url\":\"https:\/\/www.blogsoestado.com\/danielmatos\/\",\"name\":\"Daniel Matos\",\"description\":\"\",\"potentialAction\":[{\"@type\":\"SearchAction\",\"target\":{\"@type\":\"EntryPoint\",\"urlTemplate\":\"https:\/\/www.blogsoestado.com\/danielmatos\/?s={search_term_string}\"},\"query-input\":{\"@type\":\"PropertyValueSpecification\",\"valueRequired\":true,\"valueName\":\"search_term_string\"}}],\"inLanguage\":\"pt-BR\"}]}<\/script>\n<!-- \/ Yoast SEO plugin. -->","yoast_head_json":{"title":"O legado de Ferretti - Daniel Matos","robots":{"index":"index","follow":"follow","max-snippet":"max-snippet:-1","max-image-preview":"max-image-preview:large","max-video-preview":"max-video-preview:-1"},"canonical":"https:\/\/www.blogsoestado.com\/danielmatos\/o-legado-de-ferretti\/","og_locale":"pt_BR","og_type":"article","og_title":"O legado de Ferretti - Daniel Matos","og_description":"Natalino Salgado Filho* Um dos mitos mais instigantes da humanidade \u00e9 o que narra as aventuras de Ulisses, rei da [&hellip;]","og_url":"https:\/\/www.blogsoestado.com\/danielmatos\/o-legado-de-ferretti\/","og_site_name":"Daniel Matos","article_published_time":"2018-05-29T15:31:53+00:00","twitter_card":"summary_large_image","twitter_misc":{"Est. tempo de leitura":"4 minutos"},"schema":{"@context":"https:\/\/schema.org","@graph":[{"@type":"WebPage","@id":"https:\/\/www.blogsoestado.com\/danielmatos\/o-legado-de-ferretti\/","url":"https:\/\/www.blogsoestado.com\/danielmatos\/o-legado-de-ferretti\/","name":"O legado de Ferretti - Daniel Matos","isPartOf":{"@id":"https:\/\/www.blogsoestado.com\/danielmatos\/#website"},"datePublished":"2018-05-29T15:31:53+00:00","author":{"@id":""},"breadcrumb":{"@id":"https:\/\/www.blogsoestado.com\/danielmatos\/o-legado-de-ferretti\/#breadcrumb"},"inLanguage":"pt-BR","potentialAction":[{"@type":"ReadAction","target":["https:\/\/www.blogsoestado.com\/danielmatos\/o-legado-de-ferretti\/"]}]},{"@type":"BreadcrumbList","@id":"https:\/\/www.blogsoestado.com\/danielmatos\/o-legado-de-ferretti\/#breadcrumb","itemListElement":[{"@type":"ListItem","position":1,"name":"In\u00edcio","item":"https:\/\/www.blogsoestado.com\/danielmatos\/"},{"@type":"ListItem","position":2,"name":"O legado de Ferretti"}]},{"@type":"WebSite","@id":"https:\/\/www.blogsoestado.com\/danielmatos\/#website","url":"https:\/\/www.blogsoestado.com\/danielmatos\/","name":"Daniel Matos","description":"","potentialAction":[{"@type":"SearchAction","target":{"@type":"EntryPoint","urlTemplate":"https:\/\/www.blogsoestado.com\/danielmatos\/?s={search_term_string}"},"query-input":{"@type":"PropertyValueSpecification","valueRequired":true,"valueName":"search_term_string"}}],"inLanguage":"pt-BR"}]}},"jetpack_featured_media_url":"","_links":{"self":[{"href":"https:\/\/www.blogsoestado.com\/danielmatos\/wp-json\/wp\/v2\/posts\/51786","targetHints":{"allow":["GET"]}}],"collection":[{"href":"https:\/\/www.blogsoestado.com\/danielmatos\/wp-json\/wp\/v2\/posts"}],"about":[{"href":"https:\/\/www.blogsoestado.com\/danielmatos\/wp-json\/wp\/v2\/types\/post"}],"replies":[{"embeddable":true,"href":"https:\/\/www.blogsoestado.com\/danielmatos\/wp-json\/wp\/v2\/comments?post=51786"}],"version-history":[{"count":0,"href":"https:\/\/www.blogsoestado.com\/danielmatos\/wp-json\/wp\/v2\/posts\/51786\/revisions"}],"wp:attachment":[{"href":"https:\/\/www.blogsoestado.com\/danielmatos\/wp-json\/wp\/v2\/media?parent=51786"}],"wp:term":[{"taxonomy":"category","embeddable":true,"href":"https:\/\/www.blogsoestado.com\/danielmatos\/wp-json\/wp\/v2\/categories?post=51786"},{"taxonomy":"post_tag","embeddable":true,"href":"https:\/\/www.blogsoestado.com\/danielmatos\/wp-json\/wp\/v2\/tags?post=51786"}],"curies":[{"name":"wp","href":"https:\/\/api.w.org\/{rel}","templated":true}]}}