{"id":51795,"date":"2018-05-29T16:29:52","date_gmt":"2018-05-29T19:29:52","guid":{"rendered":"https:\/\/www.blogsoestado.com\/danielmatos\/?p=51795"},"modified":"2018-05-29T16:29:52","modified_gmt":"2018-05-29T19:29:52","slug":"cezar-bombeiro-agradece-populacao-da-liberdade-por-ter-comandado-festa-do-centenario-do-bairro","status":"publish","type":"post","link":"https:\/\/www.blogsoestado.com\/danielmatos\/cezar-bombeiro-agradece-populacao-da-liberdade-por-ter-comandado-festa-do-centenario-do-bairro\/","title":{"rendered":"C\u00e9zar Bombeiro agradece popula\u00e7\u00e3o da Liberdade por ter comandado a festa do centen\u00e1rio do bairro"},"content":{"rendered":"<figure id=\"attachment_51796\" aria-describedby=\"caption-attachment-51796\" style=\"width: 670px\" class=\"wp-caption aligncenter\"><img fetchpriority=\"high\" decoding=\"async\" class=\"wp-image-51796\" src=\"https:\/\/www.blogsoestado.com\/danielmatos\/files\/2018\/05\/bombeiro100dois.jpg\" alt=\"\" width=\"670\" height=\"447\" \/><figcaption id=\"caption-attachment-51796\" class=\"wp-caption-text\">C\u00e9zar Bombeiro com os deputados Eduardo Braide, Hildo Rocha e Wellington do Curso e o vereador Ant\u00f4nio Garc\u00eas,<\/figcaption><\/figure>\n<p>Demonstrando bastante satisfa\u00e7\u00e3o por ter considerado a festa de anivers\u00e1rio do primeiro centen\u00e1rio do Bairro da Liberdade, do \u00faltimo final de semana, com in\u00edcio na sexta-feira, (25) e encerramento domingo, (27), o vereador C\u00e9zar Bombeiro (PSD) afirma est\u00e1 muito agradecido pela popula\u00e7\u00e3o ter tomando conta do evento, o que contribuiu para o sucesso da iniciativa, que contou com sua participa\u00e7\u00e3o na organiza\u00e7\u00e3o e de lideran\u00e7as comunit\u00e1rias e apoio cultural de Cleinaldo Bil.<\/p>\n<figure id=\"attachment_51797\" aria-describedby=\"caption-attachment-51797\" style=\"width: 300px\" class=\"wp-caption alignright\"><a href=\" \"><img decoding=\"async\" class=\"wp-image-51797 size-medium\" src=\"https:\/\/www.blogsoestado.com\/danielmatos\/files\/2018\/05\/bombeiro100-300x275.jpg\" alt=\"\" width=\"300\" height=\"275\" \/><\/a><figcaption id=\"caption-attachment-51797\" class=\"wp-caption-text\">Vereador C\u00e9zar Bombeiro com o secret\u00e1rio de Estado de Direitos Humanos e Participa\u00e7\u00e3o Popular, Francisco Gon\u00e7alves, que representou o governador Fl\u00e1vio Dino<\/figcaption><\/figure>\n<p>Aproveitando, o parlamentar enfatizou que \u201cde nada adiantaram as arma\u00e7\u00f5es de pol\u00edticos e da Blitz Urbana, na tentativa de ofuscarem o brilho da festa com uma manobra de mudan\u00e7a do local de realiza\u00e7\u00e3o do festejo, que transcorreu num clima de muita paz, tranquilidade, harmonia e congra\u00e7amento de todos, onde quem acabou ganhando mesmo foi toda a comunidade que tomou conta da festa\u201d.<\/p>\n<p>Com o cumprimento de uma vasta programa\u00e7\u00e3o envolvendo diversas manifesta\u00e7\u00f5es culturais ligadas ao bairro, como blocos afro e tradicional, seresta, caixa, tambor de crioula, bumba-meu-boi, a exemplo do Boi de Leonardo, da pr\u00f3pria Liberdade, e da Maioba, que na oportunidade fez a grava\u00e7\u00e3o do seu DVD e seu grande ensaio.<\/p>\n<p>C\u00e9zar Bombeiro destacou e agradeceu ainda o apoio dado \u00e0 festa pelo comandante da Pol\u00edcia Militar e da Secretaria de Estado de Seguran\u00e7a, bem como ao comandante do Corpo de Bombeiros, que disponibilizou uma ambul\u00e2ncia para eventuais casos de emerg\u00eancia, \u201co que gra\u00e7as a excelente organiza\u00e7\u00e3o da festa e participa\u00e7\u00e3o ordeira e educada e esp\u00edrito festivo nada de negativou aconteceu\u201d, completou o vereador.<\/p>\n<figure id=\"attachment_51798\" aria-describedby=\"caption-attachment-51798\" style=\"width: 670px\" class=\"wp-caption aligncenter\"><img decoding=\"async\" class=\"wp-image-51798\" src=\"https:\/\/www.blogsoestado.com\/danielmatos\/files\/2018\/05\/bombeiro100tres.jpg\" alt=\"\" width=\"670\" height=\"447\" \/><figcaption id=\"caption-attachment-51798\" class=\"wp-caption-text\">Vereador C\u00e9zar Bombeiro destacou mobiliza\u00e7\u00e3o da comunidade para o sucesso da festa do centen\u00e1rio da Liberdade<\/figcaption><\/figure>\n<p>Outro agradecimento manifestado por C\u00e9zar Bombeiro est\u00e1 relacionado com a participa\u00e7\u00e3o de algumas autoridades, que prestigiaram o evento, como os secret\u00e1rios de Estado de Direitos Humanos, Francisco Gon\u00e7alves, representando o Governo do Estado, e do de Igualdade Racial, Gerson Pinheiro de Sousa, deputado federal Hildo Rocha (MDB), deputados estaduais Eduardo Braide (PMN) e Wellington do Curso (PSDB) e do vereador Antonio Garcez, pelo seu empenho para a realiza\u00e7\u00e3o da festa, e apoio dado durante todo o processo de constru\u00e7\u00e3o e concretiza\u00e7\u00e3o do evento.<\/p>\n<p>&#8220;O que n\u00f3s temos de manifestar \u00e9 o nosso mais profundo agradecimento pelo sucesso da comemora\u00e7\u00e3o do primeiro centen\u00e1rio do Bairro da Liberdade, que gra\u00e7as a comunidade, e a participa\u00e7\u00e3o da sociedade ludovicense, contribuiu para uma grande realiza\u00e7\u00e3o festiva e cultural, que certamente marcou a hist\u00f3ria do nosso bairro\u201d, disse o vereador.<\/p>\n","protected":false},"excerpt":{"rendered":"<p>Demonstrando bastante satisfa\u00e7\u00e3o por ter considerado a festa de anivers\u00e1rio do primeiro centen\u00e1rio do Bairro da Liberdade, do \u00faltimo final [&hellip;]<\/p>\n","protected":false},"author":0,"featured_media":0,"comment_status":"open","ping_status":"open","sticky":false,"template":"","format":"standard","meta":{"site-sidebar-layout":"default","site-content-layout":"","ast-site-content-layout":"default","site-content-style":"default","site-sidebar-style":"default","ast-global-header-display":"","ast-banner-title-visibility":"","ast-main-header-display":"","ast-hfb-above-header-display":"","ast-hfb-below-header-display":"","ast-hfb-mobile-header-display":"","site-post-title":"","ast-breadcrumbs-content":"","ast-featured-img":"","footer-sml-layout":"","ast-disable-related-posts":"","theme-transparent-header-meta":"","adv-header-id-meta":"","stick-header-meta":"","header-above-stick-meta":"","header-main-stick-meta":"","header-below-stick-meta":"","astra-migrate-meta-layouts":"default","ast-page-background-enabled":"default","ast-page-background-meta":{"desktop":{"background-color":"var(--ast-global-color-5)","background-image":"","background-repeat":"repeat","background-position":"center center","background-size":"auto","background-attachment":"scroll","background-type":"","background-media":"","overlay-type":"","overlay-color":"","overlay-opacity":"","overlay-gradient":""},"tablet":{"background-color":"","background-image":"","background-repeat":"repeat","background-position":"center center","background-size":"auto","background-attachment":"scroll","background-type":"","background-media":"","overlay-type":"","overlay-color":"","overlay-opacity":"","overlay-gradient":""},"mobile":{"background-color":"","background-image":"","background-repeat":"repeat","background-position":"center center","background-size":"auto","background-attachment":"scroll","background-type":"","background-media":"","overlay-type":"","overlay-color":"","overlay-opacity":"","overlay-gradient":""}},"ast-content-background-meta":{"desktop":{"background-color":"var(--ast-global-color-4)","background-image":"","background-repeat":"repeat","background-position":"center center","background-size":"auto","background-attachment":"scroll","background-type":"","background-media":"","overlay-type":"","overlay-color":"","overlay-opacity":"","overlay-gradient":""},"tablet":{"background-color":"var(--ast-global-color-4)","background-image":"","background-repeat":"repeat","background-position":"center center","background-size":"auto","background-attachment":"scroll","background-type":"","background-media":"","overlay-type":"","overlay-color":"","overlay-opacity":"","overlay-gradient":""},"mobile":{"background-color":"var(--ast-global-color-4)","background-image":"","background-repeat":"repeat","background-position":"center center","background-size":"auto","background-attachment":"scroll","background-type":"","background-media":"","overlay-type":"","overlay-color":"","overlay-opacity":"","overlay-gradient":""}},"footnotes":""},"categories":[1],"tags":[],"class_list":["post-51795","post","type-post","status-publish","format-standard","hentry","category-sem-categoria"],"yoast_head":"<!-- This site is optimized with the Yoast SEO plugin v26.6 - https:\/\/yoast.com\/wordpress\/plugins\/seo\/ -->\n<title>C\u00e9zar Bombeiro agradece popula\u00e7\u00e3o da Liberdade por ter comandado a festa do centen\u00e1rio do bairro - Daniel Matos<\/title>\n<meta name=\"robots\" content=\"index, follow, max-snippet:-1, max-image-preview:large, max-video-preview:-1\" \/>\n<link rel=\"canonical\" href=\"https:\/\/www.blogsoestado.com\/danielmatos\/cezar-bombeiro-agradece-populacao-da-liberdade-por-ter-comandado-festa-do-centenario-do-bairro\/\" \/>\n<meta property=\"og:locale\" content=\"pt_BR\" \/>\n<meta property=\"og:type\" content=\"article\" \/>\n<meta property=\"og:title\" content=\"C\u00e9zar Bombeiro agradece popula\u00e7\u00e3o da Liberdade por ter comandado a festa do centen\u00e1rio do bairro - Daniel Matos\" \/>\n<meta property=\"og:description\" content=\"Demonstrando bastante satisfa\u00e7\u00e3o por ter considerado a festa de anivers\u00e1rio do primeiro centen\u00e1rio do Bairro da Liberdade, do \u00faltimo final [&hellip;]\" \/>\n<meta property=\"og:url\" content=\"https:\/\/www.blogsoestado.com\/danielmatos\/cezar-bombeiro-agradece-populacao-da-liberdade-por-ter-comandado-festa-do-centenario-do-bairro\/\" \/>\n<meta property=\"og:site_name\" content=\"Daniel Matos\" \/>\n<meta property=\"article:published_time\" content=\"2018-05-29T19:29:52+00:00\" \/>\n<meta property=\"og:image\" content=\"https:\/\/www.blogsoestado.com\/danielmatos\/files\/2018\/05\/bombeiro100dois.jpg\" \/>\n<meta name=\"twitter:card\" content=\"summary_large_image\" \/>\n<meta name=\"twitter:label1\" content=\"Est. tempo de leitura\" \/>\n\t<meta name=\"twitter:data1\" content=\"3 minutos\" \/>\n<script type=\"application\/ld+json\" class=\"yoast-schema-graph\">{\"@context\":\"https:\/\/schema.org\",\"@graph\":[{\"@type\":\"WebPage\",\"@id\":\"https:\/\/www.blogsoestado.com\/danielmatos\/cezar-bombeiro-agradece-populacao-da-liberdade-por-ter-comandado-festa-do-centenario-do-bairro\/\",\"url\":\"https:\/\/www.blogsoestado.com\/danielmatos\/cezar-bombeiro-agradece-populacao-da-liberdade-por-ter-comandado-festa-do-centenario-do-bairro\/\",\"name\":\"C\u00e9zar Bombeiro agradece popula\u00e7\u00e3o da Liberdade por ter comandado a festa do centen\u00e1rio do bairro - Daniel Matos\",\"isPartOf\":{\"@id\":\"https:\/\/www.blogsoestado.com\/danielmatos\/#website\"},\"primaryImageOfPage\":{\"@id\":\"https:\/\/www.blogsoestado.com\/danielmatos\/cezar-bombeiro-agradece-populacao-da-liberdade-por-ter-comandado-festa-do-centenario-do-bairro\/#primaryimage\"},\"image\":{\"@id\":\"https:\/\/www.blogsoestado.com\/danielmatos\/cezar-bombeiro-agradece-populacao-da-liberdade-por-ter-comandado-festa-do-centenario-do-bairro\/#primaryimage\"},\"thumbnailUrl\":\"https:\/\/www.blogsoestado.com\/danielmatos\/files\/2018\/05\/bombeiro100dois.jpg\",\"datePublished\":\"2018-05-29T19:29:52+00:00\",\"author\":{\"@id\":\"\"},\"breadcrumb\":{\"@id\":\"https:\/\/www.blogsoestado.com\/danielmatos\/cezar-bombeiro-agradece-populacao-da-liberdade-por-ter-comandado-festa-do-centenario-do-bairro\/#breadcrumb\"},\"inLanguage\":\"pt-BR\",\"potentialAction\":[{\"@type\":\"ReadAction\",\"target\":[\"https:\/\/www.blogsoestado.com\/danielmatos\/cezar-bombeiro-agradece-populacao-da-liberdade-por-ter-comandado-festa-do-centenario-do-bairro\/\"]}]},{\"@type\":\"ImageObject\",\"inLanguage\":\"pt-BR\",\"@id\":\"https:\/\/www.blogsoestado.com\/danielmatos\/cezar-bombeiro-agradece-populacao-da-liberdade-por-ter-comandado-festa-do-centenario-do-bairro\/#primaryimage\",\"url\":\"https:\/\/www.blogsoestado.com\/danielmatos\/files\/2018\/05\/bombeiro100dois.jpg\",\"contentUrl\":\"https:\/\/www.blogsoestado.com\/danielmatos\/files\/2018\/05\/bombeiro100dois.jpg\"},{\"@type\":\"BreadcrumbList\",\"@id\":\"https:\/\/www.blogsoestado.com\/danielmatos\/cezar-bombeiro-agradece-populacao-da-liberdade-por-ter-comandado-festa-do-centenario-do-bairro\/#breadcrumb\",\"itemListElement\":[{\"@type\":\"ListItem\",\"position\":1,\"name\":\"In\u00edcio\",\"item\":\"https:\/\/www.blogsoestado.com\/danielmatos\/\"},{\"@type\":\"ListItem\",\"position\":2,\"name\":\"C\u00e9zar Bombeiro agradece popula\u00e7\u00e3o da Liberdade por ter comandado a festa do centen\u00e1rio do bairro\"}]},{\"@type\":\"WebSite\",\"@id\":\"https:\/\/www.blogsoestado.com\/danielmatos\/#website\",\"url\":\"https:\/\/www.blogsoestado.com\/danielmatos\/\",\"name\":\"Daniel Matos\",\"description\":\"\",\"potentialAction\":[{\"@type\":\"SearchAction\",\"target\":{\"@type\":\"EntryPoint\",\"urlTemplate\":\"https:\/\/www.blogsoestado.com\/danielmatos\/?s={search_term_string}\"},\"query-input\":{\"@type\":\"PropertyValueSpecification\",\"valueRequired\":true,\"valueName\":\"search_term_string\"}}],\"inLanguage\":\"pt-BR\"}]}<\/script>\n<!-- \/ Yoast SEO plugin. -->","yoast_head_json":{"title":"C\u00e9zar Bombeiro agradece popula\u00e7\u00e3o da Liberdade por ter comandado a festa do centen\u00e1rio do bairro - Daniel Matos","robots":{"index":"index","follow":"follow","max-snippet":"max-snippet:-1","max-image-preview":"max-image-preview:large","max-video-preview":"max-video-preview:-1"},"canonical":"https:\/\/www.blogsoestado.com\/danielmatos\/cezar-bombeiro-agradece-populacao-da-liberdade-por-ter-comandado-festa-do-centenario-do-bairro\/","og_locale":"pt_BR","og_type":"article","og_title":"C\u00e9zar Bombeiro agradece popula\u00e7\u00e3o da Liberdade por ter comandado a festa do centen\u00e1rio do bairro - Daniel Matos","og_description":"Demonstrando bastante satisfa\u00e7\u00e3o por ter considerado a festa de anivers\u00e1rio do primeiro centen\u00e1rio do Bairro da Liberdade, do \u00faltimo final [&hellip;]","og_url":"https:\/\/www.blogsoestado.com\/danielmatos\/cezar-bombeiro-agradece-populacao-da-liberdade-por-ter-comandado-festa-do-centenario-do-bairro\/","og_site_name":"Daniel Matos","article_published_time":"2018-05-29T19:29:52+00:00","og_image":[{"url":"https:\/\/www.blogsoestado.com\/danielmatos\/files\/2018\/05\/bombeiro100dois.jpg","type":"","width":"","height":""}],"twitter_card":"summary_large_image","twitter_misc":{"Est. tempo de leitura":"3 minutos"},"schema":{"@context":"https:\/\/schema.org","@graph":[{"@type":"WebPage","@id":"https:\/\/www.blogsoestado.com\/danielmatos\/cezar-bombeiro-agradece-populacao-da-liberdade-por-ter-comandado-festa-do-centenario-do-bairro\/","url":"https:\/\/www.blogsoestado.com\/danielmatos\/cezar-bombeiro-agradece-populacao-da-liberdade-por-ter-comandado-festa-do-centenario-do-bairro\/","name":"C\u00e9zar Bombeiro agradece popula\u00e7\u00e3o da Liberdade por ter comandado a festa do centen\u00e1rio do bairro - Daniel Matos","isPartOf":{"@id":"https:\/\/www.blogsoestado.com\/danielmatos\/#website"},"primaryImageOfPage":{"@id":"https:\/\/www.blogsoestado.com\/danielmatos\/cezar-bombeiro-agradece-populacao-da-liberdade-por-ter-comandado-festa-do-centenario-do-bairro\/#primaryimage"},"image":{"@id":"https:\/\/www.blogsoestado.com\/danielmatos\/cezar-bombeiro-agradece-populacao-da-liberdade-por-ter-comandado-festa-do-centenario-do-bairro\/#primaryimage"},"thumbnailUrl":"https:\/\/www.blogsoestado.com\/danielmatos\/files\/2018\/05\/bombeiro100dois.jpg","datePublished":"2018-05-29T19:29:52+00:00","author":{"@id":""},"breadcrumb":{"@id":"https:\/\/www.blogsoestado.com\/danielmatos\/cezar-bombeiro-agradece-populacao-da-liberdade-por-ter-comandado-festa-do-centenario-do-bairro\/#breadcrumb"},"inLanguage":"pt-BR","potentialAction":[{"@type":"ReadAction","target":["https:\/\/www.blogsoestado.com\/danielmatos\/cezar-bombeiro-agradece-populacao-da-liberdade-por-ter-comandado-festa-do-centenario-do-bairro\/"]}]},{"@type":"ImageObject","inLanguage":"pt-BR","@id":"https:\/\/www.blogsoestado.com\/danielmatos\/cezar-bombeiro-agradece-populacao-da-liberdade-por-ter-comandado-festa-do-centenario-do-bairro\/#primaryimage","url":"https:\/\/www.blogsoestado.com\/danielmatos\/files\/2018\/05\/bombeiro100dois.jpg","contentUrl":"https:\/\/www.blogsoestado.com\/danielmatos\/files\/2018\/05\/bombeiro100dois.jpg"},{"@type":"BreadcrumbList","@id":"https:\/\/www.blogsoestado.com\/danielmatos\/cezar-bombeiro-agradece-populacao-da-liberdade-por-ter-comandado-festa-do-centenario-do-bairro\/#breadcrumb","itemListElement":[{"@type":"ListItem","position":1,"name":"In\u00edcio","item":"https:\/\/www.blogsoestado.com\/danielmatos\/"},{"@type":"ListItem","position":2,"name":"C\u00e9zar Bombeiro agradece popula\u00e7\u00e3o da Liberdade por ter comandado a festa do centen\u00e1rio do bairro"}]},{"@type":"WebSite","@id":"https:\/\/www.blogsoestado.com\/danielmatos\/#website","url":"https:\/\/www.blogsoestado.com\/danielmatos\/","name":"Daniel Matos","description":"","potentialAction":[{"@type":"SearchAction","target":{"@type":"EntryPoint","urlTemplate":"https:\/\/www.blogsoestado.com\/danielmatos\/?s={search_term_string}"},"query-input":{"@type":"PropertyValueSpecification","valueRequired":true,"valueName":"search_term_string"}}],"inLanguage":"pt-BR"}]}},"jetpack_featured_media_url":"","_links":{"self":[{"href":"https:\/\/www.blogsoestado.com\/danielmatos\/wp-json\/wp\/v2\/posts\/51795","targetHints":{"allow":["GET"]}}],"collection":[{"href":"https:\/\/www.blogsoestado.com\/danielmatos\/wp-json\/wp\/v2\/posts"}],"about":[{"href":"https:\/\/www.blogsoestado.com\/danielmatos\/wp-json\/wp\/v2\/types\/post"}],"replies":[{"embeddable":true,"href":"https:\/\/www.blogsoestado.com\/danielmatos\/wp-json\/wp\/v2\/comments?post=51795"}],"version-history":[{"count":0,"href":"https:\/\/www.blogsoestado.com\/danielmatos\/wp-json\/wp\/v2\/posts\/51795\/revisions"}],"wp:attachment":[{"href":"https:\/\/www.blogsoestado.com\/danielmatos\/wp-json\/wp\/v2\/media?parent=51795"}],"wp:term":[{"taxonomy":"category","embeddable":true,"href":"https:\/\/www.blogsoestado.com\/danielmatos\/wp-json\/wp\/v2\/categories?post=51795"},{"taxonomy":"post_tag","embeddable":true,"href":"https:\/\/www.blogsoestado.com\/danielmatos\/wp-json\/wp\/v2\/tags?post=51795"}],"curies":[{"name":"wp","href":"https:\/\/api.w.org\/{rel}","templated":true}]}}