{"id":51807,"date":"2018-05-29T21:55:01","date_gmt":"2018-05-30T00:55:01","guid":{"rendered":"https:\/\/www.blogsoestado.com\/danielmatos\/?p=51807"},"modified":"2018-05-29T21:55:01","modified_gmt":"2018-05-30T00:55:01","slug":"em-meio-a-revolta-de-caminhoneiros-combustivel-e-transportado-sob-escolta-policial-no-maranhao","status":"publish","type":"post","link":"https:\/\/www.blogsoestado.com\/danielmatos\/em-meio-a-revolta-de-caminhoneiros-combustivel-e-transportado-sob-escolta-policial-no-maranhao\/","title":{"rendered":"Em meio \u00e0 revolta de caminhoneiros, combust\u00edvel \u00e9 transportado sob escolta policial no Maranh\u00e3o"},"content":{"rendered":"<p><img fetchpriority=\"high\" decoding=\"async\" class=\"aligncenter size-full wp-image-51809\" src=\"https:\/\/www.blogsoestado.com\/danielmatos\/files\/2018\/05\/cosar.png\" alt=\"\" width=\"557\" height=\"480\" \/><\/p>\n<p>Em meio \u00e0 crise de desabastecimento provocada pela greve de caminhoneiros, um comboio de caminh\u00f5es-tanque destinados a renovar o estoque de combust\u00edveis do Aeroporto Marechal Cunha Machado e de postos de S\u00e3o Lu\u00eds e do interior do Maranh\u00e3o foi escoltado por policiais militares integrantes do Curso de Opera\u00e7\u00f5es e Sobreviv\u00eancia em \u00c1rea Rural (Cosar).<\/p>\n<p>O aparato foi necess\u00e1rio para que o produto chegasse com seguran\u00e7a aos destinos previamente mapeados, sem risco de intercepta\u00e7\u00e3o por caminhoneiros revoltados que ainda ocupam trechos de rodovias no estado, com \u00e2nimos ainda acirrados pela alta do \u00f3leo diesel e por outros fatos que inviabilizam seus ganhos e dificultam a sobreviv\u00eancia das suas fam\u00edlias.<\/p>\n<p>Em mensagem postada em uma rede social, a divis\u00e3o militar tentou justificar a mobiliza\u00e7\u00e3o do seu efetivo para cumprir miss\u00e3o t\u00e3o diferenciada: &#8220;Muitos ir\u00e3o criticar, por\u00e9m faz parte do servi\u00e7o das for\u00e7as de seguran\u00e7a&#8221;.<\/p>\n","protected":false},"excerpt":{"rendered":"<p>Em meio \u00e0 crise de desabastecimento provocada pela greve de caminhoneiros, um comboio de caminh\u00f5es-tanque destinados a renovar o estoque [&hellip;]<\/p>\n","protected":false},"author":0,"featured_media":0,"comment_status":"open","ping_status":"open","sticky":false,"template":"","format":"standard","meta":{"site-sidebar-layout":"default","site-content-layout":"","ast-site-content-layout":"default","site-content-style":"default","site-sidebar-style":"default","ast-global-header-display":"","ast-banner-title-visibility":"","ast-main-header-display":"","ast-hfb-above-header-display":"","ast-hfb-below-header-display":"","ast-hfb-mobile-header-display":"","site-post-title":"","ast-breadcrumbs-content":"","ast-featured-img":"","footer-sml-layout":"","ast-disable-related-posts":"","theme-transparent-header-meta":"","adv-header-id-meta":"","stick-header-meta":"","header-above-stick-meta":"","header-main-stick-meta":"","header-below-stick-meta":"","astra-migrate-meta-layouts":"default","ast-page-background-enabled":"default","ast-page-background-meta":{"desktop":{"background-color":"var(--ast-global-color-5)","background-image":"","background-repeat":"repeat","background-position":"center center","background-size":"auto","background-attachment":"scroll","background-type":"","background-media":"","overlay-type":"","overlay-color":"","overlay-opacity":"","overlay-gradient":""},"tablet":{"background-color":"","background-image":"","background-repeat":"repeat","background-position":"center center","background-size":"auto","background-attachment":"scroll","background-type":"","background-media":"","overlay-type":"","overlay-color":"","overlay-opacity":"","overlay-gradient":""},"mobile":{"background-color":"","background-image":"","background-repeat":"repeat","background-position":"center center","background-size":"auto","background-attachment":"scroll","background-type":"","background-media":"","overlay-type":"","overlay-color":"","overlay-opacity":"","overlay-gradient":""}},"ast-content-background-meta":{"desktop":{"background-color":"var(--ast-global-color-4)","background-image":"","background-repeat":"repeat","background-position":"center center","background-size":"auto","background-attachment":"scroll","background-type":"","background-media":"","overlay-type":"","overlay-color":"","overlay-opacity":"","overlay-gradient":""},"tablet":{"background-color":"var(--ast-global-color-4)","background-image":"","background-repeat":"repeat","background-position":"center center","background-size":"auto","background-attachment":"scroll","background-type":"","background-media":"","overlay-type":"","overlay-color":"","overlay-opacity":"","overlay-gradient":""},"mobile":{"background-color":"var(--ast-global-color-4)","background-image":"","background-repeat":"repeat","background-position":"center center","background-size":"auto","background-attachment":"scroll","background-type":"","background-media":"","overlay-type":"","overlay-color":"","overlay-opacity":"","overlay-gradient":""}},"footnotes":""},"categories":[1],"tags":[],"class_list":["post-51807","post","type-post","status-publish","format-standard","hentry","category-sem-categoria"],"yoast_head":"<!-- This site is optimized with the Yoast SEO plugin v26.6 - https:\/\/yoast.com\/wordpress\/plugins\/seo\/ -->\n<title>Em meio \u00e0 revolta de caminhoneiros, combust\u00edvel \u00e9 transportado sob escolta policial no Maranh\u00e3o - Daniel Matos<\/title>\n<meta name=\"robots\" content=\"index, follow, max-snippet:-1, max-image-preview:large, max-video-preview:-1\" \/>\n<link rel=\"canonical\" href=\"https:\/\/www.blogsoestado.com\/danielmatos\/em-meio-a-revolta-de-caminhoneiros-combustivel-e-transportado-sob-escolta-policial-no-maranhao\/\" \/>\n<meta property=\"og:locale\" content=\"pt_BR\" \/>\n<meta property=\"og:type\" content=\"article\" \/>\n<meta property=\"og:title\" content=\"Em meio \u00e0 revolta de caminhoneiros, combust\u00edvel \u00e9 transportado sob escolta policial no Maranh\u00e3o - Daniel Matos\" \/>\n<meta property=\"og:description\" content=\"Em meio \u00e0 crise de desabastecimento provocada pela greve de caminhoneiros, um comboio de caminh\u00f5es-tanque destinados a renovar o estoque [&hellip;]\" \/>\n<meta property=\"og:url\" content=\"https:\/\/www.blogsoestado.com\/danielmatos\/em-meio-a-revolta-de-caminhoneiros-combustivel-e-transportado-sob-escolta-policial-no-maranhao\/\" \/>\n<meta property=\"og:site_name\" content=\"Daniel Matos\" \/>\n<meta property=\"article:published_time\" content=\"2018-05-30T00:55:01+00:00\" \/>\n<meta property=\"og:image\" content=\"https:\/\/www.blogsoestado.com\/danielmatos\/files\/2018\/05\/cosar.png\" \/>\n<meta name=\"twitter:card\" content=\"summary_large_image\" \/>\n<meta name=\"twitter:label1\" content=\"Est. tempo de leitura\" \/>\n\t<meta name=\"twitter:data1\" content=\"1 minuto\" \/>\n<script type=\"application\/ld+json\" class=\"yoast-schema-graph\">{\"@context\":\"https:\/\/schema.org\",\"@graph\":[{\"@type\":\"WebPage\",\"@id\":\"https:\/\/www.blogsoestado.com\/danielmatos\/em-meio-a-revolta-de-caminhoneiros-combustivel-e-transportado-sob-escolta-policial-no-maranhao\/\",\"url\":\"https:\/\/www.blogsoestado.com\/danielmatos\/em-meio-a-revolta-de-caminhoneiros-combustivel-e-transportado-sob-escolta-policial-no-maranhao\/\",\"name\":\"Em meio \u00e0 revolta de caminhoneiros, combust\u00edvel \u00e9 transportado sob escolta policial no Maranh\u00e3o - Daniel Matos\",\"isPartOf\":{\"@id\":\"https:\/\/www.blogsoestado.com\/danielmatos\/#website\"},\"primaryImageOfPage\":{\"@id\":\"https:\/\/www.blogsoestado.com\/danielmatos\/em-meio-a-revolta-de-caminhoneiros-combustivel-e-transportado-sob-escolta-policial-no-maranhao\/#primaryimage\"},\"image\":{\"@id\":\"https:\/\/www.blogsoestado.com\/danielmatos\/em-meio-a-revolta-de-caminhoneiros-combustivel-e-transportado-sob-escolta-policial-no-maranhao\/#primaryimage\"},\"thumbnailUrl\":\"https:\/\/www.blogsoestado.com\/danielmatos\/files\/2018\/05\/cosar.png\",\"datePublished\":\"2018-05-30T00:55:01+00:00\",\"author\":{\"@id\":\"\"},\"breadcrumb\":{\"@id\":\"https:\/\/www.blogsoestado.com\/danielmatos\/em-meio-a-revolta-de-caminhoneiros-combustivel-e-transportado-sob-escolta-policial-no-maranhao\/#breadcrumb\"},\"inLanguage\":\"pt-BR\",\"potentialAction\":[{\"@type\":\"ReadAction\",\"target\":[\"https:\/\/www.blogsoestado.com\/danielmatos\/em-meio-a-revolta-de-caminhoneiros-combustivel-e-transportado-sob-escolta-policial-no-maranhao\/\"]}]},{\"@type\":\"ImageObject\",\"inLanguage\":\"pt-BR\",\"@id\":\"https:\/\/www.blogsoestado.com\/danielmatos\/em-meio-a-revolta-de-caminhoneiros-combustivel-e-transportado-sob-escolta-policial-no-maranhao\/#primaryimage\",\"url\":\"https:\/\/www.blogsoestado.com\/danielmatos\/files\/2018\/05\/cosar.png\",\"contentUrl\":\"https:\/\/www.blogsoestado.com\/danielmatos\/files\/2018\/05\/cosar.png\"},{\"@type\":\"BreadcrumbList\",\"@id\":\"https:\/\/www.blogsoestado.com\/danielmatos\/em-meio-a-revolta-de-caminhoneiros-combustivel-e-transportado-sob-escolta-policial-no-maranhao\/#breadcrumb\",\"itemListElement\":[{\"@type\":\"ListItem\",\"position\":1,\"name\":\"In\u00edcio\",\"item\":\"https:\/\/www.blogsoestado.com\/danielmatos\/\"},{\"@type\":\"ListItem\",\"position\":2,\"name\":\"Em meio \u00e0 revolta de caminhoneiros, combust\u00edvel \u00e9 transportado sob escolta policial no Maranh\u00e3o\"}]},{\"@type\":\"WebSite\",\"@id\":\"https:\/\/www.blogsoestado.com\/danielmatos\/#website\",\"url\":\"https:\/\/www.blogsoestado.com\/danielmatos\/\",\"name\":\"Daniel Matos\",\"description\":\"\",\"potentialAction\":[{\"@type\":\"SearchAction\",\"target\":{\"@type\":\"EntryPoint\",\"urlTemplate\":\"https:\/\/www.blogsoestado.com\/danielmatos\/?s={search_term_string}\"},\"query-input\":{\"@type\":\"PropertyValueSpecification\",\"valueRequired\":true,\"valueName\":\"search_term_string\"}}],\"inLanguage\":\"pt-BR\"}]}<\/script>\n<!-- \/ Yoast SEO plugin. -->","yoast_head_json":{"title":"Em meio \u00e0 revolta de caminhoneiros, combust\u00edvel \u00e9 transportado sob escolta policial no Maranh\u00e3o - Daniel Matos","robots":{"index":"index","follow":"follow","max-snippet":"max-snippet:-1","max-image-preview":"max-image-preview:large","max-video-preview":"max-video-preview:-1"},"canonical":"https:\/\/www.blogsoestado.com\/danielmatos\/em-meio-a-revolta-de-caminhoneiros-combustivel-e-transportado-sob-escolta-policial-no-maranhao\/","og_locale":"pt_BR","og_type":"article","og_title":"Em meio \u00e0 revolta de caminhoneiros, combust\u00edvel \u00e9 transportado sob escolta policial no Maranh\u00e3o - Daniel Matos","og_description":"Em meio \u00e0 crise de desabastecimento provocada pela greve de caminhoneiros, um comboio de caminh\u00f5es-tanque destinados a renovar o estoque [&hellip;]","og_url":"https:\/\/www.blogsoestado.com\/danielmatos\/em-meio-a-revolta-de-caminhoneiros-combustivel-e-transportado-sob-escolta-policial-no-maranhao\/","og_site_name":"Daniel Matos","article_published_time":"2018-05-30T00:55:01+00:00","og_image":[{"url":"https:\/\/www.blogsoestado.com\/danielmatos\/files\/2018\/05\/cosar.png","type":"","width":"","height":""}],"twitter_card":"summary_large_image","twitter_misc":{"Est. tempo de leitura":"1 minuto"},"schema":{"@context":"https:\/\/schema.org","@graph":[{"@type":"WebPage","@id":"https:\/\/www.blogsoestado.com\/danielmatos\/em-meio-a-revolta-de-caminhoneiros-combustivel-e-transportado-sob-escolta-policial-no-maranhao\/","url":"https:\/\/www.blogsoestado.com\/danielmatos\/em-meio-a-revolta-de-caminhoneiros-combustivel-e-transportado-sob-escolta-policial-no-maranhao\/","name":"Em meio \u00e0 revolta de caminhoneiros, combust\u00edvel \u00e9 transportado sob escolta policial no Maranh\u00e3o - Daniel Matos","isPartOf":{"@id":"https:\/\/www.blogsoestado.com\/danielmatos\/#website"},"primaryImageOfPage":{"@id":"https:\/\/www.blogsoestado.com\/danielmatos\/em-meio-a-revolta-de-caminhoneiros-combustivel-e-transportado-sob-escolta-policial-no-maranhao\/#primaryimage"},"image":{"@id":"https:\/\/www.blogsoestado.com\/danielmatos\/em-meio-a-revolta-de-caminhoneiros-combustivel-e-transportado-sob-escolta-policial-no-maranhao\/#primaryimage"},"thumbnailUrl":"https:\/\/www.blogsoestado.com\/danielmatos\/files\/2018\/05\/cosar.png","datePublished":"2018-05-30T00:55:01+00:00","author":{"@id":""},"breadcrumb":{"@id":"https:\/\/www.blogsoestado.com\/danielmatos\/em-meio-a-revolta-de-caminhoneiros-combustivel-e-transportado-sob-escolta-policial-no-maranhao\/#breadcrumb"},"inLanguage":"pt-BR","potentialAction":[{"@type":"ReadAction","target":["https:\/\/www.blogsoestado.com\/danielmatos\/em-meio-a-revolta-de-caminhoneiros-combustivel-e-transportado-sob-escolta-policial-no-maranhao\/"]}]},{"@type":"ImageObject","inLanguage":"pt-BR","@id":"https:\/\/www.blogsoestado.com\/danielmatos\/em-meio-a-revolta-de-caminhoneiros-combustivel-e-transportado-sob-escolta-policial-no-maranhao\/#primaryimage","url":"https:\/\/www.blogsoestado.com\/danielmatos\/files\/2018\/05\/cosar.png","contentUrl":"https:\/\/www.blogsoestado.com\/danielmatos\/files\/2018\/05\/cosar.png"},{"@type":"BreadcrumbList","@id":"https:\/\/www.blogsoestado.com\/danielmatos\/em-meio-a-revolta-de-caminhoneiros-combustivel-e-transportado-sob-escolta-policial-no-maranhao\/#breadcrumb","itemListElement":[{"@type":"ListItem","position":1,"name":"In\u00edcio","item":"https:\/\/www.blogsoestado.com\/danielmatos\/"},{"@type":"ListItem","position":2,"name":"Em meio \u00e0 revolta de caminhoneiros, combust\u00edvel \u00e9 transportado sob escolta policial no Maranh\u00e3o"}]},{"@type":"WebSite","@id":"https:\/\/www.blogsoestado.com\/danielmatos\/#website","url":"https:\/\/www.blogsoestado.com\/danielmatos\/","name":"Daniel Matos","description":"","potentialAction":[{"@type":"SearchAction","target":{"@type":"EntryPoint","urlTemplate":"https:\/\/www.blogsoestado.com\/danielmatos\/?s={search_term_string}"},"query-input":{"@type":"PropertyValueSpecification","valueRequired":true,"valueName":"search_term_string"}}],"inLanguage":"pt-BR"}]}},"jetpack_featured_media_url":"","_links":{"self":[{"href":"https:\/\/www.blogsoestado.com\/danielmatos\/wp-json\/wp\/v2\/posts\/51807","targetHints":{"allow":["GET"]}}],"collection":[{"href":"https:\/\/www.blogsoestado.com\/danielmatos\/wp-json\/wp\/v2\/posts"}],"about":[{"href":"https:\/\/www.blogsoestado.com\/danielmatos\/wp-json\/wp\/v2\/types\/post"}],"replies":[{"embeddable":true,"href":"https:\/\/www.blogsoestado.com\/danielmatos\/wp-json\/wp\/v2\/comments?post=51807"}],"version-history":[{"count":0,"href":"https:\/\/www.blogsoestado.com\/danielmatos\/wp-json\/wp\/v2\/posts\/51807\/revisions"}],"wp:attachment":[{"href":"https:\/\/www.blogsoestado.com\/danielmatos\/wp-json\/wp\/v2\/media?parent=51807"}],"wp:term":[{"taxonomy":"category","embeddable":true,"href":"https:\/\/www.blogsoestado.com\/danielmatos\/wp-json\/wp\/v2\/categories?post=51807"},{"taxonomy":"post_tag","embeddable":true,"href":"https:\/\/www.blogsoestado.com\/danielmatos\/wp-json\/wp\/v2\/tags?post=51807"}],"curies":[{"name":"wp","href":"https:\/\/api.w.org\/{rel}","templated":true}]}}