{"id":51829,"date":"2018-05-30T15:28:08","date_gmt":"2018-05-30T18:28:08","guid":{"rendered":"https:\/\/www.blogsoestado.com\/danielmatos\/?p=51829"},"modified":"2018-05-30T15:28:08","modified_gmt":"2018-05-30T18:28:08","slug":"flavio-dino-e-sua-nuvem-negra","status":"publish","type":"post","link":"https:\/\/www.blogsoestado.com\/danielmatos\/flavio-dino-e-sua-nuvem-negra\/","title":{"rendered":"Fl\u00e1vio Dino e sua nuvem negra"},"content":{"rendered":"<figure id=\"attachment_51830\" aria-describedby=\"caption-attachment-51830\" style=\"width: 264px\" class=\"wp-caption alignleft\"><img fetchpriority=\"high\" decoding=\"async\" class=\"size-full wp-image-51830\" src=\"https:\/\/www.blogsoestado.com\/danielmatos\/files\/2018\/05\/dinuvem.png\" alt=\"\" width=\"264\" height=\"191\" \/><figcaption id=\"caption-attachment-51830\" class=\"wp-caption-text\">Roseana em campanha com Lula<\/figcaption><\/figure>\n<p>Mais uma nuvem negra no horizonte de Fl\u00e1vio Dino. E como o homem \u00e9 intrat\u00e1vel, ningu\u00e9m fale perto dele na OAS nem no nome de L\u00e9o Pinheiro, o presidente-dono da mega empreiteira.<\/p>\n<p>Se j\u00e1 n\u00e3o bastasse a contrariedade com a candidatura de Roseana que j\u00e1 o derrotou no primeiro turno, em 2010. E, depois da confirma\u00e7\u00e3o da entrada da ex-governadora na disputa, as pesquisas s\u00e9rias mostram que a inten\u00e7\u00e3o de voto em Fl\u00e1vio Dino est\u00e1 derretendo mais r\u00e1pido que gelo sob o sol de setembro, no Maranh\u00e3o.<\/p>\n<p>O governador anda assim mais intrat\u00e1vel do que j\u00e1 \u00e9, normalmente, porque<\/p>\n<figure id=\"attachment_51831\" aria-describedby=\"caption-attachment-51831\" style=\"width: 200px\" class=\"wp-caption alignright\"><img decoding=\"async\" class=\"wp-image-51831\" src=\"https:\/\/www.blogsoestado.com\/danielmatos\/files\/2018\/05\/dinuvem2-265x300.png\" alt=\"\" width=\"200\" height=\"227\" \/><figcaption id=\"caption-attachment-51831\" class=\"wp-caption-text\">Fl\u00e1vio Dino apoio o tucano A\u00e9cio Neves em 2014<\/figcaption><\/figure>\n<p>o STJ autorizou a dela\u00e7\u00e3o de Pinheiro. E a\u00ed, a coisa complica. E complica muito. \u00c9 que a OAS foi uma das doadoras da campanha: nada menos que 4 milh\u00f5es de reais.<\/p>\n<p>At\u00e9 esse ponto, tudo bem, porque Dino declarou esse dinheiro \u00e0 justi\u00e7a eleitoral, como tendo sido uma doa\u00e7\u00e3o legal. Acontece que Leo Pinheiro desmente. Ele afirmou em ju\u00edzo, perante S\u00e9rgio Moro, que todas as doa\u00e7\u00f5es da OAS aos pol\u00edticos foram feitas atrav\u00e9s de caixa 2, o que \u00e9 proibido. Por conta disso, tem muita gente vendo o sol quadrado.<\/p>\n<p>A dela\u00e7\u00e3o do presidente da OAS tem mais de 60 anexos e enrola pelo menos um governador. Aguarda-se para os pr\u00f3ximos dias o que ela revelar\u00e1 sobre Fl\u00e1vio Dino. Enquanto isso n\u00e3o acontece, evite falar em Leo Pinheiro ou na OAS junto do homem. Ele pode ficar mais nervoso ainda.<\/p>\n","protected":false},"excerpt":{"rendered":"<p>Mais uma nuvem negra no horizonte de Fl\u00e1vio Dino. E como o homem \u00e9 intrat\u00e1vel, ningu\u00e9m fale perto dele na [&hellip;]<\/p>\n","protected":false},"author":0,"featured_media":0,"comment_status":"open","ping_status":"open","sticky":false,"template":"","format":"standard","meta":{"site-sidebar-layout":"default","site-content-layout":"","ast-site-content-layout":"default","site-content-style":"default","site-sidebar-style":"default","ast-global-header-display":"","ast-banner-title-visibility":"","ast-main-header-display":"","ast-hfb-above-header-display":"","ast-hfb-below-header-display":"","ast-hfb-mobile-header-display":"","site-post-title":"","ast-breadcrumbs-content":"","ast-featured-img":"","footer-sml-layout":"","ast-disable-related-posts":"","theme-transparent-header-meta":"","adv-header-id-meta":"","stick-header-meta":"","header-above-stick-meta":"","header-main-stick-meta":"","header-below-stick-meta":"","astra-migrate-meta-layouts":"default","ast-page-background-enabled":"default","ast-page-background-meta":{"desktop":{"background-color":"var(--ast-global-color-5)","background-image":"","background-repeat":"repeat","background-position":"center center","background-size":"auto","background-attachment":"scroll","background-type":"","background-media":"","overlay-type":"","overlay-color":"","overlay-opacity":"","overlay-gradient":""},"tablet":{"background-color":"","background-image":"","background-repeat":"repeat","background-position":"center center","background-size":"auto","background-attachment":"scroll","background-type":"","background-media":"","overlay-type":"","overlay-color":"","overlay-opacity":"","overlay-gradient":""},"mobile":{"background-color":"","background-image":"","background-repeat":"repeat","background-position":"center center","background-size":"auto","background-attachment":"scroll","background-type":"","background-media":"","overlay-type":"","overlay-color":"","overlay-opacity":"","overlay-gradient":""}},"ast-content-background-meta":{"desktop":{"background-color":"var(--ast-global-color-4)","background-image":"","background-repeat":"repeat","background-position":"center center","background-size":"auto","background-attachment":"scroll","background-type":"","background-media":"","overlay-type":"","overlay-color":"","overlay-opacity":"","overlay-gradient":""},"tablet":{"background-color":"var(--ast-global-color-4)","background-image":"","background-repeat":"repeat","background-position":"center center","background-size":"auto","background-attachment":"scroll","background-type":"","background-media":"","overlay-type":"","overlay-color":"","overlay-opacity":"","overlay-gradient":""},"mobile":{"background-color":"var(--ast-global-color-4)","background-image":"","background-repeat":"repeat","background-position":"center center","background-size":"auto","background-attachment":"scroll","background-type":"","background-media":"","overlay-type":"","overlay-color":"","overlay-opacity":"","overlay-gradient":""}},"footnotes":""},"categories":[1],"tags":[],"class_list":["post-51829","post","type-post","status-publish","format-standard","hentry","category-sem-categoria"],"yoast_head":"<!-- This site is optimized with the Yoast SEO plugin v26.6 - https:\/\/yoast.com\/wordpress\/plugins\/seo\/ -->\n<title>Fl\u00e1vio Dino e sua nuvem negra - Daniel Matos<\/title>\n<meta name=\"robots\" content=\"index, follow, max-snippet:-1, max-image-preview:large, max-video-preview:-1\" \/>\n<link rel=\"canonical\" href=\"https:\/\/www.blogsoestado.com\/danielmatos\/flavio-dino-e-sua-nuvem-negra\/\" \/>\n<meta property=\"og:locale\" content=\"pt_BR\" \/>\n<meta property=\"og:type\" content=\"article\" \/>\n<meta property=\"og:title\" content=\"Fl\u00e1vio Dino e sua nuvem negra - Daniel Matos\" \/>\n<meta property=\"og:description\" content=\"Mais uma nuvem negra no horizonte de Fl\u00e1vio Dino. E como o homem \u00e9 intrat\u00e1vel, ningu\u00e9m fale perto dele na [&hellip;]\" \/>\n<meta property=\"og:url\" content=\"https:\/\/www.blogsoestado.com\/danielmatos\/flavio-dino-e-sua-nuvem-negra\/\" \/>\n<meta property=\"og:site_name\" content=\"Daniel Matos\" \/>\n<meta property=\"article:published_time\" content=\"2018-05-30T18:28:08+00:00\" \/>\n<meta property=\"og:image\" content=\"https:\/\/www.blogsoestado.com\/danielmatos\/files\/2018\/05\/dinuvem.png\" \/>\n<meta name=\"twitter:card\" content=\"summary_large_image\" \/>\n<meta name=\"twitter:label1\" content=\"Est. tempo de leitura\" \/>\n\t<meta name=\"twitter:data1\" content=\"1 minuto\" \/>\n<script type=\"application\/ld+json\" class=\"yoast-schema-graph\">{\"@context\":\"https:\/\/schema.org\",\"@graph\":[{\"@type\":\"WebPage\",\"@id\":\"https:\/\/www.blogsoestado.com\/danielmatos\/flavio-dino-e-sua-nuvem-negra\/\",\"url\":\"https:\/\/www.blogsoestado.com\/danielmatos\/flavio-dino-e-sua-nuvem-negra\/\",\"name\":\"Fl\u00e1vio Dino e sua nuvem negra - Daniel Matos\",\"isPartOf\":{\"@id\":\"https:\/\/www.blogsoestado.com\/danielmatos\/#website\"},\"primaryImageOfPage\":{\"@id\":\"https:\/\/www.blogsoestado.com\/danielmatos\/flavio-dino-e-sua-nuvem-negra\/#primaryimage\"},\"image\":{\"@id\":\"https:\/\/www.blogsoestado.com\/danielmatos\/flavio-dino-e-sua-nuvem-negra\/#primaryimage\"},\"thumbnailUrl\":\"https:\/\/www.blogsoestado.com\/danielmatos\/files\/2018\/05\/dinuvem.png\",\"datePublished\":\"2018-05-30T18:28:08+00:00\",\"author\":{\"@id\":\"\"},\"breadcrumb\":{\"@id\":\"https:\/\/www.blogsoestado.com\/danielmatos\/flavio-dino-e-sua-nuvem-negra\/#breadcrumb\"},\"inLanguage\":\"pt-BR\",\"potentialAction\":[{\"@type\":\"ReadAction\",\"target\":[\"https:\/\/www.blogsoestado.com\/danielmatos\/flavio-dino-e-sua-nuvem-negra\/\"]}]},{\"@type\":\"ImageObject\",\"inLanguage\":\"pt-BR\",\"@id\":\"https:\/\/www.blogsoestado.com\/danielmatos\/flavio-dino-e-sua-nuvem-negra\/#primaryimage\",\"url\":\"https:\/\/www.blogsoestado.com\/danielmatos\/files\/2018\/05\/dinuvem.png\",\"contentUrl\":\"https:\/\/www.blogsoestado.com\/danielmatos\/files\/2018\/05\/dinuvem.png\"},{\"@type\":\"BreadcrumbList\",\"@id\":\"https:\/\/www.blogsoestado.com\/danielmatos\/flavio-dino-e-sua-nuvem-negra\/#breadcrumb\",\"itemListElement\":[{\"@type\":\"ListItem\",\"position\":1,\"name\":\"In\u00edcio\",\"item\":\"https:\/\/www.blogsoestado.com\/danielmatos\/\"},{\"@type\":\"ListItem\",\"position\":2,\"name\":\"Fl\u00e1vio Dino e sua nuvem negra\"}]},{\"@type\":\"WebSite\",\"@id\":\"https:\/\/www.blogsoestado.com\/danielmatos\/#website\",\"url\":\"https:\/\/www.blogsoestado.com\/danielmatos\/\",\"name\":\"Daniel Matos\",\"description\":\"\",\"potentialAction\":[{\"@type\":\"SearchAction\",\"target\":{\"@type\":\"EntryPoint\",\"urlTemplate\":\"https:\/\/www.blogsoestado.com\/danielmatos\/?s={search_term_string}\"},\"query-input\":{\"@type\":\"PropertyValueSpecification\",\"valueRequired\":true,\"valueName\":\"search_term_string\"}}],\"inLanguage\":\"pt-BR\"}]}<\/script>\n<!-- \/ Yoast SEO plugin. -->","yoast_head_json":{"title":"Fl\u00e1vio Dino e sua nuvem negra - Daniel Matos","robots":{"index":"index","follow":"follow","max-snippet":"max-snippet:-1","max-image-preview":"max-image-preview:large","max-video-preview":"max-video-preview:-1"},"canonical":"https:\/\/www.blogsoestado.com\/danielmatos\/flavio-dino-e-sua-nuvem-negra\/","og_locale":"pt_BR","og_type":"article","og_title":"Fl\u00e1vio Dino e sua nuvem negra - Daniel Matos","og_description":"Mais uma nuvem negra no horizonte de Fl\u00e1vio Dino. E como o homem \u00e9 intrat\u00e1vel, ningu\u00e9m fale perto dele na [&hellip;]","og_url":"https:\/\/www.blogsoestado.com\/danielmatos\/flavio-dino-e-sua-nuvem-negra\/","og_site_name":"Daniel Matos","article_published_time":"2018-05-30T18:28:08+00:00","og_image":[{"url":"https:\/\/www.blogsoestado.com\/danielmatos\/files\/2018\/05\/dinuvem.png","type":"","width":"","height":""}],"twitter_card":"summary_large_image","twitter_misc":{"Est. tempo de leitura":"1 minuto"},"schema":{"@context":"https:\/\/schema.org","@graph":[{"@type":"WebPage","@id":"https:\/\/www.blogsoestado.com\/danielmatos\/flavio-dino-e-sua-nuvem-negra\/","url":"https:\/\/www.blogsoestado.com\/danielmatos\/flavio-dino-e-sua-nuvem-negra\/","name":"Fl\u00e1vio Dino e sua nuvem negra - Daniel Matos","isPartOf":{"@id":"https:\/\/www.blogsoestado.com\/danielmatos\/#website"},"primaryImageOfPage":{"@id":"https:\/\/www.blogsoestado.com\/danielmatos\/flavio-dino-e-sua-nuvem-negra\/#primaryimage"},"image":{"@id":"https:\/\/www.blogsoestado.com\/danielmatos\/flavio-dino-e-sua-nuvem-negra\/#primaryimage"},"thumbnailUrl":"https:\/\/www.blogsoestado.com\/danielmatos\/files\/2018\/05\/dinuvem.png","datePublished":"2018-05-30T18:28:08+00:00","author":{"@id":""},"breadcrumb":{"@id":"https:\/\/www.blogsoestado.com\/danielmatos\/flavio-dino-e-sua-nuvem-negra\/#breadcrumb"},"inLanguage":"pt-BR","potentialAction":[{"@type":"ReadAction","target":["https:\/\/www.blogsoestado.com\/danielmatos\/flavio-dino-e-sua-nuvem-negra\/"]}]},{"@type":"ImageObject","inLanguage":"pt-BR","@id":"https:\/\/www.blogsoestado.com\/danielmatos\/flavio-dino-e-sua-nuvem-negra\/#primaryimage","url":"https:\/\/www.blogsoestado.com\/danielmatos\/files\/2018\/05\/dinuvem.png","contentUrl":"https:\/\/www.blogsoestado.com\/danielmatos\/files\/2018\/05\/dinuvem.png"},{"@type":"BreadcrumbList","@id":"https:\/\/www.blogsoestado.com\/danielmatos\/flavio-dino-e-sua-nuvem-negra\/#breadcrumb","itemListElement":[{"@type":"ListItem","position":1,"name":"In\u00edcio","item":"https:\/\/www.blogsoestado.com\/danielmatos\/"},{"@type":"ListItem","position":2,"name":"Fl\u00e1vio Dino e sua nuvem negra"}]},{"@type":"WebSite","@id":"https:\/\/www.blogsoestado.com\/danielmatos\/#website","url":"https:\/\/www.blogsoestado.com\/danielmatos\/","name":"Daniel Matos","description":"","potentialAction":[{"@type":"SearchAction","target":{"@type":"EntryPoint","urlTemplate":"https:\/\/www.blogsoestado.com\/danielmatos\/?s={search_term_string}"},"query-input":{"@type":"PropertyValueSpecification","valueRequired":true,"valueName":"search_term_string"}}],"inLanguage":"pt-BR"}]}},"jetpack_featured_media_url":"","_links":{"self":[{"href":"https:\/\/www.blogsoestado.com\/danielmatos\/wp-json\/wp\/v2\/posts\/51829","targetHints":{"allow":["GET"]}}],"collection":[{"href":"https:\/\/www.blogsoestado.com\/danielmatos\/wp-json\/wp\/v2\/posts"}],"about":[{"href":"https:\/\/www.blogsoestado.com\/danielmatos\/wp-json\/wp\/v2\/types\/post"}],"replies":[{"embeddable":true,"href":"https:\/\/www.blogsoestado.com\/danielmatos\/wp-json\/wp\/v2\/comments?post=51829"}],"version-history":[{"count":0,"href":"https:\/\/www.blogsoestado.com\/danielmatos\/wp-json\/wp\/v2\/posts\/51829\/revisions"}],"wp:attachment":[{"href":"https:\/\/www.blogsoestado.com\/danielmatos\/wp-json\/wp\/v2\/media?parent=51829"}],"wp:term":[{"taxonomy":"category","embeddable":true,"href":"https:\/\/www.blogsoestado.com\/danielmatos\/wp-json\/wp\/v2\/categories?post=51829"},{"taxonomy":"post_tag","embeddable":true,"href":"https:\/\/www.blogsoestado.com\/danielmatos\/wp-json\/wp\/v2\/tags?post=51829"}],"curies":[{"name":"wp","href":"https:\/\/api.w.org\/{rel}","templated":true}]}}