{"id":51840,"date":"2018-05-30T16:52:36","date_gmt":"2018-05-30T19:52:36","guid":{"rendered":"https:\/\/www.blogsoestado.com\/danielmatos\/?p=51840"},"modified":"2018-05-30T16:52:36","modified_gmt":"2018-05-30T19:52:36","slug":"ultima-chamada-para-arena-safadao","status":"publish","type":"post","link":"https:\/\/www.blogsoestado.com\/danielmatos\/ultima-chamada-para-arena-safadao\/","title":{"rendered":"\u00daltima chamada para a Arena Safad\u00e3o"},"content":{"rendered":"<div dir=\"auto\"><\/div>\n<div dir=\"auto\">\n<figure id=\"attachment_51841\" aria-describedby=\"caption-attachment-51841\" style=\"width: 620px\" class=\"wp-caption aligncenter\"><img fetchpriority=\"high\" decoding=\"async\" class=\"wp-image-51841\" src=\"https:\/\/www.blogsoestado.com\/danielmatos\/files\/2018\/05\/arena-chamada.jpg\" alt=\"\" width=\"620\" height=\"348\" \/><figcaption id=\"caption-attachment-51841\" class=\"wp-caption-text\">Vista a\u00e9rea do Espa\u00e7o Reserva, local do show Arena Safad\u00e3o,\u00a0ao lado do Shopping da Ilha, que ficar\u00e1 lotado<\/figcaption><\/figure>\n<\/div>\n<div dir=\"auto\">Estamos esperando voc\u00ea e sua turma!!!<\/div>\n<div dir=\"auto\">Chegue cedo!!!!<\/div>\n<div dir=\"auto\">Port\u00f5es abrem \u00e0s 19h<\/div>\n<div dir=\"auto\">*Sequ\u00eancia de shows:*<\/div>\n<div dir=\"auto\">&#8211; Aduilio Mendes<\/div>\n<div dir=\"auto\">&#8211; Gabriel Diniz<\/div>\n<div dir=\"auto\">&#8211; L\u00e9o Santana<\/div>\n<div dir=\"auto\">&#8211; Wesley Safad\u00e3o<\/div>\n<div dir=\"auto\"><\/div>\n<div dir=\"auto\">\n<div dir=\"auto\">\u00a0T\u00e1 tudo lindoooo!!!! Vai ser estouroooo!!!!\u00a0<img decoding=\"async\" class=\"CToWUd\" src=\"https:\/\/mail.google.com\/mail\/e\/1f4a5\" alt=\"&#x1f4a5;\" data-goomoji=\"1f4a5\" \/><img decoding=\"async\" class=\"CToWUd\" src=\"https:\/\/mail.google.com\/mail\/e\/1f4a5\" alt=\"&#x1f4a5;\" data-goomoji=\"1f4a5\" \/><img decoding=\"async\" class=\"CToWUd\" src=\"https:\/\/mail.google.com\/mail\/e\/1f4a5\" alt=\"&#x1f4a5;\" data-goomoji=\"1f4a5\" \/><\/div>\n<div dir=\"auto\"><\/div>\n<div dir=\"auto\">Veja mais fotos:<img decoding=\"async\" class=\"aligncenter wp-image-51842\" src=\"https:\/\/www.blogsoestado.com\/danielmatos\/files\/2018\/05\/arena-chamada2.jpg\" alt=\"\" width=\"620\" height=\"348\" \/><\/div>\n<div dir=\"auto\"><\/div>\n<div dir=\"auto\"><img decoding=\"async\" class=\"aligncenter wp-image-51843\" src=\"https:\/\/www.blogsoestado.com\/danielmatos\/files\/2018\/05\/arena-chamada3.jpg\" alt=\"\" width=\"620\" height=\"413\" \/><\/div>\n<\/div>\n","protected":false},"excerpt":{"rendered":"<p>Estamos esperando voc\u00ea e sua turma!!! Chegue cedo!!!! Port\u00f5es abrem \u00e0s 19h *Sequ\u00eancia de shows:* &#8211; Aduilio Mendes &#8211; Gabriel [&hellip;]<\/p>\n","protected":false},"author":0,"featured_media":0,"comment_status":"open","ping_status":"open","sticky":false,"template":"","format":"standard","meta":{"site-sidebar-layout":"default","site-content-layout":"","ast-site-content-layout":"default","site-content-style":"default","site-sidebar-style":"default","ast-global-header-display":"","ast-banner-title-visibility":"","ast-main-header-display":"","ast-hfb-above-header-display":"","ast-hfb-below-header-display":"","ast-hfb-mobile-header-display":"","site-post-title":"","ast-breadcrumbs-content":"","ast-featured-img":"","footer-sml-layout":"","ast-disable-related-posts":"","theme-transparent-header-meta":"","adv-header-id-meta":"","stick-header-meta":"","header-above-stick-meta":"","header-main-stick-meta":"","header-below-stick-meta":"","astra-migrate-meta-layouts":"default","ast-page-background-enabled":"default","ast-page-background-meta":{"desktop":{"background-color":"var(--ast-global-color-5)","background-image":"","background-repeat":"repeat","background-position":"center center","background-size":"auto","background-attachment":"scroll","background-type":"","background-media":"","overlay-type":"","overlay-color":"","overlay-opacity":"","overlay-gradient":""},"tablet":{"background-color":"","background-image":"","background-repeat":"repeat","background-position":"center center","background-size":"auto","background-attachment":"scroll","background-type":"","background-media":"","overlay-type":"","overlay-color":"","overlay-opacity":"","overlay-gradient":""},"mobile":{"background-color":"","background-image":"","background-repeat":"repeat","background-position":"center center","background-size":"auto","background-attachment":"scroll","background-type":"","background-media":"","overlay-type":"","overlay-color":"","overlay-opacity":"","overlay-gradient":""}},"ast-content-background-meta":{"desktop":{"background-color":"var(--ast-global-color-4)","background-image":"","background-repeat":"repeat","background-position":"center center","background-size":"auto","background-attachment":"scroll","background-type":"","background-media":"","overlay-type":"","overlay-color":"","overlay-opacity":"","overlay-gradient":""},"tablet":{"background-color":"var(--ast-global-color-4)","background-image":"","background-repeat":"repeat","background-position":"center center","background-size":"auto","background-attachment":"scroll","background-type":"","background-media":"","overlay-type":"","overlay-color":"","overlay-opacity":"","overlay-gradient":""},"mobile":{"background-color":"var(--ast-global-color-4)","background-image":"","background-repeat":"repeat","background-position":"center center","background-size":"auto","background-attachment":"scroll","background-type":"","background-media":"","overlay-type":"","overlay-color":"","overlay-opacity":"","overlay-gradient":""}},"footnotes":""},"categories":[1],"tags":[],"class_list":["post-51840","post","type-post","status-publish","format-standard","hentry","category-sem-categoria"],"yoast_head":"<!-- This site is optimized with the Yoast SEO plugin v26.6 - https:\/\/yoast.com\/wordpress\/plugins\/seo\/ -->\n<title>\u00daltima chamada para a Arena Safad\u00e3o - Daniel Matos<\/title>\n<meta name=\"robots\" content=\"index, follow, max-snippet:-1, max-image-preview:large, max-video-preview:-1\" \/>\n<link rel=\"canonical\" href=\"https:\/\/www.blogsoestado.com\/danielmatos\/ultima-chamada-para-arena-safadao\/\" \/>\n<meta property=\"og:locale\" content=\"pt_BR\" \/>\n<meta property=\"og:type\" content=\"article\" \/>\n<meta property=\"og:title\" content=\"\u00daltima chamada para a Arena Safad\u00e3o - Daniel Matos\" \/>\n<meta property=\"og:description\" content=\"Estamos esperando voc\u00ea e sua turma!!! Chegue cedo!!!! Port\u00f5es abrem \u00e0s 19h *Sequ\u00eancia de shows:* &#8211; Aduilio Mendes &#8211; Gabriel [&hellip;]\" \/>\n<meta property=\"og:url\" content=\"https:\/\/www.blogsoestado.com\/danielmatos\/ultima-chamada-para-arena-safadao\/\" \/>\n<meta property=\"og:site_name\" content=\"Daniel Matos\" \/>\n<meta property=\"article:published_time\" content=\"2018-05-30T19:52:36+00:00\" \/>\n<meta property=\"og:image\" content=\"https:\/\/www.blogsoestado.com\/danielmatos\/files\/2018\/05\/arena-chamada.jpg\" \/>\n<meta name=\"twitter:card\" content=\"summary_large_image\" \/>\n<script type=\"application\/ld+json\" class=\"yoast-schema-graph\">{\"@context\":\"https:\/\/schema.org\",\"@graph\":[{\"@type\":\"WebPage\",\"@id\":\"https:\/\/www.blogsoestado.com\/danielmatos\/ultima-chamada-para-arena-safadao\/\",\"url\":\"https:\/\/www.blogsoestado.com\/danielmatos\/ultima-chamada-para-arena-safadao\/\",\"name\":\"\u00daltima chamada para a Arena Safad\u00e3o - Daniel Matos\",\"isPartOf\":{\"@id\":\"https:\/\/www.blogsoestado.com\/danielmatos\/#website\"},\"primaryImageOfPage\":{\"@id\":\"https:\/\/www.blogsoestado.com\/danielmatos\/ultima-chamada-para-arena-safadao\/#primaryimage\"},\"image\":{\"@id\":\"https:\/\/www.blogsoestado.com\/danielmatos\/ultima-chamada-para-arena-safadao\/#primaryimage\"},\"thumbnailUrl\":\"https:\/\/www.blogsoestado.com\/danielmatos\/files\/2018\/05\/arena-chamada.jpg\",\"datePublished\":\"2018-05-30T19:52:36+00:00\",\"author\":{\"@id\":\"\"},\"breadcrumb\":{\"@id\":\"https:\/\/www.blogsoestado.com\/danielmatos\/ultima-chamada-para-arena-safadao\/#breadcrumb\"},\"inLanguage\":\"pt-BR\",\"potentialAction\":[{\"@type\":\"ReadAction\",\"target\":[\"https:\/\/www.blogsoestado.com\/danielmatos\/ultima-chamada-para-arena-safadao\/\"]}]},{\"@type\":\"ImageObject\",\"inLanguage\":\"pt-BR\",\"@id\":\"https:\/\/www.blogsoestado.com\/danielmatos\/ultima-chamada-para-arena-safadao\/#primaryimage\",\"url\":\"https:\/\/www.blogsoestado.com\/danielmatos\/files\/2018\/05\/arena-chamada.jpg\",\"contentUrl\":\"https:\/\/www.blogsoestado.com\/danielmatos\/files\/2018\/05\/arena-chamada.jpg\"},{\"@type\":\"BreadcrumbList\",\"@id\":\"https:\/\/www.blogsoestado.com\/danielmatos\/ultima-chamada-para-arena-safadao\/#breadcrumb\",\"itemListElement\":[{\"@type\":\"ListItem\",\"position\":1,\"name\":\"In\u00edcio\",\"item\":\"https:\/\/www.blogsoestado.com\/danielmatos\/\"},{\"@type\":\"ListItem\",\"position\":2,\"name\":\"\u00daltima chamada para a Arena Safad\u00e3o\"}]},{\"@type\":\"WebSite\",\"@id\":\"https:\/\/www.blogsoestado.com\/danielmatos\/#website\",\"url\":\"https:\/\/www.blogsoestado.com\/danielmatos\/\",\"name\":\"Daniel Matos\",\"description\":\"\",\"potentialAction\":[{\"@type\":\"SearchAction\",\"target\":{\"@type\":\"EntryPoint\",\"urlTemplate\":\"https:\/\/www.blogsoestado.com\/danielmatos\/?s={search_term_string}\"},\"query-input\":{\"@type\":\"PropertyValueSpecification\",\"valueRequired\":true,\"valueName\":\"search_term_string\"}}],\"inLanguage\":\"pt-BR\"}]}<\/script>\n<!-- \/ Yoast SEO plugin. -->","yoast_head_json":{"title":"\u00daltima chamada para a Arena Safad\u00e3o - Daniel Matos","robots":{"index":"index","follow":"follow","max-snippet":"max-snippet:-1","max-image-preview":"max-image-preview:large","max-video-preview":"max-video-preview:-1"},"canonical":"https:\/\/www.blogsoestado.com\/danielmatos\/ultima-chamada-para-arena-safadao\/","og_locale":"pt_BR","og_type":"article","og_title":"\u00daltima chamada para a Arena Safad\u00e3o - Daniel Matos","og_description":"Estamos esperando voc\u00ea e sua turma!!! Chegue cedo!!!! Port\u00f5es abrem \u00e0s 19h *Sequ\u00eancia de shows:* &#8211; Aduilio Mendes &#8211; Gabriel [&hellip;]","og_url":"https:\/\/www.blogsoestado.com\/danielmatos\/ultima-chamada-para-arena-safadao\/","og_site_name":"Daniel Matos","article_published_time":"2018-05-30T19:52:36+00:00","og_image":[{"url":"https:\/\/www.blogsoestado.com\/danielmatos\/files\/2018\/05\/arena-chamada.jpg","type":"","width":"","height":""}],"twitter_card":"summary_large_image","schema":{"@context":"https:\/\/schema.org","@graph":[{"@type":"WebPage","@id":"https:\/\/www.blogsoestado.com\/danielmatos\/ultima-chamada-para-arena-safadao\/","url":"https:\/\/www.blogsoestado.com\/danielmatos\/ultima-chamada-para-arena-safadao\/","name":"\u00daltima chamada para a Arena Safad\u00e3o - Daniel Matos","isPartOf":{"@id":"https:\/\/www.blogsoestado.com\/danielmatos\/#website"},"primaryImageOfPage":{"@id":"https:\/\/www.blogsoestado.com\/danielmatos\/ultima-chamada-para-arena-safadao\/#primaryimage"},"image":{"@id":"https:\/\/www.blogsoestado.com\/danielmatos\/ultima-chamada-para-arena-safadao\/#primaryimage"},"thumbnailUrl":"https:\/\/www.blogsoestado.com\/danielmatos\/files\/2018\/05\/arena-chamada.jpg","datePublished":"2018-05-30T19:52:36+00:00","author":{"@id":""},"breadcrumb":{"@id":"https:\/\/www.blogsoestado.com\/danielmatos\/ultima-chamada-para-arena-safadao\/#breadcrumb"},"inLanguage":"pt-BR","potentialAction":[{"@type":"ReadAction","target":["https:\/\/www.blogsoestado.com\/danielmatos\/ultima-chamada-para-arena-safadao\/"]}]},{"@type":"ImageObject","inLanguage":"pt-BR","@id":"https:\/\/www.blogsoestado.com\/danielmatos\/ultima-chamada-para-arena-safadao\/#primaryimage","url":"https:\/\/www.blogsoestado.com\/danielmatos\/files\/2018\/05\/arena-chamada.jpg","contentUrl":"https:\/\/www.blogsoestado.com\/danielmatos\/files\/2018\/05\/arena-chamada.jpg"},{"@type":"BreadcrumbList","@id":"https:\/\/www.blogsoestado.com\/danielmatos\/ultima-chamada-para-arena-safadao\/#breadcrumb","itemListElement":[{"@type":"ListItem","position":1,"name":"In\u00edcio","item":"https:\/\/www.blogsoestado.com\/danielmatos\/"},{"@type":"ListItem","position":2,"name":"\u00daltima chamada para a Arena Safad\u00e3o"}]},{"@type":"WebSite","@id":"https:\/\/www.blogsoestado.com\/danielmatos\/#website","url":"https:\/\/www.blogsoestado.com\/danielmatos\/","name":"Daniel Matos","description":"","potentialAction":[{"@type":"SearchAction","target":{"@type":"EntryPoint","urlTemplate":"https:\/\/www.blogsoestado.com\/danielmatos\/?s={search_term_string}"},"query-input":{"@type":"PropertyValueSpecification","valueRequired":true,"valueName":"search_term_string"}}],"inLanguage":"pt-BR"}]}},"jetpack_featured_media_url":"","_links":{"self":[{"href":"https:\/\/www.blogsoestado.com\/danielmatos\/wp-json\/wp\/v2\/posts\/51840","targetHints":{"allow":["GET"]}}],"collection":[{"href":"https:\/\/www.blogsoestado.com\/danielmatos\/wp-json\/wp\/v2\/posts"}],"about":[{"href":"https:\/\/www.blogsoestado.com\/danielmatos\/wp-json\/wp\/v2\/types\/post"}],"replies":[{"embeddable":true,"href":"https:\/\/www.blogsoestado.com\/danielmatos\/wp-json\/wp\/v2\/comments?post=51840"}],"version-history":[{"count":0,"href":"https:\/\/www.blogsoestado.com\/danielmatos\/wp-json\/wp\/v2\/posts\/51840\/revisions"}],"wp:attachment":[{"href":"https:\/\/www.blogsoestado.com\/danielmatos\/wp-json\/wp\/v2\/media?parent=51840"}],"wp:term":[{"taxonomy":"category","embeddable":true,"href":"https:\/\/www.blogsoestado.com\/danielmatos\/wp-json\/wp\/v2\/categories?post=51840"},{"taxonomy":"post_tag","embeddable":true,"href":"https:\/\/www.blogsoestado.com\/danielmatos\/wp-json\/wp\/v2\/tags?post=51840"}],"curies":[{"name":"wp","href":"https:\/\/api.w.org\/{rel}","templated":true}]}}