{"id":51852,"date":"2018-05-31T11:10:07","date_gmt":"2018-05-31T14:10:07","guid":{"rendered":"https:\/\/www.blogsoestado.com\/danielmatos\/?p=51852"},"modified":"2018-05-31T11:10:07","modified_gmt":"2018-05-31T14:10:07","slug":"viatura-da-pm-capota-na-avenida-dos-portugueses","status":"publish","type":"post","link":"https:\/\/www.blogsoestado.com\/danielmatos\/viatura-da-pm-capota-na-avenida-dos-portugueses\/","title":{"rendered":"Viatura da PM capota na Avenida dos Portugueses"},"content":{"rendered":"<p>&nbsp;<\/p>\n<figure id=\"attachment_51853\" aria-describedby=\"caption-attachment-51853\" style=\"width: 630px\" class=\"wp-caption aligncenter\"><img fetchpriority=\"high\" decoding=\"async\" class=\"wp-image-51853\" src=\"https:\/\/www.blogsoestado.com\/danielmatos\/files\/2018\/05\/IMG-20180530-WA0025.jpg\" alt=\"\" width=\"630\" height=\"354\" \/><figcaption id=\"caption-attachment-51853\" class=\"wp-caption-text\">Curiosos se aglomeraram no local do acidente, que n\u00e3o registrou v\u00edtimas graves<\/figcaption><\/figure>\n<p>Uma viatura da Pol\u00edcia Militar do Maranh\u00e3o capotou, na noite de ontem (30), na Avenda dos Poertugueses, nas imedia\u00e7\u00f5es da Cidade Universit\u00e1ria (campus da Universidade Federal do Maranh\u00e3o). Os policiais que integravam a guarni\u00e7\u00e3o sofreram apenas escoria\u00e7\u00f5ese leves.<\/p>\n<p>O acidente aconteceu por volta das 21h. A pista estava molhada no momento do acidente, em decorr\u00eancia da chuva, o que provocou a derrapagem da viatura no asfalt\u00f3, seguido de capotamento.<\/p>\n<p>Os militares ficaram presos dentro da viatura, que caiu em uma galeria, com os quatro pneus para cima, e foram resgatados por outras guarni\u00e7\u00f5es da PM e por equipes do Corpo de Bombeiros.<\/p>\n<p>Dezenas de curiosos se aglomeraram no local do acidente, cujas causas ainda ser\u00e3o esclarecidas. Per\u00edcia a ser realizada pelas autoridades policiais apontar\u00e1 se houve falha humana ou problem\u00e1 mec\u00e2nico na viatura.<\/p>\n","protected":false},"excerpt":{"rendered":"<p>&nbsp; Uma viatura da Pol\u00edcia Militar do Maranh\u00e3o capotou, na noite de ontem (30), na Avenda dos Poertugueses, nas imedia\u00e7\u00f5es [&hellip;]<\/p>\n","protected":false},"author":0,"featured_media":0,"comment_status":"open","ping_status":"open","sticky":false,"template":"","format":"standard","meta":{"site-sidebar-layout":"default","site-content-layout":"","ast-site-content-layout":"default","site-content-style":"default","site-sidebar-style":"default","ast-global-header-display":"","ast-banner-title-visibility":"","ast-main-header-display":"","ast-hfb-above-header-display":"","ast-hfb-below-header-display":"","ast-hfb-mobile-header-display":"","site-post-title":"","ast-breadcrumbs-content":"","ast-featured-img":"","footer-sml-layout":"","ast-disable-related-posts":"","theme-transparent-header-meta":"","adv-header-id-meta":"","stick-header-meta":"","header-above-stick-meta":"","header-main-stick-meta":"","header-below-stick-meta":"","astra-migrate-meta-layouts":"default","ast-page-background-enabled":"default","ast-page-background-meta":{"desktop":{"background-color":"var(--ast-global-color-5)","background-image":"","background-repeat":"repeat","background-position":"center center","background-size":"auto","background-attachment":"scroll","background-type":"","background-media":"","overlay-type":"","overlay-color":"","overlay-opacity":"","overlay-gradient":""},"tablet":{"background-color":"","background-image":"","background-repeat":"repeat","background-position":"center center","background-size":"auto","background-attachment":"scroll","background-type":"","background-media":"","overlay-type":"","overlay-color":"","overlay-opacity":"","overlay-gradient":""},"mobile":{"background-color":"","background-image":"","background-repeat":"repeat","background-position":"center center","background-size":"auto","background-attachment":"scroll","background-type":"","background-media":"","overlay-type":"","overlay-color":"","overlay-opacity":"","overlay-gradient":""}},"ast-content-background-meta":{"desktop":{"background-color":"var(--ast-global-color-4)","background-image":"","background-repeat":"repeat","background-position":"center center","background-size":"auto","background-attachment":"scroll","background-type":"","background-media":"","overlay-type":"","overlay-color":"","overlay-opacity":"","overlay-gradient":""},"tablet":{"background-color":"var(--ast-global-color-4)","background-image":"","background-repeat":"repeat","background-position":"center center","background-size":"auto","background-attachment":"scroll","background-type":"","background-media":"","overlay-type":"","overlay-color":"","overlay-opacity":"","overlay-gradient":""},"mobile":{"background-color":"var(--ast-global-color-4)","background-image":"","background-repeat":"repeat","background-position":"center center","background-size":"auto","background-attachment":"scroll","background-type":"","background-media":"","overlay-type":"","overlay-color":"","overlay-opacity":"","overlay-gradient":""}},"footnotes":""},"categories":[1],"tags":[],"class_list":["post-51852","post","type-post","status-publish","format-standard","hentry","category-sem-categoria"],"yoast_head":"<!-- This site is optimized with the Yoast SEO plugin v26.6 - https:\/\/yoast.com\/wordpress\/plugins\/seo\/ -->\n<title>Viatura da PM capota na Avenida dos Portugueses - Daniel Matos<\/title>\n<meta name=\"robots\" content=\"index, follow, max-snippet:-1, max-image-preview:large, max-video-preview:-1\" \/>\n<link rel=\"canonical\" href=\"https:\/\/www.blogsoestado.com\/danielmatos\/viatura-da-pm-capota-na-avenida-dos-portugueses\/\" \/>\n<meta property=\"og:locale\" content=\"pt_BR\" \/>\n<meta property=\"og:type\" content=\"article\" \/>\n<meta property=\"og:title\" content=\"Viatura da PM capota na Avenida dos Portugueses - Daniel Matos\" \/>\n<meta property=\"og:description\" content=\"&nbsp; Uma viatura da Pol\u00edcia Militar do Maranh\u00e3o capotou, na noite de ontem (30), na Avenda dos Poertugueses, nas imedia\u00e7\u00f5es [&hellip;]\" \/>\n<meta property=\"og:url\" content=\"https:\/\/www.blogsoestado.com\/danielmatos\/viatura-da-pm-capota-na-avenida-dos-portugueses\/\" \/>\n<meta property=\"og:site_name\" content=\"Daniel Matos\" \/>\n<meta property=\"article:published_time\" content=\"2018-05-31T14:10:07+00:00\" \/>\n<meta property=\"og:image\" content=\"https:\/\/www.blogsoestado.com\/danielmatos\/files\/2018\/05\/IMG-20180530-WA0025.jpg\" \/>\n<meta name=\"twitter:card\" content=\"summary_large_image\" \/>\n<meta name=\"twitter:label1\" content=\"Est. tempo de leitura\" \/>\n\t<meta name=\"twitter:data1\" content=\"1 minuto\" \/>\n<script type=\"application\/ld+json\" class=\"yoast-schema-graph\">{\"@context\":\"https:\/\/schema.org\",\"@graph\":[{\"@type\":\"WebPage\",\"@id\":\"https:\/\/www.blogsoestado.com\/danielmatos\/viatura-da-pm-capota-na-avenida-dos-portugueses\/\",\"url\":\"https:\/\/www.blogsoestado.com\/danielmatos\/viatura-da-pm-capota-na-avenida-dos-portugueses\/\",\"name\":\"Viatura da PM capota na Avenida dos Portugueses - Daniel Matos\",\"isPartOf\":{\"@id\":\"https:\/\/www.blogsoestado.com\/danielmatos\/#website\"},\"primaryImageOfPage\":{\"@id\":\"https:\/\/www.blogsoestado.com\/danielmatos\/viatura-da-pm-capota-na-avenida-dos-portugueses\/#primaryimage\"},\"image\":{\"@id\":\"https:\/\/www.blogsoestado.com\/danielmatos\/viatura-da-pm-capota-na-avenida-dos-portugueses\/#primaryimage\"},\"thumbnailUrl\":\"https:\/\/www.blogsoestado.com\/danielmatos\/files\/2018\/05\/IMG-20180530-WA0025.jpg\",\"datePublished\":\"2018-05-31T14:10:07+00:00\",\"author\":{\"@id\":\"\"},\"breadcrumb\":{\"@id\":\"https:\/\/www.blogsoestado.com\/danielmatos\/viatura-da-pm-capota-na-avenida-dos-portugueses\/#breadcrumb\"},\"inLanguage\":\"pt-BR\",\"potentialAction\":[{\"@type\":\"ReadAction\",\"target\":[\"https:\/\/www.blogsoestado.com\/danielmatos\/viatura-da-pm-capota-na-avenida-dos-portugueses\/\"]}]},{\"@type\":\"ImageObject\",\"inLanguage\":\"pt-BR\",\"@id\":\"https:\/\/www.blogsoestado.com\/danielmatos\/viatura-da-pm-capota-na-avenida-dos-portugueses\/#primaryimage\",\"url\":\"https:\/\/www.blogsoestado.com\/danielmatos\/files\/2018\/05\/IMG-20180530-WA0025.jpg\",\"contentUrl\":\"https:\/\/www.blogsoestado.com\/danielmatos\/files\/2018\/05\/IMG-20180530-WA0025.jpg\"},{\"@type\":\"BreadcrumbList\",\"@id\":\"https:\/\/www.blogsoestado.com\/danielmatos\/viatura-da-pm-capota-na-avenida-dos-portugueses\/#breadcrumb\",\"itemListElement\":[{\"@type\":\"ListItem\",\"position\":1,\"name\":\"In\u00edcio\",\"item\":\"https:\/\/www.blogsoestado.com\/danielmatos\/\"},{\"@type\":\"ListItem\",\"position\":2,\"name\":\"Viatura da PM capota na Avenida dos Portugueses\"}]},{\"@type\":\"WebSite\",\"@id\":\"https:\/\/www.blogsoestado.com\/danielmatos\/#website\",\"url\":\"https:\/\/www.blogsoestado.com\/danielmatos\/\",\"name\":\"Daniel Matos\",\"description\":\"\",\"potentialAction\":[{\"@type\":\"SearchAction\",\"target\":{\"@type\":\"EntryPoint\",\"urlTemplate\":\"https:\/\/www.blogsoestado.com\/danielmatos\/?s={search_term_string}\"},\"query-input\":{\"@type\":\"PropertyValueSpecification\",\"valueRequired\":true,\"valueName\":\"search_term_string\"}}],\"inLanguage\":\"pt-BR\"}]}<\/script>\n<!-- \/ Yoast SEO plugin. -->","yoast_head_json":{"title":"Viatura da PM capota na Avenida dos Portugueses - Daniel Matos","robots":{"index":"index","follow":"follow","max-snippet":"max-snippet:-1","max-image-preview":"max-image-preview:large","max-video-preview":"max-video-preview:-1"},"canonical":"https:\/\/www.blogsoestado.com\/danielmatos\/viatura-da-pm-capota-na-avenida-dos-portugueses\/","og_locale":"pt_BR","og_type":"article","og_title":"Viatura da PM capota na Avenida dos Portugueses - Daniel Matos","og_description":"&nbsp; Uma viatura da Pol\u00edcia Militar do Maranh\u00e3o capotou, na noite de ontem (30), na Avenda dos Poertugueses, nas imedia\u00e7\u00f5es [&hellip;]","og_url":"https:\/\/www.blogsoestado.com\/danielmatos\/viatura-da-pm-capota-na-avenida-dos-portugueses\/","og_site_name":"Daniel Matos","article_published_time":"2018-05-31T14:10:07+00:00","og_image":[{"url":"https:\/\/www.blogsoestado.com\/danielmatos\/files\/2018\/05\/IMG-20180530-WA0025.jpg","type":"","width":"","height":""}],"twitter_card":"summary_large_image","twitter_misc":{"Est. tempo de leitura":"1 minuto"},"schema":{"@context":"https:\/\/schema.org","@graph":[{"@type":"WebPage","@id":"https:\/\/www.blogsoestado.com\/danielmatos\/viatura-da-pm-capota-na-avenida-dos-portugueses\/","url":"https:\/\/www.blogsoestado.com\/danielmatos\/viatura-da-pm-capota-na-avenida-dos-portugueses\/","name":"Viatura da PM capota na Avenida dos Portugueses - Daniel Matos","isPartOf":{"@id":"https:\/\/www.blogsoestado.com\/danielmatos\/#website"},"primaryImageOfPage":{"@id":"https:\/\/www.blogsoestado.com\/danielmatos\/viatura-da-pm-capota-na-avenida-dos-portugueses\/#primaryimage"},"image":{"@id":"https:\/\/www.blogsoestado.com\/danielmatos\/viatura-da-pm-capota-na-avenida-dos-portugueses\/#primaryimage"},"thumbnailUrl":"https:\/\/www.blogsoestado.com\/danielmatos\/files\/2018\/05\/IMG-20180530-WA0025.jpg","datePublished":"2018-05-31T14:10:07+00:00","author":{"@id":""},"breadcrumb":{"@id":"https:\/\/www.blogsoestado.com\/danielmatos\/viatura-da-pm-capota-na-avenida-dos-portugueses\/#breadcrumb"},"inLanguage":"pt-BR","potentialAction":[{"@type":"ReadAction","target":["https:\/\/www.blogsoestado.com\/danielmatos\/viatura-da-pm-capota-na-avenida-dos-portugueses\/"]}]},{"@type":"ImageObject","inLanguage":"pt-BR","@id":"https:\/\/www.blogsoestado.com\/danielmatos\/viatura-da-pm-capota-na-avenida-dos-portugueses\/#primaryimage","url":"https:\/\/www.blogsoestado.com\/danielmatos\/files\/2018\/05\/IMG-20180530-WA0025.jpg","contentUrl":"https:\/\/www.blogsoestado.com\/danielmatos\/files\/2018\/05\/IMG-20180530-WA0025.jpg"},{"@type":"BreadcrumbList","@id":"https:\/\/www.blogsoestado.com\/danielmatos\/viatura-da-pm-capota-na-avenida-dos-portugueses\/#breadcrumb","itemListElement":[{"@type":"ListItem","position":1,"name":"In\u00edcio","item":"https:\/\/www.blogsoestado.com\/danielmatos\/"},{"@type":"ListItem","position":2,"name":"Viatura da PM capota na Avenida dos Portugueses"}]},{"@type":"WebSite","@id":"https:\/\/www.blogsoestado.com\/danielmatos\/#website","url":"https:\/\/www.blogsoestado.com\/danielmatos\/","name":"Daniel Matos","description":"","potentialAction":[{"@type":"SearchAction","target":{"@type":"EntryPoint","urlTemplate":"https:\/\/www.blogsoestado.com\/danielmatos\/?s={search_term_string}"},"query-input":{"@type":"PropertyValueSpecification","valueRequired":true,"valueName":"search_term_string"}}],"inLanguage":"pt-BR"}]}},"jetpack_featured_media_url":"","_links":{"self":[{"href":"https:\/\/www.blogsoestado.com\/danielmatos\/wp-json\/wp\/v2\/posts\/51852","targetHints":{"allow":["GET"]}}],"collection":[{"href":"https:\/\/www.blogsoestado.com\/danielmatos\/wp-json\/wp\/v2\/posts"}],"about":[{"href":"https:\/\/www.blogsoestado.com\/danielmatos\/wp-json\/wp\/v2\/types\/post"}],"replies":[{"embeddable":true,"href":"https:\/\/www.blogsoestado.com\/danielmatos\/wp-json\/wp\/v2\/comments?post=51852"}],"version-history":[{"count":0,"href":"https:\/\/www.blogsoestado.com\/danielmatos\/wp-json\/wp\/v2\/posts\/51852\/revisions"}],"wp:attachment":[{"href":"https:\/\/www.blogsoestado.com\/danielmatos\/wp-json\/wp\/v2\/media?parent=51852"}],"wp:term":[{"taxonomy":"category","embeddable":true,"href":"https:\/\/www.blogsoestado.com\/danielmatos\/wp-json\/wp\/v2\/categories?post=51852"},{"taxonomy":"post_tag","embeddable":true,"href":"https:\/\/www.blogsoestado.com\/danielmatos\/wp-json\/wp\/v2\/tags?post=51852"}],"curies":[{"name":"wp","href":"https:\/\/api.w.org\/{rel}","templated":true}]}}