{"id":51856,"date":"2018-06-01T07:35:00","date_gmt":"2018-06-01T10:35:00","guid":{"rendered":"https:\/\/www.blogsoestado.com\/danielmatos\/?p=51856"},"modified":"2018-06-01T07:35:00","modified_gmt":"2018-06-01T10:35:00","slug":"com-entrada-gratuita-arraial-pertinho-de-voce-abre-terceira-edicao-nesta-sexta","status":"publish","type":"post","link":"https:\/\/www.blogsoestado.com\/danielmatos\/com-entrada-gratuita-arraial-pertinho-de-voce-abre-terceira-edicao-nesta-sexta\/","title":{"rendered":"Com entrada gratuita, Arraial &#8220;Pertinho de Voc\u00ea&#8221; abre terceira edi\u00e7\u00e3o nesta sexta"},"content":{"rendered":"<h2><span style=\"color: #ff0000;\">Show de Lim\u00e3o com Mel est\u00e1 entre as atra\u00e7\u00f5es gr\u00e1tis da semana no evento que inaugura a temporada junina em S\u00e3o Lu\u00eds<\/span><\/h2>\n<p><img fetchpriority=\"high\" decoding=\"async\" class=\"aligncenter wp-image-51857\" src=\"https:\/\/www.blogsoestado.com\/danielmatos\/files\/2018\/06\/IMG-20180601-WA0001.jpg\" alt=\"\" width=\"650\" height=\"836\" \/><\/p>\n<p><strong>S\u00c3O<\/strong> <strong>LU\u00cdS:<\/strong> Para quem est\u00e1 contando os dias para chegada das festas juninas, uma pr\u00e9via dos festejos abre a programa\u00e7\u00e3o estadual da mais nordestina comemora\u00e7\u00e3o do calend\u00e1rio nacional. Trata-se do Arraial &#8220;Pertinho de Voc\u00ea&#8221;, localizado ao lado da casa de show Batuque Brasil, na Cohama, e abre nesta sexta-feira (1\u00ba\/6), a temporada junina em S\u00e3o Lu\u00eds, contando com apresenta\u00e7\u00f5es art\u00edsticas e do show de forr\u00f3 com a banda Lim\u00e3o com Mel, tudo para transformar a abertura do espet\u00e1culo, em uma noite caracter\u00edstica da festa que se aproxima.<\/p>\n<p>O evento que \u00e9 aberto ao p\u00fablico, ocupar\u00e1 uma grande \u00e1rea para abrigar um grande p\u00fablico. Al\u00e9m disso, o espa\u00e7o cenogr\u00e1fico, decorado com uma variedade de cores e itens tradicionais, transformar\u00e1 o local em uma aconchegante cidade do interior, com tudo que tem direito, inclusive comidas t\u00edpicas da rica culin\u00e1ria maranhense. O espa\u00e7o de ambiente com muito bom gosto, contar\u00e1 com estrutura de palco, ilumina\u00e7\u00e3o e seguran\u00e7a. A festan\u00e7a come\u00e7a a partir das 21h.<\/p>\n<p>Al\u00e9m do show com a banda Lim\u00e3o com Mel, o evento ter\u00e1 ainda a apresenta\u00e7\u00e3o do cantor C\u00e9sar Martins e v\u00e1rias atra\u00e7\u00f5es locais. Em sua 3\u00aa edi\u00e7\u00e3o, o Arraial &#8220;Pertinho de Voc\u00ea&#8221; que vai at\u00e9 o dia 1\u00ba de julho, tem a coordena\u00e7\u00e3o e organiza\u00e7\u00e3o do presidente da C\u00e2mara de S\u00e3o Lu\u00eds, Astro de Ogum, com apoio cultural do Governo do Estado do Maranh\u00e3o e da Prefeitura municipal de S\u00e3o Lu\u00eds.<\/p>\n<p><strong>SERVI\u00c7O<\/strong>:<\/p>\n<p>O qu\u00ea? Arraial Pertinho de Voc\u00ea<br \/>\nQuando? de 01\/06 a 01\/07\/2018<br \/>\nHor\u00e1rio: 21h<br \/>\nEntrada: Gratuita<br \/>\nOnde? Cohama, ao lado da Batuque Brasil.<\/p>\n","protected":false},"excerpt":{"rendered":"<p>Show de Lim\u00e3o com Mel est\u00e1 entre as atra\u00e7\u00f5es gr\u00e1tis da semana no evento que inaugura a temporada junina em [&hellip;]<\/p>\n","protected":false},"author":0,"featured_media":0,"comment_status":"open","ping_status":"open","sticky":false,"template":"","format":"standard","meta":{"site-sidebar-layout":"default","site-content-layout":"","ast-site-content-layout":"default","site-content-style":"default","site-sidebar-style":"default","ast-global-header-display":"","ast-banner-title-visibility":"","ast-main-header-display":"","ast-hfb-above-header-display":"","ast-hfb-below-header-display":"","ast-hfb-mobile-header-display":"","site-post-title":"","ast-breadcrumbs-content":"","ast-featured-img":"","footer-sml-layout":"","ast-disable-related-posts":"","theme-transparent-header-meta":"","adv-header-id-meta":"","stick-header-meta":"","header-above-stick-meta":"","header-main-stick-meta":"","header-below-stick-meta":"","astra-migrate-meta-layouts":"default","ast-page-background-enabled":"default","ast-page-background-meta":{"desktop":{"background-color":"var(--ast-global-color-5)","background-image":"","background-repeat":"repeat","background-position":"center center","background-size":"auto","background-attachment":"scroll","background-type":"","background-media":"","overlay-type":"","overlay-color":"","overlay-opacity":"","overlay-gradient":""},"tablet":{"background-color":"","background-image":"","background-repeat":"repeat","background-position":"center center","background-size":"auto","background-attachment":"scroll","background-type":"","background-media":"","overlay-type":"","overlay-color":"","overlay-opacity":"","overlay-gradient":""},"mobile":{"background-color":"","background-image":"","background-repeat":"repeat","background-position":"center center","background-size":"auto","background-attachment":"scroll","background-type":"","background-media":"","overlay-type":"","overlay-color":"","overlay-opacity":"","overlay-gradient":""}},"ast-content-background-meta":{"desktop":{"background-color":"var(--ast-global-color-4)","background-image":"","background-repeat":"repeat","background-position":"center center","background-size":"auto","background-attachment":"scroll","background-type":"","background-media":"","overlay-type":"","overlay-color":"","overlay-opacity":"","overlay-gradient":""},"tablet":{"background-color":"var(--ast-global-color-4)","background-image":"","background-repeat":"repeat","background-position":"center center","background-size":"auto","background-attachment":"scroll","background-type":"","background-media":"","overlay-type":"","overlay-color":"","overlay-opacity":"","overlay-gradient":""},"mobile":{"background-color":"var(--ast-global-color-4)","background-image":"","background-repeat":"repeat","background-position":"center center","background-size":"auto","background-attachment":"scroll","background-type":"","background-media":"","overlay-type":"","overlay-color":"","overlay-opacity":"","overlay-gradient":""}},"footnotes":""},"categories":[1],"tags":[],"class_list":["post-51856","post","type-post","status-publish","format-standard","hentry","category-sem-categoria"],"yoast_head":"<!-- This site is optimized with the Yoast SEO plugin v26.6 - https:\/\/yoast.com\/wordpress\/plugins\/seo\/ -->\n<title>Com entrada gratuita, Arraial &quot;Pertinho de Voc\u00ea&quot; abre terceira edi\u00e7\u00e3o nesta sexta - Daniel Matos<\/title>\n<meta name=\"robots\" content=\"index, follow, max-snippet:-1, max-image-preview:large, max-video-preview:-1\" \/>\n<link rel=\"canonical\" href=\"https:\/\/www.blogsoestado.com\/danielmatos\/com-entrada-gratuita-arraial-pertinho-de-voce-abre-terceira-edicao-nesta-sexta\/\" \/>\n<meta property=\"og:locale\" content=\"pt_BR\" \/>\n<meta property=\"og:type\" content=\"article\" \/>\n<meta property=\"og:title\" content=\"Com entrada gratuita, Arraial &quot;Pertinho de Voc\u00ea&quot; abre terceira edi\u00e7\u00e3o nesta sexta - Daniel Matos\" \/>\n<meta property=\"og:description\" content=\"Show de Lim\u00e3o com Mel est\u00e1 entre as atra\u00e7\u00f5es gr\u00e1tis da semana no evento que inaugura a temporada junina em [&hellip;]\" \/>\n<meta property=\"og:url\" content=\"https:\/\/www.blogsoestado.com\/danielmatos\/com-entrada-gratuita-arraial-pertinho-de-voce-abre-terceira-edicao-nesta-sexta\/\" \/>\n<meta property=\"og:site_name\" content=\"Daniel Matos\" \/>\n<meta property=\"article:published_time\" content=\"2018-06-01T10:35:00+00:00\" \/>\n<meta property=\"og:image\" content=\"https:\/\/www.blogsoestado.com\/danielmatos\/files\/2018\/06\/IMG-20180601-WA0001.jpg\" \/>\n<meta name=\"twitter:card\" content=\"summary_large_image\" \/>\n<meta name=\"twitter:label1\" content=\"Est. tempo de leitura\" \/>\n\t<meta name=\"twitter:data1\" content=\"2 minutos\" \/>\n<script type=\"application\/ld+json\" class=\"yoast-schema-graph\">{\"@context\":\"https:\/\/schema.org\",\"@graph\":[{\"@type\":\"WebPage\",\"@id\":\"https:\/\/www.blogsoestado.com\/danielmatos\/com-entrada-gratuita-arraial-pertinho-de-voce-abre-terceira-edicao-nesta-sexta\/\",\"url\":\"https:\/\/www.blogsoestado.com\/danielmatos\/com-entrada-gratuita-arraial-pertinho-de-voce-abre-terceira-edicao-nesta-sexta\/\",\"name\":\"Com entrada gratuita, Arraial \\\"Pertinho de Voc\u00ea\\\" abre terceira edi\u00e7\u00e3o nesta sexta - Daniel Matos\",\"isPartOf\":{\"@id\":\"https:\/\/www.blogsoestado.com\/danielmatos\/#website\"},\"primaryImageOfPage\":{\"@id\":\"https:\/\/www.blogsoestado.com\/danielmatos\/com-entrada-gratuita-arraial-pertinho-de-voce-abre-terceira-edicao-nesta-sexta\/#primaryimage\"},\"image\":{\"@id\":\"https:\/\/www.blogsoestado.com\/danielmatos\/com-entrada-gratuita-arraial-pertinho-de-voce-abre-terceira-edicao-nesta-sexta\/#primaryimage\"},\"thumbnailUrl\":\"https:\/\/www.blogsoestado.com\/danielmatos\/files\/2018\/06\/IMG-20180601-WA0001.jpg\",\"datePublished\":\"2018-06-01T10:35:00+00:00\",\"author\":{\"@id\":\"\"},\"breadcrumb\":{\"@id\":\"https:\/\/www.blogsoestado.com\/danielmatos\/com-entrada-gratuita-arraial-pertinho-de-voce-abre-terceira-edicao-nesta-sexta\/#breadcrumb\"},\"inLanguage\":\"pt-BR\",\"potentialAction\":[{\"@type\":\"ReadAction\",\"target\":[\"https:\/\/www.blogsoestado.com\/danielmatos\/com-entrada-gratuita-arraial-pertinho-de-voce-abre-terceira-edicao-nesta-sexta\/\"]}]},{\"@type\":\"ImageObject\",\"inLanguage\":\"pt-BR\",\"@id\":\"https:\/\/www.blogsoestado.com\/danielmatos\/com-entrada-gratuita-arraial-pertinho-de-voce-abre-terceira-edicao-nesta-sexta\/#primaryimage\",\"url\":\"https:\/\/www.blogsoestado.com\/danielmatos\/files\/2018\/06\/IMG-20180601-WA0001.jpg\",\"contentUrl\":\"https:\/\/www.blogsoestado.com\/danielmatos\/files\/2018\/06\/IMG-20180601-WA0001.jpg\"},{\"@type\":\"BreadcrumbList\",\"@id\":\"https:\/\/www.blogsoestado.com\/danielmatos\/com-entrada-gratuita-arraial-pertinho-de-voce-abre-terceira-edicao-nesta-sexta\/#breadcrumb\",\"itemListElement\":[{\"@type\":\"ListItem\",\"position\":1,\"name\":\"In\u00edcio\",\"item\":\"https:\/\/www.blogsoestado.com\/danielmatos\/\"},{\"@type\":\"ListItem\",\"position\":2,\"name\":\"Com entrada gratuita, Arraial &#8220;Pertinho de Voc\u00ea&#8221; abre terceira edi\u00e7\u00e3o nesta sexta\"}]},{\"@type\":\"WebSite\",\"@id\":\"https:\/\/www.blogsoestado.com\/danielmatos\/#website\",\"url\":\"https:\/\/www.blogsoestado.com\/danielmatos\/\",\"name\":\"Daniel Matos\",\"description\":\"\",\"potentialAction\":[{\"@type\":\"SearchAction\",\"target\":{\"@type\":\"EntryPoint\",\"urlTemplate\":\"https:\/\/www.blogsoestado.com\/danielmatos\/?s={search_term_string}\"},\"query-input\":{\"@type\":\"PropertyValueSpecification\",\"valueRequired\":true,\"valueName\":\"search_term_string\"}}],\"inLanguage\":\"pt-BR\"}]}<\/script>\n<!-- \/ Yoast SEO plugin. -->","yoast_head_json":{"title":"Com entrada gratuita, Arraial \"Pertinho de Voc\u00ea\" abre terceira edi\u00e7\u00e3o nesta sexta - Daniel Matos","robots":{"index":"index","follow":"follow","max-snippet":"max-snippet:-1","max-image-preview":"max-image-preview:large","max-video-preview":"max-video-preview:-1"},"canonical":"https:\/\/www.blogsoestado.com\/danielmatos\/com-entrada-gratuita-arraial-pertinho-de-voce-abre-terceira-edicao-nesta-sexta\/","og_locale":"pt_BR","og_type":"article","og_title":"Com entrada gratuita, Arraial \"Pertinho de Voc\u00ea\" abre terceira edi\u00e7\u00e3o nesta sexta - Daniel Matos","og_description":"Show de Lim\u00e3o com Mel est\u00e1 entre as atra\u00e7\u00f5es gr\u00e1tis da semana no evento que inaugura a temporada junina em [&hellip;]","og_url":"https:\/\/www.blogsoestado.com\/danielmatos\/com-entrada-gratuita-arraial-pertinho-de-voce-abre-terceira-edicao-nesta-sexta\/","og_site_name":"Daniel Matos","article_published_time":"2018-06-01T10:35:00+00:00","og_image":[{"url":"https:\/\/www.blogsoestado.com\/danielmatos\/files\/2018\/06\/IMG-20180601-WA0001.jpg","type":"","width":"","height":""}],"twitter_card":"summary_large_image","twitter_misc":{"Est. tempo de leitura":"2 minutos"},"schema":{"@context":"https:\/\/schema.org","@graph":[{"@type":"WebPage","@id":"https:\/\/www.blogsoestado.com\/danielmatos\/com-entrada-gratuita-arraial-pertinho-de-voce-abre-terceira-edicao-nesta-sexta\/","url":"https:\/\/www.blogsoestado.com\/danielmatos\/com-entrada-gratuita-arraial-pertinho-de-voce-abre-terceira-edicao-nesta-sexta\/","name":"Com entrada gratuita, Arraial \"Pertinho de Voc\u00ea\" abre terceira edi\u00e7\u00e3o nesta sexta - Daniel Matos","isPartOf":{"@id":"https:\/\/www.blogsoestado.com\/danielmatos\/#website"},"primaryImageOfPage":{"@id":"https:\/\/www.blogsoestado.com\/danielmatos\/com-entrada-gratuita-arraial-pertinho-de-voce-abre-terceira-edicao-nesta-sexta\/#primaryimage"},"image":{"@id":"https:\/\/www.blogsoestado.com\/danielmatos\/com-entrada-gratuita-arraial-pertinho-de-voce-abre-terceira-edicao-nesta-sexta\/#primaryimage"},"thumbnailUrl":"https:\/\/www.blogsoestado.com\/danielmatos\/files\/2018\/06\/IMG-20180601-WA0001.jpg","datePublished":"2018-06-01T10:35:00+00:00","author":{"@id":""},"breadcrumb":{"@id":"https:\/\/www.blogsoestado.com\/danielmatos\/com-entrada-gratuita-arraial-pertinho-de-voce-abre-terceira-edicao-nesta-sexta\/#breadcrumb"},"inLanguage":"pt-BR","potentialAction":[{"@type":"ReadAction","target":["https:\/\/www.blogsoestado.com\/danielmatos\/com-entrada-gratuita-arraial-pertinho-de-voce-abre-terceira-edicao-nesta-sexta\/"]}]},{"@type":"ImageObject","inLanguage":"pt-BR","@id":"https:\/\/www.blogsoestado.com\/danielmatos\/com-entrada-gratuita-arraial-pertinho-de-voce-abre-terceira-edicao-nesta-sexta\/#primaryimage","url":"https:\/\/www.blogsoestado.com\/danielmatos\/files\/2018\/06\/IMG-20180601-WA0001.jpg","contentUrl":"https:\/\/www.blogsoestado.com\/danielmatos\/files\/2018\/06\/IMG-20180601-WA0001.jpg"},{"@type":"BreadcrumbList","@id":"https:\/\/www.blogsoestado.com\/danielmatos\/com-entrada-gratuita-arraial-pertinho-de-voce-abre-terceira-edicao-nesta-sexta\/#breadcrumb","itemListElement":[{"@type":"ListItem","position":1,"name":"In\u00edcio","item":"https:\/\/www.blogsoestado.com\/danielmatos\/"},{"@type":"ListItem","position":2,"name":"Com entrada gratuita, Arraial &#8220;Pertinho de Voc\u00ea&#8221; abre terceira edi\u00e7\u00e3o nesta sexta"}]},{"@type":"WebSite","@id":"https:\/\/www.blogsoestado.com\/danielmatos\/#website","url":"https:\/\/www.blogsoestado.com\/danielmatos\/","name":"Daniel Matos","description":"","potentialAction":[{"@type":"SearchAction","target":{"@type":"EntryPoint","urlTemplate":"https:\/\/www.blogsoestado.com\/danielmatos\/?s={search_term_string}"},"query-input":{"@type":"PropertyValueSpecification","valueRequired":true,"valueName":"search_term_string"}}],"inLanguage":"pt-BR"}]}},"jetpack_featured_media_url":"","_links":{"self":[{"href":"https:\/\/www.blogsoestado.com\/danielmatos\/wp-json\/wp\/v2\/posts\/51856","targetHints":{"allow":["GET"]}}],"collection":[{"href":"https:\/\/www.blogsoestado.com\/danielmatos\/wp-json\/wp\/v2\/posts"}],"about":[{"href":"https:\/\/www.blogsoestado.com\/danielmatos\/wp-json\/wp\/v2\/types\/post"}],"replies":[{"embeddable":true,"href":"https:\/\/www.blogsoestado.com\/danielmatos\/wp-json\/wp\/v2\/comments?post=51856"}],"version-history":[{"count":0,"href":"https:\/\/www.blogsoestado.com\/danielmatos\/wp-json\/wp\/v2\/posts\/51856\/revisions"}],"wp:attachment":[{"href":"https:\/\/www.blogsoestado.com\/danielmatos\/wp-json\/wp\/v2\/media?parent=51856"}],"wp:term":[{"taxonomy":"category","embeddable":true,"href":"https:\/\/www.blogsoestado.com\/danielmatos\/wp-json\/wp\/v2\/categories?post=51856"},{"taxonomy":"post_tag","embeddable":true,"href":"https:\/\/www.blogsoestado.com\/danielmatos\/wp-json\/wp\/v2\/tags?post=51856"}],"curies":[{"name":"wp","href":"https:\/\/api.w.org\/{rel}","templated":true}]}}