{"id":51859,"date":"2018-06-01T09:52:50","date_gmt":"2018-06-01T12:52:50","guid":{"rendered":"https:\/\/www.blogsoestado.com\/danielmatos\/?p=51859"},"modified":"2018-06-01T09:52:50","modified_gmt":"2018-06-01T12:52:50","slug":"rio-anil-shopping-da-largada-para-o-sao-joao","status":"publish","type":"post","link":"https:\/\/www.blogsoestado.com\/danielmatos\/rio-anil-shopping-da-largada-para-o-sao-joao\/","title":{"rendered":"Rio Anil Shopping d\u00e1 a largada para o S\u00e3o Jo\u00e3o"},"content":{"rendered":"<p><img fetchpriority=\"high\" decoding=\"async\" class=\"alignright size-full wp-image-51860\" src=\"https:\/\/www.blogsoestado.com\/danielmatos\/files\/2018\/06\/rio-anil-sj.jpg\" alt=\"\" width=\"497\" height=\"270\" \/>A pra\u00e7a de eventos do Rio Anil ser\u00e1 o palco das melhores atra\u00e7\u00f5es juninas e de muitas brincadeiras, com premia\u00e7\u00f5es que prometem envolver o p\u00fablico. A festa come\u00e7ar\u00e1 no s\u00e1bado, 02, e s\u00f3 se encerrar\u00e1 no dia 16 de junho. A cada dia, a festa ter\u00e1 in\u00edcio sempre \u00e0s 16h, com m\u00fasicas juninas no palco principal, diversas apresenta\u00e7\u00f5es culturais e folcl\u00f3ricas, com a participa\u00e7\u00e3o de v\u00e1rias escolas de S\u00e3o Lu\u00eds, brincadeiras e as atra\u00e7\u00f5es mais requisitadas e renomadas da temporada junina.<\/p>\n<p><strong>Atra\u00e7\u00f5es<\/strong><\/p>\n<p>Ao todo, 30 grupos folcl\u00f3ricos v\u00e3o animar e encantar o p\u00fablico do Rio Anil, durante 15 dias de festa, sendo dois por noite, al\u00e9m das atra\u00e7\u00f5es que s\u00e3o surpresas.<\/p>\n<p><strong>Novidades<\/strong><\/p>\n<p>Este ano, o Arraial do Rio Anil traz novidades. Uma delas \u00e9 o \u201cCompre e Ganhe\u201d, com a distribui\u00e7\u00e3o de paper toys \u2013 brinquedos colecion\u00e1veis de papel, feitos por designers e artistas \u2013 personalizados com o tema da festa. A cada R$150 em compras, os clientes ganhar\u00e3o um paper toy inspirado na lenda do Bumba-Boi do Maranh\u00e3o<strong>.<\/strong><\/p>\n<p><strong>PROGRAMA\u00c7\u00c3O &#8211; PRIMEIRO FIM DE SEMANA<\/strong><\/p>\n<p><strong>2\/6 \u2013 S\u00e1bado<\/strong><\/p>\n<p>16h \u2013 M\u00fasicas juninas<br \/>\n17h \u2013 Banda do Bom Menino<br \/>\n18h \u2013 Atividades recreativas com Glaydson Botelho<br \/>\n19h \u2013 Quadrilha Mulata Bonita<br \/>\n20h \u2013 Boi de Axix\u00e1<\/p>\n<p><strong>3\/6 \u2013 Domingo<\/strong><\/p>\n<p>16h \u2013 M\u00fasicas juninas<br \/>\n17h \u2013 Quadrilha Esfarrapados<br \/>\n18h \u2013 Dan\u00e7a Portuguesa Arte e Beleza de Portugal<br \/>\n19h \u2013 Boi de Nina Rodrigues<\/p>\n","protected":false},"excerpt":{"rendered":"<p>A pra\u00e7a de eventos do Rio Anil ser\u00e1 o palco das melhores atra\u00e7\u00f5es juninas e de muitas brincadeiras, com premia\u00e7\u00f5es [&hellip;]<\/p>\n","protected":false},"author":0,"featured_media":0,"comment_status":"open","ping_status":"open","sticky":false,"template":"","format":"standard","meta":{"site-sidebar-layout":"default","site-content-layout":"","ast-site-content-layout":"default","site-content-style":"default","site-sidebar-style":"default","ast-global-header-display":"","ast-banner-title-visibility":"","ast-main-header-display":"","ast-hfb-above-header-display":"","ast-hfb-below-header-display":"","ast-hfb-mobile-header-display":"","site-post-title":"","ast-breadcrumbs-content":"","ast-featured-img":"","footer-sml-layout":"","ast-disable-related-posts":"","theme-transparent-header-meta":"","adv-header-id-meta":"","stick-header-meta":"","header-above-stick-meta":"","header-main-stick-meta":"","header-below-stick-meta":"","astra-migrate-meta-layouts":"default","ast-page-background-enabled":"default","ast-page-background-meta":{"desktop":{"background-color":"var(--ast-global-color-5)","background-image":"","background-repeat":"repeat","background-position":"center center","background-size":"auto","background-attachment":"scroll","background-type":"","background-media":"","overlay-type":"","overlay-color":"","overlay-opacity":"","overlay-gradient":""},"tablet":{"background-color":"","background-image":"","background-repeat":"repeat","background-position":"center center","background-size":"auto","background-attachment":"scroll","background-type":"","background-media":"","overlay-type":"","overlay-color":"","overlay-opacity":"","overlay-gradient":""},"mobile":{"background-color":"","background-image":"","background-repeat":"repeat","background-position":"center center","background-size":"auto","background-attachment":"scroll","background-type":"","background-media":"","overlay-type":"","overlay-color":"","overlay-opacity":"","overlay-gradient":""}},"ast-content-background-meta":{"desktop":{"background-color":"var(--ast-global-color-4)","background-image":"","background-repeat":"repeat","background-position":"center center","background-size":"auto","background-attachment":"scroll","background-type":"","background-media":"","overlay-type":"","overlay-color":"","overlay-opacity":"","overlay-gradient":""},"tablet":{"background-color":"var(--ast-global-color-4)","background-image":"","background-repeat":"repeat","background-position":"center center","background-size":"auto","background-attachment":"scroll","background-type":"","background-media":"","overlay-type":"","overlay-color":"","overlay-opacity":"","overlay-gradient":""},"mobile":{"background-color":"var(--ast-global-color-4)","background-image":"","background-repeat":"repeat","background-position":"center center","background-size":"auto","background-attachment":"scroll","background-type":"","background-media":"","overlay-type":"","overlay-color":"","overlay-opacity":"","overlay-gradient":""}},"footnotes":""},"categories":[1],"tags":[],"class_list":["post-51859","post","type-post","status-publish","format-standard","hentry","category-sem-categoria"],"yoast_head":"<!-- This site is optimized with the Yoast SEO plugin v26.6 - https:\/\/yoast.com\/wordpress\/plugins\/seo\/ -->\n<title>Rio Anil Shopping d\u00e1 a largada para o S\u00e3o Jo\u00e3o - Daniel Matos<\/title>\n<meta name=\"robots\" content=\"index, follow, max-snippet:-1, max-image-preview:large, max-video-preview:-1\" \/>\n<link rel=\"canonical\" href=\"https:\/\/www.blogsoestado.com\/danielmatos\/rio-anil-shopping-da-largada-para-o-sao-joao\/\" \/>\n<meta property=\"og:locale\" content=\"pt_BR\" \/>\n<meta property=\"og:type\" content=\"article\" \/>\n<meta property=\"og:title\" content=\"Rio Anil Shopping d\u00e1 a largada para o S\u00e3o Jo\u00e3o - Daniel Matos\" \/>\n<meta property=\"og:description\" content=\"A pra\u00e7a de eventos do Rio Anil ser\u00e1 o palco das melhores atra\u00e7\u00f5es juninas e de muitas brincadeiras, com premia\u00e7\u00f5es [&hellip;]\" \/>\n<meta property=\"og:url\" content=\"https:\/\/www.blogsoestado.com\/danielmatos\/rio-anil-shopping-da-largada-para-o-sao-joao\/\" \/>\n<meta property=\"og:site_name\" content=\"Daniel Matos\" \/>\n<meta property=\"article:published_time\" content=\"2018-06-01T12:52:50+00:00\" \/>\n<meta property=\"og:image\" content=\"https:\/\/www.blogsoestado.com\/danielmatos\/files\/2018\/06\/rio-anil-sj.jpg\" \/>\n<meta name=\"twitter:card\" content=\"summary_large_image\" \/>\n<meta name=\"twitter:label1\" content=\"Est. tempo de leitura\" \/>\n\t<meta name=\"twitter:data1\" content=\"1 minuto\" \/>\n<script type=\"application\/ld+json\" class=\"yoast-schema-graph\">{\"@context\":\"https:\/\/schema.org\",\"@graph\":[{\"@type\":\"WebPage\",\"@id\":\"https:\/\/www.blogsoestado.com\/danielmatos\/rio-anil-shopping-da-largada-para-o-sao-joao\/\",\"url\":\"https:\/\/www.blogsoestado.com\/danielmatos\/rio-anil-shopping-da-largada-para-o-sao-joao\/\",\"name\":\"Rio Anil Shopping d\u00e1 a largada para o S\u00e3o Jo\u00e3o - Daniel Matos\",\"isPartOf\":{\"@id\":\"https:\/\/www.blogsoestado.com\/danielmatos\/#website\"},\"primaryImageOfPage\":{\"@id\":\"https:\/\/www.blogsoestado.com\/danielmatos\/rio-anil-shopping-da-largada-para-o-sao-joao\/#primaryimage\"},\"image\":{\"@id\":\"https:\/\/www.blogsoestado.com\/danielmatos\/rio-anil-shopping-da-largada-para-o-sao-joao\/#primaryimage\"},\"thumbnailUrl\":\"https:\/\/www.blogsoestado.com\/danielmatos\/files\/2018\/06\/rio-anil-sj.jpg\",\"datePublished\":\"2018-06-01T12:52:50+00:00\",\"author\":{\"@id\":\"\"},\"breadcrumb\":{\"@id\":\"https:\/\/www.blogsoestado.com\/danielmatos\/rio-anil-shopping-da-largada-para-o-sao-joao\/#breadcrumb\"},\"inLanguage\":\"pt-BR\",\"potentialAction\":[{\"@type\":\"ReadAction\",\"target\":[\"https:\/\/www.blogsoestado.com\/danielmatos\/rio-anil-shopping-da-largada-para-o-sao-joao\/\"]}]},{\"@type\":\"ImageObject\",\"inLanguage\":\"pt-BR\",\"@id\":\"https:\/\/www.blogsoestado.com\/danielmatos\/rio-anil-shopping-da-largada-para-o-sao-joao\/#primaryimage\",\"url\":\"https:\/\/www.blogsoestado.com\/danielmatos\/files\/2018\/06\/rio-anil-sj.jpg\",\"contentUrl\":\"https:\/\/www.blogsoestado.com\/danielmatos\/files\/2018\/06\/rio-anil-sj.jpg\"},{\"@type\":\"BreadcrumbList\",\"@id\":\"https:\/\/www.blogsoestado.com\/danielmatos\/rio-anil-shopping-da-largada-para-o-sao-joao\/#breadcrumb\",\"itemListElement\":[{\"@type\":\"ListItem\",\"position\":1,\"name\":\"In\u00edcio\",\"item\":\"https:\/\/www.blogsoestado.com\/danielmatos\/\"},{\"@type\":\"ListItem\",\"position\":2,\"name\":\"Rio Anil Shopping d\u00e1 a largada para o S\u00e3o Jo\u00e3o\"}]},{\"@type\":\"WebSite\",\"@id\":\"https:\/\/www.blogsoestado.com\/danielmatos\/#website\",\"url\":\"https:\/\/www.blogsoestado.com\/danielmatos\/\",\"name\":\"Daniel Matos\",\"description\":\"\",\"potentialAction\":[{\"@type\":\"SearchAction\",\"target\":{\"@type\":\"EntryPoint\",\"urlTemplate\":\"https:\/\/www.blogsoestado.com\/danielmatos\/?s={search_term_string}\"},\"query-input\":{\"@type\":\"PropertyValueSpecification\",\"valueRequired\":true,\"valueName\":\"search_term_string\"}}],\"inLanguage\":\"pt-BR\"}]}<\/script>\n<!-- \/ Yoast SEO plugin. -->","yoast_head_json":{"title":"Rio Anil Shopping d\u00e1 a largada para o S\u00e3o Jo\u00e3o - Daniel Matos","robots":{"index":"index","follow":"follow","max-snippet":"max-snippet:-1","max-image-preview":"max-image-preview:large","max-video-preview":"max-video-preview:-1"},"canonical":"https:\/\/www.blogsoestado.com\/danielmatos\/rio-anil-shopping-da-largada-para-o-sao-joao\/","og_locale":"pt_BR","og_type":"article","og_title":"Rio Anil Shopping d\u00e1 a largada para o S\u00e3o Jo\u00e3o - Daniel Matos","og_description":"A pra\u00e7a de eventos do Rio Anil ser\u00e1 o palco das melhores atra\u00e7\u00f5es juninas e de muitas brincadeiras, com premia\u00e7\u00f5es [&hellip;]","og_url":"https:\/\/www.blogsoestado.com\/danielmatos\/rio-anil-shopping-da-largada-para-o-sao-joao\/","og_site_name":"Daniel Matos","article_published_time":"2018-06-01T12:52:50+00:00","og_image":[{"url":"https:\/\/www.blogsoestado.com\/danielmatos\/files\/2018\/06\/rio-anil-sj.jpg","type":"","width":"","height":""}],"twitter_card":"summary_large_image","twitter_misc":{"Est. tempo de leitura":"1 minuto"},"schema":{"@context":"https:\/\/schema.org","@graph":[{"@type":"WebPage","@id":"https:\/\/www.blogsoestado.com\/danielmatos\/rio-anil-shopping-da-largada-para-o-sao-joao\/","url":"https:\/\/www.blogsoestado.com\/danielmatos\/rio-anil-shopping-da-largada-para-o-sao-joao\/","name":"Rio Anil Shopping d\u00e1 a largada para o S\u00e3o Jo\u00e3o - Daniel Matos","isPartOf":{"@id":"https:\/\/www.blogsoestado.com\/danielmatos\/#website"},"primaryImageOfPage":{"@id":"https:\/\/www.blogsoestado.com\/danielmatos\/rio-anil-shopping-da-largada-para-o-sao-joao\/#primaryimage"},"image":{"@id":"https:\/\/www.blogsoestado.com\/danielmatos\/rio-anil-shopping-da-largada-para-o-sao-joao\/#primaryimage"},"thumbnailUrl":"https:\/\/www.blogsoestado.com\/danielmatos\/files\/2018\/06\/rio-anil-sj.jpg","datePublished":"2018-06-01T12:52:50+00:00","author":{"@id":""},"breadcrumb":{"@id":"https:\/\/www.blogsoestado.com\/danielmatos\/rio-anil-shopping-da-largada-para-o-sao-joao\/#breadcrumb"},"inLanguage":"pt-BR","potentialAction":[{"@type":"ReadAction","target":["https:\/\/www.blogsoestado.com\/danielmatos\/rio-anil-shopping-da-largada-para-o-sao-joao\/"]}]},{"@type":"ImageObject","inLanguage":"pt-BR","@id":"https:\/\/www.blogsoestado.com\/danielmatos\/rio-anil-shopping-da-largada-para-o-sao-joao\/#primaryimage","url":"https:\/\/www.blogsoestado.com\/danielmatos\/files\/2018\/06\/rio-anil-sj.jpg","contentUrl":"https:\/\/www.blogsoestado.com\/danielmatos\/files\/2018\/06\/rio-anil-sj.jpg"},{"@type":"BreadcrumbList","@id":"https:\/\/www.blogsoestado.com\/danielmatos\/rio-anil-shopping-da-largada-para-o-sao-joao\/#breadcrumb","itemListElement":[{"@type":"ListItem","position":1,"name":"In\u00edcio","item":"https:\/\/www.blogsoestado.com\/danielmatos\/"},{"@type":"ListItem","position":2,"name":"Rio Anil Shopping d\u00e1 a largada para o S\u00e3o Jo\u00e3o"}]},{"@type":"WebSite","@id":"https:\/\/www.blogsoestado.com\/danielmatos\/#website","url":"https:\/\/www.blogsoestado.com\/danielmatos\/","name":"Daniel Matos","description":"","potentialAction":[{"@type":"SearchAction","target":{"@type":"EntryPoint","urlTemplate":"https:\/\/www.blogsoestado.com\/danielmatos\/?s={search_term_string}"},"query-input":{"@type":"PropertyValueSpecification","valueRequired":true,"valueName":"search_term_string"}}],"inLanguage":"pt-BR"}]}},"jetpack_featured_media_url":"","_links":{"self":[{"href":"https:\/\/www.blogsoestado.com\/danielmatos\/wp-json\/wp\/v2\/posts\/51859","targetHints":{"allow":["GET"]}}],"collection":[{"href":"https:\/\/www.blogsoestado.com\/danielmatos\/wp-json\/wp\/v2\/posts"}],"about":[{"href":"https:\/\/www.blogsoestado.com\/danielmatos\/wp-json\/wp\/v2\/types\/post"}],"replies":[{"embeddable":true,"href":"https:\/\/www.blogsoestado.com\/danielmatos\/wp-json\/wp\/v2\/comments?post=51859"}],"version-history":[{"count":0,"href":"https:\/\/www.blogsoestado.com\/danielmatos\/wp-json\/wp\/v2\/posts\/51859\/revisions"}],"wp:attachment":[{"href":"https:\/\/www.blogsoestado.com\/danielmatos\/wp-json\/wp\/v2\/media?parent=51859"}],"wp:term":[{"taxonomy":"category","embeddable":true,"href":"https:\/\/www.blogsoestado.com\/danielmatos\/wp-json\/wp\/v2\/categories?post=51859"},{"taxonomy":"post_tag","embeddable":true,"href":"https:\/\/www.blogsoestado.com\/danielmatos\/wp-json\/wp\/v2\/tags?post=51859"}],"curies":[{"name":"wp","href":"https:\/\/api.w.org\/{rel}","templated":true}]}}