{"id":51862,"date":"2018-06-01T11:55:38","date_gmt":"2018-06-01T14:55:38","guid":{"rendered":"https:\/\/www.blogsoestado.com\/danielmatos\/?p=51862"},"modified":"2018-06-01T11:55:38","modified_gmt":"2018-06-01T14:55:38","slug":"alo-mpe-e-tre-governo-cadastra-10-mil-pessoas-no-interior-com-promessa-de-emprego-na-saude","status":"publish","type":"post","link":"https:\/\/www.blogsoestado.com\/danielmatos\/alo-mpe-e-tre-governo-cadastra-10-mil-pessoas-no-interior-com-promessa-de-emprego-na-saude\/","title":{"rendered":"Al\u00f4, MPE e TRE!!! Governo cadastra 10 mil pessoas no interior com promessa de emprego na Sa\u00fade"},"content":{"rendered":"<figure id=\"attachment_51865\" aria-describedby=\"caption-attachment-51865\" style=\"width: 420px\" class=\"wp-caption alignright\"><img fetchpriority=\"high\" decoding=\"async\" class=\"wp-image-51865\" src=\"https:\/\/www.blogsoestado.com\/danielmatos\/files\/2018\/06\/dino-comuna.jpg\" alt=\"\" width=\"420\" height=\"359\" \/><figcaption id=\"caption-attachment-51865\" class=\"wp-caption-text\">Fl\u00e1vio Dino lan\u00e7a m\u00e3o de m\u00e9todo nada convencional para contratar servidores para a Sa\u00fade<\/figcaption><\/figure>\n<p>Fonte muito bem situada do blog informa que o governo Fl\u00e1vio Dino (PCdoB) enviou miss\u00e3o ao interior do Maranh\u00e3o para cadastrar 10 mil profissionais com a promessa de empreg\u00e1-los na Secretaria de Estado da Sa\u00fade (SES), por meio de supostos contratos tempor\u00e1rios. H\u00e1 cerca de duas semanas, uma emiss\u00e1ria do governo, vinculada \u00e0 SES, identificada como Patr\u00edcia, esteve em Cod\u00f3 em busca de candidatos \u00e0s vagas ofertadas.<\/p>\n<p>Segundo apurou o blog, os contratos de trabalho na Sa\u00fade ter\u00e3o dura\u00e7\u00e3o de nove meses &#8211; at\u00e9 fevereiro de 2019 &#8211; e a previs\u00e3o \u00e9 de in\u00edcio imediato. Est\u00e3o sendo recrutados enfermeiros, t\u00e9cnicos de enfermagem, t\u00e9cnicos de raio-x, t\u00e9cnicos de laborat\u00f3rio, maqueiros, dentre outros .<\/p>\n<p>Recentemente, o governo Fl\u00e1vio Dino rescindiu, unilateralmente, o contrato de gest\u00e3o hospitalar que mantinha com o Instituto Gerir, que alega ter amargado um <a href=\"http:\/\/calote de R$ 63 milh\u00f5es\">calote de R$ 63 milh\u00f5es<\/a>\u00a0e anunciou que cobrar\u00e1 a d\u00edvida na Justi\u00e7a. A organiza\u00e7\u00e3o social gerenciava nada menos do que tr\u00eas grandes unidades de sa\u00fade: Hospital Carlos Macieira,\u00a0Hospital de Trauma e Ortopedia (HTO) e Hospital Macrorregional Dra. Ruth Noleto, em Imperatriz.<\/p>\n<p><strong>H\u00e1 vagas<\/strong><\/p>\n<p>A interrup\u00e7\u00e3o do contrato provocou a demiss\u00e3o de centenas de profissionais e fez surgir a necessidade urgente de reposi\u00e7\u00e3o de m\u00e3o de obra na Sa\u00fade. Com vagas de sobra a serem preenchidas, a busca por novos trabalhadores \u00e9 algo l\u00f3gico. No entanto, paira a d\u00favida se o m\u00e9todo de recrutamento adotado \u00e9 o adequado, sobretudo neste momento que antecede a campanha eleitoral, na qual o governador estar\u00e1 diretamente envolvido, em busca da reelei\u00e7\u00e3o.<\/p>\n<p>A prop\u00f3sito, em r\u00e1pida pesquisa, o blog identificou, no quadro de servidores da SES, pelo menos uma gestora de nome Patr\u00edcia. Trata-se da chefe do Departamento de Apoio e Diagn\u00f3stico Terap\u00eautico, Patricia Bacellar Braga, que, por coincid\u00eancia (ou n\u00e3o) atuou ativamente no encontro de Fl\u00e1vio Dino com os prefeitos maranhenses eleitos em 2016, realizado em dezembro daquele ano.<\/p>\n<p>No evento, o setor por ela chefiado apresentou aos prefeitos um desenho da rede estadual, os perfis de cada unidade, a ger\u00eancia da regula\u00e7\u00e3o, formas de acesso aos centros de sa\u00fade, a diferen\u00e7a entre hospital e UPA, o que \u00e9 um hospital de alta complexidade e emerg\u00eancia.<\/p>\n<p>Portanto, conhecimento sobre a rede estadual de sa\u00fade e suas demandas n\u00e3o falta \u00e0 gestora.<\/p>\n","protected":false},"excerpt":{"rendered":"<p>Fonte muito bem situada do blog informa que o governo Fl\u00e1vio Dino (PCdoB) enviou miss\u00e3o ao interior do Maranh\u00e3o para [&hellip;]<\/p>\n","protected":false},"author":0,"featured_media":0,"comment_status":"open","ping_status":"open","sticky":false,"template":"","format":"standard","meta":{"site-sidebar-layout":"default","site-content-layout":"","ast-site-content-layout":"default","site-content-style":"default","site-sidebar-style":"default","ast-global-header-display":"","ast-banner-title-visibility":"","ast-main-header-display":"","ast-hfb-above-header-display":"","ast-hfb-below-header-display":"","ast-hfb-mobile-header-display":"","site-post-title":"","ast-breadcrumbs-content":"","ast-featured-img":"","footer-sml-layout":"","ast-disable-related-posts":"","theme-transparent-header-meta":"","adv-header-id-meta":"","stick-header-meta":"","header-above-stick-meta":"","header-main-stick-meta":"","header-below-stick-meta":"","astra-migrate-meta-layouts":"default","ast-page-background-enabled":"default","ast-page-background-meta":{"desktop":{"background-color":"var(--ast-global-color-5)","background-image":"","background-repeat":"repeat","background-position":"center center","background-size":"auto","background-attachment":"scroll","background-type":"","background-media":"","overlay-type":"","overlay-color":"","overlay-opacity":"","overlay-gradient":""},"tablet":{"background-color":"","background-image":"","background-repeat":"repeat","background-position":"center center","background-size":"auto","background-attachment":"scroll","background-type":"","background-media":"","overlay-type":"","overlay-color":"","overlay-opacity":"","overlay-gradient":""},"mobile":{"background-color":"","background-image":"","background-repeat":"repeat","background-position":"center center","background-size":"auto","background-attachment":"scroll","background-type":"","background-media":"","overlay-type":"","overlay-color":"","overlay-opacity":"","overlay-gradient":""}},"ast-content-background-meta":{"desktop":{"background-color":"var(--ast-global-color-4)","background-image":"","background-repeat":"repeat","background-position":"center center","background-size":"auto","background-attachment":"scroll","background-type":"","background-media":"","overlay-type":"","overlay-color":"","overlay-opacity":"","overlay-gradient":""},"tablet":{"background-color":"var(--ast-global-color-4)","background-image":"","background-repeat":"repeat","background-position":"center center","background-size":"auto","background-attachment":"scroll","background-type":"","background-media":"","overlay-type":"","overlay-color":"","overlay-opacity":"","overlay-gradient":""},"mobile":{"background-color":"var(--ast-global-color-4)","background-image":"","background-repeat":"repeat","background-position":"center center","background-size":"auto","background-attachment":"scroll","background-type":"","background-media":"","overlay-type":"","overlay-color":"","overlay-opacity":"","overlay-gradient":""}},"footnotes":""},"categories":[1],"tags":[],"class_list":["post-51862","post","type-post","status-publish","format-standard","hentry","category-sem-categoria"],"yoast_head":"<!-- This site is optimized with the Yoast SEO plugin v26.6 - https:\/\/yoast.com\/wordpress\/plugins\/seo\/ -->\n<title>Al\u00f4, MPE e TRE!!! Governo cadastra 10 mil pessoas no interior com promessa de emprego na Sa\u00fade - Daniel Matos<\/title>\n<meta name=\"robots\" content=\"index, follow, max-snippet:-1, max-image-preview:large, max-video-preview:-1\" \/>\n<link rel=\"canonical\" href=\"https:\/\/www.blogsoestado.com\/danielmatos\/alo-mpe-e-tre-governo-cadastra-10-mil-pessoas-no-interior-com-promessa-de-emprego-na-saude\/\" \/>\n<meta property=\"og:locale\" content=\"pt_BR\" \/>\n<meta property=\"og:type\" content=\"article\" \/>\n<meta property=\"og:title\" content=\"Al\u00f4, MPE e TRE!!! Governo cadastra 10 mil pessoas no interior com promessa de emprego na Sa\u00fade - Daniel Matos\" \/>\n<meta property=\"og:description\" content=\"Fonte muito bem situada do blog informa que o governo Fl\u00e1vio Dino (PCdoB) enviou miss\u00e3o ao interior do Maranh\u00e3o para [&hellip;]\" \/>\n<meta property=\"og:url\" content=\"https:\/\/www.blogsoestado.com\/danielmatos\/alo-mpe-e-tre-governo-cadastra-10-mil-pessoas-no-interior-com-promessa-de-emprego-na-saude\/\" \/>\n<meta property=\"og:site_name\" content=\"Daniel Matos\" \/>\n<meta property=\"article:published_time\" content=\"2018-06-01T14:55:38+00:00\" \/>\n<meta property=\"og:image\" content=\"https:\/\/www.blogsoestado.com\/danielmatos\/files\/2018\/06\/dino-comuna.jpg\" \/>\n<meta name=\"twitter:card\" content=\"summary_large_image\" \/>\n<meta name=\"twitter:label1\" content=\"Est. tempo de leitura\" \/>\n\t<meta name=\"twitter:data1\" content=\"2 minutos\" \/>\n<script type=\"application\/ld+json\" class=\"yoast-schema-graph\">{\"@context\":\"https:\/\/schema.org\",\"@graph\":[{\"@type\":\"WebPage\",\"@id\":\"https:\/\/www.blogsoestado.com\/danielmatos\/alo-mpe-e-tre-governo-cadastra-10-mil-pessoas-no-interior-com-promessa-de-emprego-na-saude\/\",\"url\":\"https:\/\/www.blogsoestado.com\/danielmatos\/alo-mpe-e-tre-governo-cadastra-10-mil-pessoas-no-interior-com-promessa-de-emprego-na-saude\/\",\"name\":\"Al\u00f4, MPE e TRE!!! Governo cadastra 10 mil pessoas no interior com promessa de emprego na Sa\u00fade - Daniel Matos\",\"isPartOf\":{\"@id\":\"https:\/\/www.blogsoestado.com\/danielmatos\/#website\"},\"primaryImageOfPage\":{\"@id\":\"https:\/\/www.blogsoestado.com\/danielmatos\/alo-mpe-e-tre-governo-cadastra-10-mil-pessoas-no-interior-com-promessa-de-emprego-na-saude\/#primaryimage\"},\"image\":{\"@id\":\"https:\/\/www.blogsoestado.com\/danielmatos\/alo-mpe-e-tre-governo-cadastra-10-mil-pessoas-no-interior-com-promessa-de-emprego-na-saude\/#primaryimage\"},\"thumbnailUrl\":\"https:\/\/www.blogsoestado.com\/danielmatos\/files\/2018\/06\/dino-comuna.jpg\",\"datePublished\":\"2018-06-01T14:55:38+00:00\",\"author\":{\"@id\":\"\"},\"breadcrumb\":{\"@id\":\"https:\/\/www.blogsoestado.com\/danielmatos\/alo-mpe-e-tre-governo-cadastra-10-mil-pessoas-no-interior-com-promessa-de-emprego-na-saude\/#breadcrumb\"},\"inLanguage\":\"pt-BR\",\"potentialAction\":[{\"@type\":\"ReadAction\",\"target\":[\"https:\/\/www.blogsoestado.com\/danielmatos\/alo-mpe-e-tre-governo-cadastra-10-mil-pessoas-no-interior-com-promessa-de-emprego-na-saude\/\"]}]},{\"@type\":\"ImageObject\",\"inLanguage\":\"pt-BR\",\"@id\":\"https:\/\/www.blogsoestado.com\/danielmatos\/alo-mpe-e-tre-governo-cadastra-10-mil-pessoas-no-interior-com-promessa-de-emprego-na-saude\/#primaryimage\",\"url\":\"https:\/\/www.blogsoestado.com\/danielmatos\/files\/2018\/06\/dino-comuna.jpg\",\"contentUrl\":\"https:\/\/www.blogsoestado.com\/danielmatos\/files\/2018\/06\/dino-comuna.jpg\"},{\"@type\":\"BreadcrumbList\",\"@id\":\"https:\/\/www.blogsoestado.com\/danielmatos\/alo-mpe-e-tre-governo-cadastra-10-mil-pessoas-no-interior-com-promessa-de-emprego-na-saude\/#breadcrumb\",\"itemListElement\":[{\"@type\":\"ListItem\",\"position\":1,\"name\":\"In\u00edcio\",\"item\":\"https:\/\/www.blogsoestado.com\/danielmatos\/\"},{\"@type\":\"ListItem\",\"position\":2,\"name\":\"Al\u00f4, MPE e TRE!!! Governo cadastra 10 mil pessoas no interior com promessa de emprego na Sa\u00fade\"}]},{\"@type\":\"WebSite\",\"@id\":\"https:\/\/www.blogsoestado.com\/danielmatos\/#website\",\"url\":\"https:\/\/www.blogsoestado.com\/danielmatos\/\",\"name\":\"Daniel Matos\",\"description\":\"\",\"potentialAction\":[{\"@type\":\"SearchAction\",\"target\":{\"@type\":\"EntryPoint\",\"urlTemplate\":\"https:\/\/www.blogsoestado.com\/danielmatos\/?s={search_term_string}\"},\"query-input\":{\"@type\":\"PropertyValueSpecification\",\"valueRequired\":true,\"valueName\":\"search_term_string\"}}],\"inLanguage\":\"pt-BR\"}]}<\/script>\n<!-- \/ Yoast SEO plugin. -->","yoast_head_json":{"title":"Al\u00f4, MPE e TRE!!! Governo cadastra 10 mil pessoas no interior com promessa de emprego na Sa\u00fade - Daniel Matos","robots":{"index":"index","follow":"follow","max-snippet":"max-snippet:-1","max-image-preview":"max-image-preview:large","max-video-preview":"max-video-preview:-1"},"canonical":"https:\/\/www.blogsoestado.com\/danielmatos\/alo-mpe-e-tre-governo-cadastra-10-mil-pessoas-no-interior-com-promessa-de-emprego-na-saude\/","og_locale":"pt_BR","og_type":"article","og_title":"Al\u00f4, MPE e TRE!!! Governo cadastra 10 mil pessoas no interior com promessa de emprego na Sa\u00fade - Daniel Matos","og_description":"Fonte muito bem situada do blog informa que o governo Fl\u00e1vio Dino (PCdoB) enviou miss\u00e3o ao interior do Maranh\u00e3o para [&hellip;]","og_url":"https:\/\/www.blogsoestado.com\/danielmatos\/alo-mpe-e-tre-governo-cadastra-10-mil-pessoas-no-interior-com-promessa-de-emprego-na-saude\/","og_site_name":"Daniel Matos","article_published_time":"2018-06-01T14:55:38+00:00","og_image":[{"url":"https:\/\/www.blogsoestado.com\/danielmatos\/files\/2018\/06\/dino-comuna.jpg","type":"","width":"","height":""}],"twitter_card":"summary_large_image","twitter_misc":{"Est. tempo de leitura":"2 minutos"},"schema":{"@context":"https:\/\/schema.org","@graph":[{"@type":"WebPage","@id":"https:\/\/www.blogsoestado.com\/danielmatos\/alo-mpe-e-tre-governo-cadastra-10-mil-pessoas-no-interior-com-promessa-de-emprego-na-saude\/","url":"https:\/\/www.blogsoestado.com\/danielmatos\/alo-mpe-e-tre-governo-cadastra-10-mil-pessoas-no-interior-com-promessa-de-emprego-na-saude\/","name":"Al\u00f4, MPE e TRE!!! Governo cadastra 10 mil pessoas no interior com promessa de emprego na Sa\u00fade - Daniel Matos","isPartOf":{"@id":"https:\/\/www.blogsoestado.com\/danielmatos\/#website"},"primaryImageOfPage":{"@id":"https:\/\/www.blogsoestado.com\/danielmatos\/alo-mpe-e-tre-governo-cadastra-10-mil-pessoas-no-interior-com-promessa-de-emprego-na-saude\/#primaryimage"},"image":{"@id":"https:\/\/www.blogsoestado.com\/danielmatos\/alo-mpe-e-tre-governo-cadastra-10-mil-pessoas-no-interior-com-promessa-de-emprego-na-saude\/#primaryimage"},"thumbnailUrl":"https:\/\/www.blogsoestado.com\/danielmatos\/files\/2018\/06\/dino-comuna.jpg","datePublished":"2018-06-01T14:55:38+00:00","author":{"@id":""},"breadcrumb":{"@id":"https:\/\/www.blogsoestado.com\/danielmatos\/alo-mpe-e-tre-governo-cadastra-10-mil-pessoas-no-interior-com-promessa-de-emprego-na-saude\/#breadcrumb"},"inLanguage":"pt-BR","potentialAction":[{"@type":"ReadAction","target":["https:\/\/www.blogsoestado.com\/danielmatos\/alo-mpe-e-tre-governo-cadastra-10-mil-pessoas-no-interior-com-promessa-de-emprego-na-saude\/"]}]},{"@type":"ImageObject","inLanguage":"pt-BR","@id":"https:\/\/www.blogsoestado.com\/danielmatos\/alo-mpe-e-tre-governo-cadastra-10-mil-pessoas-no-interior-com-promessa-de-emprego-na-saude\/#primaryimage","url":"https:\/\/www.blogsoestado.com\/danielmatos\/files\/2018\/06\/dino-comuna.jpg","contentUrl":"https:\/\/www.blogsoestado.com\/danielmatos\/files\/2018\/06\/dino-comuna.jpg"},{"@type":"BreadcrumbList","@id":"https:\/\/www.blogsoestado.com\/danielmatos\/alo-mpe-e-tre-governo-cadastra-10-mil-pessoas-no-interior-com-promessa-de-emprego-na-saude\/#breadcrumb","itemListElement":[{"@type":"ListItem","position":1,"name":"In\u00edcio","item":"https:\/\/www.blogsoestado.com\/danielmatos\/"},{"@type":"ListItem","position":2,"name":"Al\u00f4, MPE e TRE!!! Governo cadastra 10 mil pessoas no interior com promessa de emprego na Sa\u00fade"}]},{"@type":"WebSite","@id":"https:\/\/www.blogsoestado.com\/danielmatos\/#website","url":"https:\/\/www.blogsoestado.com\/danielmatos\/","name":"Daniel Matos","description":"","potentialAction":[{"@type":"SearchAction","target":{"@type":"EntryPoint","urlTemplate":"https:\/\/www.blogsoestado.com\/danielmatos\/?s={search_term_string}"},"query-input":{"@type":"PropertyValueSpecification","valueRequired":true,"valueName":"search_term_string"}}],"inLanguage":"pt-BR"}]}},"jetpack_featured_media_url":"","_links":{"self":[{"href":"https:\/\/www.blogsoestado.com\/danielmatos\/wp-json\/wp\/v2\/posts\/51862","targetHints":{"allow":["GET"]}}],"collection":[{"href":"https:\/\/www.blogsoestado.com\/danielmatos\/wp-json\/wp\/v2\/posts"}],"about":[{"href":"https:\/\/www.blogsoestado.com\/danielmatos\/wp-json\/wp\/v2\/types\/post"}],"replies":[{"embeddable":true,"href":"https:\/\/www.blogsoestado.com\/danielmatos\/wp-json\/wp\/v2\/comments?post=51862"}],"version-history":[{"count":0,"href":"https:\/\/www.blogsoestado.com\/danielmatos\/wp-json\/wp\/v2\/posts\/51862\/revisions"}],"wp:attachment":[{"href":"https:\/\/www.blogsoestado.com\/danielmatos\/wp-json\/wp\/v2\/media?parent=51862"}],"wp:term":[{"taxonomy":"category","embeddable":true,"href":"https:\/\/www.blogsoestado.com\/danielmatos\/wp-json\/wp\/v2\/categories?post=51862"},{"taxonomy":"post_tag","embeddable":true,"href":"https:\/\/www.blogsoestado.com\/danielmatos\/wp-json\/wp\/v2\/tags?post=51862"}],"curies":[{"name":"wp","href":"https:\/\/api.w.org\/{rel}","templated":true}]}}