{"id":51870,"date":"2018-06-01T14:30:37","date_gmt":"2018-06-01T17:30:37","guid":{"rendered":"https:\/\/www.blogsoestado.com\/danielmatos\/?p=51870"},"modified":"2018-06-01T14:30:37","modified_gmt":"2018-06-01T17:30:37","slug":"fundacao-relacao-de-ajuda-sera-inaugurada-neste-sabado","status":"publish","type":"post","link":"https:\/\/www.blogsoestado.com\/danielmatos\/fundacao-relacao-de-ajuda-sera-inaugurada-neste-sabado\/","title":{"rendered":"Funda\u00e7\u00e3o Rela\u00e7\u00e3o de Ajuda ser\u00e1 inaugurada neste s\u00e1bado"},"content":{"rendered":"<h2><span style=\"color: #ff0000;\">A entidade sem fins lucrativos, que funcionar\u00e1 no bairro Recanto dos Vinhais, dar\u00e1 suporte a pessoas com diagn\u00f3stico de d\u00e9ficit e defici\u00eancia intelectual, encaminhadas por institui\u00e7\u00f5es ou n\u00e3o, e tamb\u00e9m da pr\u00f3pria comunidade<\/span><\/h2>\n<figure id=\"attachment_51871\" aria-describedby=\"caption-attachment-51871\" style=\"width: 630px\" class=\"wp-caption aligncenter\"><img fetchpriority=\"high\" decoding=\"async\" class=\"wp-image-51871\" src=\"https:\/\/www.blogsoestado.com\/danielmatos\/files\/2018\/06\/funda\u00e7\u00e3o-karine.jpg\" alt=\"\" width=\"630\" height=\"354\" \/><figcaption id=\"caption-attachment-51871\" class=\"wp-caption-text\">A Funda\u00e7\u00e3o \u00e9 um espa\u00e7o de apoio orientado por princ\u00edpios human\u00edsticos centrado na pessoa, onde visa-se o crescimento, desenvolvimento e autonomia das pessoas com diagn\u00f3sticos de d\u00e9ficits e defici\u00eancia cognitiva<\/figcaption><\/figure>\n<p>A Funda\u00e7\u00e3o Rela\u00e7\u00e3o de Ajuda ser\u00e1 inaugurada neste s\u00e1bado. A entidade sem fins lucrativos, que funcionar\u00e1 no bairro Recanto do Vinhais, na Rua Netuno, 21, dar\u00e1 suporte a pessoas com d\u00e9ficit e defici\u00eancia intelectual, advindos de diversos quadros cl\u00ednicos, tais como: Autismo, Paralisia cerebral, Alzheimer, Down, outros; e a seus familiares, para melhor conduzir as atividades propostas. A popula\u00e7\u00e3o em geral, sem quadro sindr\u00f4mico, tamb\u00e9m poder\u00e1 ser assistida.<\/p>\n<p>A Funda\u00e7\u00e3o \u00e9 um espa\u00e7o de apoio orientado por princ\u00edpios human\u00edsticos centrado na pessoa, onde visa-se o crescimento, desenvolvimento e autonomia das pessoas com diagn\u00f3sticos de d\u00e9ficits e defici\u00eancia cognitiva e seus familiares, e a popula\u00e7\u00e3o geral sem quadro sindr\u00f4mico.<\/p>\n<p>A funda\u00e7\u00e3o Rela\u00e7\u00e3o de Ajuda foi idealizada inicialmente para proporcionar as pessoas que sofrem com os diagn\u00f3sticos citados acima, e seus familiares, encontros com educadores e profissionais da \u00e1rea de sa\u00fade nas mais diversas especialidades. As atividades ser\u00e3o desenvolvidas por psic\u00f3logos, psicopedagogos, fonoaudi\u00f3logos, fisioterapeutas, educadores f\u00edsicos, nutricionistas, odont\u00f3logos, m\u00e9dicos e arte educadores, e atrav\u00e9s de conv\u00eanios com as faculdades, centro acad\u00eamicos e universidades locais, estagi\u00e1rios nas referidas \u00e1reas colaborar\u00e3o com a Funra (Funda\u00e7\u00e3o Rela\u00e7\u00e3o de Ajuda).<\/p>\n<p>Como esclarecimento cita-se que o d\u00e9ficit e a defici\u00eancia intelectual s\u00e3o transtornos do desenvolvimento que fazem com que a pessoa acometida tenha um n\u00edvel cognitivo e comportamental abaixo (d\u00e9ficit) e muito abaixo (defici\u00eancia), do que \u00e9 esperado para sua idade cronol\u00f3gica. As pessoas com os referidos diagn\u00f3sticos apresentam limita\u00e7\u00f5es nas habilidades mentais. Por norma, tem dificuldade ou incapacidade, dependendo do quadro cl\u00ednico, para compreender ideias abstratas, resolver problemas, compreender e obedecer a regras, estabelecer rela\u00e7\u00f5es sociais e realizar atividades cotidianas, dentre outros.<\/p>\n","protected":false},"excerpt":{"rendered":"<p>A entidade sem fins lucrativos, que funcionar\u00e1 no bairro Recanto dos Vinhais, dar\u00e1 suporte a pessoas com diagn\u00f3stico de d\u00e9ficit [&hellip;]<\/p>\n","protected":false},"author":0,"featured_media":0,"comment_status":"open","ping_status":"open","sticky":false,"template":"","format":"standard","meta":{"site-sidebar-layout":"default","site-content-layout":"","ast-site-content-layout":"default","site-content-style":"default","site-sidebar-style":"default","ast-global-header-display":"","ast-banner-title-visibility":"","ast-main-header-display":"","ast-hfb-above-header-display":"","ast-hfb-below-header-display":"","ast-hfb-mobile-header-display":"","site-post-title":"","ast-breadcrumbs-content":"","ast-featured-img":"","footer-sml-layout":"","ast-disable-related-posts":"","theme-transparent-header-meta":"","adv-header-id-meta":"","stick-header-meta":"","header-above-stick-meta":"","header-main-stick-meta":"","header-below-stick-meta":"","astra-migrate-meta-layouts":"default","ast-page-background-enabled":"default","ast-page-background-meta":{"desktop":{"background-color":"var(--ast-global-color-5)","background-image":"","background-repeat":"repeat","background-position":"center center","background-size":"auto","background-attachment":"scroll","background-type":"","background-media":"","overlay-type":"","overlay-color":"","overlay-opacity":"","overlay-gradient":""},"tablet":{"background-color":"","background-image":"","background-repeat":"repeat","background-position":"center center","background-size":"auto","background-attachment":"scroll","background-type":"","background-media":"","overlay-type":"","overlay-color":"","overlay-opacity":"","overlay-gradient":""},"mobile":{"background-color":"","background-image":"","background-repeat":"repeat","background-position":"center center","background-size":"auto","background-attachment":"scroll","background-type":"","background-media":"","overlay-type":"","overlay-color":"","overlay-opacity":"","overlay-gradient":""}},"ast-content-background-meta":{"desktop":{"background-color":"var(--ast-global-color-4)","background-image":"","background-repeat":"repeat","background-position":"center center","background-size":"auto","background-attachment":"scroll","background-type":"","background-media":"","overlay-type":"","overlay-color":"","overlay-opacity":"","overlay-gradient":""},"tablet":{"background-color":"var(--ast-global-color-4)","background-image":"","background-repeat":"repeat","background-position":"center center","background-size":"auto","background-attachment":"scroll","background-type":"","background-media":"","overlay-type":"","overlay-color":"","overlay-opacity":"","overlay-gradient":""},"mobile":{"background-color":"var(--ast-global-color-4)","background-image":"","background-repeat":"repeat","background-position":"center center","background-size":"auto","background-attachment":"scroll","background-type":"","background-media":"","overlay-type":"","overlay-color":"","overlay-opacity":"","overlay-gradient":""}},"footnotes":""},"categories":[1],"tags":[],"class_list":["post-51870","post","type-post","status-publish","format-standard","hentry","category-sem-categoria"],"yoast_head":"<!-- This site is optimized with the Yoast SEO plugin v26.6 - https:\/\/yoast.com\/wordpress\/plugins\/seo\/ -->\n<title>Funda\u00e7\u00e3o Rela\u00e7\u00e3o de Ajuda ser\u00e1 inaugurada neste s\u00e1bado - Daniel Matos<\/title>\n<meta name=\"robots\" content=\"index, follow, max-snippet:-1, max-image-preview:large, max-video-preview:-1\" \/>\n<link rel=\"canonical\" href=\"https:\/\/www.blogsoestado.com\/danielmatos\/fundacao-relacao-de-ajuda-sera-inaugurada-neste-sabado\/\" \/>\n<meta property=\"og:locale\" content=\"pt_BR\" \/>\n<meta property=\"og:type\" content=\"article\" \/>\n<meta property=\"og:title\" content=\"Funda\u00e7\u00e3o Rela\u00e7\u00e3o de Ajuda ser\u00e1 inaugurada neste s\u00e1bado - Daniel Matos\" \/>\n<meta property=\"og:description\" content=\"A entidade sem fins lucrativos, que funcionar\u00e1 no bairro Recanto dos Vinhais, dar\u00e1 suporte a pessoas com diagn\u00f3stico de d\u00e9ficit [&hellip;]\" \/>\n<meta property=\"og:url\" content=\"https:\/\/www.blogsoestado.com\/danielmatos\/fundacao-relacao-de-ajuda-sera-inaugurada-neste-sabado\/\" \/>\n<meta property=\"og:site_name\" content=\"Daniel Matos\" \/>\n<meta property=\"article:published_time\" content=\"2018-06-01T17:30:37+00:00\" \/>\n<meta name=\"twitter:card\" content=\"summary_large_image\" \/>\n<meta name=\"twitter:label1\" content=\"Est. tempo de leitura\" \/>\n\t<meta name=\"twitter:data1\" content=\"2 minutos\" \/>\n<script type=\"application\/ld+json\" class=\"yoast-schema-graph\">{\"@context\":\"https:\/\/schema.org\",\"@graph\":[{\"@type\":\"WebPage\",\"@id\":\"https:\/\/www.blogsoestado.com\/danielmatos\/fundacao-relacao-de-ajuda-sera-inaugurada-neste-sabado\/\",\"url\":\"https:\/\/www.blogsoestado.com\/danielmatos\/fundacao-relacao-de-ajuda-sera-inaugurada-neste-sabado\/\",\"name\":\"Funda\u00e7\u00e3o Rela\u00e7\u00e3o de Ajuda ser\u00e1 inaugurada neste s\u00e1bado - Daniel Matos\",\"isPartOf\":{\"@id\":\"https:\/\/www.blogsoestado.com\/danielmatos\/#website\"},\"datePublished\":\"2018-06-01T17:30:37+00:00\",\"author\":{\"@id\":\"\"},\"breadcrumb\":{\"@id\":\"https:\/\/www.blogsoestado.com\/danielmatos\/fundacao-relacao-de-ajuda-sera-inaugurada-neste-sabado\/#breadcrumb\"},\"inLanguage\":\"pt-BR\",\"potentialAction\":[{\"@type\":\"ReadAction\",\"target\":[\"https:\/\/www.blogsoestado.com\/danielmatos\/fundacao-relacao-de-ajuda-sera-inaugurada-neste-sabado\/\"]}]},{\"@type\":\"BreadcrumbList\",\"@id\":\"https:\/\/www.blogsoestado.com\/danielmatos\/fundacao-relacao-de-ajuda-sera-inaugurada-neste-sabado\/#breadcrumb\",\"itemListElement\":[{\"@type\":\"ListItem\",\"position\":1,\"name\":\"In\u00edcio\",\"item\":\"https:\/\/www.blogsoestado.com\/danielmatos\/\"},{\"@type\":\"ListItem\",\"position\":2,\"name\":\"Funda\u00e7\u00e3o Rela\u00e7\u00e3o de Ajuda ser\u00e1 inaugurada neste s\u00e1bado\"}]},{\"@type\":\"WebSite\",\"@id\":\"https:\/\/www.blogsoestado.com\/danielmatos\/#website\",\"url\":\"https:\/\/www.blogsoestado.com\/danielmatos\/\",\"name\":\"Daniel Matos\",\"description\":\"\",\"potentialAction\":[{\"@type\":\"SearchAction\",\"target\":{\"@type\":\"EntryPoint\",\"urlTemplate\":\"https:\/\/www.blogsoestado.com\/danielmatos\/?s={search_term_string}\"},\"query-input\":{\"@type\":\"PropertyValueSpecification\",\"valueRequired\":true,\"valueName\":\"search_term_string\"}}],\"inLanguage\":\"pt-BR\"}]}<\/script>\n<!-- \/ Yoast SEO plugin. -->","yoast_head_json":{"title":"Funda\u00e7\u00e3o Rela\u00e7\u00e3o de Ajuda ser\u00e1 inaugurada neste s\u00e1bado - Daniel Matos","robots":{"index":"index","follow":"follow","max-snippet":"max-snippet:-1","max-image-preview":"max-image-preview:large","max-video-preview":"max-video-preview:-1"},"canonical":"https:\/\/www.blogsoestado.com\/danielmatos\/fundacao-relacao-de-ajuda-sera-inaugurada-neste-sabado\/","og_locale":"pt_BR","og_type":"article","og_title":"Funda\u00e7\u00e3o Rela\u00e7\u00e3o de Ajuda ser\u00e1 inaugurada neste s\u00e1bado - Daniel Matos","og_description":"A entidade sem fins lucrativos, que funcionar\u00e1 no bairro Recanto dos Vinhais, dar\u00e1 suporte a pessoas com diagn\u00f3stico de d\u00e9ficit [&hellip;]","og_url":"https:\/\/www.blogsoestado.com\/danielmatos\/fundacao-relacao-de-ajuda-sera-inaugurada-neste-sabado\/","og_site_name":"Daniel Matos","article_published_time":"2018-06-01T17:30:37+00:00","twitter_card":"summary_large_image","twitter_misc":{"Est. tempo de leitura":"2 minutos"},"schema":{"@context":"https:\/\/schema.org","@graph":[{"@type":"WebPage","@id":"https:\/\/www.blogsoestado.com\/danielmatos\/fundacao-relacao-de-ajuda-sera-inaugurada-neste-sabado\/","url":"https:\/\/www.blogsoestado.com\/danielmatos\/fundacao-relacao-de-ajuda-sera-inaugurada-neste-sabado\/","name":"Funda\u00e7\u00e3o Rela\u00e7\u00e3o de Ajuda ser\u00e1 inaugurada neste s\u00e1bado - Daniel Matos","isPartOf":{"@id":"https:\/\/www.blogsoestado.com\/danielmatos\/#website"},"datePublished":"2018-06-01T17:30:37+00:00","author":{"@id":""},"breadcrumb":{"@id":"https:\/\/www.blogsoestado.com\/danielmatos\/fundacao-relacao-de-ajuda-sera-inaugurada-neste-sabado\/#breadcrumb"},"inLanguage":"pt-BR","potentialAction":[{"@type":"ReadAction","target":["https:\/\/www.blogsoestado.com\/danielmatos\/fundacao-relacao-de-ajuda-sera-inaugurada-neste-sabado\/"]}]},{"@type":"BreadcrumbList","@id":"https:\/\/www.blogsoestado.com\/danielmatos\/fundacao-relacao-de-ajuda-sera-inaugurada-neste-sabado\/#breadcrumb","itemListElement":[{"@type":"ListItem","position":1,"name":"In\u00edcio","item":"https:\/\/www.blogsoestado.com\/danielmatos\/"},{"@type":"ListItem","position":2,"name":"Funda\u00e7\u00e3o Rela\u00e7\u00e3o de Ajuda ser\u00e1 inaugurada neste s\u00e1bado"}]},{"@type":"WebSite","@id":"https:\/\/www.blogsoestado.com\/danielmatos\/#website","url":"https:\/\/www.blogsoestado.com\/danielmatos\/","name":"Daniel Matos","description":"","potentialAction":[{"@type":"SearchAction","target":{"@type":"EntryPoint","urlTemplate":"https:\/\/www.blogsoestado.com\/danielmatos\/?s={search_term_string}"},"query-input":{"@type":"PropertyValueSpecification","valueRequired":true,"valueName":"search_term_string"}}],"inLanguage":"pt-BR"}]}},"jetpack_featured_media_url":"","_links":{"self":[{"href":"https:\/\/www.blogsoestado.com\/danielmatos\/wp-json\/wp\/v2\/posts\/51870","targetHints":{"allow":["GET"]}}],"collection":[{"href":"https:\/\/www.blogsoestado.com\/danielmatos\/wp-json\/wp\/v2\/posts"}],"about":[{"href":"https:\/\/www.blogsoestado.com\/danielmatos\/wp-json\/wp\/v2\/types\/post"}],"replies":[{"embeddable":true,"href":"https:\/\/www.blogsoestado.com\/danielmatos\/wp-json\/wp\/v2\/comments?post=51870"}],"version-history":[{"count":0,"href":"https:\/\/www.blogsoestado.com\/danielmatos\/wp-json\/wp\/v2\/posts\/51870\/revisions"}],"wp:attachment":[{"href":"https:\/\/www.blogsoestado.com\/danielmatos\/wp-json\/wp\/v2\/media?parent=51870"}],"wp:term":[{"taxonomy":"category","embeddable":true,"href":"https:\/\/www.blogsoestado.com\/danielmatos\/wp-json\/wp\/v2\/categories?post=51870"},{"taxonomy":"post_tag","embeddable":true,"href":"https:\/\/www.blogsoestado.com\/danielmatos\/wp-json\/wp\/v2\/tags?post=51870"}],"curies":[{"name":"wp","href":"https:\/\/api.w.org\/{rel}","templated":true}]}}