{"id":51878,"date":"2018-06-02T08:00:31","date_gmt":"2018-06-02T11:00:31","guid":{"rendered":"https:\/\/www.blogsoestado.com\/danielmatos\/?p=51878"},"modified":"2018-06-02T08:00:31","modified_gmt":"2018-06-02T11:00:31","slug":"a-forca-jovem","status":"publish","type":"post","link":"https:\/\/www.blogsoestado.com\/danielmatos\/a-forca-jovem\/","title":{"rendered":"A for\u00e7a jovem"},"content":{"rendered":"<p><strong>00Natalino Salgado Filho*<\/strong><\/p>\n<figure id=\"attachment_51789\" aria-describedby=\"caption-attachment-51789\" style=\"width: 448px\" class=\"wp-caption alignleft\"><img fetchpriority=\"high\" decoding=\"async\" class=\"size-full wp-image-51789\" src=\"https:\/\/www.blogsoestado.com\/danielmatos\/files\/2018\/05\/natalino-pr\u00eamio.jpg\" alt=\"\" width=\"448\" height=\"298\" \/><figcaption id=\"caption-attachment-51789\" class=\"wp-caption-text\">Natalino Salgado lembra que jovens est\u00e3o \u00e0 merc\u00ea de uma s\u00e9rie de press\u00f5es, como a escolha da profiss\u00e3o<\/figcaption><\/figure>\n<p>Um chamado para o despertamento. Esse \u00e9 o prop\u00f3sito do S\u00ednodo dos Bispos 2018, que ser\u00e1 realizado em outubro, voltado para a juventude, a f\u00e9 e o discernimento vocacional. Uma s\u00e9rie de eventos est\u00e1 ocorrendo mundo afora como forma de atrair discuss\u00f5es sobre o assunto. O\u00a0relator geral do evento ser\u00e1 o brasileiro Cardeal S\u00e9rgio da Rocha e a cada semana s\u00e3o divulgados resultados desses encontros.<\/p>\n<p>A escolha pelo tema \u00e9 pertinente. Os jovens encontram-se \u00e0 merc\u00ea de uma s\u00e9rie de press\u00f5es como a escolha da profiss\u00e3o, o desafio de estabelecer-se num mercado competitivo, a forma\u00e7\u00e3o de uma fam\u00edlia. Some-se a isso o fato de, particularmente, no Brasil, as condi\u00e7\u00f5es desfavor\u00e1veis tornam essa caminhada ainda mais \u00e1rdua. Pesquisa divulgada, h\u00e1 menos de seis meses pelo G1, revelou que o desemprego, no Brasil, afetou sobremaneira os jovens. Num per\u00edodo de apenas 4 anos \u2013 2012 e 2016 \u2013 o n\u00famero de jovens desempregados, com idade entre 16 e 29 anos, saltou de 4 milh\u00f5es para 6,3 milh\u00f5es.<\/p>\n<p>Outro interessante\u00a0estudo, publicado no in\u00edcio deste ano, intitulado\u00a0Modelo de Pa\u00eds,\u00a0desenvolvido\u00a0pela PUCRS, revelou que 80% dos jovens se preocupam com o futuro do Brasil. Reforma pol\u00edtica imediata e maior\u00a0\u00a0investimento em educa\u00e7\u00e3o s\u00e3o as respostas que os jovens apresentam para mudar essa realidade.<\/p>\n<p>O cen\u00e1rio n\u00e3o \u00e9 promissor.\u00a0\u00c9 bem verdade que algumas solu\u00e7\u00f5es n\u00e3o s\u00e3o f\u00e1ceis e r\u00e1pidas, mas s\u00e3o as que podem oferecer chances reais de sa\u00edda desse quadro. Estar preparado para quando a oportunidade chegar ou quando tempos melhores sobrevierem \u00e9 uma delas e isso se consegue por meio do estudo cont\u00ednuo, focado e perseverante. Manter uma boa rede de relacionamento, se manter dispon\u00edvel, atualizado e de alguma forma atuante \u2013 a realiza\u00e7\u00e3o de atividades volunt\u00e1rias \u00e9 um quesito que sempre conta \u2013 s\u00e3o outras formas de enfrentamento.<\/p>\n<p>Mas, acima de tudo, entendo, como crist\u00e3o, que o jovem n\u00e3o pode perder ou mesmo abandonar a f\u00e9. O Ap\u00f3stolo Jo\u00e3o escreve em uma de suas ep\u00edstolas:\u00a0\u00a0\u201cEu vos escrevi, jovens, porque sois fortes, e a palavra de Deus est\u00e1 em v\u00f3s, e j\u00e1 vencestes o maligno\u201d(Carta de S\u00e3o Jo\u00e3o, Cap\u00edtulo 2, vers\u00edculo 11). O autor de Eclesiastes tamb\u00e9m traz outra severa advert\u00eancia \u00e0 juventude: \u201cLembra-te tamb\u00e9m do teu Criador nos dias da tua mocidade, antes que venham os maus dias, e cheguem os anos dos quais venhas a dizer: N\u00e3o tenho neles contentamento&#8230;\u201d (Eclesiastes 12:1).<\/p>\n<p>O S\u00ednodo dos Bispos visa, sobretudo, estimular a juventude em sua caminhada rumo \u00e0 vida adulta de forma que estes tenham a tranquilidade de fazer escolhas certas, ancorados na esperan\u00e7a divina e no compromisso com a igreja. E que, independente de suas escolhas, possam ser \u00fateis ao pr\u00f3ximo, \u00e0s suas fam\u00edlias e \u00e0 sociedade.<br \/>\nAlguns, menos esperan\u00e7osos, h\u00e3o de afirmar que se trata de um desafio imposs\u00edvel. Invoco novamente as palavras de Salom\u00e3o, em Prov\u00e9rbios: \u201cComo pode um jovem conservar puro o seu caminho? Vivendo-o de acordo com a tua Palavra\u201d (Salmos 119:9).<\/p>\n<p>No documento pr\u00e9-sinodal assinado por uma extensa comunidade de jovens, estes deixaram claro que querem uma igreja ativa, transparente, enraizada no Evangelho e que esteja acess\u00edvel a todos. \u00c9 de Mahatma Ghandi uma frase espetacular: seja a mudan\u00e7a que voc\u00ea quer ver no mundo.\u00a0\u00a0Se cada um fizer a sua parte, teremos sim o fortalecimento n\u00e3o apenas da f\u00e9, mas da pr\u00f3pria igreja.<\/p>\n<p><strong>* M\u00e9dico, doutor em Nefrologia, ex-reitor da UFMA, membro da ANM, da AML, da AMM, Sobrames e do IHGMA<\/strong><\/p>\n","protected":false},"excerpt":{"rendered":"<p>00Natalino Salgado Filho* Um chamado para o despertamento. Esse \u00e9 o prop\u00f3sito do S\u00ednodo dos Bispos 2018, que ser\u00e1 realizado [&hellip;]<\/p>\n","protected":false},"author":0,"featured_media":0,"comment_status":"open","ping_status":"open","sticky":false,"template":"","format":"standard","meta":{"site-sidebar-layout":"default","site-content-layout":"","ast-site-content-layout":"default","site-content-style":"default","site-sidebar-style":"default","ast-global-header-display":"","ast-banner-title-visibility":"","ast-main-header-display":"","ast-hfb-above-header-display":"","ast-hfb-below-header-display":"","ast-hfb-mobile-header-display":"","site-post-title":"","ast-breadcrumbs-content":"","ast-featured-img":"","footer-sml-layout":"","ast-disable-related-posts":"","theme-transparent-header-meta":"","adv-header-id-meta":"","stick-header-meta":"","header-above-stick-meta":"","header-main-stick-meta":"","header-below-stick-meta":"","astra-migrate-meta-layouts":"default","ast-page-background-enabled":"default","ast-page-background-meta":{"desktop":{"background-color":"var(--ast-global-color-5)","background-image":"","background-repeat":"repeat","background-position":"center center","background-size":"auto","background-attachment":"scroll","background-type":"","background-media":"","overlay-type":"","overlay-color":"","overlay-opacity":"","overlay-gradient":""},"tablet":{"background-color":"","background-image":"","background-repeat":"repeat","background-position":"center center","background-size":"auto","background-attachment":"scroll","background-type":"","background-media":"","overlay-type":"","overlay-color":"","overlay-opacity":"","overlay-gradient":""},"mobile":{"background-color":"","background-image":"","background-repeat":"repeat","background-position":"center center","background-size":"auto","background-attachment":"scroll","background-type":"","background-media":"","overlay-type":"","overlay-color":"","overlay-opacity":"","overlay-gradient":""}},"ast-content-background-meta":{"desktop":{"background-color":"var(--ast-global-color-4)","background-image":"","background-repeat":"repeat","background-position":"center center","background-size":"auto","background-attachment":"scroll","background-type":"","background-media":"","overlay-type":"","overlay-color":"","overlay-opacity":"","overlay-gradient":""},"tablet":{"background-color":"var(--ast-global-color-4)","background-image":"","background-repeat":"repeat","background-position":"center center","background-size":"auto","background-attachment":"scroll","background-type":"","background-media":"","overlay-type":"","overlay-color":"","overlay-opacity":"","overlay-gradient":""},"mobile":{"background-color":"var(--ast-global-color-4)","background-image":"","background-repeat":"repeat","background-position":"center center","background-size":"auto","background-attachment":"scroll","background-type":"","background-media":"","overlay-type":"","overlay-color":"","overlay-opacity":"","overlay-gradient":""}},"footnotes":""},"categories":[1],"tags":[],"class_list":["post-51878","post","type-post","status-publish","format-standard","hentry","category-sem-categoria"],"yoast_head":"<!-- This site is optimized with the Yoast SEO plugin v26.6 - https:\/\/yoast.com\/wordpress\/plugins\/seo\/ -->\n<title>A for\u00e7a jovem - Daniel Matos<\/title>\n<meta name=\"robots\" content=\"index, follow, max-snippet:-1, max-image-preview:large, max-video-preview:-1\" \/>\n<link rel=\"canonical\" href=\"https:\/\/www.blogsoestado.com\/danielmatos\/a-forca-jovem\/\" \/>\n<meta property=\"og:locale\" content=\"pt_BR\" \/>\n<meta property=\"og:type\" content=\"article\" \/>\n<meta property=\"og:title\" content=\"A for\u00e7a jovem - Daniel Matos\" \/>\n<meta property=\"og:description\" content=\"00Natalino Salgado Filho* Um chamado para o despertamento. Esse \u00e9 o prop\u00f3sito do S\u00ednodo dos Bispos 2018, que ser\u00e1 realizado [&hellip;]\" \/>\n<meta property=\"og:url\" content=\"https:\/\/www.blogsoestado.com\/danielmatos\/a-forca-jovem\/\" \/>\n<meta property=\"og:site_name\" content=\"Daniel Matos\" \/>\n<meta property=\"article:published_time\" content=\"2018-06-02T11:00:31+00:00\" \/>\n<meta name=\"twitter:card\" content=\"summary_large_image\" \/>\n<meta name=\"twitter:label1\" content=\"Est. tempo de leitura\" \/>\n\t<meta name=\"twitter:data1\" content=\"3 minutos\" \/>\n<script type=\"application\/ld+json\" class=\"yoast-schema-graph\">{\"@context\":\"https:\/\/schema.org\",\"@graph\":[{\"@type\":\"WebPage\",\"@id\":\"https:\/\/www.blogsoestado.com\/danielmatos\/a-forca-jovem\/\",\"url\":\"https:\/\/www.blogsoestado.com\/danielmatos\/a-forca-jovem\/\",\"name\":\"A for\u00e7a jovem - Daniel Matos\",\"isPartOf\":{\"@id\":\"https:\/\/www.blogsoestado.com\/danielmatos\/#website\"},\"datePublished\":\"2018-06-02T11:00:31+00:00\",\"author\":{\"@id\":\"\"},\"breadcrumb\":{\"@id\":\"https:\/\/www.blogsoestado.com\/danielmatos\/a-forca-jovem\/#breadcrumb\"},\"inLanguage\":\"pt-BR\",\"potentialAction\":[{\"@type\":\"ReadAction\",\"target\":[\"https:\/\/www.blogsoestado.com\/danielmatos\/a-forca-jovem\/\"]}]},{\"@type\":\"BreadcrumbList\",\"@id\":\"https:\/\/www.blogsoestado.com\/danielmatos\/a-forca-jovem\/#breadcrumb\",\"itemListElement\":[{\"@type\":\"ListItem\",\"position\":1,\"name\":\"In\u00edcio\",\"item\":\"https:\/\/www.blogsoestado.com\/danielmatos\/\"},{\"@type\":\"ListItem\",\"position\":2,\"name\":\"A for\u00e7a jovem\"}]},{\"@type\":\"WebSite\",\"@id\":\"https:\/\/www.blogsoestado.com\/danielmatos\/#website\",\"url\":\"https:\/\/www.blogsoestado.com\/danielmatos\/\",\"name\":\"Daniel Matos\",\"description\":\"\",\"potentialAction\":[{\"@type\":\"SearchAction\",\"target\":{\"@type\":\"EntryPoint\",\"urlTemplate\":\"https:\/\/www.blogsoestado.com\/danielmatos\/?s={search_term_string}\"},\"query-input\":{\"@type\":\"PropertyValueSpecification\",\"valueRequired\":true,\"valueName\":\"search_term_string\"}}],\"inLanguage\":\"pt-BR\"}]}<\/script>\n<!-- \/ Yoast SEO plugin. -->","yoast_head_json":{"title":"A for\u00e7a jovem - Daniel Matos","robots":{"index":"index","follow":"follow","max-snippet":"max-snippet:-1","max-image-preview":"max-image-preview:large","max-video-preview":"max-video-preview:-1"},"canonical":"https:\/\/www.blogsoestado.com\/danielmatos\/a-forca-jovem\/","og_locale":"pt_BR","og_type":"article","og_title":"A for\u00e7a jovem - Daniel Matos","og_description":"00Natalino Salgado Filho* Um chamado para o despertamento. Esse \u00e9 o prop\u00f3sito do S\u00ednodo dos Bispos 2018, que ser\u00e1 realizado [&hellip;]","og_url":"https:\/\/www.blogsoestado.com\/danielmatos\/a-forca-jovem\/","og_site_name":"Daniel Matos","article_published_time":"2018-06-02T11:00:31+00:00","twitter_card":"summary_large_image","twitter_misc":{"Est. tempo de leitura":"3 minutos"},"schema":{"@context":"https:\/\/schema.org","@graph":[{"@type":"WebPage","@id":"https:\/\/www.blogsoestado.com\/danielmatos\/a-forca-jovem\/","url":"https:\/\/www.blogsoestado.com\/danielmatos\/a-forca-jovem\/","name":"A for\u00e7a jovem - Daniel Matos","isPartOf":{"@id":"https:\/\/www.blogsoestado.com\/danielmatos\/#website"},"datePublished":"2018-06-02T11:00:31+00:00","author":{"@id":""},"breadcrumb":{"@id":"https:\/\/www.blogsoestado.com\/danielmatos\/a-forca-jovem\/#breadcrumb"},"inLanguage":"pt-BR","potentialAction":[{"@type":"ReadAction","target":["https:\/\/www.blogsoestado.com\/danielmatos\/a-forca-jovem\/"]}]},{"@type":"BreadcrumbList","@id":"https:\/\/www.blogsoestado.com\/danielmatos\/a-forca-jovem\/#breadcrumb","itemListElement":[{"@type":"ListItem","position":1,"name":"In\u00edcio","item":"https:\/\/www.blogsoestado.com\/danielmatos\/"},{"@type":"ListItem","position":2,"name":"A for\u00e7a jovem"}]},{"@type":"WebSite","@id":"https:\/\/www.blogsoestado.com\/danielmatos\/#website","url":"https:\/\/www.blogsoestado.com\/danielmatos\/","name":"Daniel Matos","description":"","potentialAction":[{"@type":"SearchAction","target":{"@type":"EntryPoint","urlTemplate":"https:\/\/www.blogsoestado.com\/danielmatos\/?s={search_term_string}"},"query-input":{"@type":"PropertyValueSpecification","valueRequired":true,"valueName":"search_term_string"}}],"inLanguage":"pt-BR"}]}},"jetpack_featured_media_url":"","_links":{"self":[{"href":"https:\/\/www.blogsoestado.com\/danielmatos\/wp-json\/wp\/v2\/posts\/51878","targetHints":{"allow":["GET"]}}],"collection":[{"href":"https:\/\/www.blogsoestado.com\/danielmatos\/wp-json\/wp\/v2\/posts"}],"about":[{"href":"https:\/\/www.blogsoestado.com\/danielmatos\/wp-json\/wp\/v2\/types\/post"}],"replies":[{"embeddable":true,"href":"https:\/\/www.blogsoestado.com\/danielmatos\/wp-json\/wp\/v2\/comments?post=51878"}],"version-history":[{"count":0,"href":"https:\/\/www.blogsoestado.com\/danielmatos\/wp-json\/wp\/v2\/posts\/51878\/revisions"}],"wp:attachment":[{"href":"https:\/\/www.blogsoestado.com\/danielmatos\/wp-json\/wp\/v2\/media?parent=51878"}],"wp:term":[{"taxonomy":"category","embeddable":true,"href":"https:\/\/www.blogsoestado.com\/danielmatos\/wp-json\/wp\/v2\/categories?post=51878"},{"taxonomy":"post_tag","embeddable":true,"href":"https:\/\/www.blogsoestado.com\/danielmatos\/wp-json\/wp\/v2\/tags?post=51878"}],"curies":[{"name":"wp","href":"https:\/\/api.w.org\/{rel}","templated":true}]}}