{"id":51895,"date":"2018-06-01T18:38:36","date_gmt":"2018-06-01T21:38:36","guid":{"rendered":"https:\/\/www.blogsoestado.com\/danielmatos\/?p=51895"},"modified":"2018-06-01T18:38:36","modified_gmt":"2018-06-01T21:38:36","slug":"marcial-lima-lanca-forum-da-cidade-na-cohab-e-faz-apelo-por-fim-de-lixao-no-bairro","status":"publish","type":"post","link":"https:\/\/www.blogsoestado.com\/danielmatos\/marcial-lima-lanca-forum-da-cidade-na-cohab-e-faz-apelo-por-fim-de-lixao-no-bairro\/","title":{"rendered":"Marcial Lima lan\u00e7a F\u00f3rum da Cidade na Cohab e faz apelo por fim de lix\u00e3o no bairro"},"content":{"rendered":"<figure id=\"attachment_51898\" aria-describedby=\"caption-attachment-51898\" style=\"width: 420px\" class=\"wp-caption alignright\"><img fetchpriority=\"high\" decoding=\"async\" class=\"wp-image-51898\" src=\"https:\/\/www.blogsoestado.com\/danielmatos\/files\/2018\/06\/marcial-cohab.jpg\" alt=\"\" width=\"420\" height=\"592\" \/><figcaption id=\"caption-attachment-51898\" class=\"wp-caption-text\">Marcial Lima ouviu apelos da comunidade por limpeza de terreno e retransmitiu aos governantes<\/figcaption><\/figure>\n<p>O vereador Marcial Lima (PRTB) lan\u00e7ou, ontem, o F\u00f3rum da Cidade na Cohab, a exemplo da mobiliza\u00e7\u00e3o feita pela comunidade do Turu, com ganhos significativos para a regi\u00e3o. Como primeira iniciativa, os membros do novo f\u00f3rum alertaram para a necessidade urgente de solu\u00e7\u00e3o para o despejo e o ac\u00famulo de lixo em um terreno situado \u00e0 margem da Avenida 4, esquina com a Avenida 9 do conjunto, que, por suas dimens\u00f5es, assemelha-se a um aterro sanit\u00e1rio improvisado.<\/p>\n<p>Marcial lembrou que o problema \u00e9 antigo e fez refer\u00eancia, tamb\u00e9m, \u00e0 criminalidade na \u00e1rea, citando o assassinato, h\u00e1 alguns anos, do comerciante conhecido como Bin\u00e9, que encabe\u00e7ava a luta pela urbaniza\u00e7\u00e3o da \u00e1rea.<\/p>\n<p>O vereador visitou o terreno em pleno feriado de Corpus Christi e ouviu clamores de v\u00e1rios populares. Em mensagem ao poder p\u00fablico, ele transmitiu aos governantes o apelo da vizinhan\u00e7a, que deseja que a \u00e1rea seja urbanizada. &#8220;O terreno foi transformado em um pequeno aterro sanit\u00e1rio improvisado&#8221;, denunciou Marcial, lembrando a reivindica\u00e7\u00e3o da comunidade para que a \u00e1rea seja transformada em uma pra\u00e7a.<\/p>\n<p><strong>Lit\u00edgio<\/strong><\/p>\n<p>Sobre a disputa judicial travada entre os populares e uma empresa que se diz dona da \u00e1rea, os moradores cobraram celeridade na decis\u00e3o da quest\u00e3o.<\/p>\n<p>O vereador ouviu queixas de v\u00e1rios populares. Uma das principais reclama\u00e7\u00f5es \u00e9 quanto \u00e0 presen\u00e7a de usu\u00e1rios de drogas no terreno. Outro motivo de insatisfa\u00e7\u00e3o popular \u00e9 o despejo de lixo no local por pessoas da pr\u00f3pria comunidade.<\/p>\n<p>Marcial sugere a interven\u00e7\u00e3o do F\u00f3rum Permanente, criado na comunidade do Turu, para que seja executada a limpeza da \u00e1rea. O vereador lembrou o sucesso da mobiliza\u00e7\u00e3o popular para a limpeza do canal do bairro, que estava obstru\u00eddo por toneladas de res\u00edduos s\u00f3lidos, em agosto do ano passado, e hoje encontra-se em condi\u00e7\u00f5es adequadas de escoamento.<\/p>\n<p>O v\u00eddeo abaixo mostra a visita de Marcial Lima ao terreno e apelos de moradores da Cohab pela solu\u00e7\u00e3o do problema:<\/p>\n<div class=\"fb-post\" data-href=\"https:\/\/www.facebook.com\/marciallima\/posts\/1832406883502366\/\" data-width=\"552\" style=\"background-color: #fff; display: inline-block;\"><\/div>\n","protected":false},"excerpt":{"rendered":"<p>O vereador Marcial Lima (PRTB) lan\u00e7ou, ontem, o F\u00f3rum da Cidade na Cohab, a exemplo da mobiliza\u00e7\u00e3o feita pela comunidade [&hellip;]<\/p>\n","protected":false},"author":0,"featured_media":0,"comment_status":"open","ping_status":"open","sticky":false,"template":"","format":"standard","meta":{"site-sidebar-layout":"default","site-content-layout":"","ast-site-content-layout":"default","site-content-style":"default","site-sidebar-style":"default","ast-global-header-display":"","ast-banner-title-visibility":"","ast-main-header-display":"","ast-hfb-above-header-display":"","ast-hfb-below-header-display":"","ast-hfb-mobile-header-display":"","site-post-title":"","ast-breadcrumbs-content":"","ast-featured-img":"","footer-sml-layout":"","ast-disable-related-posts":"","theme-transparent-header-meta":"","adv-header-id-meta":"","stick-header-meta":"","header-above-stick-meta":"","header-main-stick-meta":"","header-below-stick-meta":"","astra-migrate-meta-layouts":"default","ast-page-background-enabled":"default","ast-page-background-meta":{"desktop":{"background-color":"var(--ast-global-color-5)","background-image":"","background-repeat":"repeat","background-position":"center center","background-size":"auto","background-attachment":"scroll","background-type":"","background-media":"","overlay-type":"","overlay-color":"","overlay-opacity":"","overlay-gradient":""},"tablet":{"background-color":"","background-image":"","background-repeat":"repeat","background-position":"center center","background-size":"auto","background-attachment":"scroll","background-type":"","background-media":"","overlay-type":"","overlay-color":"","overlay-opacity":"","overlay-gradient":""},"mobile":{"background-color":"","background-image":"","background-repeat":"repeat","background-position":"center center","background-size":"auto","background-attachment":"scroll","background-type":"","background-media":"","overlay-type":"","overlay-color":"","overlay-opacity":"","overlay-gradient":""}},"ast-content-background-meta":{"desktop":{"background-color":"var(--ast-global-color-4)","background-image":"","background-repeat":"repeat","background-position":"center center","background-size":"auto","background-attachment":"scroll","background-type":"","background-media":"","overlay-type":"","overlay-color":"","overlay-opacity":"","overlay-gradient":""},"tablet":{"background-color":"var(--ast-global-color-4)","background-image":"","background-repeat":"repeat","background-position":"center center","background-size":"auto","background-attachment":"scroll","background-type":"","background-media":"","overlay-type":"","overlay-color":"","overlay-opacity":"","overlay-gradient":""},"mobile":{"background-color":"var(--ast-global-color-4)","background-image":"","background-repeat":"repeat","background-position":"center center","background-size":"auto","background-attachment":"scroll","background-type":"","background-media":"","overlay-type":"","overlay-color":"","overlay-opacity":"","overlay-gradient":""}},"footnotes":""},"categories":[1],"tags":[],"class_list":["post-51895","post","type-post","status-publish","format-standard","hentry","category-sem-categoria"],"yoast_head":"<!-- This site is optimized with the Yoast SEO plugin v26.6 - https:\/\/yoast.com\/wordpress\/plugins\/seo\/ -->\n<title>Marcial Lima lan\u00e7a F\u00f3rum da Cidade na Cohab e faz apelo por fim de lix\u00e3o no bairro - Daniel Matos<\/title>\n<meta name=\"robots\" content=\"index, follow, max-snippet:-1, max-image-preview:large, max-video-preview:-1\" \/>\n<link rel=\"canonical\" href=\"https:\/\/www.blogsoestado.com\/danielmatos\/marcial-lima-lanca-forum-da-cidade-na-cohab-e-faz-apelo-por-fim-de-lixao-no-bairro\/\" \/>\n<meta property=\"og:locale\" content=\"pt_BR\" \/>\n<meta property=\"og:type\" content=\"article\" \/>\n<meta property=\"og:title\" content=\"Marcial Lima lan\u00e7a F\u00f3rum da Cidade na Cohab e faz apelo por fim de lix\u00e3o no bairro - Daniel Matos\" \/>\n<meta property=\"og:description\" content=\"O vereador Marcial Lima (PRTB) lan\u00e7ou, ontem, o F\u00f3rum da Cidade na Cohab, a exemplo da mobiliza\u00e7\u00e3o feita pela comunidade [&hellip;]\" \/>\n<meta property=\"og:url\" content=\"https:\/\/www.blogsoestado.com\/danielmatos\/marcial-lima-lanca-forum-da-cidade-na-cohab-e-faz-apelo-por-fim-de-lixao-no-bairro\/\" \/>\n<meta property=\"og:site_name\" content=\"Daniel Matos\" \/>\n<meta property=\"article:published_time\" content=\"2018-06-01T21:38:36+00:00\" \/>\n<meta property=\"og:image\" content=\"https:\/\/www.blogsoestado.com\/danielmatos\/files\/2018\/06\/marcial-cohab.jpg\" \/>\n<meta name=\"twitter:card\" content=\"summary_large_image\" \/>\n<meta name=\"twitter:label1\" content=\"Est. tempo de leitura\" \/>\n\t<meta name=\"twitter:data1\" content=\"2 minutos\" \/>\n<script type=\"application\/ld+json\" class=\"yoast-schema-graph\">{\"@context\":\"https:\/\/schema.org\",\"@graph\":[{\"@type\":\"WebPage\",\"@id\":\"https:\/\/www.blogsoestado.com\/danielmatos\/marcial-lima-lanca-forum-da-cidade-na-cohab-e-faz-apelo-por-fim-de-lixao-no-bairro\/\",\"url\":\"https:\/\/www.blogsoestado.com\/danielmatos\/marcial-lima-lanca-forum-da-cidade-na-cohab-e-faz-apelo-por-fim-de-lixao-no-bairro\/\",\"name\":\"Marcial Lima lan\u00e7a F\u00f3rum da Cidade na Cohab e faz apelo por fim de lix\u00e3o no bairro - Daniel Matos\",\"isPartOf\":{\"@id\":\"https:\/\/www.blogsoestado.com\/danielmatos\/#website\"},\"primaryImageOfPage\":{\"@id\":\"https:\/\/www.blogsoestado.com\/danielmatos\/marcial-lima-lanca-forum-da-cidade-na-cohab-e-faz-apelo-por-fim-de-lixao-no-bairro\/#primaryimage\"},\"image\":{\"@id\":\"https:\/\/www.blogsoestado.com\/danielmatos\/marcial-lima-lanca-forum-da-cidade-na-cohab-e-faz-apelo-por-fim-de-lixao-no-bairro\/#primaryimage\"},\"thumbnailUrl\":\"https:\/\/www.blogsoestado.com\/danielmatos\/files\/2018\/06\/marcial-cohab.jpg\",\"datePublished\":\"2018-06-01T21:38:36+00:00\",\"author\":{\"@id\":\"\"},\"breadcrumb\":{\"@id\":\"https:\/\/www.blogsoestado.com\/danielmatos\/marcial-lima-lanca-forum-da-cidade-na-cohab-e-faz-apelo-por-fim-de-lixao-no-bairro\/#breadcrumb\"},\"inLanguage\":\"pt-BR\",\"potentialAction\":[{\"@type\":\"ReadAction\",\"target\":[\"https:\/\/www.blogsoestado.com\/danielmatos\/marcial-lima-lanca-forum-da-cidade-na-cohab-e-faz-apelo-por-fim-de-lixao-no-bairro\/\"]}]},{\"@type\":\"ImageObject\",\"inLanguage\":\"pt-BR\",\"@id\":\"https:\/\/www.blogsoestado.com\/danielmatos\/marcial-lima-lanca-forum-da-cidade-na-cohab-e-faz-apelo-por-fim-de-lixao-no-bairro\/#primaryimage\",\"url\":\"https:\/\/www.blogsoestado.com\/danielmatos\/files\/2018\/06\/marcial-cohab.jpg\",\"contentUrl\":\"https:\/\/www.blogsoestado.com\/danielmatos\/files\/2018\/06\/marcial-cohab.jpg\"},{\"@type\":\"BreadcrumbList\",\"@id\":\"https:\/\/www.blogsoestado.com\/danielmatos\/marcial-lima-lanca-forum-da-cidade-na-cohab-e-faz-apelo-por-fim-de-lixao-no-bairro\/#breadcrumb\",\"itemListElement\":[{\"@type\":\"ListItem\",\"position\":1,\"name\":\"In\u00edcio\",\"item\":\"https:\/\/www.blogsoestado.com\/danielmatos\/\"},{\"@type\":\"ListItem\",\"position\":2,\"name\":\"Marcial Lima lan\u00e7a F\u00f3rum da Cidade na Cohab e faz apelo por fim de lix\u00e3o no bairro\"}]},{\"@type\":\"WebSite\",\"@id\":\"https:\/\/www.blogsoestado.com\/danielmatos\/#website\",\"url\":\"https:\/\/www.blogsoestado.com\/danielmatos\/\",\"name\":\"Daniel Matos\",\"description\":\"\",\"potentialAction\":[{\"@type\":\"SearchAction\",\"target\":{\"@type\":\"EntryPoint\",\"urlTemplate\":\"https:\/\/www.blogsoestado.com\/danielmatos\/?s={search_term_string}\"},\"query-input\":{\"@type\":\"PropertyValueSpecification\",\"valueRequired\":true,\"valueName\":\"search_term_string\"}}],\"inLanguage\":\"pt-BR\"}]}<\/script>\n<!-- \/ Yoast SEO plugin. -->","yoast_head_json":{"title":"Marcial Lima lan\u00e7a F\u00f3rum da Cidade na Cohab e faz apelo por fim de lix\u00e3o no bairro - Daniel Matos","robots":{"index":"index","follow":"follow","max-snippet":"max-snippet:-1","max-image-preview":"max-image-preview:large","max-video-preview":"max-video-preview:-1"},"canonical":"https:\/\/www.blogsoestado.com\/danielmatos\/marcial-lima-lanca-forum-da-cidade-na-cohab-e-faz-apelo-por-fim-de-lixao-no-bairro\/","og_locale":"pt_BR","og_type":"article","og_title":"Marcial Lima lan\u00e7a F\u00f3rum da Cidade na Cohab e faz apelo por fim de lix\u00e3o no bairro - Daniel Matos","og_description":"O vereador Marcial Lima (PRTB) lan\u00e7ou, ontem, o F\u00f3rum da Cidade na Cohab, a exemplo da mobiliza\u00e7\u00e3o feita pela comunidade [&hellip;]","og_url":"https:\/\/www.blogsoestado.com\/danielmatos\/marcial-lima-lanca-forum-da-cidade-na-cohab-e-faz-apelo-por-fim-de-lixao-no-bairro\/","og_site_name":"Daniel Matos","article_published_time":"2018-06-01T21:38:36+00:00","og_image":[{"url":"https:\/\/www.blogsoestado.com\/danielmatos\/files\/2018\/06\/marcial-cohab.jpg","type":"","width":"","height":""}],"twitter_card":"summary_large_image","twitter_misc":{"Est. tempo de leitura":"2 minutos"},"schema":{"@context":"https:\/\/schema.org","@graph":[{"@type":"WebPage","@id":"https:\/\/www.blogsoestado.com\/danielmatos\/marcial-lima-lanca-forum-da-cidade-na-cohab-e-faz-apelo-por-fim-de-lixao-no-bairro\/","url":"https:\/\/www.blogsoestado.com\/danielmatos\/marcial-lima-lanca-forum-da-cidade-na-cohab-e-faz-apelo-por-fim-de-lixao-no-bairro\/","name":"Marcial Lima lan\u00e7a F\u00f3rum da Cidade na Cohab e faz apelo por fim de lix\u00e3o no bairro - Daniel Matos","isPartOf":{"@id":"https:\/\/www.blogsoestado.com\/danielmatos\/#website"},"primaryImageOfPage":{"@id":"https:\/\/www.blogsoestado.com\/danielmatos\/marcial-lima-lanca-forum-da-cidade-na-cohab-e-faz-apelo-por-fim-de-lixao-no-bairro\/#primaryimage"},"image":{"@id":"https:\/\/www.blogsoestado.com\/danielmatos\/marcial-lima-lanca-forum-da-cidade-na-cohab-e-faz-apelo-por-fim-de-lixao-no-bairro\/#primaryimage"},"thumbnailUrl":"https:\/\/www.blogsoestado.com\/danielmatos\/files\/2018\/06\/marcial-cohab.jpg","datePublished":"2018-06-01T21:38:36+00:00","author":{"@id":""},"breadcrumb":{"@id":"https:\/\/www.blogsoestado.com\/danielmatos\/marcial-lima-lanca-forum-da-cidade-na-cohab-e-faz-apelo-por-fim-de-lixao-no-bairro\/#breadcrumb"},"inLanguage":"pt-BR","potentialAction":[{"@type":"ReadAction","target":["https:\/\/www.blogsoestado.com\/danielmatos\/marcial-lima-lanca-forum-da-cidade-na-cohab-e-faz-apelo-por-fim-de-lixao-no-bairro\/"]}]},{"@type":"ImageObject","inLanguage":"pt-BR","@id":"https:\/\/www.blogsoestado.com\/danielmatos\/marcial-lima-lanca-forum-da-cidade-na-cohab-e-faz-apelo-por-fim-de-lixao-no-bairro\/#primaryimage","url":"https:\/\/www.blogsoestado.com\/danielmatos\/files\/2018\/06\/marcial-cohab.jpg","contentUrl":"https:\/\/www.blogsoestado.com\/danielmatos\/files\/2018\/06\/marcial-cohab.jpg"},{"@type":"BreadcrumbList","@id":"https:\/\/www.blogsoestado.com\/danielmatos\/marcial-lima-lanca-forum-da-cidade-na-cohab-e-faz-apelo-por-fim-de-lixao-no-bairro\/#breadcrumb","itemListElement":[{"@type":"ListItem","position":1,"name":"In\u00edcio","item":"https:\/\/www.blogsoestado.com\/danielmatos\/"},{"@type":"ListItem","position":2,"name":"Marcial Lima lan\u00e7a F\u00f3rum da Cidade na Cohab e faz apelo por fim de lix\u00e3o no bairro"}]},{"@type":"WebSite","@id":"https:\/\/www.blogsoestado.com\/danielmatos\/#website","url":"https:\/\/www.blogsoestado.com\/danielmatos\/","name":"Daniel Matos","description":"","potentialAction":[{"@type":"SearchAction","target":{"@type":"EntryPoint","urlTemplate":"https:\/\/www.blogsoestado.com\/danielmatos\/?s={search_term_string}"},"query-input":{"@type":"PropertyValueSpecification","valueRequired":true,"valueName":"search_term_string"}}],"inLanguage":"pt-BR"}]}},"jetpack_featured_media_url":"","_links":{"self":[{"href":"https:\/\/www.blogsoestado.com\/danielmatos\/wp-json\/wp\/v2\/posts\/51895","targetHints":{"allow":["GET"]}}],"collection":[{"href":"https:\/\/www.blogsoestado.com\/danielmatos\/wp-json\/wp\/v2\/posts"}],"about":[{"href":"https:\/\/www.blogsoestado.com\/danielmatos\/wp-json\/wp\/v2\/types\/post"}],"replies":[{"embeddable":true,"href":"https:\/\/www.blogsoestado.com\/danielmatos\/wp-json\/wp\/v2\/comments?post=51895"}],"version-history":[{"count":0,"href":"https:\/\/www.blogsoestado.com\/danielmatos\/wp-json\/wp\/v2\/posts\/51895\/revisions"}],"wp:attachment":[{"href":"https:\/\/www.blogsoestado.com\/danielmatos\/wp-json\/wp\/v2\/media?parent=51895"}],"wp:term":[{"taxonomy":"category","embeddable":true,"href":"https:\/\/www.blogsoestado.com\/danielmatos\/wp-json\/wp\/v2\/categories?post=51895"},{"taxonomy":"post_tag","embeddable":true,"href":"https:\/\/www.blogsoestado.com\/danielmatos\/wp-json\/wp\/v2\/tags?post=51895"}],"curies":[{"name":"wp","href":"https:\/\/api.w.org\/{rel}","templated":true}]}}